{"id":80141,"date":"2021-04-29T16:32:54","date_gmt":"2021-04-29T16:32:54","guid":{"rendered":"https:\/\/quehacerpolitico.mx\/?p=80141"},"modified":"2021-04-29T16:32:54","modified_gmt":"2021-04-29T16:32:54","slug":"legisladora-pidio-proteccion-por-amenazas-del-gobernador-de-michoacan-amlo","status":"publish","type":"post","link":"https:\/\/quehacerpolitico.mx\/?p=80141","title":{"rendered":"Legisladora pidi\u00f3 protecci\u00f3n por amenazas del gobernador de Michoac\u00e1n: AMLO"},"content":{"rendered":"<h1 class=\"article_title\">Legisladora pidi\u00f3 protecci\u00f3n por amenazas del gobernador de Michoac\u00e1n: AMLO<br \/>\nPor Redacci\u00f3n QP<\/h1>\n<p>AMLO inform\u00f3 que se recibi\u00f3 la solicitud de protecci\u00f3n de la legisladora federal<\/p>\n<p>El presidente de M\u00e9xico, Andres Manuel L\u00f3pez Obrador, inform\u00f3 que una legisladora pidi\u00f3 protecci\u00f3n al gobierno federal tras las amenazas verbales por parte de Silvano Aureoles, gobernador de Michoac\u00e1n, para que votara en contra del desafuero del gobernador de Tamaulipas, Francisco Garc\u00eda Cabeza de Vaca<\/p>\n<blockquote><p>\u201cTenemos informaci\u00f3n, ayer se recibi\u00f3 una solicitud de protecci\u00f3n de una legisladora federal porque fue amenazada verbalmente por el gobernador de Michoac\u00e1n\u201d, mencion\u00f3 el mandatario mexicano en su conferencia de prensa matutina desde Palacio Nacional.<\/p><\/blockquote>\n<blockquote class=\"twitter-tweet\" data-width=\"550\" data-dnt=\"true\">\n<p lang=\"es\" dir=\"ltr\">Una legisladora federal fue amenazada, &quot;verbalmente, no exageremos&quot; por el gobernador de Michoac\u00e1n, dice el presidente, para que votara a favor del gobernador de Tamaulipas, Francisco Garc\u00eda Cabeza de Vaca, para evitar su desafuero. <a href=\"https:\/\/t.co\/MJnw98n7sh\">pic.twitter.com\/MJnw98n7sh<\/a><\/p>\n<p>&mdash; Ruido en la Red (@RuidoEnLaRed) <a href=\"https:\/\/twitter.com\/RuidoEnLaRed\/status\/1387753496166899716?ref_src=twsrc%5Etfw\">April 29, 2021<\/a><\/p><\/blockquote>\n<p><script async src=\"https:\/\/platform.twitter.com\/widgets.js\" charset=\"utf-8\"><\/script><\/p>\n<p>Esta ma\u00f1ana, <strong>Andr\u00e9s Manuel L\u00f3pez Obrador<\/strong>\u00a0se\u00f1al\u00f3 que corresponde al\u00a0<strong>Poder Legislativo<\/strong>\u00a0el\u00a0<strong>desafuero<\/strong>\u00a0del gobernador de\u00a0<strong>Tamaulipas<\/strong>.<\/p>\n<blockquote><p>\u201cEso corresponde al Poder Legislativo, apenas hoy en la ma\u00f1ana me informaron que ya la Comisi\u00f3n Instructora aprob\u00f3 el desafuero, pero que todav\u00eda tiene que ir Pleno\u201d.<\/p><\/blockquote>\n<blockquote><p>Es un proceso que tiene que ver con el Poder Legislativo, eso es lo que puedo comentarles\u201d, inform\u00f3.<\/p><\/blockquote>\n<p>La Secci\u00f3n Instructora de la\u00a0<strong>C\u00e1mara de Diputados<\/strong>\u00a0aprob\u00f3 enviar al pleno la solicitud de desafuero de Garc\u00eda Cabeza de Vaca.<\/p>\n","protected":false},"excerpt":{"rendered":"<p>Legisladora pidi\u00f3 protecci\u00f3n por amenazas del gobernador de Michoac\u00e1n: AMLO Por Redacci\u00f3n QP AMLO inform\u00f3&#8230;<\/p>\n","protected":false},"author":2,"featured_media":80145,"comment_status":"open","ping_status":"open","sticky":false,"template":"","format":"standard","meta":{"_monsterinsights_skip_tracking":false,"_monsterinsights_sitenote_active":false,"_monsterinsights_sitenote_note":"","_monsterinsights_sitenote_category":0,"footnotes":""},"categories":[2],"tags":[],"class_list":["post-80141","post","type-post","status-publish","format-standard","has-post-thumbnail","hentry","category-noticias"],"yoast_head":"<!-- This site is optimized with the Yoast SEO plugin v27.3 - https:\/\/yoast.com\/product\/yoast-seo-wordpress\/ -->\n<title>Legisladora pidi\u00f3 protecci\u00f3n por amenazas del gobernador de Michoac\u00e1n: AMLO -<\/title>\n<meta name=\"robots\" content=\"index, follow, max-snippet:-1, max-image-preview:large, max-video-preview:-1\" \/>\n<link rel=\"canonical\" href=\"https:\/\/quehacerpolitico.mx\/?p=80141\" \/>\n<meta property=\"og:locale\" content=\"es_MX\" \/>\n<meta property=\"og:type\" content=\"article\" \/>\n<meta property=\"og:title\" content=\"Legisladora pidi\u00f3 protecci\u00f3n por amenazas del gobernador de Michoac\u00e1n: AMLO -\" \/>\n<meta property=\"og:description\" content=\"Legisladora pidi\u00f3 protecci\u00f3n por amenazas del gobernador de Michoac\u00e1n: AMLO Por Redacci\u00f3n QP AMLO inform\u00f3...\" \/>\n<meta property=\"og:url\" content=\"https:\/\/quehacerpolitico.mx\/?p=80141\" \/>\n<meta property=\"article:published_time\" content=\"2021-04-29T16:32:54+00:00\" \/>\n<meta property=\"og:image\" content=\"https:\/\/quehacerpolitico.mx\/wp-content\/uploads\/2021\/04\/42DB65E7-1FD0-468A-81CA-AC87D9EF1BC9.jpeg\" \/>\n\t<meta property=\"og:image:width\" content=\"1242\" \/>\n\t<meta property=\"og:image:height\" content=\"695\" \/>\n\t<meta property=\"og:image:type\" content=\"image\/jpeg\" \/>\n<meta name=\"author\" content=\"Redacci\u00f3n QP\" \/>\n<meta name=\"twitter:card\" content=\"summary_large_image\" \/>\n<meta name=\"twitter:label1\" content=\"Escrito por\" \/>\n\t<meta name=\"twitter:data1\" content=\"Redacci\u00f3n QP\" \/>\n\t<meta name=\"twitter:label2\" content=\"Tiempo de lectura\" \/>\n\t<meta name=\"twitter:data2\" content=\"1 minuto\" \/>\n<script type=\"application\/ld+json\" class=\"yoast-schema-graph\">{\"@context\":\"https:\\\/\\\/schema.org\",\"@graph\":[{\"@type\":\"Article\",\"@id\":\"https:\\\/\\\/quehacerpolitico.mx\\\/?p=80141#article\",\"isPartOf\":{\"@id\":\"https:\\\/\\\/quehacerpolitico.mx\\\/?p=80141\"},\"author\":{\"name\":\"Redacci\u00f3n QP\",\"@id\":\"https:\\\/\\\/quehacerpolitico.mx\\\/#\\\/schema\\\/person\\\/496d8ad2d1d3f8036101dca7ee39e585\"},\"headline\":\"Legisladora pidi\u00f3 protecci\u00f3n por amenazas del gobernador de Michoac\u00e1n: AMLO\",\"datePublished\":\"2021-04-29T16:32:54+00:00\",\"mainEntityOfPage\":{\"@id\":\"https:\\\/\\\/quehacerpolitico.mx\\\/?p=80141\"},\"wordCount\":230,\"commentCount\":0,\"image\":{\"@id\":\"https:\\\/\\\/quehacerpolitico.mx\\\/?p=80141#primaryimage\"},\"thumbnailUrl\":\"https:\\\/\\\/quehacerpolitico.mx\\\/wp-content\\\/uploads\\\/2021\\\/04\\\/42DB65E7-1FD0-468A-81CA-AC87D9EF1BC9.jpeg\",\"articleSection\":[\"Noticias\"],\"inLanguage\":\"es\",\"potentialAction\":[{\"@type\":\"CommentAction\",\"name\":\"Comment\",\"target\":[\"https:\\\/\\\/quehacerpolitico.mx\\\/?p=80141#respond\"]}]},{\"@type\":\"WebPage\",\"@id\":\"https:\\\/\\\/quehacerpolitico.mx\\\/?p=80141\",\"url\":\"https:\\\/\\\/quehacerpolitico.mx\\\/?p=80141\",\"name\":\"Legisladora pidi\u00f3 protecci\u00f3n por amenazas del gobernador de Michoac\u00e1n: AMLO -\",\"isPartOf\":{\"@id\":\"https:\\\/\\\/quehacerpolitico.mx\\\/#website\"},\"primaryImageOfPage\":{\"@id\":\"https:\\\/\\\/quehacerpolitico.mx\\\/?p=80141#primaryimage\"},\"image\":{\"@id\":\"https:\\\/\\\/quehacerpolitico.mx\\\/?p=80141#primaryimage\"},\"thumbnailUrl\":\"https:\\\/\\\/quehacerpolitico.mx\\\/wp-content\\\/uploads\\\/2021\\\/04\\\/42DB65E7-1FD0-468A-81CA-AC87D9EF1BC9.jpeg\",\"datePublished\":\"2021-04-29T16:32:54+00:00\",\"author\":{\"@id\":\"https:\\\/\\\/quehacerpolitico.mx\\\/#\\\/schema\\\/person\\\/496d8ad2d1d3f8036101dca7ee39e585\"},\"breadcrumb\":{\"@id\":\"https:\\\/\\\/quehacerpolitico.mx\\\/?p=80141#breadcrumb\"},\"inLanguage\":\"es\",\"potentialAction\":[{\"@type\":\"ReadAction\",\"target\":[\"https:\\\/\\\/quehacerpolitico.mx\\\/?p=80141\"]}]},{\"@type\":\"ImageObject\",\"inLanguage\":\"es\",\"@id\":\"https:\\\/\\\/quehacerpolitico.mx\\\/?p=80141#primaryimage\",\"url\":\"https:\\\/\\\/quehacerpolitico.mx\\\/wp-content\\\/uploads\\\/2021\\\/04\\\/42DB65E7-1FD0-468A-81CA-AC87D9EF1BC9.jpeg\",\"contentUrl\":\"https:\\\/\\\/quehacerpolitico.mx\\\/wp-content\\\/uploads\\\/2021\\\/04\\\/42DB65E7-1FD0-468A-81CA-AC87D9EF1BC9.jpeg\",\"width\":1242,\"height\":695},{\"@type\":\"BreadcrumbList\",\"@id\":\"https:\\\/\\\/quehacerpolitico.mx\\\/?p=80141#breadcrumb\",\"itemListElement\":[{\"@type\":\"ListItem\",\"position\":1,\"name\":\"Inicio\",\"item\":\"https:\\\/\\\/quehacerpolitico.mx\\\/\"},{\"@type\":\"ListItem\",\"position\":2,\"name\":\"Legisladora pidi\u00f3 protecci\u00f3n por amenazas del gobernador de Michoac\u00e1n: AMLO\"}]},{\"@type\":\"WebSite\",\"@id\":\"https:\\\/\\\/quehacerpolitico.mx\\\/#website\",\"url\":\"https:\\\/\\\/quehacerpolitico.mx\\\/\",\"name\":\"\",\"description\":\"\",\"potentialAction\":[{\"@type\":\"SearchAction\",\"target\":{\"@type\":\"EntryPoint\",\"urlTemplate\":\"https:\\\/\\\/quehacerpolitico.mx\\\/?s={search_term_string}\"},\"query-input\":{\"@type\":\"PropertyValueSpecification\",\"valueRequired\":true,\"valueName\":\"search_term_string\"}}],\"inLanguage\":\"es\"},{\"@type\":\"Person\",\"@id\":\"https:\\\/\\\/quehacerpolitico.mx\\\/#\\\/schema\\\/person\\\/496d8ad2d1d3f8036101dca7ee39e585\",\"name\":\"Redacci\u00f3n QP\",\"image\":{\"@type\":\"ImageObject\",\"inLanguage\":\"es\",\"@id\":\"https:\\\/\\\/secure.gravatar.com\\\/avatar\\\/c7164ed6fdec453195284ad24a5ae5b6e1eed2b848477fa2a4787ba9adf39a41?s=96&d=mm&r=g\",\"url\":\"https:\\\/\\\/secure.gravatar.com\\\/avatar\\\/c7164ed6fdec453195284ad24a5ae5b6e1eed2b848477fa2a4787ba9adf39a41?s=96&d=mm&r=g\",\"contentUrl\":\"https:\\\/\\\/secure.gravatar.com\\\/avatar\\\/c7164ed6fdec453195284ad24a5ae5b6e1eed2b848477fa2a4787ba9adf39a41?s=96&d=mm&r=g\",\"caption\":\"Redacci\u00f3n QP\"},\"url\":\"https:\\\/\\\/quehacerpolitico.mx\\\/?author=2\"}]}<\/script>\n<!-- \/ Yoast SEO plugin. -->","yoast_head_json":{"title":"Legisladora pidi\u00f3 protecci\u00f3n por amenazas del gobernador de Michoac\u00e1n: AMLO -","robots":{"index":"index","follow":"follow","max-snippet":"max-snippet:-1","max-image-preview":"max-image-preview:large","max-video-preview":"max-video-preview:-1"},"canonical":"https:\/\/quehacerpolitico.mx\/?p=80141","og_locale":"es_MX","og_type":"article","og_title":"Legisladora pidi\u00f3 protecci\u00f3n por amenazas del gobernador de Michoac\u00e1n: AMLO -","og_description":"Legisladora pidi\u00f3 protecci\u00f3n por amenazas del gobernador de Michoac\u00e1n: AMLO Por Redacci\u00f3n QP AMLO inform\u00f3...","og_url":"https:\/\/quehacerpolitico.mx\/?p=80141","article_published_time":"2021-04-29T16:32:54+00:00","og_image":[{"width":1242,"height":695,"url":"https:\/\/quehacerpolitico.mx\/wp-content\/uploads\/2021\/04\/42DB65E7-1FD0-468A-81CA-AC87D9EF1BC9.jpeg","type":"image\/jpeg"}],"author":"Redacci\u00f3n QP","twitter_card":"summary_large_image","twitter_misc":{"Escrito por":"Redacci\u00f3n QP","Tiempo de lectura":"1 minuto"},"schema":{"@context":"https:\/\/schema.org","@graph":[{"@type":"Article","@id":"https:\/\/quehacerpolitico.mx\/?p=80141#article","isPartOf":{"@id":"https:\/\/quehacerpolitico.mx\/?p=80141"},"author":{"name":"Redacci\u00f3n QP","@id":"https:\/\/quehacerpolitico.mx\/#\/schema\/person\/496d8ad2d1d3f8036101dca7ee39e585"},"headline":"Legisladora pidi\u00f3 protecci\u00f3n por amenazas del gobernador de Michoac\u00e1n: AMLO","datePublished":"2021-04-29T16:32:54+00:00","mainEntityOfPage":{"@id":"https:\/\/quehacerpolitico.mx\/?p=80141"},"wordCount":230,"commentCount":0,"image":{"@id":"https:\/\/quehacerpolitico.mx\/?p=80141#primaryimage"},"thumbnailUrl":"https:\/\/quehacerpolitico.mx\/wp-content\/uploads\/2021\/04\/42DB65E7-1FD0-468A-81CA-AC87D9EF1BC9.jpeg","articleSection":["Noticias"],"inLanguage":"es","potentialAction":[{"@type":"CommentAction","name":"Comment","target":["https:\/\/quehacerpolitico.mx\/?p=80141#respond"]}]},{"@type":"WebPage","@id":"https:\/\/quehacerpolitico.mx\/?p=80141","url":"https:\/\/quehacerpolitico.mx\/?p=80141","name":"Legisladora pidi\u00f3 protecci\u00f3n por amenazas del gobernador de Michoac\u00e1n: AMLO -","isPartOf":{"@id":"https:\/\/quehacerpolitico.mx\/#website"},"primaryImageOfPage":{"@id":"https:\/\/quehacerpolitico.mx\/?p=80141#primaryimage"},"image":{"@id":"https:\/\/quehacerpolitico.mx\/?p=80141#primaryimage"},"thumbnailUrl":"https:\/\/quehacerpolitico.mx\/wp-content\/uploads\/2021\/04\/42DB65E7-1FD0-468A-81CA-AC87D9EF1BC9.jpeg","datePublished":"2021-04-29T16:32:54+00:00","author":{"@id":"https:\/\/quehacerpolitico.mx\/#\/schema\/person\/496d8ad2d1d3f8036101dca7ee39e585"},"breadcrumb":{"@id":"https:\/\/quehacerpolitico.mx\/?p=80141#breadcrumb"},"inLanguage":"es","potentialAction":[{"@type":"ReadAction","target":["https:\/\/quehacerpolitico.mx\/?p=80141"]}]},{"@type":"ImageObject","inLanguage":"es","@id":"https:\/\/quehacerpolitico.mx\/?p=80141#primaryimage","url":"https:\/\/quehacerpolitico.mx\/wp-content\/uploads\/2021\/04\/42DB65E7-1FD0-468A-81CA-AC87D9EF1BC9.jpeg","contentUrl":"https:\/\/quehacerpolitico.mx\/wp-content\/uploads\/2021\/04\/42DB65E7-1FD0-468A-81CA-AC87D9EF1BC9.jpeg","width":1242,"height":695},{"@type":"BreadcrumbList","@id":"https:\/\/quehacerpolitico.mx\/?p=80141#breadcrumb","itemListElement":[{"@type":"ListItem","position":1,"name":"Inicio","item":"https:\/\/quehacerpolitico.mx\/"},{"@type":"ListItem","position":2,"name":"Legisladora pidi\u00f3 protecci\u00f3n por amenazas del gobernador de Michoac\u00e1n: AMLO"}]},{"@type":"WebSite","@id":"https:\/\/quehacerpolitico.mx\/#website","url":"https:\/\/quehacerpolitico.mx\/","name":"","description":"","potentialAction":[{"@type":"SearchAction","target":{"@type":"EntryPoint","urlTemplate":"https:\/\/quehacerpolitico.mx\/?s={search_term_string}"},"query-input":{"@type":"PropertyValueSpecification","valueRequired":true,"valueName":"search_term_string"}}],"inLanguage":"es"},{"@type":"Person","@id":"https:\/\/quehacerpolitico.mx\/#\/schema\/person\/496d8ad2d1d3f8036101dca7ee39e585","name":"Redacci\u00f3n QP","image":{"@type":"ImageObject","inLanguage":"es","@id":"https:\/\/secure.gravatar.com\/avatar\/c7164ed6fdec453195284ad24a5ae5b6e1eed2b848477fa2a4787ba9adf39a41?s=96&d=mm&r=g","url":"https:\/\/secure.gravatar.com\/avatar\/c7164ed6fdec453195284ad24a5ae5b6e1eed2b848477fa2a4787ba9adf39a41?s=96&d=mm&r=g","contentUrl":"https:\/\/secure.gravatar.com\/avatar\/c7164ed6fdec453195284ad24a5ae5b6e1eed2b848477fa2a4787ba9adf39a41?s=96&d=mm&r=g","caption":"Redacci\u00f3n QP"},"url":"https:\/\/quehacerpolitico.mx\/?author=2"}]}},"featured_image_urls":{"full":["https:\/\/quehacerpolitico.mx\/wp-content\/uploads\/2021\/04\/42DB65E7-1FD0-468A-81CA-AC87D9EF1BC9.jpeg",1242,695,false],"thumbnail":["https:\/\/quehacerpolitico.mx\/wp-content\/uploads\/2021\/04\/42DB65E7-1FD0-468A-81CA-AC87D9EF1BC9-150x150.jpeg",150,150,true],"medium":["https:\/\/quehacerpolitico.mx\/wp-content\/uploads\/2021\/04\/42DB65E7-1FD0-468A-81CA-AC87D9EF1BC9-300x168.jpeg",300,168,true],"medium_large":["https:\/\/quehacerpolitico.mx\/wp-content\/uploads\/2021\/04\/42DB65E7-1FD0-468A-81CA-AC87D9EF1BC9-768x430.jpeg",640,358,true],"large":["https:\/\/quehacerpolitico.mx\/wp-content\/uploads\/2021\/04\/42DB65E7-1FD0-468A-81CA-AC87D9EF1BC9-1024x573.jpeg",640,358,true],"1536x1536":["https:\/\/quehacerpolitico.mx\/wp-content\/uploads\/2021\/04\/42DB65E7-1FD0-468A-81CA-AC87D9EF1BC9.jpeg",1242,695,false],"2048x2048":["https:\/\/quehacerpolitico.mx\/wp-content\/uploads\/2021\/04\/42DB65E7-1FD0-468A-81CA-AC87D9EF1BC9.jpeg",1242,695,false],"covernews-featured":["https:\/\/quehacerpolitico.mx\/wp-content\/uploads\/2021\/04\/42DB65E7-1FD0-468A-81CA-AC87D9EF1BC9.jpeg",1024,573,false],"covernews-medium":["https:\/\/quehacerpolitico.mx\/wp-content\/uploads\/2021\/04\/42DB65E7-1FD0-468A-81CA-AC87D9EF1BC9.jpeg",540,302,false]},"author_info":{"display_name":"Redacci\u00f3n QP","author_link":"https:\/\/quehacerpolitico.mx\/?author=2"},"category_info":"<a href=\"https:\/\/quehacerpolitico.mx\/?cat=2\" rel=\"category\">Noticias<\/a>","tag_info":"Noticias","comment_count":"0","_links":{"self":[{"href":"https:\/\/quehacerpolitico.mx\/index.php?rest_route=\/wp\/v2\/posts\/80141","targetHints":{"allow":["GET"]}}],"collection":[{"href":"https:\/\/quehacerpolitico.mx\/index.php?rest_route=\/wp\/v2\/posts"}],"about":[{"href":"https:\/\/quehacerpolitico.mx\/index.php?rest_route=\/wp\/v2\/types\/post"}],"author":[{"embeddable":true,"href":"https:\/\/quehacerpolitico.mx\/index.php?rest_route=\/wp\/v2\/users\/2"}],"replies":[{"embeddable":true,"href":"https:\/\/quehacerpolitico.mx\/index.php?rest_route=%2Fwp%2Fv2%2Fcomments&post=80141"}],"version-history":[{"count":0,"href":"https:\/\/quehacerpolitico.mx\/index.php?rest_route=\/wp\/v2\/posts\/80141\/revisions"}],"wp:featuredmedia":[{"embeddable":true,"href":"https:\/\/quehacerpolitico.mx\/index.php?rest_route=\/wp\/v2\/media\/80145"}],"wp:attachment":[{"href":"https:\/\/quehacerpolitico.mx\/index.php?rest_route=%2Fwp%2Fv2%2Fmedia&parent=80141"}],"wp:term":[{"taxonomy":"category","embeddable":true,"href":"https:\/\/quehacerpolitico.mx\/index.php?rest_route=%2Fwp%2Fv2%2Fcategories&post=80141"},{"taxonomy":"post_tag","embeddable":true,"href":"https:\/\/quehacerpolitico.mx\/index.php?rest_route=%2Fwp%2Fv2%2Ftags&post=80141"}],"curies":[{"name":"wp","href":"https:\/\/api.w.org\/{rel}","templated":true}]}}