{"id":80127,"date":"2021-04-28T20:06:11","date_gmt":"2021-04-28T20:06:11","guid":{"rendered":"https:\/\/quehacerpolitico.mx\/?p=80127"},"modified":"2021-04-28T20:06:11","modified_gmt":"2021-04-28T20:06:11","slug":"felix-salgado-macedonio-recurrira-la-cidh-tras-anulacion-de-candidatura","status":"publish","type":"post","link":"https:\/\/quehacerpolitico.mx\/?p=80127","title":{"rendered":"F\u00e9lix Salgado Macedonio recurrir\u00e1 a la CIDH tras anulaci\u00f3n de candidatura"},"content":{"rendered":"<h1 class=\"news-title\">F\u00e9lix Salgado Macedonio recurrir\u00e1 a la CIDH tras anulaci\u00f3n de candidatura<br \/>\nPor Redacci\u00f3n QP<\/h1>\n<p>Durante una asamblea en Chilpancingo, el morenista asegur\u00f3 que pondr\u00e1 una denuncia ante el organismo a trav\u00e9s de Internet<\/p>\n<blockquote class=\"twitter-tweet\" data-width=\"550\" data-dnt=\"true\">\n<p lang=\"es\" dir=\"ltr\">Dice a sus simpatizantes F\u00e9lix Salgado Macedonio que tienen 48 horas para designar a su sustituto. <a href=\"https:\/\/t.co\/Hzh9pltLFV\">pic.twitter.com\/Hzh9pltLFV<\/a><\/p>\n<p>&mdash; Ruido en la Red (@RuidoEnLaRed) <a href=\"https:\/\/twitter.com\/RuidoEnLaRed\/status\/1387457995781533698?ref_src=twsrc%5Etfw\">April 28, 2021<\/a><\/p><\/blockquote>\n<p><script async src=\"https:\/\/platform.twitter.com\/widgets.js\" charset=\"utf-8\"><\/script><\/p>\n<p>Con un llamado a la unidad, Felix Salgado Macedonio\u00a0pidi\u00f3 confianza y tiempo para que sea la Comisi\u00f3n Nacional de Candidaturas de Morena la que diga y procese qui\u00e9n ser\u00e1 el o la sustituta de su candidatura para gobernador en Guerrero.<\/p>\n<blockquote class=\"twitter-tweet\" data-width=\"550\" data-dnt=\"true\">\n<p lang=\"es\" dir=\"ltr\">\u00bfCre\u00edan que se iba a quedar tan tranquilo? <\/p>\n<p>Pues no, va a recorrer la entidad con su sustituto e interpondr\u00e1 una denuncia ante la <a href=\"https:\/\/twitter.com\/CIDH?ref_src=twsrc%5Etfw\">@CIDH<\/a> y la <a href=\"https:\/\/twitter.com\/CorteIDH?ref_src=twsrc%5Etfw\">@CorteIDH<\/a> <a href=\"https:\/\/t.co\/2r5VYz0Ce9\">pic.twitter.com\/2r5VYz0Ce9<\/a><\/p>\n<p>&mdash; Ruido en la Red (@RuidoEnLaRed) <a href=\"https:\/\/twitter.com\/RuidoEnLaRed\/status\/1387459591093440519?ref_src=twsrc%5Etfw\">April 28, 2021<\/a><\/p><\/blockquote>\n<p><script async src=\"https:\/\/platform.twitter.com\/widgets.js\" charset=\"utf-8\"><\/script><\/p>\n<p>Durante una asamblea en la ciudad de Chilpancingo, <strong>Salgado Macedonio insisti\u00f3 en que su partido ganar\u00e1 en las elecciones del pr\u00f3ximo 6 de junio.<\/strong><\/p>\n<blockquote class=\"twitter-tweet\" data-width=\"550\" data-dnt=\"true\">\n<p lang=\"es\" dir=\"ltr\">Dice F\u00e9lix Salgado Macedonio que de todas formas Morena ganar\u00e1 el 6 de junio pr\u00f3ximo. <a href=\"https:\/\/t.co\/az3cla08ym\">pic.twitter.com\/az3cla08ym<\/a><\/p>\n<p>&mdash; Ruido en la Red (@RuidoEnLaRed) <a href=\"https:\/\/twitter.com\/RuidoEnLaRed\/status\/1387454715923812354?ref_src=twsrc%5Etfw\">April 28, 2021<\/a><\/p><\/blockquote>\n<p><script async src=\"https:\/\/platform.twitter.com\/widgets.js\" charset=\"utf-8\"><\/script><\/p>\n<p>Agreg\u00f3 que <strong>pondr\u00e1 por Internet una denuncia ante la Corte Interamericana de Derechos Humanos<\/strong>, con sede en Costa Rica; as\u00ed como ante la Comisi\u00f3n Interamericana de Derechos Humanos, con sede en Washington.<\/p>\n<p>Dijo que no ir\u00e1 en persona porque &#8220;eso es lo que quisieran&#8221; sus opositores. Agreg\u00f3 que \u00e9l se quedar\u00e1 en el pa\u00eds y recorrer\u00e1 todo el estado apoyando a los candidatos de Morena<\/p>\n<p>Con informaci\u00f3n de SUN<\/p>\n","protected":false},"excerpt":{"rendered":"<p>F\u00e9lix Salgado Macedonio recurrir\u00e1 a la CIDH tras anulaci\u00f3n de candidatura Por Redacci\u00f3n QP Durante&#8230;<\/p>\n","protected":false},"author":2,"featured_media":80130,"comment_status":"open","ping_status":"open","sticky":false,"template":"","format":"standard","meta":{"_monsterinsights_skip_tracking":false,"_monsterinsights_sitenote_active":false,"_monsterinsights_sitenote_note":"","_monsterinsights_sitenote_category":0,"footnotes":""},"categories":[2],"tags":[],"class_list":["post-80127","post","type-post","status-publish","format-standard","has-post-thumbnail","hentry","category-noticias"],"yoast_head":"<!-- This site is optimized with the Yoast SEO plugin v27.3 - https:\/\/yoast.com\/product\/yoast-seo-wordpress\/ -->\n<title>F\u00e9lix Salgado Macedonio recurrir\u00e1 a la CIDH tras anulaci\u00f3n de candidatura -<\/title>\n<meta name=\"robots\" content=\"index, follow, max-snippet:-1, max-image-preview:large, max-video-preview:-1\" \/>\n<link rel=\"canonical\" href=\"https:\/\/quehacerpolitico.mx\/?p=80127\" \/>\n<meta property=\"og:locale\" content=\"es_MX\" \/>\n<meta property=\"og:type\" content=\"article\" \/>\n<meta property=\"og:title\" content=\"F\u00e9lix Salgado Macedonio recurrir\u00e1 a la CIDH tras anulaci\u00f3n de candidatura -\" \/>\n<meta property=\"og:description\" content=\"F\u00e9lix Salgado Macedonio recurrir\u00e1 a la CIDH tras anulaci\u00f3n de candidatura Por Redacci\u00f3n QP Durante...\" \/>\n<meta property=\"og:url\" content=\"https:\/\/quehacerpolitico.mx\/?p=80127\" \/>\n<meta property=\"article:published_time\" content=\"2021-04-28T20:06:11+00:00\" \/>\n<meta property=\"og:image\" content=\"https:\/\/quehacerpolitico.mx\/wp-content\/uploads\/2021\/04\/C3554740-190E-46EA-B443-E7A150C0FDF3.jpeg\" \/>\n\t<meta property=\"og:image:width\" content=\"1242\" \/>\n\t<meta property=\"og:image:height\" content=\"705\" \/>\n\t<meta property=\"og:image:type\" content=\"image\/jpeg\" \/>\n<meta name=\"author\" content=\"Redacci\u00f3n QP\" \/>\n<meta name=\"twitter:card\" content=\"summary_large_image\" \/>\n<meta name=\"twitter:label1\" content=\"Escrito por\" \/>\n\t<meta name=\"twitter:data1\" content=\"Redacci\u00f3n QP\" \/>\n\t<meta name=\"twitter:label2\" content=\"Tiempo de lectura\" \/>\n\t<meta name=\"twitter:data2\" content=\"1 minuto\" \/>\n<script type=\"application\/ld+json\" class=\"yoast-schema-graph\">{\"@context\":\"https:\\\/\\\/schema.org\",\"@graph\":[{\"@type\":\"Article\",\"@id\":\"https:\\\/\\\/quehacerpolitico.mx\\\/?p=80127#article\",\"isPartOf\":{\"@id\":\"https:\\\/\\\/quehacerpolitico.mx\\\/?p=80127\"},\"author\":{\"name\":\"Redacci\u00f3n QP\",\"@id\":\"https:\\\/\\\/quehacerpolitico.mx\\\/#\\\/schema\\\/person\\\/496d8ad2d1d3f8036101dca7ee39e585\"},\"headline\":\"F\u00e9lix Salgado Macedonio recurrir\u00e1 a la CIDH tras anulaci\u00f3n de candidatura\",\"datePublished\":\"2021-04-28T20:06:11+00:00\",\"mainEntityOfPage\":{\"@id\":\"https:\\\/\\\/quehacerpolitico.mx\\\/?p=80127\"},\"wordCount\":207,\"commentCount\":0,\"image\":{\"@id\":\"https:\\\/\\\/quehacerpolitico.mx\\\/?p=80127#primaryimage\"},\"thumbnailUrl\":\"https:\\\/\\\/quehacerpolitico.mx\\\/wp-content\\\/uploads\\\/2021\\\/04\\\/C3554740-190E-46EA-B443-E7A150C0FDF3.jpeg\",\"articleSection\":[\"Noticias\"],\"inLanguage\":\"es\",\"potentialAction\":[{\"@type\":\"CommentAction\",\"name\":\"Comment\",\"target\":[\"https:\\\/\\\/quehacerpolitico.mx\\\/?p=80127#respond\"]}]},{\"@type\":\"WebPage\",\"@id\":\"https:\\\/\\\/quehacerpolitico.mx\\\/?p=80127\",\"url\":\"https:\\\/\\\/quehacerpolitico.mx\\\/?p=80127\",\"name\":\"F\u00e9lix Salgado Macedonio recurrir\u00e1 a la CIDH tras anulaci\u00f3n de candidatura -\",\"isPartOf\":{\"@id\":\"https:\\\/\\\/quehacerpolitico.mx\\\/#website\"},\"primaryImageOfPage\":{\"@id\":\"https:\\\/\\\/quehacerpolitico.mx\\\/?p=80127#primaryimage\"},\"image\":{\"@id\":\"https:\\\/\\\/quehacerpolitico.mx\\\/?p=80127#primaryimage\"},\"thumbnailUrl\":\"https:\\\/\\\/quehacerpolitico.mx\\\/wp-content\\\/uploads\\\/2021\\\/04\\\/C3554740-190E-46EA-B443-E7A150C0FDF3.jpeg\",\"datePublished\":\"2021-04-28T20:06:11+00:00\",\"author\":{\"@id\":\"https:\\\/\\\/quehacerpolitico.mx\\\/#\\\/schema\\\/person\\\/496d8ad2d1d3f8036101dca7ee39e585\"},\"breadcrumb\":{\"@id\":\"https:\\\/\\\/quehacerpolitico.mx\\\/?p=80127#breadcrumb\"},\"inLanguage\":\"es\",\"potentialAction\":[{\"@type\":\"ReadAction\",\"target\":[\"https:\\\/\\\/quehacerpolitico.mx\\\/?p=80127\"]}]},{\"@type\":\"ImageObject\",\"inLanguage\":\"es\",\"@id\":\"https:\\\/\\\/quehacerpolitico.mx\\\/?p=80127#primaryimage\",\"url\":\"https:\\\/\\\/quehacerpolitico.mx\\\/wp-content\\\/uploads\\\/2021\\\/04\\\/C3554740-190E-46EA-B443-E7A150C0FDF3.jpeg\",\"contentUrl\":\"https:\\\/\\\/quehacerpolitico.mx\\\/wp-content\\\/uploads\\\/2021\\\/04\\\/C3554740-190E-46EA-B443-E7A150C0FDF3.jpeg\",\"width\":1242,\"height\":705},{\"@type\":\"BreadcrumbList\",\"@id\":\"https:\\\/\\\/quehacerpolitico.mx\\\/?p=80127#breadcrumb\",\"itemListElement\":[{\"@type\":\"ListItem\",\"position\":1,\"name\":\"Inicio\",\"item\":\"https:\\\/\\\/quehacerpolitico.mx\\\/\"},{\"@type\":\"ListItem\",\"position\":2,\"name\":\"F\u00e9lix Salgado Macedonio recurrir\u00e1 a la CIDH tras anulaci\u00f3n de candidatura\"}]},{\"@type\":\"WebSite\",\"@id\":\"https:\\\/\\\/quehacerpolitico.mx\\\/#website\",\"url\":\"https:\\\/\\\/quehacerpolitico.mx\\\/\",\"name\":\"\",\"description\":\"\",\"potentialAction\":[{\"@type\":\"SearchAction\",\"target\":{\"@type\":\"EntryPoint\",\"urlTemplate\":\"https:\\\/\\\/quehacerpolitico.mx\\\/?s={search_term_string}\"},\"query-input\":{\"@type\":\"PropertyValueSpecification\",\"valueRequired\":true,\"valueName\":\"search_term_string\"}}],\"inLanguage\":\"es\"},{\"@type\":\"Person\",\"@id\":\"https:\\\/\\\/quehacerpolitico.mx\\\/#\\\/schema\\\/person\\\/496d8ad2d1d3f8036101dca7ee39e585\",\"name\":\"Redacci\u00f3n QP\",\"image\":{\"@type\":\"ImageObject\",\"inLanguage\":\"es\",\"@id\":\"https:\\\/\\\/secure.gravatar.com\\\/avatar\\\/c7164ed6fdec453195284ad24a5ae5b6e1eed2b848477fa2a4787ba9adf39a41?s=96&d=mm&r=g\",\"url\":\"https:\\\/\\\/secure.gravatar.com\\\/avatar\\\/c7164ed6fdec453195284ad24a5ae5b6e1eed2b848477fa2a4787ba9adf39a41?s=96&d=mm&r=g\",\"contentUrl\":\"https:\\\/\\\/secure.gravatar.com\\\/avatar\\\/c7164ed6fdec453195284ad24a5ae5b6e1eed2b848477fa2a4787ba9adf39a41?s=96&d=mm&r=g\",\"caption\":\"Redacci\u00f3n QP\"},\"url\":\"https:\\\/\\\/quehacerpolitico.mx\\\/?author=2\"}]}<\/script>\n<!-- \/ Yoast SEO plugin. -->","yoast_head_json":{"title":"F\u00e9lix Salgado Macedonio recurrir\u00e1 a la CIDH tras anulaci\u00f3n de candidatura -","robots":{"index":"index","follow":"follow","max-snippet":"max-snippet:-1","max-image-preview":"max-image-preview:large","max-video-preview":"max-video-preview:-1"},"canonical":"https:\/\/quehacerpolitico.mx\/?p=80127","og_locale":"es_MX","og_type":"article","og_title":"F\u00e9lix Salgado Macedonio recurrir\u00e1 a la CIDH tras anulaci\u00f3n de candidatura -","og_description":"F\u00e9lix Salgado Macedonio recurrir\u00e1 a la CIDH tras anulaci\u00f3n de candidatura Por Redacci\u00f3n QP Durante...","og_url":"https:\/\/quehacerpolitico.mx\/?p=80127","article_published_time":"2021-04-28T20:06:11+00:00","og_image":[{"width":1242,"height":705,"url":"https:\/\/quehacerpolitico.mx\/wp-content\/uploads\/2021\/04\/C3554740-190E-46EA-B443-E7A150C0FDF3.jpeg","type":"image\/jpeg"}],"author":"Redacci\u00f3n QP","twitter_card":"summary_large_image","twitter_misc":{"Escrito por":"Redacci\u00f3n QP","Tiempo de lectura":"1 minuto"},"schema":{"@context":"https:\/\/schema.org","@graph":[{"@type":"Article","@id":"https:\/\/quehacerpolitico.mx\/?p=80127#article","isPartOf":{"@id":"https:\/\/quehacerpolitico.mx\/?p=80127"},"author":{"name":"Redacci\u00f3n QP","@id":"https:\/\/quehacerpolitico.mx\/#\/schema\/person\/496d8ad2d1d3f8036101dca7ee39e585"},"headline":"F\u00e9lix Salgado Macedonio recurrir\u00e1 a la CIDH tras anulaci\u00f3n de candidatura","datePublished":"2021-04-28T20:06:11+00:00","mainEntityOfPage":{"@id":"https:\/\/quehacerpolitico.mx\/?p=80127"},"wordCount":207,"commentCount":0,"image":{"@id":"https:\/\/quehacerpolitico.mx\/?p=80127#primaryimage"},"thumbnailUrl":"https:\/\/quehacerpolitico.mx\/wp-content\/uploads\/2021\/04\/C3554740-190E-46EA-B443-E7A150C0FDF3.jpeg","articleSection":["Noticias"],"inLanguage":"es","potentialAction":[{"@type":"CommentAction","name":"Comment","target":["https:\/\/quehacerpolitico.mx\/?p=80127#respond"]}]},{"@type":"WebPage","@id":"https:\/\/quehacerpolitico.mx\/?p=80127","url":"https:\/\/quehacerpolitico.mx\/?p=80127","name":"F\u00e9lix Salgado Macedonio recurrir\u00e1 a la CIDH tras anulaci\u00f3n de candidatura -","isPartOf":{"@id":"https:\/\/quehacerpolitico.mx\/#website"},"primaryImageOfPage":{"@id":"https:\/\/quehacerpolitico.mx\/?p=80127#primaryimage"},"image":{"@id":"https:\/\/quehacerpolitico.mx\/?p=80127#primaryimage"},"thumbnailUrl":"https:\/\/quehacerpolitico.mx\/wp-content\/uploads\/2021\/04\/C3554740-190E-46EA-B443-E7A150C0FDF3.jpeg","datePublished":"2021-04-28T20:06:11+00:00","author":{"@id":"https:\/\/quehacerpolitico.mx\/#\/schema\/person\/496d8ad2d1d3f8036101dca7ee39e585"},"breadcrumb":{"@id":"https:\/\/quehacerpolitico.mx\/?p=80127#breadcrumb"},"inLanguage":"es","potentialAction":[{"@type":"ReadAction","target":["https:\/\/quehacerpolitico.mx\/?p=80127"]}]},{"@type":"ImageObject","inLanguage":"es","@id":"https:\/\/quehacerpolitico.mx\/?p=80127#primaryimage","url":"https:\/\/quehacerpolitico.mx\/wp-content\/uploads\/2021\/04\/C3554740-190E-46EA-B443-E7A150C0FDF3.jpeg","contentUrl":"https:\/\/quehacerpolitico.mx\/wp-content\/uploads\/2021\/04\/C3554740-190E-46EA-B443-E7A150C0FDF3.jpeg","width":1242,"height":705},{"@type":"BreadcrumbList","@id":"https:\/\/quehacerpolitico.mx\/?p=80127#breadcrumb","itemListElement":[{"@type":"ListItem","position":1,"name":"Inicio","item":"https:\/\/quehacerpolitico.mx\/"},{"@type":"ListItem","position":2,"name":"F\u00e9lix Salgado Macedonio recurrir\u00e1 a la CIDH tras anulaci\u00f3n de candidatura"}]},{"@type":"WebSite","@id":"https:\/\/quehacerpolitico.mx\/#website","url":"https:\/\/quehacerpolitico.mx\/","name":"","description":"","potentialAction":[{"@type":"SearchAction","target":{"@type":"EntryPoint","urlTemplate":"https:\/\/quehacerpolitico.mx\/?s={search_term_string}"},"query-input":{"@type":"PropertyValueSpecification","valueRequired":true,"valueName":"search_term_string"}}],"inLanguage":"es"},{"@type":"Person","@id":"https:\/\/quehacerpolitico.mx\/#\/schema\/person\/496d8ad2d1d3f8036101dca7ee39e585","name":"Redacci\u00f3n QP","image":{"@type":"ImageObject","inLanguage":"es","@id":"https:\/\/secure.gravatar.com\/avatar\/c7164ed6fdec453195284ad24a5ae5b6e1eed2b848477fa2a4787ba9adf39a41?s=96&d=mm&r=g","url":"https:\/\/secure.gravatar.com\/avatar\/c7164ed6fdec453195284ad24a5ae5b6e1eed2b848477fa2a4787ba9adf39a41?s=96&d=mm&r=g","contentUrl":"https:\/\/secure.gravatar.com\/avatar\/c7164ed6fdec453195284ad24a5ae5b6e1eed2b848477fa2a4787ba9adf39a41?s=96&d=mm&r=g","caption":"Redacci\u00f3n QP"},"url":"https:\/\/quehacerpolitico.mx\/?author=2"}]}},"featured_image_urls":{"full":["https:\/\/quehacerpolitico.mx\/wp-content\/uploads\/2021\/04\/C3554740-190E-46EA-B443-E7A150C0FDF3.jpeg",1242,705,false],"thumbnail":["https:\/\/quehacerpolitico.mx\/wp-content\/uploads\/2021\/04\/C3554740-190E-46EA-B443-E7A150C0FDF3-150x150.jpeg",150,150,true],"medium":["https:\/\/quehacerpolitico.mx\/wp-content\/uploads\/2021\/04\/C3554740-190E-46EA-B443-E7A150C0FDF3-300x170.jpeg",300,170,true],"medium_large":["https:\/\/quehacerpolitico.mx\/wp-content\/uploads\/2021\/04\/C3554740-190E-46EA-B443-E7A150C0FDF3-768x436.jpeg",640,363,true],"large":["https:\/\/quehacerpolitico.mx\/wp-content\/uploads\/2021\/04\/C3554740-190E-46EA-B443-E7A150C0FDF3-1024x581.jpeg",640,363,true],"1536x1536":["https:\/\/quehacerpolitico.mx\/wp-content\/uploads\/2021\/04\/C3554740-190E-46EA-B443-E7A150C0FDF3.jpeg",1242,705,false],"2048x2048":["https:\/\/quehacerpolitico.mx\/wp-content\/uploads\/2021\/04\/C3554740-190E-46EA-B443-E7A150C0FDF3.jpeg",1242,705,false],"covernews-featured":["https:\/\/quehacerpolitico.mx\/wp-content\/uploads\/2021\/04\/C3554740-190E-46EA-B443-E7A150C0FDF3.jpeg",1024,581,false],"covernews-medium":["https:\/\/quehacerpolitico.mx\/wp-content\/uploads\/2021\/04\/C3554740-190E-46EA-B443-E7A150C0FDF3.jpeg",540,307,false]},"author_info":{"display_name":"Redacci\u00f3n QP","author_link":"https:\/\/quehacerpolitico.mx\/?author=2"},"category_info":"<a href=\"https:\/\/quehacerpolitico.mx\/?cat=2\" rel=\"category\">Noticias<\/a>","tag_info":"Noticias","comment_count":"0","_links":{"self":[{"href":"https:\/\/quehacerpolitico.mx\/index.php?rest_route=\/wp\/v2\/posts\/80127","targetHints":{"allow":["GET"]}}],"collection":[{"href":"https:\/\/quehacerpolitico.mx\/index.php?rest_route=\/wp\/v2\/posts"}],"about":[{"href":"https:\/\/quehacerpolitico.mx\/index.php?rest_route=\/wp\/v2\/types\/post"}],"author":[{"embeddable":true,"href":"https:\/\/quehacerpolitico.mx\/index.php?rest_route=\/wp\/v2\/users\/2"}],"replies":[{"embeddable":true,"href":"https:\/\/quehacerpolitico.mx\/index.php?rest_route=%2Fwp%2Fv2%2Fcomments&post=80127"}],"version-history":[{"count":0,"href":"https:\/\/quehacerpolitico.mx\/index.php?rest_route=\/wp\/v2\/posts\/80127\/revisions"}],"wp:featuredmedia":[{"embeddable":true,"href":"https:\/\/quehacerpolitico.mx\/index.php?rest_route=\/wp\/v2\/media\/80130"}],"wp:attachment":[{"href":"https:\/\/quehacerpolitico.mx\/index.php?rest_route=%2Fwp%2Fv2%2Fmedia&parent=80127"}],"wp:term":[{"taxonomy":"category","embeddable":true,"href":"https:\/\/quehacerpolitico.mx\/index.php?rest_route=%2Fwp%2Fv2%2Fcategories&post=80127"},{"taxonomy":"post_tag","embeddable":true,"href":"https:\/\/quehacerpolitico.mx\/index.php?rest_route=%2Fwp%2Fv2%2Ftags&post=80127"}],"curies":[{"name":"wp","href":"https:\/\/api.w.org\/{rel}","templated":true}]}}