{"id":80122,"date":"2021-04-28T19:44:29","date_gmt":"2021-04-28T19:44:29","guid":{"rendered":"https:\/\/quehacerpolitico.mx\/?p=80122"},"modified":"2021-04-28T19:44:29","modified_gmt":"2021-04-28T19:44:29","slug":"evelyn-la-hija-de-felix-salgado-macedonio-que-podria-sustituirlo-como-candidato","status":"publish","type":"post","link":"https:\/\/quehacerpolitico.mx\/?p=80122","title":{"rendered":"Evelyn, la hija de F\u00e9lix Salgado Macedonio que podr\u00eda sustituirlo como candidato"},"content":{"rendered":"<h1 class=\"news-title\">Evelyn, la hija de F\u00e9lix Salgado Macedonio que podr\u00eda sustituirlo como candidato<br \/>\nPor Redacci\u00f3n QP<\/h1>\n<p>La hija del ex acalde de Acapulco escribe\u00a0un mensaje con tintes pol\u00edticos en sus redes sociales<\/p>\n<p>Luego de que ayer martes, los magistrados del Tribunal Electoral del Poder Judicial de la Federaci\u00f3n (TEPJF) ratificar\u00e1n la cancelaci\u00f3n de F\u00e9lix Salgado Macedonio a la gubernatura de Guerrero, Morena tiene que registrar a un nuevo candidato, que <strong>se especula podr\u00eda ser Evelyn Salgado Pineda, hija de &#8220;El Toro&#8221;<\/strong>\u00a0para contender en las pr\u00f3ximas elecciones 2021.<\/p>\n<p>La especulaci\u00f3n surgi\u00f3 luego de que el 14 de abril, cuando el INE ya hab\u00eda fallado en contra de Salgado Macedonio, <strong>la hija del ex acalde de Acapulco escribi\u00f3 un mensaje con tintes pol\u00edticos en sus redes sociales<\/strong>.<\/p>\n<p>&#8220;Me llamo Evelyn Salgado Pineda, no &#8216;Juanita&#8217;. Aqu\u00ed no hay plan B ni C. Apoyo a mi padre F\u00e9lix Salgado Macedonio hasta el final, tope a donde tope. <strong>Mi padre es insustituible, es \u00fanico. Un luchador social amado por su familia y su pueblo&#8221;, escribi\u00f3 la hija mayor<\/strong> de F\u00e9lix Salgado Macedonio, quien finaliz\u00f3 su posteo en Facebook con un &#8220;\u00a1Hay toro!&#8221;.<\/p>\n<p><strong>El mensaje desat\u00f3 las suspicacias, puesto que al referirse a la &#8220;juanitas&#8221; hace referencia a las candidatas que los partidos pol\u00edticos colocan en puestos, para despu\u00e9s ser sustituidas por un hombre<\/strong>, como ocurri\u00f3 con Rafael Acosta \u00c1ngeles, &#8220;Juanito&#8221;, quien termin\u00f3 por ceder el mandato en la delegaci\u00f3n Iztapalapa a Clara Brugada en el 2009.<\/p>\n<h2>Evelyn Salgado Pineda, admiradora de su padre y AMLO<\/h2>\n<p>Fiel seguidora de la campa\u00f1a de su padre, <strong>Evelyn Salgado acostumbra subir fotos junto a \u00e9l en sus mitines y junto a su familia<\/strong>, incluidas sus cuatro hermanas.<\/p>\n<p>En el caso de que Evelyn sustituya a &#8220;El Toro&#8221; como candidata de Morena a la gubernatura en Guerrero, lo har\u00e1 con cierta experiencia, pues <strong>fue presidenta del Patronato de DIF de Acapulco y delegada de la Secretar\u00eda de la Mujer en Acapulco<\/strong>.<\/p>\n<p>En su p\u00e1gina como funcionaria, Evelyn recordaba que &#8220;durante mi gesti\u00f3n como Presidenta de DIF Acapulco 2005-2008, se ejercieron diversos programas sociales atendiendo a grupos vulnerables y promoviendo el desarrollo de las familias acapulque\u00f1as&#8221;, lo que acompa\u00f1aba con fotos de ni\u00f1os y adultos mayores del puerto guerrerense.<\/p>\n<p>Com\u00fanmente, Evelyn comparte fotos antiguas de su padre. De beb\u00e9, con Cuauht\u00e9moc C\u00e1rdenas, e incluso en su fiesta de XV a\u00f1os.<\/p>\n<p>A la par de la admiraci\u00f3n que tiene por F\u00e9lix Salgado Macedonio, tambi\u00e9n la expresa por el Presidente\u00a0Andr\u00e9s Manuel L\u00f3pez Obrador (AMLO).<\/p>\n<p>Con informaci\u00f3n de SUN<\/p>\n","protected":false},"excerpt":{"rendered":"<p>Evelyn, la hija de F\u00e9lix Salgado Macedonio que podr\u00eda sustituirlo como candidato Por Redacci\u00f3n QP&#8230;<\/p>\n","protected":false},"author":2,"featured_media":80125,"comment_status":"open","ping_status":"open","sticky":false,"template":"","format":"standard","meta":{"_monsterinsights_skip_tracking":false,"_monsterinsights_sitenote_active":false,"_monsterinsights_sitenote_note":"","_monsterinsights_sitenote_category":0,"footnotes":""},"categories":[2],"tags":[],"class_list":["post-80122","post","type-post","status-publish","format-standard","has-post-thumbnail","hentry","category-noticias"],"yoast_head":"<!-- This site is optimized with the Yoast SEO plugin v27.3 - https:\/\/yoast.com\/product\/yoast-seo-wordpress\/ -->\n<title>Evelyn, la hija de F\u00e9lix Salgado Macedonio que podr\u00eda sustituirlo como candidato -<\/title>\n<meta name=\"robots\" content=\"index, follow, max-snippet:-1, max-image-preview:large, max-video-preview:-1\" \/>\n<link rel=\"canonical\" href=\"https:\/\/quehacerpolitico.mx\/?p=80122\" \/>\n<meta property=\"og:locale\" content=\"es_MX\" \/>\n<meta property=\"og:type\" content=\"article\" \/>\n<meta property=\"og:title\" content=\"Evelyn, la hija de F\u00e9lix Salgado Macedonio que podr\u00eda sustituirlo como candidato -\" \/>\n<meta property=\"og:description\" content=\"Evelyn, la hija de F\u00e9lix Salgado Macedonio que podr\u00eda sustituirlo como candidato Por Redacci\u00f3n QP...\" \/>\n<meta property=\"og:url\" content=\"https:\/\/quehacerpolitico.mx\/?p=80122\" \/>\n<meta property=\"article:published_time\" content=\"2021-04-28T19:44:29+00:00\" \/>\n<meta property=\"og:image\" content=\"https:\/\/quehacerpolitico.mx\/wp-content\/uploads\/2021\/04\/E6569B6C-A65C-4282-96B9-678241AE810C.jpeg\" \/>\n\t<meta property=\"og:image:width\" content=\"800\" \/>\n\t<meta property=\"og:image:height\" content=\"450\" \/>\n\t<meta property=\"og:image:type\" content=\"image\/jpeg\" \/>\n<meta name=\"author\" content=\"Redacci\u00f3n QP\" \/>\n<meta name=\"twitter:card\" content=\"summary_large_image\" \/>\n<meta name=\"twitter:label1\" content=\"Escrito por\" \/>\n\t<meta name=\"twitter:data1\" content=\"Redacci\u00f3n QP\" \/>\n\t<meta name=\"twitter:label2\" content=\"Tiempo de lectura\" \/>\n\t<meta name=\"twitter:data2\" content=\"2 minutos\" \/>\n<script type=\"application\/ld+json\" class=\"yoast-schema-graph\">{\"@context\":\"https:\\\/\\\/schema.org\",\"@graph\":[{\"@type\":\"Article\",\"@id\":\"https:\\\/\\\/quehacerpolitico.mx\\\/?p=80122#article\",\"isPartOf\":{\"@id\":\"https:\\\/\\\/quehacerpolitico.mx\\\/?p=80122\"},\"author\":{\"name\":\"Redacci\u00f3n QP\",\"@id\":\"https:\\\/\\\/quehacerpolitico.mx\\\/#\\\/schema\\\/person\\\/496d8ad2d1d3f8036101dca7ee39e585\"},\"headline\":\"Evelyn, la hija de F\u00e9lix Salgado Macedonio que podr\u00eda sustituirlo como candidato\",\"datePublished\":\"2021-04-28T19:44:29+00:00\",\"mainEntityOfPage\":{\"@id\":\"https:\\\/\\\/quehacerpolitico.mx\\\/?p=80122\"},\"wordCount\":463,\"commentCount\":0,\"image\":{\"@id\":\"https:\\\/\\\/quehacerpolitico.mx\\\/?p=80122#primaryimage\"},\"thumbnailUrl\":\"https:\\\/\\\/quehacerpolitico.mx\\\/wp-content\\\/uploads\\\/2021\\\/04\\\/E6569B6C-A65C-4282-96B9-678241AE810C.jpeg\",\"articleSection\":[\"Noticias\"],\"inLanguage\":\"es\",\"potentialAction\":[{\"@type\":\"CommentAction\",\"name\":\"Comment\",\"target\":[\"https:\\\/\\\/quehacerpolitico.mx\\\/?p=80122#respond\"]}]},{\"@type\":\"WebPage\",\"@id\":\"https:\\\/\\\/quehacerpolitico.mx\\\/?p=80122\",\"url\":\"https:\\\/\\\/quehacerpolitico.mx\\\/?p=80122\",\"name\":\"Evelyn, la hija de F\u00e9lix Salgado Macedonio que podr\u00eda sustituirlo como candidato -\",\"isPartOf\":{\"@id\":\"https:\\\/\\\/quehacerpolitico.mx\\\/#website\"},\"primaryImageOfPage\":{\"@id\":\"https:\\\/\\\/quehacerpolitico.mx\\\/?p=80122#primaryimage\"},\"image\":{\"@id\":\"https:\\\/\\\/quehacerpolitico.mx\\\/?p=80122#primaryimage\"},\"thumbnailUrl\":\"https:\\\/\\\/quehacerpolitico.mx\\\/wp-content\\\/uploads\\\/2021\\\/04\\\/E6569B6C-A65C-4282-96B9-678241AE810C.jpeg\",\"datePublished\":\"2021-04-28T19:44:29+00:00\",\"author\":{\"@id\":\"https:\\\/\\\/quehacerpolitico.mx\\\/#\\\/schema\\\/person\\\/496d8ad2d1d3f8036101dca7ee39e585\"},\"breadcrumb\":{\"@id\":\"https:\\\/\\\/quehacerpolitico.mx\\\/?p=80122#breadcrumb\"},\"inLanguage\":\"es\",\"potentialAction\":[{\"@type\":\"ReadAction\",\"target\":[\"https:\\\/\\\/quehacerpolitico.mx\\\/?p=80122\"]}]},{\"@type\":\"ImageObject\",\"inLanguage\":\"es\",\"@id\":\"https:\\\/\\\/quehacerpolitico.mx\\\/?p=80122#primaryimage\",\"url\":\"https:\\\/\\\/quehacerpolitico.mx\\\/wp-content\\\/uploads\\\/2021\\\/04\\\/E6569B6C-A65C-4282-96B9-678241AE810C.jpeg\",\"contentUrl\":\"https:\\\/\\\/quehacerpolitico.mx\\\/wp-content\\\/uploads\\\/2021\\\/04\\\/E6569B6C-A65C-4282-96B9-678241AE810C.jpeg\",\"width\":800,\"height\":450},{\"@type\":\"BreadcrumbList\",\"@id\":\"https:\\\/\\\/quehacerpolitico.mx\\\/?p=80122#breadcrumb\",\"itemListElement\":[{\"@type\":\"ListItem\",\"position\":1,\"name\":\"Inicio\",\"item\":\"https:\\\/\\\/quehacerpolitico.mx\\\/\"},{\"@type\":\"ListItem\",\"position\":2,\"name\":\"Evelyn, la hija de F\u00e9lix Salgado Macedonio que podr\u00eda sustituirlo como candidato\"}]},{\"@type\":\"WebSite\",\"@id\":\"https:\\\/\\\/quehacerpolitico.mx\\\/#website\",\"url\":\"https:\\\/\\\/quehacerpolitico.mx\\\/\",\"name\":\"\",\"description\":\"\",\"potentialAction\":[{\"@type\":\"SearchAction\",\"target\":{\"@type\":\"EntryPoint\",\"urlTemplate\":\"https:\\\/\\\/quehacerpolitico.mx\\\/?s={search_term_string}\"},\"query-input\":{\"@type\":\"PropertyValueSpecification\",\"valueRequired\":true,\"valueName\":\"search_term_string\"}}],\"inLanguage\":\"es\"},{\"@type\":\"Person\",\"@id\":\"https:\\\/\\\/quehacerpolitico.mx\\\/#\\\/schema\\\/person\\\/496d8ad2d1d3f8036101dca7ee39e585\",\"name\":\"Redacci\u00f3n QP\",\"image\":{\"@type\":\"ImageObject\",\"inLanguage\":\"es\",\"@id\":\"https:\\\/\\\/secure.gravatar.com\\\/avatar\\\/c7164ed6fdec453195284ad24a5ae5b6e1eed2b848477fa2a4787ba9adf39a41?s=96&d=mm&r=g\",\"url\":\"https:\\\/\\\/secure.gravatar.com\\\/avatar\\\/c7164ed6fdec453195284ad24a5ae5b6e1eed2b848477fa2a4787ba9adf39a41?s=96&d=mm&r=g\",\"contentUrl\":\"https:\\\/\\\/secure.gravatar.com\\\/avatar\\\/c7164ed6fdec453195284ad24a5ae5b6e1eed2b848477fa2a4787ba9adf39a41?s=96&d=mm&r=g\",\"caption\":\"Redacci\u00f3n QP\"},\"url\":\"https:\\\/\\\/quehacerpolitico.mx\\\/?author=2\"}]}<\/script>\n<!-- \/ Yoast SEO plugin. -->","yoast_head_json":{"title":"Evelyn, la hija de F\u00e9lix Salgado Macedonio que podr\u00eda sustituirlo como candidato -","robots":{"index":"index","follow":"follow","max-snippet":"max-snippet:-1","max-image-preview":"max-image-preview:large","max-video-preview":"max-video-preview:-1"},"canonical":"https:\/\/quehacerpolitico.mx\/?p=80122","og_locale":"es_MX","og_type":"article","og_title":"Evelyn, la hija de F\u00e9lix Salgado Macedonio que podr\u00eda sustituirlo como candidato -","og_description":"Evelyn, la hija de F\u00e9lix Salgado Macedonio que podr\u00eda sustituirlo como candidato Por Redacci\u00f3n QP...","og_url":"https:\/\/quehacerpolitico.mx\/?p=80122","article_published_time":"2021-04-28T19:44:29+00:00","og_image":[{"width":800,"height":450,"url":"https:\/\/quehacerpolitico.mx\/wp-content\/uploads\/2021\/04\/E6569B6C-A65C-4282-96B9-678241AE810C.jpeg","type":"image\/jpeg"}],"author":"Redacci\u00f3n QP","twitter_card":"summary_large_image","twitter_misc":{"Escrito por":"Redacci\u00f3n QP","Tiempo de lectura":"2 minutos"},"schema":{"@context":"https:\/\/schema.org","@graph":[{"@type":"Article","@id":"https:\/\/quehacerpolitico.mx\/?p=80122#article","isPartOf":{"@id":"https:\/\/quehacerpolitico.mx\/?p=80122"},"author":{"name":"Redacci\u00f3n QP","@id":"https:\/\/quehacerpolitico.mx\/#\/schema\/person\/496d8ad2d1d3f8036101dca7ee39e585"},"headline":"Evelyn, la hija de F\u00e9lix Salgado Macedonio que podr\u00eda sustituirlo como candidato","datePublished":"2021-04-28T19:44:29+00:00","mainEntityOfPage":{"@id":"https:\/\/quehacerpolitico.mx\/?p=80122"},"wordCount":463,"commentCount":0,"image":{"@id":"https:\/\/quehacerpolitico.mx\/?p=80122#primaryimage"},"thumbnailUrl":"https:\/\/quehacerpolitico.mx\/wp-content\/uploads\/2021\/04\/E6569B6C-A65C-4282-96B9-678241AE810C.jpeg","articleSection":["Noticias"],"inLanguage":"es","potentialAction":[{"@type":"CommentAction","name":"Comment","target":["https:\/\/quehacerpolitico.mx\/?p=80122#respond"]}]},{"@type":"WebPage","@id":"https:\/\/quehacerpolitico.mx\/?p=80122","url":"https:\/\/quehacerpolitico.mx\/?p=80122","name":"Evelyn, la hija de F\u00e9lix Salgado Macedonio que podr\u00eda sustituirlo como candidato -","isPartOf":{"@id":"https:\/\/quehacerpolitico.mx\/#website"},"primaryImageOfPage":{"@id":"https:\/\/quehacerpolitico.mx\/?p=80122#primaryimage"},"image":{"@id":"https:\/\/quehacerpolitico.mx\/?p=80122#primaryimage"},"thumbnailUrl":"https:\/\/quehacerpolitico.mx\/wp-content\/uploads\/2021\/04\/E6569B6C-A65C-4282-96B9-678241AE810C.jpeg","datePublished":"2021-04-28T19:44:29+00:00","author":{"@id":"https:\/\/quehacerpolitico.mx\/#\/schema\/person\/496d8ad2d1d3f8036101dca7ee39e585"},"breadcrumb":{"@id":"https:\/\/quehacerpolitico.mx\/?p=80122#breadcrumb"},"inLanguage":"es","potentialAction":[{"@type":"ReadAction","target":["https:\/\/quehacerpolitico.mx\/?p=80122"]}]},{"@type":"ImageObject","inLanguage":"es","@id":"https:\/\/quehacerpolitico.mx\/?p=80122#primaryimage","url":"https:\/\/quehacerpolitico.mx\/wp-content\/uploads\/2021\/04\/E6569B6C-A65C-4282-96B9-678241AE810C.jpeg","contentUrl":"https:\/\/quehacerpolitico.mx\/wp-content\/uploads\/2021\/04\/E6569B6C-A65C-4282-96B9-678241AE810C.jpeg","width":800,"height":450},{"@type":"BreadcrumbList","@id":"https:\/\/quehacerpolitico.mx\/?p=80122#breadcrumb","itemListElement":[{"@type":"ListItem","position":1,"name":"Inicio","item":"https:\/\/quehacerpolitico.mx\/"},{"@type":"ListItem","position":2,"name":"Evelyn, la hija de F\u00e9lix Salgado Macedonio que podr\u00eda sustituirlo como candidato"}]},{"@type":"WebSite","@id":"https:\/\/quehacerpolitico.mx\/#website","url":"https:\/\/quehacerpolitico.mx\/","name":"","description":"","potentialAction":[{"@type":"SearchAction","target":{"@type":"EntryPoint","urlTemplate":"https:\/\/quehacerpolitico.mx\/?s={search_term_string}"},"query-input":{"@type":"PropertyValueSpecification","valueRequired":true,"valueName":"search_term_string"}}],"inLanguage":"es"},{"@type":"Person","@id":"https:\/\/quehacerpolitico.mx\/#\/schema\/person\/496d8ad2d1d3f8036101dca7ee39e585","name":"Redacci\u00f3n QP","image":{"@type":"ImageObject","inLanguage":"es","@id":"https:\/\/secure.gravatar.com\/avatar\/c7164ed6fdec453195284ad24a5ae5b6e1eed2b848477fa2a4787ba9adf39a41?s=96&d=mm&r=g","url":"https:\/\/secure.gravatar.com\/avatar\/c7164ed6fdec453195284ad24a5ae5b6e1eed2b848477fa2a4787ba9adf39a41?s=96&d=mm&r=g","contentUrl":"https:\/\/secure.gravatar.com\/avatar\/c7164ed6fdec453195284ad24a5ae5b6e1eed2b848477fa2a4787ba9adf39a41?s=96&d=mm&r=g","caption":"Redacci\u00f3n QP"},"url":"https:\/\/quehacerpolitico.mx\/?author=2"}]}},"featured_image_urls":{"full":["https:\/\/quehacerpolitico.mx\/wp-content\/uploads\/2021\/04\/E6569B6C-A65C-4282-96B9-678241AE810C.jpeg",800,450,false],"thumbnail":["https:\/\/quehacerpolitico.mx\/wp-content\/uploads\/2021\/04\/E6569B6C-A65C-4282-96B9-678241AE810C-150x150.jpeg",150,150,true],"medium":["https:\/\/quehacerpolitico.mx\/wp-content\/uploads\/2021\/04\/E6569B6C-A65C-4282-96B9-678241AE810C-300x169.jpeg",300,169,true],"medium_large":["https:\/\/quehacerpolitico.mx\/wp-content\/uploads\/2021\/04\/E6569B6C-A65C-4282-96B9-678241AE810C-768x432.jpeg",640,360,true],"large":["https:\/\/quehacerpolitico.mx\/wp-content\/uploads\/2021\/04\/E6569B6C-A65C-4282-96B9-678241AE810C.jpeg",640,360,false],"1536x1536":["https:\/\/quehacerpolitico.mx\/wp-content\/uploads\/2021\/04\/E6569B6C-A65C-4282-96B9-678241AE810C.jpeg",800,450,false],"2048x2048":["https:\/\/quehacerpolitico.mx\/wp-content\/uploads\/2021\/04\/E6569B6C-A65C-4282-96B9-678241AE810C.jpeg",800,450,false],"covernews-featured":["https:\/\/quehacerpolitico.mx\/wp-content\/uploads\/2021\/04\/E6569B6C-A65C-4282-96B9-678241AE810C.jpeg",800,450,false],"covernews-medium":["https:\/\/quehacerpolitico.mx\/wp-content\/uploads\/2021\/04\/E6569B6C-A65C-4282-96B9-678241AE810C.jpeg",540,304,false]},"author_info":{"display_name":"Redacci\u00f3n QP","author_link":"https:\/\/quehacerpolitico.mx\/?author=2"},"category_info":"<a href=\"https:\/\/quehacerpolitico.mx\/?cat=2\" rel=\"category\">Noticias<\/a>","tag_info":"Noticias","comment_count":"0","_links":{"self":[{"href":"https:\/\/quehacerpolitico.mx\/index.php?rest_route=\/wp\/v2\/posts\/80122","targetHints":{"allow":["GET"]}}],"collection":[{"href":"https:\/\/quehacerpolitico.mx\/index.php?rest_route=\/wp\/v2\/posts"}],"about":[{"href":"https:\/\/quehacerpolitico.mx\/index.php?rest_route=\/wp\/v2\/types\/post"}],"author":[{"embeddable":true,"href":"https:\/\/quehacerpolitico.mx\/index.php?rest_route=\/wp\/v2\/users\/2"}],"replies":[{"embeddable":true,"href":"https:\/\/quehacerpolitico.mx\/index.php?rest_route=%2Fwp%2Fv2%2Fcomments&post=80122"}],"version-history":[{"count":0,"href":"https:\/\/quehacerpolitico.mx\/index.php?rest_route=\/wp\/v2\/posts\/80122\/revisions"}],"wp:featuredmedia":[{"embeddable":true,"href":"https:\/\/quehacerpolitico.mx\/index.php?rest_route=\/wp\/v2\/media\/80125"}],"wp:attachment":[{"href":"https:\/\/quehacerpolitico.mx\/index.php?rest_route=%2Fwp%2Fv2%2Fmedia&parent=80122"}],"wp:term":[{"taxonomy":"category","embeddable":true,"href":"https:\/\/quehacerpolitico.mx\/index.php?rest_route=%2Fwp%2Fv2%2Fcategories&post=80122"},{"taxonomy":"post_tag","embeddable":true,"href":"https:\/\/quehacerpolitico.mx\/index.php?rest_route=%2Fwp%2Fv2%2Ftags&post=80122"}],"curies":[{"name":"wp","href":"https:\/\/api.w.org\/{rel}","templated":true}]}}