{"id":80116,"date":"2021-04-28T18:51:51","date_gmt":"2021-04-28T18:51:51","guid":{"rendered":"https:\/\/quehacerpolitico.mx\/?p=80116"},"modified":"2021-04-28T18:51:51","modified_gmt":"2021-04-28T18:51:51","slug":"candidato-de-morena-en-michoacan-es-buscado-por-la-dea-por-presuntos-nexos-con-el-cjng","status":"publish","type":"post","link":"https:\/\/quehacerpolitico.mx\/?p=80116","title":{"rendered":"Candidato de Morena en Michoac\u00e1n es buscado por la DEA por presuntos nexos con el CJNG"},"content":{"rendered":"<h1 class=\"amp-wp-title\">Candidato de Morena en Michoac\u00e1n es buscado por la DEA por presuntos nexos con el CJNG<br \/>\nPor Redacci\u00f3n QP<\/h1>\n<p>Rogelio Portillo Jaramillo, candidato de morena a la alcald\u00eda de Huetamo en Michoac\u00e1n aparece en la lista de los m\u00e1s buscados por la Administraci\u00f3n \u00a0para el Control de Drogas de Estados Unidos (DEA)<\/p>\n<p>La dependencia estadounidense inform\u00f3 que Portillo Jaramillo es buscado por el presunto delito de conspiraci\u00f3n para importar, distribuir y fabricar drogas en el estado de Houston, Texas.<\/p>\n<p>De acuerdo con la DEA, el candidato morenista es se\u00f1alado por presuntamente mantener nexos con Cartel Jalisco Nueva Generaci\u00f3n (CJNG)\u00a0por lo que el d\u00eda de ayer fue emitida una ficha de b\u00fasqueda.<\/p>\n<div id=\"attachment_37941\" class=\"wp-caption alignnone amp-wp-38b5a4b\" data-amp-original-style=\"width: 650px\"><img decoding=\"async\" class=\"i-amphtml-fill-content i-amphtml-replaced-content\" src=\"https:\/\/i1.wp.com\/www.noticieros.live\/noticias\/wp-content\/uploads\/2021\/04\/rogelio-jaramillo.jpg?resize=640%2C461&amp;ssl=1\" sizes=\"(max-width: 640px) 100vw, 640px\" srcset=\"https:\/\/i1.wp.com\/www.noticieros.live\/noticias\/wp-content\/uploads\/2021\/04\/rogelio-jaramillo.jpg?w=640&amp;ssl=1 640w, https:\/\/i1.wp.com\/www.noticieros.live\/noticias\/wp-content\/uploads\/2021\/04\/rogelio-jaramillo.jpg?resize=300%2C216&amp;ssl=1 300w\" alt=\"Rogelio Portillo, candidato de Morena a la alcald\u00eda de Huetamo, Michoac\u00e1n, es buscado por la DEA por delitos relacionados al CJNG\" aria-describedby=\"caption-attachment-37941\" \/><\/p>\n<p id=\"caption-attachment-37941\" class=\"wp-caption-text\">Foto: Especial<\/p>\n<\/div>\n<h2>El candidato de Morena en Michoac\u00e1n<\/h2>\n<p>En ella se indica que Rogelio Portillo de 41 a\u00f1os de edad, originario de la comunidad de Zir\u00e1ndaro, en el estado de Guerrero, est\u00e1 armado y es peligroso.<\/p>\n<p>Adem\u00e1s, se menciona que ha radicado en el municipio de Huetamo, Michoac\u00e1n, aunque ha sido ubicado tambi\u00e9n en la alcald\u00eda Magdalena Contreras en la Ciudad de M\u00e9xico.<\/p>\n<p>La ficha de la DEA est\u00e1 vigente y lo se\u00f1ala como fugitivo entre los m\u00e1s buscados por presuntas violaciones federales relacionadas a conspiraci\u00f3n.<\/p>\n<p>Por su parte Portillo Jaramillo, durante sus actividades de campa\u00f1a en en el pueblo de Cutzeo neg\u00f3 tener v\u00ednculos con cualquier actividad relacionada con el narcotr\u00e1fico.<\/p>\n<blockquote><p>\u201cSe han publicado videos acerca de muchas cosas de mi persona, dicen que me busca la DEA, pero yo soy el candidato oficial y legal de Morena. Yo no s\u00e9 c\u00f3mo no me han encontrado si mi tel\u00e9fono es p\u00fablico y aqu\u00ed estoy con todos ustedes\u201d, asegur\u00f3.<\/p><\/blockquote>\n<p>Hasta este momento, Morena no ha emitido ninguna postura con relaci\u00f3n al candidato de ese municipio, ubicado en los l\u00edmites de Michoac\u00e1n y Guerrero.<\/p>\n","protected":false},"excerpt":{"rendered":"<p>Candidato de Morena en Michoac\u00e1n es buscado por la DEA por presuntos nexos con el&#8230;<\/p>\n","protected":false},"author":2,"featured_media":80120,"comment_status":"open","ping_status":"open","sticky":false,"template":"","format":"standard","meta":{"_monsterinsights_skip_tracking":false,"_monsterinsights_sitenote_active":false,"_monsterinsights_sitenote_note":"","_monsterinsights_sitenote_category":0,"footnotes":""},"categories":[2],"tags":[],"class_list":["post-80116","post","type-post","status-publish","format-standard","has-post-thumbnail","hentry","category-noticias"],"yoast_head":"<!-- This site is optimized with the Yoast SEO plugin v27.3 - https:\/\/yoast.com\/product\/yoast-seo-wordpress\/ -->\n<title>Candidato de Morena en Michoac\u00e1n es buscado por la DEA por presuntos nexos con el CJNG -<\/title>\n<meta name=\"robots\" content=\"index, follow, max-snippet:-1, max-image-preview:large, max-video-preview:-1\" \/>\n<link rel=\"canonical\" href=\"https:\/\/quehacerpolitico.mx\/?p=80116\" \/>\n<meta property=\"og:locale\" content=\"es_MX\" \/>\n<meta property=\"og:type\" content=\"article\" \/>\n<meta property=\"og:title\" content=\"Candidato de Morena en Michoac\u00e1n es buscado por la DEA por presuntos nexos con el CJNG -\" \/>\n<meta property=\"og:description\" content=\"Candidato de Morena en Michoac\u00e1n es buscado por la DEA por presuntos nexos con el...\" \/>\n<meta property=\"og:url\" content=\"https:\/\/quehacerpolitico.mx\/?p=80116\" \/>\n<meta property=\"article:published_time\" content=\"2021-04-28T18:51:51+00:00\" \/>\n<meta property=\"og:image\" content=\"https:\/\/quehacerpolitico.mx\/wp-content\/uploads\/2021\/04\/6B3F83C9-5D21-4B61-B8E5-4542B4C915D9.jpeg\" \/>\n\t<meta property=\"og:image:width\" content=\"771\" \/>\n\t<meta property=\"og:image:height\" content=\"398\" \/>\n\t<meta property=\"og:image:type\" content=\"image\/jpeg\" \/>\n<meta name=\"author\" content=\"Redacci\u00f3n QP\" \/>\n<meta name=\"twitter:card\" content=\"summary_large_image\" \/>\n<meta name=\"twitter:label1\" content=\"Escrito por\" \/>\n\t<meta name=\"twitter:data1\" content=\"Redacci\u00f3n QP\" \/>\n\t<meta name=\"twitter:label2\" content=\"Tiempo de lectura\" \/>\n\t<meta name=\"twitter:data2\" content=\"2 minutos\" \/>\n<script type=\"application\/ld+json\" class=\"yoast-schema-graph\">{\"@context\":\"https:\\\/\\\/schema.org\",\"@graph\":[{\"@type\":\"Article\",\"@id\":\"https:\\\/\\\/quehacerpolitico.mx\\\/?p=80116#article\",\"isPartOf\":{\"@id\":\"https:\\\/\\\/quehacerpolitico.mx\\\/?p=80116\"},\"author\":{\"name\":\"Redacci\u00f3n QP\",\"@id\":\"https:\\\/\\\/quehacerpolitico.mx\\\/#\\\/schema\\\/person\\\/496d8ad2d1d3f8036101dca7ee39e585\"},\"headline\":\"Candidato de Morena en Michoac\u00e1n es buscado por la DEA por presuntos nexos con el CJNG\",\"datePublished\":\"2021-04-28T18:51:51+00:00\",\"mainEntityOfPage\":{\"@id\":\"https:\\\/\\\/quehacerpolitico.mx\\\/?p=80116\"},\"wordCount\":342,\"commentCount\":0,\"image\":{\"@id\":\"https:\\\/\\\/quehacerpolitico.mx\\\/?p=80116#primaryimage\"},\"thumbnailUrl\":\"https:\\\/\\\/quehacerpolitico.mx\\\/wp-content\\\/uploads\\\/2021\\\/04\\\/6B3F83C9-5D21-4B61-B8E5-4542B4C915D9.jpeg\",\"articleSection\":[\"Noticias\"],\"inLanguage\":\"es\",\"potentialAction\":[{\"@type\":\"CommentAction\",\"name\":\"Comment\",\"target\":[\"https:\\\/\\\/quehacerpolitico.mx\\\/?p=80116#respond\"]}]},{\"@type\":\"WebPage\",\"@id\":\"https:\\\/\\\/quehacerpolitico.mx\\\/?p=80116\",\"url\":\"https:\\\/\\\/quehacerpolitico.mx\\\/?p=80116\",\"name\":\"Candidato de Morena en Michoac\u00e1n es buscado por la DEA por presuntos nexos con el CJNG -\",\"isPartOf\":{\"@id\":\"https:\\\/\\\/quehacerpolitico.mx\\\/#website\"},\"primaryImageOfPage\":{\"@id\":\"https:\\\/\\\/quehacerpolitico.mx\\\/?p=80116#primaryimage\"},\"image\":{\"@id\":\"https:\\\/\\\/quehacerpolitico.mx\\\/?p=80116#primaryimage\"},\"thumbnailUrl\":\"https:\\\/\\\/quehacerpolitico.mx\\\/wp-content\\\/uploads\\\/2021\\\/04\\\/6B3F83C9-5D21-4B61-B8E5-4542B4C915D9.jpeg\",\"datePublished\":\"2021-04-28T18:51:51+00:00\",\"author\":{\"@id\":\"https:\\\/\\\/quehacerpolitico.mx\\\/#\\\/schema\\\/person\\\/496d8ad2d1d3f8036101dca7ee39e585\"},\"breadcrumb\":{\"@id\":\"https:\\\/\\\/quehacerpolitico.mx\\\/?p=80116#breadcrumb\"},\"inLanguage\":\"es\",\"potentialAction\":[{\"@type\":\"ReadAction\",\"target\":[\"https:\\\/\\\/quehacerpolitico.mx\\\/?p=80116\"]}]},{\"@type\":\"ImageObject\",\"inLanguage\":\"es\",\"@id\":\"https:\\\/\\\/quehacerpolitico.mx\\\/?p=80116#primaryimage\",\"url\":\"https:\\\/\\\/quehacerpolitico.mx\\\/wp-content\\\/uploads\\\/2021\\\/04\\\/6B3F83C9-5D21-4B61-B8E5-4542B4C915D9.jpeg\",\"contentUrl\":\"https:\\\/\\\/quehacerpolitico.mx\\\/wp-content\\\/uploads\\\/2021\\\/04\\\/6B3F83C9-5D21-4B61-B8E5-4542B4C915D9.jpeg\",\"width\":771,\"height\":398},{\"@type\":\"BreadcrumbList\",\"@id\":\"https:\\\/\\\/quehacerpolitico.mx\\\/?p=80116#breadcrumb\",\"itemListElement\":[{\"@type\":\"ListItem\",\"position\":1,\"name\":\"Inicio\",\"item\":\"https:\\\/\\\/quehacerpolitico.mx\\\/\"},{\"@type\":\"ListItem\",\"position\":2,\"name\":\"Candidato de Morena en Michoac\u00e1n es buscado por la DEA por presuntos nexos con el CJNG\"}]},{\"@type\":\"WebSite\",\"@id\":\"https:\\\/\\\/quehacerpolitico.mx\\\/#website\",\"url\":\"https:\\\/\\\/quehacerpolitico.mx\\\/\",\"name\":\"\",\"description\":\"\",\"potentialAction\":[{\"@type\":\"SearchAction\",\"target\":{\"@type\":\"EntryPoint\",\"urlTemplate\":\"https:\\\/\\\/quehacerpolitico.mx\\\/?s={search_term_string}\"},\"query-input\":{\"@type\":\"PropertyValueSpecification\",\"valueRequired\":true,\"valueName\":\"search_term_string\"}}],\"inLanguage\":\"es\"},{\"@type\":\"Person\",\"@id\":\"https:\\\/\\\/quehacerpolitico.mx\\\/#\\\/schema\\\/person\\\/496d8ad2d1d3f8036101dca7ee39e585\",\"name\":\"Redacci\u00f3n QP\",\"image\":{\"@type\":\"ImageObject\",\"inLanguage\":\"es\",\"@id\":\"https:\\\/\\\/secure.gravatar.com\\\/avatar\\\/c7164ed6fdec453195284ad24a5ae5b6e1eed2b848477fa2a4787ba9adf39a41?s=96&d=mm&r=g\",\"url\":\"https:\\\/\\\/secure.gravatar.com\\\/avatar\\\/c7164ed6fdec453195284ad24a5ae5b6e1eed2b848477fa2a4787ba9adf39a41?s=96&d=mm&r=g\",\"contentUrl\":\"https:\\\/\\\/secure.gravatar.com\\\/avatar\\\/c7164ed6fdec453195284ad24a5ae5b6e1eed2b848477fa2a4787ba9adf39a41?s=96&d=mm&r=g\",\"caption\":\"Redacci\u00f3n QP\"},\"url\":\"https:\\\/\\\/quehacerpolitico.mx\\\/?author=2\"}]}<\/script>\n<!-- \/ Yoast SEO plugin. -->","yoast_head_json":{"title":"Candidato de Morena en Michoac\u00e1n es buscado por la DEA por presuntos nexos con el CJNG -","robots":{"index":"index","follow":"follow","max-snippet":"max-snippet:-1","max-image-preview":"max-image-preview:large","max-video-preview":"max-video-preview:-1"},"canonical":"https:\/\/quehacerpolitico.mx\/?p=80116","og_locale":"es_MX","og_type":"article","og_title":"Candidato de Morena en Michoac\u00e1n es buscado por la DEA por presuntos nexos con el CJNG -","og_description":"Candidato de Morena en Michoac\u00e1n es buscado por la DEA por presuntos nexos con el...","og_url":"https:\/\/quehacerpolitico.mx\/?p=80116","article_published_time":"2021-04-28T18:51:51+00:00","og_image":[{"width":771,"height":398,"url":"https:\/\/quehacerpolitico.mx\/wp-content\/uploads\/2021\/04\/6B3F83C9-5D21-4B61-B8E5-4542B4C915D9.jpeg","type":"image\/jpeg"}],"author":"Redacci\u00f3n QP","twitter_card":"summary_large_image","twitter_misc":{"Escrito por":"Redacci\u00f3n QP","Tiempo de lectura":"2 minutos"},"schema":{"@context":"https:\/\/schema.org","@graph":[{"@type":"Article","@id":"https:\/\/quehacerpolitico.mx\/?p=80116#article","isPartOf":{"@id":"https:\/\/quehacerpolitico.mx\/?p=80116"},"author":{"name":"Redacci\u00f3n QP","@id":"https:\/\/quehacerpolitico.mx\/#\/schema\/person\/496d8ad2d1d3f8036101dca7ee39e585"},"headline":"Candidato de Morena en Michoac\u00e1n es buscado por la DEA por presuntos nexos con el CJNG","datePublished":"2021-04-28T18:51:51+00:00","mainEntityOfPage":{"@id":"https:\/\/quehacerpolitico.mx\/?p=80116"},"wordCount":342,"commentCount":0,"image":{"@id":"https:\/\/quehacerpolitico.mx\/?p=80116#primaryimage"},"thumbnailUrl":"https:\/\/quehacerpolitico.mx\/wp-content\/uploads\/2021\/04\/6B3F83C9-5D21-4B61-B8E5-4542B4C915D9.jpeg","articleSection":["Noticias"],"inLanguage":"es","potentialAction":[{"@type":"CommentAction","name":"Comment","target":["https:\/\/quehacerpolitico.mx\/?p=80116#respond"]}]},{"@type":"WebPage","@id":"https:\/\/quehacerpolitico.mx\/?p=80116","url":"https:\/\/quehacerpolitico.mx\/?p=80116","name":"Candidato de Morena en Michoac\u00e1n es buscado por la DEA por presuntos nexos con el CJNG -","isPartOf":{"@id":"https:\/\/quehacerpolitico.mx\/#website"},"primaryImageOfPage":{"@id":"https:\/\/quehacerpolitico.mx\/?p=80116#primaryimage"},"image":{"@id":"https:\/\/quehacerpolitico.mx\/?p=80116#primaryimage"},"thumbnailUrl":"https:\/\/quehacerpolitico.mx\/wp-content\/uploads\/2021\/04\/6B3F83C9-5D21-4B61-B8E5-4542B4C915D9.jpeg","datePublished":"2021-04-28T18:51:51+00:00","author":{"@id":"https:\/\/quehacerpolitico.mx\/#\/schema\/person\/496d8ad2d1d3f8036101dca7ee39e585"},"breadcrumb":{"@id":"https:\/\/quehacerpolitico.mx\/?p=80116#breadcrumb"},"inLanguage":"es","potentialAction":[{"@type":"ReadAction","target":["https:\/\/quehacerpolitico.mx\/?p=80116"]}]},{"@type":"ImageObject","inLanguage":"es","@id":"https:\/\/quehacerpolitico.mx\/?p=80116#primaryimage","url":"https:\/\/quehacerpolitico.mx\/wp-content\/uploads\/2021\/04\/6B3F83C9-5D21-4B61-B8E5-4542B4C915D9.jpeg","contentUrl":"https:\/\/quehacerpolitico.mx\/wp-content\/uploads\/2021\/04\/6B3F83C9-5D21-4B61-B8E5-4542B4C915D9.jpeg","width":771,"height":398},{"@type":"BreadcrumbList","@id":"https:\/\/quehacerpolitico.mx\/?p=80116#breadcrumb","itemListElement":[{"@type":"ListItem","position":1,"name":"Inicio","item":"https:\/\/quehacerpolitico.mx\/"},{"@type":"ListItem","position":2,"name":"Candidato de Morena en Michoac\u00e1n es buscado por la DEA por presuntos nexos con el CJNG"}]},{"@type":"WebSite","@id":"https:\/\/quehacerpolitico.mx\/#website","url":"https:\/\/quehacerpolitico.mx\/","name":"","description":"","potentialAction":[{"@type":"SearchAction","target":{"@type":"EntryPoint","urlTemplate":"https:\/\/quehacerpolitico.mx\/?s={search_term_string}"},"query-input":{"@type":"PropertyValueSpecification","valueRequired":true,"valueName":"search_term_string"}}],"inLanguage":"es"},{"@type":"Person","@id":"https:\/\/quehacerpolitico.mx\/#\/schema\/person\/496d8ad2d1d3f8036101dca7ee39e585","name":"Redacci\u00f3n QP","image":{"@type":"ImageObject","inLanguage":"es","@id":"https:\/\/secure.gravatar.com\/avatar\/c7164ed6fdec453195284ad24a5ae5b6e1eed2b848477fa2a4787ba9adf39a41?s=96&d=mm&r=g","url":"https:\/\/secure.gravatar.com\/avatar\/c7164ed6fdec453195284ad24a5ae5b6e1eed2b848477fa2a4787ba9adf39a41?s=96&d=mm&r=g","contentUrl":"https:\/\/secure.gravatar.com\/avatar\/c7164ed6fdec453195284ad24a5ae5b6e1eed2b848477fa2a4787ba9adf39a41?s=96&d=mm&r=g","caption":"Redacci\u00f3n QP"},"url":"https:\/\/quehacerpolitico.mx\/?author=2"}]}},"featured_image_urls":{"full":["https:\/\/quehacerpolitico.mx\/wp-content\/uploads\/2021\/04\/6B3F83C9-5D21-4B61-B8E5-4542B4C915D9.jpeg",771,398,false],"thumbnail":["https:\/\/quehacerpolitico.mx\/wp-content\/uploads\/2021\/04\/6B3F83C9-5D21-4B61-B8E5-4542B4C915D9-150x150.jpeg",150,150,true],"medium":["https:\/\/quehacerpolitico.mx\/wp-content\/uploads\/2021\/04\/6B3F83C9-5D21-4B61-B8E5-4542B4C915D9-300x155.jpeg",300,155,true],"medium_large":["https:\/\/quehacerpolitico.mx\/wp-content\/uploads\/2021\/04\/6B3F83C9-5D21-4B61-B8E5-4542B4C915D9-768x396.jpeg",640,330,true],"large":["https:\/\/quehacerpolitico.mx\/wp-content\/uploads\/2021\/04\/6B3F83C9-5D21-4B61-B8E5-4542B4C915D9.jpeg",640,330,false],"1536x1536":["https:\/\/quehacerpolitico.mx\/wp-content\/uploads\/2021\/04\/6B3F83C9-5D21-4B61-B8E5-4542B4C915D9.jpeg",771,398,false],"2048x2048":["https:\/\/quehacerpolitico.mx\/wp-content\/uploads\/2021\/04\/6B3F83C9-5D21-4B61-B8E5-4542B4C915D9.jpeg",771,398,false],"covernews-featured":["https:\/\/quehacerpolitico.mx\/wp-content\/uploads\/2021\/04\/6B3F83C9-5D21-4B61-B8E5-4542B4C915D9.jpeg",771,398,false],"covernews-medium":["https:\/\/quehacerpolitico.mx\/wp-content\/uploads\/2021\/04\/6B3F83C9-5D21-4B61-B8E5-4542B4C915D9.jpeg",540,279,false]},"author_info":{"display_name":"Redacci\u00f3n QP","author_link":"https:\/\/quehacerpolitico.mx\/?author=2"},"category_info":"<a href=\"https:\/\/quehacerpolitico.mx\/?cat=2\" rel=\"category\">Noticias<\/a>","tag_info":"Noticias","comment_count":"0","_links":{"self":[{"href":"https:\/\/quehacerpolitico.mx\/index.php?rest_route=\/wp\/v2\/posts\/80116","targetHints":{"allow":["GET"]}}],"collection":[{"href":"https:\/\/quehacerpolitico.mx\/index.php?rest_route=\/wp\/v2\/posts"}],"about":[{"href":"https:\/\/quehacerpolitico.mx\/index.php?rest_route=\/wp\/v2\/types\/post"}],"author":[{"embeddable":true,"href":"https:\/\/quehacerpolitico.mx\/index.php?rest_route=\/wp\/v2\/users\/2"}],"replies":[{"embeddable":true,"href":"https:\/\/quehacerpolitico.mx\/index.php?rest_route=%2Fwp%2Fv2%2Fcomments&post=80116"}],"version-history":[{"count":0,"href":"https:\/\/quehacerpolitico.mx\/index.php?rest_route=\/wp\/v2\/posts\/80116\/revisions"}],"wp:featuredmedia":[{"embeddable":true,"href":"https:\/\/quehacerpolitico.mx\/index.php?rest_route=\/wp\/v2\/media\/80120"}],"wp:attachment":[{"href":"https:\/\/quehacerpolitico.mx\/index.php?rest_route=%2Fwp%2Fv2%2Fmedia&parent=80116"}],"wp:term":[{"taxonomy":"category","embeddable":true,"href":"https:\/\/quehacerpolitico.mx\/index.php?rest_route=%2Fwp%2Fv2%2Fcategories&post=80116"},{"taxonomy":"post_tag","embeddable":true,"href":"https:\/\/quehacerpolitico.mx\/index.php?rest_route=%2Fwp%2Fv2%2Ftags&post=80116"}],"curies":[{"name":"wp","href":"https:\/\/api.w.org\/{rel}","templated":true}]}}