{"id":80109,"date":"2021-04-28T17:12:39","date_gmt":"2021-04-28T17:12:39","guid":{"rendered":"https:\/\/quehacerpolitico.mx\/?p=80109"},"modified":"2021-04-28T17:12:39","modified_gmt":"2021-04-28T17:12:39","slug":"fronteras-de-la-ciencia-fernando-fuentes-en-peligro-la-libertad-de-catedra-y-de-investigacion-cientifica-en-mexico-patricia-ponce","status":"publish","type":"post","link":"https:\/\/quehacerpolitico.mx\/?p=80109","title":{"rendered":"Fronteras de la Ciencia\/\/\/Fernando Fuentes\/\/\/En peligro la libertad de c\u00e1tedra y de investigaci\u00f3n cient\u00edfica en M\u00e9xico: Patricia Ponce"},"content":{"rendered":"<p class=\"s3\"><span class=\"s2\"><span class=\"bumpedFont15\">FRONTERAS DE LA CIENCIA<\/span><\/span><\/p>\n<p class=\"s3\"><span class=\"s2\"><span class=\"bumpedFont15\">En peligro la libertad de c<\/span><\/span><span class=\"s2\"><span class=\"bumpedFont15\">\u00e1<\/span><\/span><span class=\"s2\"><span class=\"bumpedFont15\">tedra\u00a0<\/span><\/span><span class=\"s2\"><span class=\"bumpedFont15\">y de investigaci\u00f3n<\/span><\/span><span class=\"s2\"><span class=\"bumpedFont15\"> cient\u00edfica en M\u00e9xico<\/span><\/span><span class=\"s2\"><span class=\"bumpedFont15\">: Patricia Ponce<\/span><\/span><\/p>\n<p class=\"s3\"><span class=\"s2\"><span class=\"bumpedFont15\">Por Fernando Fuentes<\/span><\/span><\/p>\n<p class=\"s5\"><span class=\"s4\"><span class=\"bumpedFont15\">\u201c<\/span><\/span><span class=\"s4\"><span class=\"bumpedFont15\">Buscar por parte de la <\/span><\/span><span class=\"s2\"><span class=\"bumpedFont15\">Suprema Corte de Justica de la Naci\u00f3n (SCJN)<\/span><\/span><span class=\"s4\"><span class=\"bumpedFont15\">, cambiar el r\u00e9gimen laboral del apartado A al B en los Centros de Investigaci\u00f3n del pa\u00eds, y<\/span><\/span><span class=\"s4\"><span class=\"bumpedFont15\">o consider<\/span><\/span><span class=\"s4\"><span class=\"bumpedFont15\">\u00f3<\/span><\/span><span class=\"s4\"><span class=\"bumpedFont15\"> que es una pol\u00edtica peligrosa, se trata de un atentado a las pol\u00edticas sindicales, laborales y cient\u00edficas, violando con ello el principio <\/span><\/span><span class=\"s4\"><span class=\"bumpedFont15\">pro<\/span><\/span><span class=\"s4\"><span class=\"bumpedFont15\">&#8211;<\/span><\/span><span class=\"s4\"><span class=\"bumpedFont15\">persona<\/span><\/span><span class=\"s4\"><span class=\"bumpedFont15\">, la progresividad de los derechos humanos. Nos afectar\u00eda de forma contundente a profesores e investigadores, y la calidad cient\u00edfica<\/span><\/span><span class=\"s4\"><span class=\"bumpedFont15\">, as\u00ed lo afirm\u00f3<\/span><\/span><span class=\"s4\"><span class=\"bumpedFont15\"> en exclusiva<\/span><\/span> <span class=\"s2\"><span class=\"bumpedFont15\">Patricia Ponce, <\/span><\/span><span class=\"s2\"><span class=\"bumpedFont15\">m<\/span><\/span><span class=\"s2\"><span class=\"bumpedFont15\">iembro del S<\/span><\/span><span class=\"s2\"><span class=\"bumpedFont15\">is<\/span><\/span><span class=\"s2\"><span class=\"bumpedFont15\">tema<\/span><\/span> <span class=\"s2\"><span class=\"bumpedFont15\">Nacional de Investigadores Nivel II<\/span><\/span><span class=\"s2\"><span class=\"bumpedFont15\">.<\/span><\/span><\/p>\n<p class=\"s5\"><span class=\"s4\"><span class=\"bumpedFont15\">\u201c<\/span><\/span><span class=\"s4\"><span class=\"bumpedFont15\">Los criterios burocr\u00e1ticos no est\u00e1n orientados a respetar los puntos<\/span><\/span><span class=\"s4\"><span class=\"bumpedFont15\"> de vista, ni las opiniones, <\/span><\/span><span class=\"s4\"><span class=\"bumpedFont15\">ni<\/span><\/span><span class=\"s4\"><span class=\"bumpedFont15\">evaluaciones cient\u00edficas<\/span><\/span><span class=\"s4\"><span class=\"bumpedFont15\">, sino que responden al criterio del jefe inmediato. Pero adem\u00e1s de ello, se obstaculiza al derecho sindical, y con ello la posibilidad de ir a huelga, el personal de confianza de facto perder\u00edamos los contratos colectivos, que nos han permitido durante 25 a\u00f1os como es el CIESAS donde yo trabajo<\/span><\/span><span class=\"s4\"><span class=\"bumpedFont15\">\u201d<\/span><\/span><\/p>\n<p class=\"s5\"><span class=\"s4\"><span class=\"bumpedFont15\">\u201c<\/span><\/span><span class=\"s4\"><span class=\"bumpedFont15\">Yo cre<\/span><\/span><span class=\"s4\"><span class=\"bumpedFont15\">\u00f3,<\/span><\/span><span class=\"s4\"><span class=\"bumpedFont15\"> por otro lado<\/span><\/span><span class=\"s4\"><span class=\"bumpedFont15\">,<\/span><\/span><span class=\"s4\"><span class=\"bumpedFont15\"> qu<\/span><\/span><span class=\"s4\"><span class=\"bumpedFont15\">\u00e9<\/span><\/span><span class=\"s4\"><span class=\"bumpedFont15\"> una legislaci\u00f3n as\u00ed pondr\u00eda en peligro la libertad de catedra y la autonom\u00eda de la investigaci\u00f3n, porqu\u00e9 los empleados de confianza, suelen estar sometidos a la voluntad del jefe inmediato superior. Y esto podr\u00eda repercutir<\/span><\/span><span class=\"s4\"><span class=\"bumpedFont15\"> y dar paso a la censura, de aquellos proyectos o investigaciones, y c\u00e1tedras, en posiciones cr\u00edticas a las pol\u00edticas de estado<\/span><\/span><span class=\"s4\"><span class=\"bumpedFont15\">,<\/span><\/span><span class=\"s4\"><span class=\"bumpedFont15\"> lo<\/span><\/span><span class=\"s4\"><span class=\"bumpedFont15\"> manifest\u00f3 la <\/span><\/span><span class=\"s2\"><span class=\"bumpedFont15\">doctora en Ciencias Sociales, Pat<\/span><\/span><span class=\"s2\"><span class=\"bumpedFont15\">ricia<\/span><\/span><span class=\"s2\"><span class=\"bumpedFont15\"> Ponce<\/span><\/span><span class=\"s2\"><span class=\"bumpedFont15\">.<\/span><\/span><\/p>\n<p class=\"s5\"><span class=\"s4\"><span class=\"bumpedFont15\">\u201c<\/span><\/span><span class=\"s4\"><span class=\"bumpedFont15\">Y en el caso de CIESAS, que somos por ejemplo 220 personas<\/span><\/span><span class=\"s4\"><span class=\"bumpedFont15\">,<\/span><\/span><span class=\"s4\"><span class=\"bumpedFont15\"> con base acad\u00e9mica, el 60 por ciento del personal de profesores e investigadores, pasar\u00edamos hacer personal de confianza, perder\u00edamos la posibilidad de estar sindicalizados<\/span><\/span><span class=\"s4\"><span class=\"bumpedFont15\">\u201d<\/span><\/span><\/p>\n<p class=\"s5\"><span class=\"s4\"><span class=\"bumpedFont15\">\u201c<\/span><\/span><span class=\"s4\"><span class=\"bumpedFont15\">Pero adem\u00e1s el CIESAS<\/span><\/span><span class=\"s4\"><span class=\"bumpedFont15\">,<\/span><\/span><span class=\"s4\"><span class=\"bumpedFont15\"> en su <\/span><\/span><span class=\"s4\"><span class=\"bumpedFont15\">art\u00edculo<\/span><\/span><span class=\"s4\"><span class=\"bumpedFont15\"> 10, tampoco permite la libertad de asociarse profesores e investigadores, estamos totalmente desprotegidos en materia laboral, acad\u00e9mica y cient\u00edfico. Yo creo que toda esta cancelaci\u00f3n de derechos que hemos logrado, en procesos de materia de la ciencia y tecnolog\u00eda, ya de por si bastante castigada, a pesar del compromiso con el desarrollo de la formaci\u00f3n de recursos humanos, con la democracia con la justicia social<\/span><\/span><span class=\"s4\"><span class=\"bumpedFont15\">\u201d<\/span><\/span><\/p>\n<p class=\"s5\"><span class=\"s4\"><span class=\"bumpedFont15\">\u201c<\/span><\/span><span class=\"s4\"><span class=\"bumpedFont15\">Nos hemos agrupado en la <\/span><\/span><span class=\"s2\"><span class=\"bumpedFont15\">Federaci\u00f3n Nacional de Sindicatos del sector de Ciencia y Tecnolog\u00eda de los Centros de Investigaci\u00f3n<\/span><\/span><span class=\"s2\"><span class=\"bumpedFont15\">,<\/span><\/span> <span class=\"s4\"><span class=\"bumpedFont15\">que buscamos no ser afectados por estas pol\u00edticas absurdas. En ese sentido hemos venido dando la batalla en diversos espacios<\/span><\/span><span class=\"s4\"><span class=\"bumpedFont15\">como son los medios de comunicaci\u00f3n y las redes sociales, en espera de ser escuchados\u201d concluyo la <\/span><\/span><span class=\"s4\"><span class=\"bumpedFont15\">antrop\u00f3loga Patricia Ponce<\/span><\/span><span class=\"s4\"><span class=\"bumpedFont15\">. <\/span><\/span><span class=\"s4\"><span class=\"bumpedFont15\">\u00a0<\/span><\/span><span class=\"s4\"><span class=\"bumpedFont15\"> \u00a0 \u00a0<\/span><\/span><\/p>\n<p class=\"s5\"><span class=\"s2\"><span class=\"bumpedFont15\">Premio Nacional de Periodismo 2008 y 2016. Premio Nacional de Locuci\u00f3n 2017. Premio M\u00e9xico de Periodismo 2013. <\/span><\/span><a href=\"mailto:ferfuentesmty@hotmail.com\"><span class=\"s6\"><span class=\"bumpedFont15\">ferfuentesmty@hotmail.com<\/span><\/span><\/a><span class=\"s6\"><span class=\"bumpedFont15\"> \u00a0 Twitter: @ferfuentesmty<\/span><\/span><\/p>\n","protected":false},"excerpt":{"rendered":"<p>FRONTERAS DE LA CIENCIA En peligro la libertad de c\u00e1tedra\u00a0y de investigaci\u00f3n cient\u00edfica en M\u00e9xico:&#8230;<\/p>\n","protected":false},"author":2,"featured_media":80111,"comment_status":"open","ping_status":"open","sticky":false,"template":"","format":"standard","meta":{"_monsterinsights_skip_tracking":false,"_monsterinsights_sitenote_active":false,"_monsterinsights_sitenote_note":"","_monsterinsights_sitenote_category":0,"footnotes":""},"categories":[2],"tags":[],"class_list":["post-80109","post","type-post","status-publish","format-standard","has-post-thumbnail","hentry","category-noticias"],"yoast_head":"<!-- This site is optimized with the Yoast SEO plugin v27.3 - https:\/\/yoast.com\/product\/yoast-seo-wordpress\/ -->\n<title>Fronteras de la Ciencia\/\/\/Fernando Fuentes\/\/\/En peligro la libertad de c\u00e1tedra y de investigaci\u00f3n cient\u00edfica en M\u00e9xico: Patricia Ponce -<\/title>\n<meta name=\"robots\" content=\"index, follow, max-snippet:-1, max-image-preview:large, max-video-preview:-1\" \/>\n<link rel=\"canonical\" href=\"https:\/\/quehacerpolitico.mx\/?p=80109\" \/>\n<meta property=\"og:locale\" content=\"es_MX\" \/>\n<meta property=\"og:type\" content=\"article\" \/>\n<meta property=\"og:title\" content=\"Fronteras de la Ciencia\/\/\/Fernando Fuentes\/\/\/En peligro la libertad de c\u00e1tedra y de investigaci\u00f3n cient\u00edfica en M\u00e9xico: Patricia Ponce -\" \/>\n<meta property=\"og:description\" content=\"FRONTERAS DE LA CIENCIA En peligro la libertad de c\u00e1tedra\u00a0y de investigaci\u00f3n cient\u00edfica en M\u00e9xico:...\" \/>\n<meta property=\"og:url\" content=\"https:\/\/quehacerpolitico.mx\/?p=80109\" \/>\n<meta property=\"article:published_time\" content=\"2021-04-28T17:12:39+00:00\" \/>\n<meta property=\"og:image\" content=\"https:\/\/quehacerpolitico.mx\/wp-content\/uploads\/2021\/04\/90D023E4-1447-4BC6-BB0F-9D96314B9FF7.jpeg\" \/>\n\t<meta property=\"og:image:width\" content=\"768\" \/>\n\t<meta property=\"og:image:height\" content=\"405\" \/>\n\t<meta property=\"og:image:type\" content=\"image\/jpeg\" \/>\n<meta name=\"author\" content=\"Redacci\u00f3n QP\" \/>\n<meta name=\"twitter:card\" content=\"summary_large_image\" \/>\n<meta name=\"twitter:label1\" content=\"Escrito por\" \/>\n\t<meta name=\"twitter:data1\" content=\"Redacci\u00f3n QP\" \/>\n\t<meta name=\"twitter:label2\" content=\"Tiempo de lectura\" \/>\n\t<meta name=\"twitter:data2\" content=\"2 minutos\" \/>\n<script type=\"application\/ld+json\" class=\"yoast-schema-graph\">{\"@context\":\"https:\\\/\\\/schema.org\",\"@graph\":[{\"@type\":\"Article\",\"@id\":\"https:\\\/\\\/quehacerpolitico.mx\\\/?p=80109#article\",\"isPartOf\":{\"@id\":\"https:\\\/\\\/quehacerpolitico.mx\\\/?p=80109\"},\"author\":{\"name\":\"Redacci\u00f3n QP\",\"@id\":\"https:\\\/\\\/quehacerpolitico.mx\\\/#\\\/schema\\\/person\\\/496d8ad2d1d3f8036101dca7ee39e585\"},\"headline\":\"Fronteras de la Ciencia\\\/\\\/\\\/Fernando Fuentes\\\/\\\/\\\/En peligro la libertad de c\u00e1tedra y de investigaci\u00f3n cient\u00edfica en M\u00e9xico: Patricia Ponce\",\"datePublished\":\"2021-04-28T17:12:39+00:00\",\"mainEntityOfPage\":{\"@id\":\"https:\\\/\\\/quehacerpolitico.mx\\\/?p=80109\"},\"wordCount\":506,\"commentCount\":0,\"image\":{\"@id\":\"https:\\\/\\\/quehacerpolitico.mx\\\/?p=80109#primaryimage\"},\"thumbnailUrl\":\"https:\\\/\\\/quehacerpolitico.mx\\\/wp-content\\\/uploads\\\/2021\\\/04\\\/90D023E4-1447-4BC6-BB0F-9D96314B9FF7.jpeg\",\"articleSection\":[\"Noticias\"],\"inLanguage\":\"es\",\"potentialAction\":[{\"@type\":\"CommentAction\",\"name\":\"Comment\",\"target\":[\"https:\\\/\\\/quehacerpolitico.mx\\\/?p=80109#respond\"]}]},{\"@type\":\"WebPage\",\"@id\":\"https:\\\/\\\/quehacerpolitico.mx\\\/?p=80109\",\"url\":\"https:\\\/\\\/quehacerpolitico.mx\\\/?p=80109\",\"name\":\"Fronteras de la Ciencia\\\/\\\/\\\/Fernando Fuentes\\\/\\\/\\\/En peligro la libertad de c\u00e1tedra y de investigaci\u00f3n cient\u00edfica en M\u00e9xico: Patricia Ponce -\",\"isPartOf\":{\"@id\":\"https:\\\/\\\/quehacerpolitico.mx\\\/#website\"},\"primaryImageOfPage\":{\"@id\":\"https:\\\/\\\/quehacerpolitico.mx\\\/?p=80109#primaryimage\"},\"image\":{\"@id\":\"https:\\\/\\\/quehacerpolitico.mx\\\/?p=80109#primaryimage\"},\"thumbnailUrl\":\"https:\\\/\\\/quehacerpolitico.mx\\\/wp-content\\\/uploads\\\/2021\\\/04\\\/90D023E4-1447-4BC6-BB0F-9D96314B9FF7.jpeg\",\"datePublished\":\"2021-04-28T17:12:39+00:00\",\"author\":{\"@id\":\"https:\\\/\\\/quehacerpolitico.mx\\\/#\\\/schema\\\/person\\\/496d8ad2d1d3f8036101dca7ee39e585\"},\"breadcrumb\":{\"@id\":\"https:\\\/\\\/quehacerpolitico.mx\\\/?p=80109#breadcrumb\"},\"inLanguage\":\"es\",\"potentialAction\":[{\"@type\":\"ReadAction\",\"target\":[\"https:\\\/\\\/quehacerpolitico.mx\\\/?p=80109\"]}]},{\"@type\":\"ImageObject\",\"inLanguage\":\"es\",\"@id\":\"https:\\\/\\\/quehacerpolitico.mx\\\/?p=80109#primaryimage\",\"url\":\"https:\\\/\\\/quehacerpolitico.mx\\\/wp-content\\\/uploads\\\/2021\\\/04\\\/90D023E4-1447-4BC6-BB0F-9D96314B9FF7.jpeg\",\"contentUrl\":\"https:\\\/\\\/quehacerpolitico.mx\\\/wp-content\\\/uploads\\\/2021\\\/04\\\/90D023E4-1447-4BC6-BB0F-9D96314B9FF7.jpeg\",\"width\":768,\"height\":405},{\"@type\":\"BreadcrumbList\",\"@id\":\"https:\\\/\\\/quehacerpolitico.mx\\\/?p=80109#breadcrumb\",\"itemListElement\":[{\"@type\":\"ListItem\",\"position\":1,\"name\":\"Inicio\",\"item\":\"https:\\\/\\\/quehacerpolitico.mx\\\/\"},{\"@type\":\"ListItem\",\"position\":2,\"name\":\"Fronteras de la Ciencia\\\/\\\/\\\/Fernando Fuentes\\\/\\\/\\\/En peligro la libertad de c\u00e1tedra y de investigaci\u00f3n cient\u00edfica en M\u00e9xico: Patricia Ponce\"}]},{\"@type\":\"WebSite\",\"@id\":\"https:\\\/\\\/quehacerpolitico.mx\\\/#website\",\"url\":\"https:\\\/\\\/quehacerpolitico.mx\\\/\",\"name\":\"\",\"description\":\"\",\"potentialAction\":[{\"@type\":\"SearchAction\",\"target\":{\"@type\":\"EntryPoint\",\"urlTemplate\":\"https:\\\/\\\/quehacerpolitico.mx\\\/?s={search_term_string}\"},\"query-input\":{\"@type\":\"PropertyValueSpecification\",\"valueRequired\":true,\"valueName\":\"search_term_string\"}}],\"inLanguage\":\"es\"},{\"@type\":\"Person\",\"@id\":\"https:\\\/\\\/quehacerpolitico.mx\\\/#\\\/schema\\\/person\\\/496d8ad2d1d3f8036101dca7ee39e585\",\"name\":\"Redacci\u00f3n QP\",\"image\":{\"@type\":\"ImageObject\",\"inLanguage\":\"es\",\"@id\":\"https:\\\/\\\/secure.gravatar.com\\\/avatar\\\/c7164ed6fdec453195284ad24a5ae5b6e1eed2b848477fa2a4787ba9adf39a41?s=96&d=mm&r=g\",\"url\":\"https:\\\/\\\/secure.gravatar.com\\\/avatar\\\/c7164ed6fdec453195284ad24a5ae5b6e1eed2b848477fa2a4787ba9adf39a41?s=96&d=mm&r=g\",\"contentUrl\":\"https:\\\/\\\/secure.gravatar.com\\\/avatar\\\/c7164ed6fdec453195284ad24a5ae5b6e1eed2b848477fa2a4787ba9adf39a41?s=96&d=mm&r=g\",\"caption\":\"Redacci\u00f3n QP\"},\"url\":\"https:\\\/\\\/quehacerpolitico.mx\\\/?author=2\"}]}<\/script>\n<!-- \/ Yoast SEO plugin. -->","yoast_head_json":{"title":"Fronteras de la Ciencia\/\/\/Fernando Fuentes\/\/\/En peligro la libertad de c\u00e1tedra y de investigaci\u00f3n cient\u00edfica en M\u00e9xico: Patricia Ponce -","robots":{"index":"index","follow":"follow","max-snippet":"max-snippet:-1","max-image-preview":"max-image-preview:large","max-video-preview":"max-video-preview:-1"},"canonical":"https:\/\/quehacerpolitico.mx\/?p=80109","og_locale":"es_MX","og_type":"article","og_title":"Fronteras de la Ciencia\/\/\/Fernando Fuentes\/\/\/En peligro la libertad de c\u00e1tedra y de investigaci\u00f3n cient\u00edfica en M\u00e9xico: Patricia Ponce -","og_description":"FRONTERAS DE LA CIENCIA En peligro la libertad de c\u00e1tedra\u00a0y de investigaci\u00f3n cient\u00edfica en M\u00e9xico:...","og_url":"https:\/\/quehacerpolitico.mx\/?p=80109","article_published_time":"2021-04-28T17:12:39+00:00","og_image":[{"width":768,"height":405,"url":"https:\/\/quehacerpolitico.mx\/wp-content\/uploads\/2021\/04\/90D023E4-1447-4BC6-BB0F-9D96314B9FF7.jpeg","type":"image\/jpeg"}],"author":"Redacci\u00f3n QP","twitter_card":"summary_large_image","twitter_misc":{"Escrito por":"Redacci\u00f3n QP","Tiempo de lectura":"2 minutos"},"schema":{"@context":"https:\/\/schema.org","@graph":[{"@type":"Article","@id":"https:\/\/quehacerpolitico.mx\/?p=80109#article","isPartOf":{"@id":"https:\/\/quehacerpolitico.mx\/?p=80109"},"author":{"name":"Redacci\u00f3n QP","@id":"https:\/\/quehacerpolitico.mx\/#\/schema\/person\/496d8ad2d1d3f8036101dca7ee39e585"},"headline":"Fronteras de la Ciencia\/\/\/Fernando Fuentes\/\/\/En peligro la libertad de c\u00e1tedra y de investigaci\u00f3n cient\u00edfica en M\u00e9xico: Patricia Ponce","datePublished":"2021-04-28T17:12:39+00:00","mainEntityOfPage":{"@id":"https:\/\/quehacerpolitico.mx\/?p=80109"},"wordCount":506,"commentCount":0,"image":{"@id":"https:\/\/quehacerpolitico.mx\/?p=80109#primaryimage"},"thumbnailUrl":"https:\/\/quehacerpolitico.mx\/wp-content\/uploads\/2021\/04\/90D023E4-1447-4BC6-BB0F-9D96314B9FF7.jpeg","articleSection":["Noticias"],"inLanguage":"es","potentialAction":[{"@type":"CommentAction","name":"Comment","target":["https:\/\/quehacerpolitico.mx\/?p=80109#respond"]}]},{"@type":"WebPage","@id":"https:\/\/quehacerpolitico.mx\/?p=80109","url":"https:\/\/quehacerpolitico.mx\/?p=80109","name":"Fronteras de la Ciencia\/\/\/Fernando Fuentes\/\/\/En peligro la libertad de c\u00e1tedra y de investigaci\u00f3n cient\u00edfica en M\u00e9xico: Patricia Ponce -","isPartOf":{"@id":"https:\/\/quehacerpolitico.mx\/#website"},"primaryImageOfPage":{"@id":"https:\/\/quehacerpolitico.mx\/?p=80109#primaryimage"},"image":{"@id":"https:\/\/quehacerpolitico.mx\/?p=80109#primaryimage"},"thumbnailUrl":"https:\/\/quehacerpolitico.mx\/wp-content\/uploads\/2021\/04\/90D023E4-1447-4BC6-BB0F-9D96314B9FF7.jpeg","datePublished":"2021-04-28T17:12:39+00:00","author":{"@id":"https:\/\/quehacerpolitico.mx\/#\/schema\/person\/496d8ad2d1d3f8036101dca7ee39e585"},"breadcrumb":{"@id":"https:\/\/quehacerpolitico.mx\/?p=80109#breadcrumb"},"inLanguage":"es","potentialAction":[{"@type":"ReadAction","target":["https:\/\/quehacerpolitico.mx\/?p=80109"]}]},{"@type":"ImageObject","inLanguage":"es","@id":"https:\/\/quehacerpolitico.mx\/?p=80109#primaryimage","url":"https:\/\/quehacerpolitico.mx\/wp-content\/uploads\/2021\/04\/90D023E4-1447-4BC6-BB0F-9D96314B9FF7.jpeg","contentUrl":"https:\/\/quehacerpolitico.mx\/wp-content\/uploads\/2021\/04\/90D023E4-1447-4BC6-BB0F-9D96314B9FF7.jpeg","width":768,"height":405},{"@type":"BreadcrumbList","@id":"https:\/\/quehacerpolitico.mx\/?p=80109#breadcrumb","itemListElement":[{"@type":"ListItem","position":1,"name":"Inicio","item":"https:\/\/quehacerpolitico.mx\/"},{"@type":"ListItem","position":2,"name":"Fronteras de la Ciencia\/\/\/Fernando Fuentes\/\/\/En peligro la libertad de c\u00e1tedra y de investigaci\u00f3n cient\u00edfica en M\u00e9xico: Patricia Ponce"}]},{"@type":"WebSite","@id":"https:\/\/quehacerpolitico.mx\/#website","url":"https:\/\/quehacerpolitico.mx\/","name":"","description":"","potentialAction":[{"@type":"SearchAction","target":{"@type":"EntryPoint","urlTemplate":"https:\/\/quehacerpolitico.mx\/?s={search_term_string}"},"query-input":{"@type":"PropertyValueSpecification","valueRequired":true,"valueName":"search_term_string"}}],"inLanguage":"es"},{"@type":"Person","@id":"https:\/\/quehacerpolitico.mx\/#\/schema\/person\/496d8ad2d1d3f8036101dca7ee39e585","name":"Redacci\u00f3n QP","image":{"@type":"ImageObject","inLanguage":"es","@id":"https:\/\/secure.gravatar.com\/avatar\/c7164ed6fdec453195284ad24a5ae5b6e1eed2b848477fa2a4787ba9adf39a41?s=96&d=mm&r=g","url":"https:\/\/secure.gravatar.com\/avatar\/c7164ed6fdec453195284ad24a5ae5b6e1eed2b848477fa2a4787ba9adf39a41?s=96&d=mm&r=g","contentUrl":"https:\/\/secure.gravatar.com\/avatar\/c7164ed6fdec453195284ad24a5ae5b6e1eed2b848477fa2a4787ba9adf39a41?s=96&d=mm&r=g","caption":"Redacci\u00f3n QP"},"url":"https:\/\/quehacerpolitico.mx\/?author=2"}]}},"featured_image_urls":{"full":["https:\/\/quehacerpolitico.mx\/wp-content\/uploads\/2021\/04\/90D023E4-1447-4BC6-BB0F-9D96314B9FF7.jpeg",768,405,false],"thumbnail":["https:\/\/quehacerpolitico.mx\/wp-content\/uploads\/2021\/04\/90D023E4-1447-4BC6-BB0F-9D96314B9FF7-150x150.jpeg",150,150,true],"medium":["https:\/\/quehacerpolitico.mx\/wp-content\/uploads\/2021\/04\/90D023E4-1447-4BC6-BB0F-9D96314B9FF7-300x158.jpeg",300,158,true],"medium_large":["https:\/\/quehacerpolitico.mx\/wp-content\/uploads\/2021\/04\/90D023E4-1447-4BC6-BB0F-9D96314B9FF7.jpeg",640,338,false],"large":["https:\/\/quehacerpolitico.mx\/wp-content\/uploads\/2021\/04\/90D023E4-1447-4BC6-BB0F-9D96314B9FF7.jpeg",640,338,false],"1536x1536":["https:\/\/quehacerpolitico.mx\/wp-content\/uploads\/2021\/04\/90D023E4-1447-4BC6-BB0F-9D96314B9FF7.jpeg",768,405,false],"2048x2048":["https:\/\/quehacerpolitico.mx\/wp-content\/uploads\/2021\/04\/90D023E4-1447-4BC6-BB0F-9D96314B9FF7.jpeg",768,405,false],"covernews-featured":["https:\/\/quehacerpolitico.mx\/wp-content\/uploads\/2021\/04\/90D023E4-1447-4BC6-BB0F-9D96314B9FF7.jpeg",768,405,false],"covernews-medium":["https:\/\/quehacerpolitico.mx\/wp-content\/uploads\/2021\/04\/90D023E4-1447-4BC6-BB0F-9D96314B9FF7.jpeg",540,285,false]},"author_info":{"display_name":"Redacci\u00f3n QP","author_link":"https:\/\/quehacerpolitico.mx\/?author=2"},"category_info":"<a href=\"https:\/\/quehacerpolitico.mx\/?cat=2\" rel=\"category\">Noticias<\/a>","tag_info":"Noticias","comment_count":"0","_links":{"self":[{"href":"https:\/\/quehacerpolitico.mx\/index.php?rest_route=\/wp\/v2\/posts\/80109","targetHints":{"allow":["GET"]}}],"collection":[{"href":"https:\/\/quehacerpolitico.mx\/index.php?rest_route=\/wp\/v2\/posts"}],"about":[{"href":"https:\/\/quehacerpolitico.mx\/index.php?rest_route=\/wp\/v2\/types\/post"}],"author":[{"embeddable":true,"href":"https:\/\/quehacerpolitico.mx\/index.php?rest_route=\/wp\/v2\/users\/2"}],"replies":[{"embeddable":true,"href":"https:\/\/quehacerpolitico.mx\/index.php?rest_route=%2Fwp%2Fv2%2Fcomments&post=80109"}],"version-history":[{"count":0,"href":"https:\/\/quehacerpolitico.mx\/index.php?rest_route=\/wp\/v2\/posts\/80109\/revisions"}],"wp:featuredmedia":[{"embeddable":true,"href":"https:\/\/quehacerpolitico.mx\/index.php?rest_route=\/wp\/v2\/media\/80111"}],"wp:attachment":[{"href":"https:\/\/quehacerpolitico.mx\/index.php?rest_route=%2Fwp%2Fv2%2Fmedia&parent=80109"}],"wp:term":[{"taxonomy":"category","embeddable":true,"href":"https:\/\/quehacerpolitico.mx\/index.php?rest_route=%2Fwp%2Fv2%2Fcategories&post=80109"},{"taxonomy":"post_tag","embeddable":true,"href":"https:\/\/quehacerpolitico.mx\/index.php?rest_route=%2Fwp%2Fv2%2Ftags&post=80109"}],"curies":[{"name":"wp","href":"https:\/\/api.w.org\/{rel}","templated":true}]}}