{"id":80104,"date":"2021-04-28T16:54:08","date_gmt":"2021-04-28T16:54:08","guid":{"rendered":"https:\/\/quehacerpolitico.mx\/?p=80104"},"modified":"2021-04-28T16:54:08","modified_gmt":"2021-04-28T16:54:08","slug":"internacionales-carolina-alonso-romei-japon-avanza-hacia-primera-reactivacion-de-un-reactor-nuclear-con-mas-de-40-anos","status":"publish","type":"post","link":"https:\/\/quehacerpolitico.mx\/?p=80104","title":{"rendered":"Internacionales\/\/\/Carolina Alonso Romei\/\/\/Jap\u00f3n avanza hacia primera reactivaci\u00f3n de un reactor nuclear con m\u00e1s de 40 a\u00f1os"},"content":{"rendered":"<h1>Jap\u00f3n avanza hacia primera reactivaci\u00f3n de un reactor nuclear con m\u00e1s de 40 a\u00f1os<br \/>\nPor Carolina Alonso Romei<\/h1>\n<p>Internacionalista<\/p>\n<p>Ninguno de los reactores japoneses de esa antig\u00fcedad, que permanec\u00edan inactivos desde el accidente at\u00f3mico de marzo de 2011, hab\u00eda obtenido el visto bueno para su reactivaci\u00f3n, hasta ahora.<\/p>\n<p class=\"p1\">Las <strong>autoridades de la prefectura de Fukui, en el centro de Jap\u00f3n<\/strong>, dieron este mi\u00e9rcoles el visto bueno para que <strong>varios reactores nucleares con m\u00e1s de 40 a\u00f1os reanuden su actividad<\/strong>, lo que marcar\u00e1 la primera reactivaci\u00f3n de un reactor tan envejecido en el pa\u00eds.<\/p>\n<p class=\"p1\">Los reactores 1 y 2 de la planta de Takahama y el reactor 3 de la central de Mihama, ambas operadas por la compa\u00f1\u00eda Kansai Electric Power, ser\u00e1n reactivados pr\u00f3ximamente en una fecha todav\u00eda por determinar, despu\u00e9s de que el gobernador de Fukui, Tatsuji Sugimoto, diera hoy su consentimiento.<\/p>\n<p class=\"p1\">La NRA endureci\u00f3 a ra\u00edz del <strong>desastre de Fukushima<\/strong> (noreste) sus reglas y controles de seguridad, que en principio proh\u00edben el funcionamiento de reactores con m\u00e1s de 40 a\u00f1os de vida. Sin embargo, este per\u00edodo puede extenderse 20 a\u00f1os m\u00e1s, hasta 60, si se refuerzan las medidas de seguridad y superan las revisiones pertinentes.<\/p>\n<p class=\"p1\">Ninguno de los reactores japoneses de esa antig\u00fcedad, que permanec\u00edan inactivos desde el accidente at\u00f3mico de marzo de 2011, hab\u00eda obtenido el visto bueno para su reactivaci\u00f3n, hasta ahora.<\/p>\n<p class=\"p1\">Tras varios a\u00f1os de \u201capag\u00f3n nuclear\u201d en los que alg\u00fan reactor fue reactivado puntualmente, Jap\u00f3n reanud\u00f3 en 2015 su sector nuclear tras la crisis. Desde entonces, nueve han vuelto a operar.<\/p>\n<blockquote class=\"twitter-tweet\" data-width=\"550\" data-dnt=\"true\">\n<p lang=\"ja\" dir=\"ltr\">40\u5e74\u8d85\u539f\u767a\u3001\u521d\u306e\u518d\u7a3c\u50cd\u3078 \uff0d \u798f\u4e95\u77e5\u4e8b\u540c\u610f\u3001\u95a2\u96fb3\u57fa<a href=\"https:\/\/t.co\/XCIN7nVz0S\">https:\/\/t.co\/XCIN7nVz0S<\/a><\/p>\n<p>&mdash; \u5171\u540c\u901a\u4fe1\u516c\u5f0f (@kyodo_official) <a href=\"https:\/\/twitter.com\/kyodo_official\/status\/1387230537656389634?ref_src=twsrc%5Etfw\">April 28, 2021<\/a><\/p><\/blockquote>\n<p><script async src=\"https:\/\/platform.twitter.com\/widgets.js\" charset=\"utf-8\"><\/script><\/p>\n<p class=\"p1\">Jap\u00f3n conf\u00eda en que la energ\u00eda nuclear contribuya a que el pa\u00eds cumpla su objetivo de reducir para 2030 en un 46% sus emisiones de gases de efecto invernadero, para lograr las cero emisiones en 2050.<\/p>\n<p class=\"p1\">La hoja de ruta actual del Gobierno del primer ministro Yoshihide Suga es que para 2030 entre el 20 y 22% de la electricidad del pa\u00eds sea generada por las plantas at\u00f3micas. En 1029 generaron el 6.2%.<\/p>\n<p class=\"p1\">El pa\u00eds ten\u00eda algo m\u00e1s de 50 reactores antes del accidente nuclear y desde entonces 21 han sido desmantelados, por lo que el pa\u00eds considera necesaria la movilizaci\u00f3n de los reactores envejecidos para alcanzar su objetivo clim\u00e1tico.<\/p>\n<p class=\"p1\">Con informaci\u00f3n de EFE.<\/p>\n","protected":false},"excerpt":{"rendered":"<p>Jap\u00f3n avanza hacia primera reactivaci\u00f3n de un reactor nuclear con m\u00e1s de 40 a\u00f1os Por&#8230;<\/p>\n","protected":false},"author":2,"featured_media":80107,"comment_status":"open","ping_status":"open","sticky":false,"template":"","format":"standard","meta":{"_monsterinsights_skip_tracking":false,"_monsterinsights_sitenote_active":false,"_monsterinsights_sitenote_note":"","_monsterinsights_sitenote_category":0,"footnotes":""},"categories":[1],"tags":[],"class_list":["post-80104","post","type-post","status-publish","format-standard","has-post-thumbnail","hentry","category-sin-categoria"],"yoast_head":"<!-- This site is optimized with the Yoast SEO plugin v27.3 - https:\/\/yoast.com\/product\/yoast-seo-wordpress\/ -->\n<title>Internacionales\/\/\/Carolina Alonso Romei\/\/\/Jap\u00f3n avanza hacia primera reactivaci\u00f3n de un reactor nuclear con m\u00e1s de 40 a\u00f1os -<\/title>\n<meta name=\"robots\" content=\"index, follow, max-snippet:-1, max-image-preview:large, max-video-preview:-1\" \/>\n<link rel=\"canonical\" href=\"https:\/\/quehacerpolitico.mx\/?p=80104\" \/>\n<meta property=\"og:locale\" content=\"es_MX\" \/>\n<meta property=\"og:type\" content=\"article\" \/>\n<meta property=\"og:title\" content=\"Internacionales\/\/\/Carolina Alonso Romei\/\/\/Jap\u00f3n avanza hacia primera reactivaci\u00f3n de un reactor nuclear con m\u00e1s de 40 a\u00f1os -\" \/>\n<meta property=\"og:description\" content=\"Jap\u00f3n avanza hacia primera reactivaci\u00f3n de un reactor nuclear con m\u00e1s de 40 a\u00f1os Por...\" \/>\n<meta property=\"og:url\" content=\"https:\/\/quehacerpolitico.mx\/?p=80104\" \/>\n<meta property=\"article:published_time\" content=\"2021-04-28T16:54:08+00:00\" \/>\n<meta property=\"og:image\" content=\"https:\/\/quehacerpolitico.mx\/wp-content\/uploads\/2021\/04\/82DB3CAD-C5C8-4FF4-A8E4-87C8399CC14D.jpeg\" \/>\n\t<meta property=\"og:image:width\" content=\"739\" \/>\n\t<meta property=\"og:image:height\" content=\"415\" \/>\n\t<meta property=\"og:image:type\" content=\"image\/jpeg\" \/>\n<meta name=\"author\" content=\"Redacci\u00f3n QP\" \/>\n<meta name=\"twitter:card\" content=\"summary_large_image\" \/>\n<meta name=\"twitter:label1\" content=\"Escrito por\" \/>\n\t<meta name=\"twitter:data1\" content=\"Redacci\u00f3n QP\" \/>\n\t<meta name=\"twitter:label2\" content=\"Tiempo de lectura\" \/>\n\t<meta name=\"twitter:data2\" content=\"2 minutos\" \/>\n<script type=\"application\/ld+json\" class=\"yoast-schema-graph\">{\"@context\":\"https:\\\/\\\/schema.org\",\"@graph\":[{\"@type\":\"Article\",\"@id\":\"https:\\\/\\\/quehacerpolitico.mx\\\/?p=80104#article\",\"isPartOf\":{\"@id\":\"https:\\\/\\\/quehacerpolitico.mx\\\/?p=80104\"},\"author\":{\"name\":\"Redacci\u00f3n QP\",\"@id\":\"https:\\\/\\\/quehacerpolitico.mx\\\/#\\\/schema\\\/person\\\/496d8ad2d1d3f8036101dca7ee39e585\"},\"headline\":\"Internacionales\\\/\\\/\\\/Carolina Alonso Romei\\\/\\\/\\\/Jap\u00f3n avanza hacia primera reactivaci\u00f3n de un reactor nuclear con m\u00e1s de 40 a\u00f1os\",\"datePublished\":\"2021-04-28T16:54:08+00:00\",\"mainEntityOfPage\":{\"@id\":\"https:\\\/\\\/quehacerpolitico.mx\\\/?p=80104\"},\"wordCount\":426,\"commentCount\":0,\"image\":{\"@id\":\"https:\\\/\\\/quehacerpolitico.mx\\\/?p=80104#primaryimage\"},\"thumbnailUrl\":\"https:\\\/\\\/quehacerpolitico.mx\\\/wp-content\\\/uploads\\\/2021\\\/04\\\/82DB3CAD-C5C8-4FF4-A8E4-87C8399CC14D.jpeg\",\"articleSection\":[\"Internacionales\"],\"inLanguage\":\"es\",\"potentialAction\":[{\"@type\":\"CommentAction\",\"name\":\"Comment\",\"target\":[\"https:\\\/\\\/quehacerpolitico.mx\\\/?p=80104#respond\"]}]},{\"@type\":\"WebPage\",\"@id\":\"https:\\\/\\\/quehacerpolitico.mx\\\/?p=80104\",\"url\":\"https:\\\/\\\/quehacerpolitico.mx\\\/?p=80104\",\"name\":\"Internacionales\\\/\\\/\\\/Carolina Alonso Romei\\\/\\\/\\\/Jap\u00f3n avanza hacia primera reactivaci\u00f3n de un reactor nuclear con m\u00e1s de 40 a\u00f1os -\",\"isPartOf\":{\"@id\":\"https:\\\/\\\/quehacerpolitico.mx\\\/#website\"},\"primaryImageOfPage\":{\"@id\":\"https:\\\/\\\/quehacerpolitico.mx\\\/?p=80104#primaryimage\"},\"image\":{\"@id\":\"https:\\\/\\\/quehacerpolitico.mx\\\/?p=80104#primaryimage\"},\"thumbnailUrl\":\"https:\\\/\\\/quehacerpolitico.mx\\\/wp-content\\\/uploads\\\/2021\\\/04\\\/82DB3CAD-C5C8-4FF4-A8E4-87C8399CC14D.jpeg\",\"datePublished\":\"2021-04-28T16:54:08+00:00\",\"author\":{\"@id\":\"https:\\\/\\\/quehacerpolitico.mx\\\/#\\\/schema\\\/person\\\/496d8ad2d1d3f8036101dca7ee39e585\"},\"breadcrumb\":{\"@id\":\"https:\\\/\\\/quehacerpolitico.mx\\\/?p=80104#breadcrumb\"},\"inLanguage\":\"es\",\"potentialAction\":[{\"@type\":\"ReadAction\",\"target\":[\"https:\\\/\\\/quehacerpolitico.mx\\\/?p=80104\"]}]},{\"@type\":\"ImageObject\",\"inLanguage\":\"es\",\"@id\":\"https:\\\/\\\/quehacerpolitico.mx\\\/?p=80104#primaryimage\",\"url\":\"https:\\\/\\\/quehacerpolitico.mx\\\/wp-content\\\/uploads\\\/2021\\\/04\\\/82DB3CAD-C5C8-4FF4-A8E4-87C8399CC14D.jpeg\",\"contentUrl\":\"https:\\\/\\\/quehacerpolitico.mx\\\/wp-content\\\/uploads\\\/2021\\\/04\\\/82DB3CAD-C5C8-4FF4-A8E4-87C8399CC14D.jpeg\",\"width\":739,\"height\":415},{\"@type\":\"BreadcrumbList\",\"@id\":\"https:\\\/\\\/quehacerpolitico.mx\\\/?p=80104#breadcrumb\",\"itemListElement\":[{\"@type\":\"ListItem\",\"position\":1,\"name\":\"Inicio\",\"item\":\"https:\\\/\\\/quehacerpolitico.mx\\\/\"},{\"@type\":\"ListItem\",\"position\":2,\"name\":\"Internacionales\\\/\\\/\\\/Carolina Alonso Romei\\\/\\\/\\\/Jap\u00f3n avanza hacia primera reactivaci\u00f3n de un reactor nuclear con m\u00e1s de 40 a\u00f1os\"}]},{\"@type\":\"WebSite\",\"@id\":\"https:\\\/\\\/quehacerpolitico.mx\\\/#website\",\"url\":\"https:\\\/\\\/quehacerpolitico.mx\\\/\",\"name\":\"\",\"description\":\"\",\"potentialAction\":[{\"@type\":\"SearchAction\",\"target\":{\"@type\":\"EntryPoint\",\"urlTemplate\":\"https:\\\/\\\/quehacerpolitico.mx\\\/?s={search_term_string}\"},\"query-input\":{\"@type\":\"PropertyValueSpecification\",\"valueRequired\":true,\"valueName\":\"search_term_string\"}}],\"inLanguage\":\"es\"},{\"@type\":\"Person\",\"@id\":\"https:\\\/\\\/quehacerpolitico.mx\\\/#\\\/schema\\\/person\\\/496d8ad2d1d3f8036101dca7ee39e585\",\"name\":\"Redacci\u00f3n QP\",\"image\":{\"@type\":\"ImageObject\",\"inLanguage\":\"es\",\"@id\":\"https:\\\/\\\/secure.gravatar.com\\\/avatar\\\/c7164ed6fdec453195284ad24a5ae5b6e1eed2b848477fa2a4787ba9adf39a41?s=96&d=mm&r=g\",\"url\":\"https:\\\/\\\/secure.gravatar.com\\\/avatar\\\/c7164ed6fdec453195284ad24a5ae5b6e1eed2b848477fa2a4787ba9adf39a41?s=96&d=mm&r=g\",\"contentUrl\":\"https:\\\/\\\/secure.gravatar.com\\\/avatar\\\/c7164ed6fdec453195284ad24a5ae5b6e1eed2b848477fa2a4787ba9adf39a41?s=96&d=mm&r=g\",\"caption\":\"Redacci\u00f3n QP\"},\"url\":\"https:\\\/\\\/quehacerpolitico.mx\\\/?author=2\"}]}<\/script>\n<!-- \/ Yoast SEO plugin. -->","yoast_head_json":{"title":"Internacionales\/\/\/Carolina Alonso Romei\/\/\/Jap\u00f3n avanza hacia primera reactivaci\u00f3n de un reactor nuclear con m\u00e1s de 40 a\u00f1os -","robots":{"index":"index","follow":"follow","max-snippet":"max-snippet:-1","max-image-preview":"max-image-preview:large","max-video-preview":"max-video-preview:-1"},"canonical":"https:\/\/quehacerpolitico.mx\/?p=80104","og_locale":"es_MX","og_type":"article","og_title":"Internacionales\/\/\/Carolina Alonso Romei\/\/\/Jap\u00f3n avanza hacia primera reactivaci\u00f3n de un reactor nuclear con m\u00e1s de 40 a\u00f1os -","og_description":"Jap\u00f3n avanza hacia primera reactivaci\u00f3n de un reactor nuclear con m\u00e1s de 40 a\u00f1os Por...","og_url":"https:\/\/quehacerpolitico.mx\/?p=80104","article_published_time":"2021-04-28T16:54:08+00:00","og_image":[{"width":739,"height":415,"url":"https:\/\/quehacerpolitico.mx\/wp-content\/uploads\/2021\/04\/82DB3CAD-C5C8-4FF4-A8E4-87C8399CC14D.jpeg","type":"image\/jpeg"}],"author":"Redacci\u00f3n QP","twitter_card":"summary_large_image","twitter_misc":{"Escrito por":"Redacci\u00f3n QP","Tiempo de lectura":"2 minutos"},"schema":{"@context":"https:\/\/schema.org","@graph":[{"@type":"Article","@id":"https:\/\/quehacerpolitico.mx\/?p=80104#article","isPartOf":{"@id":"https:\/\/quehacerpolitico.mx\/?p=80104"},"author":{"name":"Redacci\u00f3n QP","@id":"https:\/\/quehacerpolitico.mx\/#\/schema\/person\/496d8ad2d1d3f8036101dca7ee39e585"},"headline":"Internacionales\/\/\/Carolina Alonso Romei\/\/\/Jap\u00f3n avanza hacia primera reactivaci\u00f3n de un reactor nuclear con m\u00e1s de 40 a\u00f1os","datePublished":"2021-04-28T16:54:08+00:00","mainEntityOfPage":{"@id":"https:\/\/quehacerpolitico.mx\/?p=80104"},"wordCount":426,"commentCount":0,"image":{"@id":"https:\/\/quehacerpolitico.mx\/?p=80104#primaryimage"},"thumbnailUrl":"https:\/\/quehacerpolitico.mx\/wp-content\/uploads\/2021\/04\/82DB3CAD-C5C8-4FF4-A8E4-87C8399CC14D.jpeg","articleSection":["Internacionales"],"inLanguage":"es","potentialAction":[{"@type":"CommentAction","name":"Comment","target":["https:\/\/quehacerpolitico.mx\/?p=80104#respond"]}]},{"@type":"WebPage","@id":"https:\/\/quehacerpolitico.mx\/?p=80104","url":"https:\/\/quehacerpolitico.mx\/?p=80104","name":"Internacionales\/\/\/Carolina Alonso Romei\/\/\/Jap\u00f3n avanza hacia primera reactivaci\u00f3n de un reactor nuclear con m\u00e1s de 40 a\u00f1os -","isPartOf":{"@id":"https:\/\/quehacerpolitico.mx\/#website"},"primaryImageOfPage":{"@id":"https:\/\/quehacerpolitico.mx\/?p=80104#primaryimage"},"image":{"@id":"https:\/\/quehacerpolitico.mx\/?p=80104#primaryimage"},"thumbnailUrl":"https:\/\/quehacerpolitico.mx\/wp-content\/uploads\/2021\/04\/82DB3CAD-C5C8-4FF4-A8E4-87C8399CC14D.jpeg","datePublished":"2021-04-28T16:54:08+00:00","author":{"@id":"https:\/\/quehacerpolitico.mx\/#\/schema\/person\/496d8ad2d1d3f8036101dca7ee39e585"},"breadcrumb":{"@id":"https:\/\/quehacerpolitico.mx\/?p=80104#breadcrumb"},"inLanguage":"es","potentialAction":[{"@type":"ReadAction","target":["https:\/\/quehacerpolitico.mx\/?p=80104"]}]},{"@type":"ImageObject","inLanguage":"es","@id":"https:\/\/quehacerpolitico.mx\/?p=80104#primaryimage","url":"https:\/\/quehacerpolitico.mx\/wp-content\/uploads\/2021\/04\/82DB3CAD-C5C8-4FF4-A8E4-87C8399CC14D.jpeg","contentUrl":"https:\/\/quehacerpolitico.mx\/wp-content\/uploads\/2021\/04\/82DB3CAD-C5C8-4FF4-A8E4-87C8399CC14D.jpeg","width":739,"height":415},{"@type":"BreadcrumbList","@id":"https:\/\/quehacerpolitico.mx\/?p=80104#breadcrumb","itemListElement":[{"@type":"ListItem","position":1,"name":"Inicio","item":"https:\/\/quehacerpolitico.mx\/"},{"@type":"ListItem","position":2,"name":"Internacionales\/\/\/Carolina Alonso Romei\/\/\/Jap\u00f3n avanza hacia primera reactivaci\u00f3n de un reactor nuclear con m\u00e1s de 40 a\u00f1os"}]},{"@type":"WebSite","@id":"https:\/\/quehacerpolitico.mx\/#website","url":"https:\/\/quehacerpolitico.mx\/","name":"","description":"","potentialAction":[{"@type":"SearchAction","target":{"@type":"EntryPoint","urlTemplate":"https:\/\/quehacerpolitico.mx\/?s={search_term_string}"},"query-input":{"@type":"PropertyValueSpecification","valueRequired":true,"valueName":"search_term_string"}}],"inLanguage":"es"},{"@type":"Person","@id":"https:\/\/quehacerpolitico.mx\/#\/schema\/person\/496d8ad2d1d3f8036101dca7ee39e585","name":"Redacci\u00f3n QP","image":{"@type":"ImageObject","inLanguage":"es","@id":"https:\/\/secure.gravatar.com\/avatar\/c7164ed6fdec453195284ad24a5ae5b6e1eed2b848477fa2a4787ba9adf39a41?s=96&d=mm&r=g","url":"https:\/\/secure.gravatar.com\/avatar\/c7164ed6fdec453195284ad24a5ae5b6e1eed2b848477fa2a4787ba9adf39a41?s=96&d=mm&r=g","contentUrl":"https:\/\/secure.gravatar.com\/avatar\/c7164ed6fdec453195284ad24a5ae5b6e1eed2b848477fa2a4787ba9adf39a41?s=96&d=mm&r=g","caption":"Redacci\u00f3n QP"},"url":"https:\/\/quehacerpolitico.mx\/?author=2"}]}},"featured_image_urls":{"full":["https:\/\/quehacerpolitico.mx\/wp-content\/uploads\/2021\/04\/82DB3CAD-C5C8-4FF4-A8E4-87C8399CC14D.jpeg",739,415,false],"thumbnail":["https:\/\/quehacerpolitico.mx\/wp-content\/uploads\/2021\/04\/82DB3CAD-C5C8-4FF4-A8E4-87C8399CC14D-150x150.jpeg",150,150,true],"medium":["https:\/\/quehacerpolitico.mx\/wp-content\/uploads\/2021\/04\/82DB3CAD-C5C8-4FF4-A8E4-87C8399CC14D-300x168.jpeg",300,168,true],"medium_large":["https:\/\/quehacerpolitico.mx\/wp-content\/uploads\/2021\/04\/82DB3CAD-C5C8-4FF4-A8E4-87C8399CC14D.jpeg",640,359,false],"large":["https:\/\/quehacerpolitico.mx\/wp-content\/uploads\/2021\/04\/82DB3CAD-C5C8-4FF4-A8E4-87C8399CC14D.jpeg",640,359,false],"1536x1536":["https:\/\/quehacerpolitico.mx\/wp-content\/uploads\/2021\/04\/82DB3CAD-C5C8-4FF4-A8E4-87C8399CC14D.jpeg",739,415,false],"2048x2048":["https:\/\/quehacerpolitico.mx\/wp-content\/uploads\/2021\/04\/82DB3CAD-C5C8-4FF4-A8E4-87C8399CC14D.jpeg",739,415,false],"covernews-featured":["https:\/\/quehacerpolitico.mx\/wp-content\/uploads\/2021\/04\/82DB3CAD-C5C8-4FF4-A8E4-87C8399CC14D.jpeg",739,415,false],"covernews-medium":["https:\/\/quehacerpolitico.mx\/wp-content\/uploads\/2021\/04\/82DB3CAD-C5C8-4FF4-A8E4-87C8399CC14D.jpeg",540,303,false]},"author_info":{"display_name":"Redacci\u00f3n QP","author_link":"https:\/\/quehacerpolitico.mx\/?author=2"},"category_info":"<a href=\"https:\/\/quehacerpolitico.mx\/?cat=1\" rel=\"category\">Internacionales<\/a>","tag_info":"Internacionales","comment_count":"0","_links":{"self":[{"href":"https:\/\/quehacerpolitico.mx\/index.php?rest_route=\/wp\/v2\/posts\/80104","targetHints":{"allow":["GET"]}}],"collection":[{"href":"https:\/\/quehacerpolitico.mx\/index.php?rest_route=\/wp\/v2\/posts"}],"about":[{"href":"https:\/\/quehacerpolitico.mx\/index.php?rest_route=\/wp\/v2\/types\/post"}],"author":[{"embeddable":true,"href":"https:\/\/quehacerpolitico.mx\/index.php?rest_route=\/wp\/v2\/users\/2"}],"replies":[{"embeddable":true,"href":"https:\/\/quehacerpolitico.mx\/index.php?rest_route=%2Fwp%2Fv2%2Fcomments&post=80104"}],"version-history":[{"count":0,"href":"https:\/\/quehacerpolitico.mx\/index.php?rest_route=\/wp\/v2\/posts\/80104\/revisions"}],"wp:featuredmedia":[{"embeddable":true,"href":"https:\/\/quehacerpolitico.mx\/index.php?rest_route=\/wp\/v2\/media\/80107"}],"wp:attachment":[{"href":"https:\/\/quehacerpolitico.mx\/index.php?rest_route=%2Fwp%2Fv2%2Fmedia&parent=80104"}],"wp:term":[{"taxonomy":"category","embeddable":true,"href":"https:\/\/quehacerpolitico.mx\/index.php?rest_route=%2Fwp%2Fv2%2Fcategories&post=80104"},{"taxonomy":"post_tag","embeddable":true,"href":"https:\/\/quehacerpolitico.mx\/index.php?rest_route=%2Fwp%2Fv2%2Ftags&post=80104"}],"curies":[{"name":"wp","href":"https:\/\/api.w.org\/{rel}","templated":true}]}}