{"id":80096,"date":"2021-04-28T16:21:37","date_gmt":"2021-04-28T16:21:37","guid":{"rendered":"https:\/\/quehacerpolitico.mx\/?p=80096"},"modified":"2021-04-28T16:21:37","modified_gmt":"2021-04-28T16:21:37","slug":"pide-amlo-ciudadanos-de-guerrero-y-michoacan-no-exaltarse-tras-fallo-del-tepjf","status":"publish","type":"post","link":"https:\/\/quehacerpolitico.mx\/?p=80096","title":{"rendered":"Pide AMLO a ciudadanos de Guerrero y Michoac\u00e1n no exaltarse tras fallo del TEPJF"},"content":{"rendered":"<h1 class=\"article_title\">Pide AMLO a ciudadanos de Guerrero y Michoac\u00e1n no exaltarse tras fallo del TEPJF<br \/>\nPor Redacci\u00f3n QP<\/h1>\n<p>AMLO acusa de &#8216;golpe a la democracia&#8217; al TEPJF por cancelar las candidaturas de F\u00e9lix Salgado Macedonio y Ra\u00fal Mor\u00f3n<\/p>\n<p>El presidente de M\u00e9xico, Andres Manuel L\u00f3pez Obrador pidi\u00f3 a los ciudadanos de los estados de Guerrero y Michoac\u00e1n no exaltarse tras el<strong> fallo del Tribunal Electoral del Poder Judicial de la Federaci\u00f3n (TEPJF)<\/strong> que confirma la cancelaci\u00f3n definitiva de las candidaturas de Felix Salgado Macedonio y <strong>Ra\u00fal Mor\u00f3n<\/strong>, ambos aspirantes a gobernador en las elecciones 2021<\/p>\n<p>En conferencia de prensa matutina desde Palacio Nacional, Andr\u00e9s Manuel L\u00f3pez Obrador acus\u00f3 de \u201cgolpe a la democracia\u201d al TEPJF por cancelar ambas candidaturas.<\/p>\n<p>Afirm\u00f3 que \u201cconspiran contra la democracia\u201d los magistrados del TEPJF y los consejeros del Instituto Nacional Electoral (INE) por eliminar la candidatura de Salgado Macedonio a gobernador de Guerrero y la de Ra\u00fal Mor\u00f3n a gobernador de Michoac\u00e1n.<\/p>\n<blockquote><p>\u201cConsidero un exceso lo que aprobaron el d\u00eda de ayer los magistrados del Tribunal Electoral, es un golpe a la democracia, a la incipiente democracia mexicana, no es posible, no tiene justificaci\u00f3n alguna\u201d, expres\u00f3 el mandatario.<\/p><\/blockquote>\n<p>Las declaraciones del presidente se producen un d\u00eda despu\u00e9s de que el TEPJF aval\u00f3 de forma definitiva las resoluciones del INE que cancelan las candidaturas de ambos pol\u00edticos del oficialista Movimiento Regeneraci\u00f3n Nacional (Morena) por no presentar sus informes de precampa\u00f1a.<\/p>\n<p>L\u00f3pez Obrador argument\u00f3 que el fallo \u201cno se justifica\u201d, aunque la Ley General de Instituciones y Procedimientos Electorales exige a los aspirantes presentar su informe de precandidatura, como se llama en M\u00e9xico a las campa\u00f1as internas.<\/p>\n<blockquote><p>\u201cTanto los consejeros del INE como los magistrados del tribunal actuaron de manera antidemocr\u00e1tica y esto se explica porque estos organismos, como otros, vienen del antiguo r\u00e9gimen antidemocr\u00e1tico\u201d, sostuvo el presidente.<\/p><\/blockquote>\n<p>El caso de <strong>Salgado Macedonio<\/strong>, senador con licencia, causa pol\u00e9mica desde diciembre pasado porque est\u00e1 acusado de violaci\u00f3n o abuso sexual por cinco mujeres, seg\u00fan propias integrantes de <strong>Morena<\/strong>, lo que ha desatado decenas de protestas feministas.<\/p>\n<blockquote class=\"twitter-tweet\" data-width=\"550\" data-dnt=\"true\">\n<p lang=\"es\" dir=\"ltr\">\ud83d\udd34&quot;Hay que actuar con la cabeza fr\u00eda aunque se tenga el coraz\u00f3n caliente&quot;. <\/p>\n<p>S\u00ed, el presidente habla sobre el caso de F\u00e9lix Salgado Macedonio. <\/p>\n<p>&quot;Es un golpe a la democracia&quot;, se\u00f1al\u00f3. <a href=\"https:\/\/t.co\/9FmeP5tICF\">pic.twitter.com\/9FmeP5tICF<\/a><\/p>\n<p>&mdash; Ruido en la Red (@RuidoEnLaRed) <a href=\"https:\/\/twitter.com\/RuidoEnLaRed\/status\/1387388723487068162?ref_src=twsrc%5Etfw\">April 28, 2021<\/a><\/p><\/blockquote>\n<p><script async src=\"https:\/\/platform.twitter.com\/widgets.js\" charset=\"utf-8\"><\/script><\/p>\n<p>Tanto el pol\u00edtico de Guerrero como L\u00f3pez Obrador han desestimado las denuncias al alegar que es parte de la \u201cguerra sucia\u201d de las <strong>campa\u00f1as.<\/strong><\/p>\n<p>El presidente reiter\u00f3 este mi\u00e9rcoles que, pese a las presuntas acusaciones contra Salgado, el \u201cpueblo debe decidir\u201d.<\/p>\n<blockquote><p>\u201cEn este, como en otros casos, no se tom\u00f3 en cuenta la voluntad del pueblo, se descalific\u00f3 y se le afect\u00f3 a los ciudadanos, se les quit\u00f3 un derecho a elegir, un derecho fundamental, un derecho democr\u00e1tico\u201d, manifest\u00f3.<\/p><\/blockquote>\n<p>Salgado Macedonio, quien hab\u00eda llamado a una \u201cinsurrecci\u00f3n\u201d si se cancelaba su registro, convoco este mi\u00e9rcoles a un mitin en Chilpancingo<\/p>\n<p>Pero L\u00f3pez Obrador pidi\u00f3 actuar con \u201cla cabeza fr\u00eda\u201d pese al \u201ccoraz\u00f3n caliente\u201d, al asegurar que \u201cun acto como el de ayer, arbitrario, lleva un componente adicional, es un acto de provocaci\u00f3n\u201d.<\/p>\n<blockquote><p>\u201cEntonces no engancharse, no caer en la provocaci\u00f3n, aceptar el resultado, sustituir candidatos y adelante, pero no caer en la provocaci\u00f3n de la confrontaci\u00f3n y la violencia, seguir luchando de manera pac\u00edfica\u201d, coment\u00f3.<\/p><\/blockquote>\n<p>En las<strong> elecciones m\u00e1s grandes de la historia de M\u00e9xico<\/strong> que se celebrar\u00e1n el 6 de junio, 94 millones de personas est\u00e1n llamados a votar por los 500 diputados federales, 15 de 32 gobernadores estatales, 30 congresos locales y 1,900 ayuntamientos.<\/p>\n<p>Con informaci\u00f3n de EFE.<\/p>\n","protected":false},"excerpt":{"rendered":"<p>Pide AMLO a ciudadanos de Guerrero y Michoac\u00e1n no exaltarse tras fallo del TEPJF Por&#8230;<\/p>\n","protected":false},"author":2,"featured_media":80102,"comment_status":"open","ping_status":"open","sticky":false,"template":"","format":"standard","meta":{"_monsterinsights_skip_tracking":false,"_monsterinsights_sitenote_active":false,"_monsterinsights_sitenote_note":"","_monsterinsights_sitenote_category":0,"footnotes":""},"categories":[2],"tags":[],"class_list":["post-80096","post","type-post","status-publish","format-standard","has-post-thumbnail","hentry","category-noticias"],"yoast_head":"<!-- This site is optimized with the Yoast SEO plugin v27.3 - https:\/\/yoast.com\/product\/yoast-seo-wordpress\/ -->\n<title>Pide AMLO a ciudadanos de Guerrero y Michoac\u00e1n no exaltarse tras fallo del TEPJF -<\/title>\n<meta name=\"robots\" content=\"index, follow, max-snippet:-1, max-image-preview:large, max-video-preview:-1\" \/>\n<link rel=\"canonical\" href=\"https:\/\/quehacerpolitico.mx\/?p=80096\" \/>\n<meta property=\"og:locale\" content=\"es_MX\" \/>\n<meta property=\"og:type\" content=\"article\" \/>\n<meta property=\"og:title\" content=\"Pide AMLO a ciudadanos de Guerrero y Michoac\u00e1n no exaltarse tras fallo del TEPJF -\" \/>\n<meta property=\"og:description\" content=\"Pide AMLO a ciudadanos de Guerrero y Michoac\u00e1n no exaltarse tras fallo del TEPJF Por...\" \/>\n<meta property=\"og:url\" content=\"https:\/\/quehacerpolitico.mx\/?p=80096\" \/>\n<meta property=\"article:published_time\" content=\"2021-04-28T16:21:37+00:00\" \/>\n<meta property=\"og:image\" content=\"https:\/\/quehacerpolitico.mx\/wp-content\/uploads\/2021\/04\/DA6A789C-2270-4A6D-894E-56D0536CC86C.jpeg\" \/>\n\t<meta property=\"og:image:width\" content=\"1242\" \/>\n\t<meta property=\"og:image:height\" content=\"675\" \/>\n\t<meta property=\"og:image:type\" content=\"image\/jpeg\" \/>\n<meta name=\"author\" content=\"Redacci\u00f3n QP\" \/>\n<meta name=\"twitter:card\" content=\"summary_large_image\" \/>\n<meta name=\"twitter:label1\" content=\"Escrito por\" \/>\n\t<meta name=\"twitter:data1\" content=\"Redacci\u00f3n QP\" \/>\n\t<meta name=\"twitter:label2\" content=\"Tiempo de lectura\" \/>\n\t<meta name=\"twitter:data2\" content=\"3 minutos\" \/>\n<script type=\"application\/ld+json\" class=\"yoast-schema-graph\">{\"@context\":\"https:\\\/\\\/schema.org\",\"@graph\":[{\"@type\":\"Article\",\"@id\":\"https:\\\/\\\/quehacerpolitico.mx\\\/?p=80096#article\",\"isPartOf\":{\"@id\":\"https:\\\/\\\/quehacerpolitico.mx\\\/?p=80096\"},\"author\":{\"name\":\"Redacci\u00f3n QP\",\"@id\":\"https:\\\/\\\/quehacerpolitico.mx\\\/#\\\/schema\\\/person\\\/496d8ad2d1d3f8036101dca7ee39e585\"},\"headline\":\"Pide AMLO a ciudadanos de Guerrero y Michoac\u00e1n no exaltarse tras fallo del TEPJF\",\"datePublished\":\"2021-04-28T16:21:37+00:00\",\"mainEntityOfPage\":{\"@id\":\"https:\\\/\\\/quehacerpolitico.mx\\\/?p=80096\"},\"wordCount\":614,\"commentCount\":0,\"image\":{\"@id\":\"https:\\\/\\\/quehacerpolitico.mx\\\/?p=80096#primaryimage\"},\"thumbnailUrl\":\"https:\\\/\\\/quehacerpolitico.mx\\\/wp-content\\\/uploads\\\/2021\\\/04\\\/DA6A789C-2270-4A6D-894E-56D0536CC86C.jpeg\",\"articleSection\":[\"Noticias\"],\"inLanguage\":\"es\",\"potentialAction\":[{\"@type\":\"CommentAction\",\"name\":\"Comment\",\"target\":[\"https:\\\/\\\/quehacerpolitico.mx\\\/?p=80096#respond\"]}]},{\"@type\":\"WebPage\",\"@id\":\"https:\\\/\\\/quehacerpolitico.mx\\\/?p=80096\",\"url\":\"https:\\\/\\\/quehacerpolitico.mx\\\/?p=80096\",\"name\":\"Pide AMLO a ciudadanos de Guerrero y Michoac\u00e1n no exaltarse tras fallo del TEPJF -\",\"isPartOf\":{\"@id\":\"https:\\\/\\\/quehacerpolitico.mx\\\/#website\"},\"primaryImageOfPage\":{\"@id\":\"https:\\\/\\\/quehacerpolitico.mx\\\/?p=80096#primaryimage\"},\"image\":{\"@id\":\"https:\\\/\\\/quehacerpolitico.mx\\\/?p=80096#primaryimage\"},\"thumbnailUrl\":\"https:\\\/\\\/quehacerpolitico.mx\\\/wp-content\\\/uploads\\\/2021\\\/04\\\/DA6A789C-2270-4A6D-894E-56D0536CC86C.jpeg\",\"datePublished\":\"2021-04-28T16:21:37+00:00\",\"author\":{\"@id\":\"https:\\\/\\\/quehacerpolitico.mx\\\/#\\\/schema\\\/person\\\/496d8ad2d1d3f8036101dca7ee39e585\"},\"breadcrumb\":{\"@id\":\"https:\\\/\\\/quehacerpolitico.mx\\\/?p=80096#breadcrumb\"},\"inLanguage\":\"es\",\"potentialAction\":[{\"@type\":\"ReadAction\",\"target\":[\"https:\\\/\\\/quehacerpolitico.mx\\\/?p=80096\"]}]},{\"@type\":\"ImageObject\",\"inLanguage\":\"es\",\"@id\":\"https:\\\/\\\/quehacerpolitico.mx\\\/?p=80096#primaryimage\",\"url\":\"https:\\\/\\\/quehacerpolitico.mx\\\/wp-content\\\/uploads\\\/2021\\\/04\\\/DA6A789C-2270-4A6D-894E-56D0536CC86C.jpeg\",\"contentUrl\":\"https:\\\/\\\/quehacerpolitico.mx\\\/wp-content\\\/uploads\\\/2021\\\/04\\\/DA6A789C-2270-4A6D-894E-56D0536CC86C.jpeg\",\"width\":1242,\"height\":675},{\"@type\":\"BreadcrumbList\",\"@id\":\"https:\\\/\\\/quehacerpolitico.mx\\\/?p=80096#breadcrumb\",\"itemListElement\":[{\"@type\":\"ListItem\",\"position\":1,\"name\":\"Inicio\",\"item\":\"https:\\\/\\\/quehacerpolitico.mx\\\/\"},{\"@type\":\"ListItem\",\"position\":2,\"name\":\"Pide AMLO a ciudadanos de Guerrero y Michoac\u00e1n no exaltarse tras fallo del TEPJF\"}]},{\"@type\":\"WebSite\",\"@id\":\"https:\\\/\\\/quehacerpolitico.mx\\\/#website\",\"url\":\"https:\\\/\\\/quehacerpolitico.mx\\\/\",\"name\":\"\",\"description\":\"\",\"potentialAction\":[{\"@type\":\"SearchAction\",\"target\":{\"@type\":\"EntryPoint\",\"urlTemplate\":\"https:\\\/\\\/quehacerpolitico.mx\\\/?s={search_term_string}\"},\"query-input\":{\"@type\":\"PropertyValueSpecification\",\"valueRequired\":true,\"valueName\":\"search_term_string\"}}],\"inLanguage\":\"es\"},{\"@type\":\"Person\",\"@id\":\"https:\\\/\\\/quehacerpolitico.mx\\\/#\\\/schema\\\/person\\\/496d8ad2d1d3f8036101dca7ee39e585\",\"name\":\"Redacci\u00f3n QP\",\"image\":{\"@type\":\"ImageObject\",\"inLanguage\":\"es\",\"@id\":\"https:\\\/\\\/secure.gravatar.com\\\/avatar\\\/c7164ed6fdec453195284ad24a5ae5b6e1eed2b848477fa2a4787ba9adf39a41?s=96&d=mm&r=g\",\"url\":\"https:\\\/\\\/secure.gravatar.com\\\/avatar\\\/c7164ed6fdec453195284ad24a5ae5b6e1eed2b848477fa2a4787ba9adf39a41?s=96&d=mm&r=g\",\"contentUrl\":\"https:\\\/\\\/secure.gravatar.com\\\/avatar\\\/c7164ed6fdec453195284ad24a5ae5b6e1eed2b848477fa2a4787ba9adf39a41?s=96&d=mm&r=g\",\"caption\":\"Redacci\u00f3n QP\"},\"url\":\"https:\\\/\\\/quehacerpolitico.mx\\\/?author=2\"}]}<\/script>\n<!-- \/ Yoast SEO plugin. -->","yoast_head_json":{"title":"Pide AMLO a ciudadanos de Guerrero y Michoac\u00e1n no exaltarse tras fallo del TEPJF -","robots":{"index":"index","follow":"follow","max-snippet":"max-snippet:-1","max-image-preview":"max-image-preview:large","max-video-preview":"max-video-preview:-1"},"canonical":"https:\/\/quehacerpolitico.mx\/?p=80096","og_locale":"es_MX","og_type":"article","og_title":"Pide AMLO a ciudadanos de Guerrero y Michoac\u00e1n no exaltarse tras fallo del TEPJF -","og_description":"Pide AMLO a ciudadanos de Guerrero y Michoac\u00e1n no exaltarse tras fallo del TEPJF Por...","og_url":"https:\/\/quehacerpolitico.mx\/?p=80096","article_published_time":"2021-04-28T16:21:37+00:00","og_image":[{"width":1242,"height":675,"url":"https:\/\/quehacerpolitico.mx\/wp-content\/uploads\/2021\/04\/DA6A789C-2270-4A6D-894E-56D0536CC86C.jpeg","type":"image\/jpeg"}],"author":"Redacci\u00f3n QP","twitter_card":"summary_large_image","twitter_misc":{"Escrito por":"Redacci\u00f3n QP","Tiempo de lectura":"3 minutos"},"schema":{"@context":"https:\/\/schema.org","@graph":[{"@type":"Article","@id":"https:\/\/quehacerpolitico.mx\/?p=80096#article","isPartOf":{"@id":"https:\/\/quehacerpolitico.mx\/?p=80096"},"author":{"name":"Redacci\u00f3n QP","@id":"https:\/\/quehacerpolitico.mx\/#\/schema\/person\/496d8ad2d1d3f8036101dca7ee39e585"},"headline":"Pide AMLO a ciudadanos de Guerrero y Michoac\u00e1n no exaltarse tras fallo del TEPJF","datePublished":"2021-04-28T16:21:37+00:00","mainEntityOfPage":{"@id":"https:\/\/quehacerpolitico.mx\/?p=80096"},"wordCount":614,"commentCount":0,"image":{"@id":"https:\/\/quehacerpolitico.mx\/?p=80096#primaryimage"},"thumbnailUrl":"https:\/\/quehacerpolitico.mx\/wp-content\/uploads\/2021\/04\/DA6A789C-2270-4A6D-894E-56D0536CC86C.jpeg","articleSection":["Noticias"],"inLanguage":"es","potentialAction":[{"@type":"CommentAction","name":"Comment","target":["https:\/\/quehacerpolitico.mx\/?p=80096#respond"]}]},{"@type":"WebPage","@id":"https:\/\/quehacerpolitico.mx\/?p=80096","url":"https:\/\/quehacerpolitico.mx\/?p=80096","name":"Pide AMLO a ciudadanos de Guerrero y Michoac\u00e1n no exaltarse tras fallo del TEPJF -","isPartOf":{"@id":"https:\/\/quehacerpolitico.mx\/#website"},"primaryImageOfPage":{"@id":"https:\/\/quehacerpolitico.mx\/?p=80096#primaryimage"},"image":{"@id":"https:\/\/quehacerpolitico.mx\/?p=80096#primaryimage"},"thumbnailUrl":"https:\/\/quehacerpolitico.mx\/wp-content\/uploads\/2021\/04\/DA6A789C-2270-4A6D-894E-56D0536CC86C.jpeg","datePublished":"2021-04-28T16:21:37+00:00","author":{"@id":"https:\/\/quehacerpolitico.mx\/#\/schema\/person\/496d8ad2d1d3f8036101dca7ee39e585"},"breadcrumb":{"@id":"https:\/\/quehacerpolitico.mx\/?p=80096#breadcrumb"},"inLanguage":"es","potentialAction":[{"@type":"ReadAction","target":["https:\/\/quehacerpolitico.mx\/?p=80096"]}]},{"@type":"ImageObject","inLanguage":"es","@id":"https:\/\/quehacerpolitico.mx\/?p=80096#primaryimage","url":"https:\/\/quehacerpolitico.mx\/wp-content\/uploads\/2021\/04\/DA6A789C-2270-4A6D-894E-56D0536CC86C.jpeg","contentUrl":"https:\/\/quehacerpolitico.mx\/wp-content\/uploads\/2021\/04\/DA6A789C-2270-4A6D-894E-56D0536CC86C.jpeg","width":1242,"height":675},{"@type":"BreadcrumbList","@id":"https:\/\/quehacerpolitico.mx\/?p=80096#breadcrumb","itemListElement":[{"@type":"ListItem","position":1,"name":"Inicio","item":"https:\/\/quehacerpolitico.mx\/"},{"@type":"ListItem","position":2,"name":"Pide AMLO a ciudadanos de Guerrero y Michoac\u00e1n no exaltarse tras fallo del TEPJF"}]},{"@type":"WebSite","@id":"https:\/\/quehacerpolitico.mx\/#website","url":"https:\/\/quehacerpolitico.mx\/","name":"","description":"","potentialAction":[{"@type":"SearchAction","target":{"@type":"EntryPoint","urlTemplate":"https:\/\/quehacerpolitico.mx\/?s={search_term_string}"},"query-input":{"@type":"PropertyValueSpecification","valueRequired":true,"valueName":"search_term_string"}}],"inLanguage":"es"},{"@type":"Person","@id":"https:\/\/quehacerpolitico.mx\/#\/schema\/person\/496d8ad2d1d3f8036101dca7ee39e585","name":"Redacci\u00f3n QP","image":{"@type":"ImageObject","inLanguage":"es","@id":"https:\/\/secure.gravatar.com\/avatar\/c7164ed6fdec453195284ad24a5ae5b6e1eed2b848477fa2a4787ba9adf39a41?s=96&d=mm&r=g","url":"https:\/\/secure.gravatar.com\/avatar\/c7164ed6fdec453195284ad24a5ae5b6e1eed2b848477fa2a4787ba9adf39a41?s=96&d=mm&r=g","contentUrl":"https:\/\/secure.gravatar.com\/avatar\/c7164ed6fdec453195284ad24a5ae5b6e1eed2b848477fa2a4787ba9adf39a41?s=96&d=mm&r=g","caption":"Redacci\u00f3n QP"},"url":"https:\/\/quehacerpolitico.mx\/?author=2"}]}},"featured_image_urls":{"full":["https:\/\/quehacerpolitico.mx\/wp-content\/uploads\/2021\/04\/DA6A789C-2270-4A6D-894E-56D0536CC86C.jpeg",1242,675,false],"thumbnail":["https:\/\/quehacerpolitico.mx\/wp-content\/uploads\/2021\/04\/DA6A789C-2270-4A6D-894E-56D0536CC86C-150x150.jpeg",150,150,true],"medium":["https:\/\/quehacerpolitico.mx\/wp-content\/uploads\/2021\/04\/DA6A789C-2270-4A6D-894E-56D0536CC86C-300x163.jpeg",300,163,true],"medium_large":["https:\/\/quehacerpolitico.mx\/wp-content\/uploads\/2021\/04\/DA6A789C-2270-4A6D-894E-56D0536CC86C-768x417.jpeg",640,348,true],"large":["https:\/\/quehacerpolitico.mx\/wp-content\/uploads\/2021\/04\/DA6A789C-2270-4A6D-894E-56D0536CC86C-1024x557.jpeg",640,348,true],"1536x1536":["https:\/\/quehacerpolitico.mx\/wp-content\/uploads\/2021\/04\/DA6A789C-2270-4A6D-894E-56D0536CC86C.jpeg",1242,675,false],"2048x2048":["https:\/\/quehacerpolitico.mx\/wp-content\/uploads\/2021\/04\/DA6A789C-2270-4A6D-894E-56D0536CC86C.jpeg",1242,675,false],"covernews-featured":["https:\/\/quehacerpolitico.mx\/wp-content\/uploads\/2021\/04\/DA6A789C-2270-4A6D-894E-56D0536CC86C.jpeg",1024,557,false],"covernews-medium":["https:\/\/quehacerpolitico.mx\/wp-content\/uploads\/2021\/04\/DA6A789C-2270-4A6D-894E-56D0536CC86C.jpeg",540,293,false]},"author_info":{"display_name":"Redacci\u00f3n QP","author_link":"https:\/\/quehacerpolitico.mx\/?author=2"},"category_info":"<a href=\"https:\/\/quehacerpolitico.mx\/?cat=2\" rel=\"category\">Noticias<\/a>","tag_info":"Noticias","comment_count":"0","_links":{"self":[{"href":"https:\/\/quehacerpolitico.mx\/index.php?rest_route=\/wp\/v2\/posts\/80096","targetHints":{"allow":["GET"]}}],"collection":[{"href":"https:\/\/quehacerpolitico.mx\/index.php?rest_route=\/wp\/v2\/posts"}],"about":[{"href":"https:\/\/quehacerpolitico.mx\/index.php?rest_route=\/wp\/v2\/types\/post"}],"author":[{"embeddable":true,"href":"https:\/\/quehacerpolitico.mx\/index.php?rest_route=\/wp\/v2\/users\/2"}],"replies":[{"embeddable":true,"href":"https:\/\/quehacerpolitico.mx\/index.php?rest_route=%2Fwp%2Fv2%2Fcomments&post=80096"}],"version-history":[{"count":0,"href":"https:\/\/quehacerpolitico.mx\/index.php?rest_route=\/wp\/v2\/posts\/80096\/revisions"}],"wp:featuredmedia":[{"embeddable":true,"href":"https:\/\/quehacerpolitico.mx\/index.php?rest_route=\/wp\/v2\/media\/80102"}],"wp:attachment":[{"href":"https:\/\/quehacerpolitico.mx\/index.php?rest_route=%2Fwp%2Fv2%2Fmedia&parent=80096"}],"wp:term":[{"taxonomy":"category","embeddable":true,"href":"https:\/\/quehacerpolitico.mx\/index.php?rest_route=%2Fwp%2Fv2%2Fcategories&post=80096"},{"taxonomy":"post_tag","embeddable":true,"href":"https:\/\/quehacerpolitico.mx\/index.php?rest_route=%2Fwp%2Fv2%2Ftags&post=80096"}],"curies":[{"name":"wp","href":"https:\/\/api.w.org\/{rel}","templated":true}]}}