{"id":79882,"date":"2021-04-23T03:45:35","date_gmt":"2021-04-23T03:45:35","guid":{"rendered":"https:\/\/quehacerpolitico.mx\/?p=79882"},"modified":"2021-04-23T03:45:35","modified_gmt":"2021-04-23T03:45:35","slug":"morena-pide-diputado-benjamin-saul-huerta-solicitar-licencia-por-presunto-abuso-sexual","status":"publish","type":"post","link":"https:\/\/quehacerpolitico.mx\/?p=79882","title":{"rendered":"Morena pide a diputado Benjam\u00edn Sa\u00fal Huerta solicitar licencia por presunto abuso sexual"},"content":{"rendered":"<h1 class=\"article_title\">Morena pide a diputado Benjam\u00edn Sa\u00fal Huerta solicitar licencia por presunto abuso sexual<br \/>\nPor Redacci\u00f3n QP<\/h1>\n<p>Citlalli Hern\u00e1ndez no descart\u00f3 que su propio partido promueva el desafuero del legislador.<\/p>\n<p><strong>Citlalli Hern\u00e1ndez<\/strong>, secretaria general de <strong>Morena<\/strong>, se pronunci\u00f3 porque el diputado de su partido, <strong>Benjam\u00edn Sa\u00fal Huerta<\/strong>, solicite licencia y enfrente las acusaciones que hizo en su contra un menor de edad por presunto abuso sexual<\/p>\n<p>No descart\u00f3 que su propio partido promueva el desafuero del legislador.<\/p>\n<p><iframe loading=\"lazy\" title=\"Diputado de Morena acusado de abuso sexual a menor renuncia a reelecci\u00f3n\" width=\"640\" height=\"360\" src=\"https:\/\/www.youtube.com\/embed\/-ixDKiXGxRs?feature=oembed\" frameborder=\"0\" allow=\"accelerometer; autoplay; clipboard-write; encrypted-media; gyroscope; picture-in-picture; web-share\" referrerpolicy=\"strict-origin-when-cross-origin\" allowfullscreen><\/iframe><\/p>\n<blockquote><p>\u201cEs importante hacerle ese llamado, para que solicite licencia. Y lo aprovecho ante ustedes, que el diputado pida licencia o que por lo menos se ponga a disposici\u00f3n de la justicia. Incluso si es necesario impulsar su desafuero. Morena no va a solapar a nadie que tenga conductas de este tipo. Insisto, si es, incluso, necesario provocar su desafuero para que d\u00e9 cuentas ante la justicia. Seguramente la Comisi\u00f3n Nacional de Honestidad y Justicia estar\u00e1 actuando en consecuencia\u201d, se\u00f1al\u00f3 Citlalli Hern\u00e1ndez, secretaria general de Morena.<\/p><\/blockquote>\n<blockquote class=\"twitter-tweet\" data-width=\"550\" data-dnt=\"true\">\n<p lang=\"es\" dir=\"ltr\">Fue detenido por elementos de la <a href=\"https:\/\/twitter.com\/SSC_CDMX?ref_src=twsrc%5Etfw\">@SSC_CDMX<\/a> el diputado federal de Morena por Puebla, Benjam\u00edn &quot;N&quot; por presuntamente realizar tocamientos a un menor de 15 a\u00f1os. <\/p>\n<p>La v\u00edctima denunci\u00f3 que estaba con el sujeto por motivos de trabajo cuando lo toc\u00f3 de manera inapropiada. <a href=\"https:\/\/t.co\/d0TiSDtBiW\">pic.twitter.com\/d0TiSDtBiW<\/a><\/p>\n<p>&mdash; Ruido en la Red (@RuidoEnLaRed) <a href=\"https:\/\/twitter.com\/RuidoEnLaRed\/status\/1384968180263624704?ref_src=twsrc%5Etfw\">April 21, 2021<\/a><\/p><\/blockquote>\n<p><script async src=\"https:\/\/platform.twitter.com\/widgets.js\" charset=\"utf-8\"><\/script><\/p>\n<blockquote class=\"twitter-tweet\" data-width=\"550\" data-dnt=\"true\">\n<p lang=\"es\" dir=\"ltr\">Sin embargo el diputado solo estuvo detenido unas horas y liberado gracias a su fuero constitucional, por lo que seguir\u00e1 su proceso en libertad.<\/p>\n<p>Aunque seg\u00fan \u00e9l, se trat\u00f3 de un &quot;intento de extorsi\u00f3n y chantaje&quot;. <a href=\"https:\/\/t.co\/d8DK3tcSYs\">pic.twitter.com\/d8DK3tcSYs<\/a><\/p>\n<p>&mdash; Ruido en la Red (@RuidoEnLaRed) <a href=\"https:\/\/twitter.com\/RuidoEnLaRed\/status\/1385255177859473409?ref_src=twsrc%5Etfw\">April 22, 2021<\/a><\/p><\/blockquote>\n<p><script async src=\"https:\/\/platform.twitter.com\/widgets.js\" charset=\"utf-8\"><\/script><\/p>\n<p>Y de confirmarse las acusaciones de <strong>abuso sexual<\/strong> en su contra, podr\u00eda incluso ser expulsado de Morena, dijo Citlalli Hern\u00e1ndez.<\/p>\n<p>Tambi\u00e9n se refiri\u00f3 al caso de <strong>David Monreal,<\/strong>candidato de Morena a la gubernatura de Zacatecas, quien seg\u00fan un video difundido habr\u00eda tocado indebidamente a una candidata.<\/p>\n<blockquote><p>\u201cDesde el feminismo creemos con mucha claridad que hay una b\u00e1sica: creerle a la posible v\u00edctima, y la persona que est\u00e1 en este video, la candidata, sali\u00f3 en un video y dice que no hay ninguna falta de respeto, entonces me parece que est\u00e1 claro el tema\u201d, indic\u00f3 Citlalli Hern\u00e1ndez, secretaria general de Morena.<\/p><\/blockquote>\n<p>Citlalli Hern\u00e1ndez fue entrevistada en el Senado de la Rep\u00fablica.<\/p>\n","protected":false},"excerpt":{"rendered":"<p>Morena pide a diputado Benjam\u00edn Sa\u00fal Huerta solicitar licencia por presunto abuso sexual Por Redacci\u00f3n&#8230;<\/p>\n","protected":false},"author":2,"featured_media":79885,"comment_status":"open","ping_status":"open","sticky":false,"template":"","format":"standard","meta":{"_monsterinsights_skip_tracking":false,"_monsterinsights_sitenote_active":false,"_monsterinsights_sitenote_note":"","_monsterinsights_sitenote_category":0,"footnotes":""},"categories":[2],"tags":[],"class_list":["post-79882","post","type-post","status-publish","format-standard","has-post-thumbnail","hentry","category-noticias"],"yoast_head":"<!-- This site is optimized with the Yoast SEO plugin v27.3 - https:\/\/yoast.com\/product\/yoast-seo-wordpress\/ -->\n<title>Morena pide a diputado Benjam\u00edn Sa\u00fal Huerta solicitar licencia por presunto abuso sexual -<\/title>\n<meta name=\"robots\" content=\"index, follow, max-snippet:-1, max-image-preview:large, max-video-preview:-1\" \/>\n<link rel=\"canonical\" href=\"https:\/\/quehacerpolitico.mx\/?p=79882\" \/>\n<meta property=\"og:locale\" content=\"es_MX\" \/>\n<meta property=\"og:type\" content=\"article\" \/>\n<meta property=\"og:title\" content=\"Morena pide a diputado Benjam\u00edn Sa\u00fal Huerta solicitar licencia por presunto abuso sexual -\" \/>\n<meta property=\"og:description\" content=\"Morena pide a diputado Benjam\u00edn Sa\u00fal Huerta solicitar licencia por presunto abuso sexual Por Redacci\u00f3n...\" \/>\n<meta property=\"og:url\" content=\"https:\/\/quehacerpolitico.mx\/?p=79882\" \/>\n<meta property=\"article:published_time\" content=\"2021-04-23T03:45:35+00:00\" \/>\n<meta property=\"og:image\" content=\"https:\/\/quehacerpolitico.mx\/wp-content\/uploads\/2021\/04\/17B6D2BD-839E-4057-841B-8EB937729CD0.jpeg\" \/>\n\t<meta property=\"og:image:width\" content=\"1073\" \/>\n\t<meta property=\"og:image:height\" content=\"686\" \/>\n\t<meta property=\"og:image:type\" content=\"image\/jpeg\" \/>\n<meta name=\"author\" content=\"Redacci\u00f3n QP\" \/>\n<meta name=\"twitter:card\" content=\"summary_large_image\" \/>\n<meta name=\"twitter:label1\" content=\"Escrito por\" \/>\n\t<meta name=\"twitter:data1\" content=\"Redacci\u00f3n QP\" \/>\n\t<meta name=\"twitter:label2\" content=\"Tiempo de lectura\" \/>\n\t<meta name=\"twitter:data2\" content=\"2 minutos\" \/>\n<script type=\"application\/ld+json\" class=\"yoast-schema-graph\">{\"@context\":\"https:\\\/\\\/schema.org\",\"@graph\":[{\"@type\":\"Article\",\"@id\":\"https:\\\/\\\/quehacerpolitico.mx\\\/?p=79882#article\",\"isPartOf\":{\"@id\":\"https:\\\/\\\/quehacerpolitico.mx\\\/?p=79882\"},\"author\":{\"name\":\"Redacci\u00f3n QP\",\"@id\":\"https:\\\/\\\/quehacerpolitico.mx\\\/#\\\/schema\\\/person\\\/496d8ad2d1d3f8036101dca7ee39e585\"},\"headline\":\"Morena pide a diputado Benjam\u00edn Sa\u00fal Huerta solicitar licencia por presunto abuso sexual\",\"datePublished\":\"2021-04-23T03:45:35+00:00\",\"mainEntityOfPage\":{\"@id\":\"https:\\\/\\\/quehacerpolitico.mx\\\/?p=79882\"},\"wordCount\":324,\"commentCount\":0,\"image\":{\"@id\":\"https:\\\/\\\/quehacerpolitico.mx\\\/?p=79882#primaryimage\"},\"thumbnailUrl\":\"https:\\\/\\\/quehacerpolitico.mx\\\/wp-content\\\/uploads\\\/2021\\\/04\\\/17B6D2BD-839E-4057-841B-8EB937729CD0.jpeg\",\"articleSection\":[\"Noticias\"],\"inLanguage\":\"es\",\"potentialAction\":[{\"@type\":\"CommentAction\",\"name\":\"Comment\",\"target\":[\"https:\\\/\\\/quehacerpolitico.mx\\\/?p=79882#respond\"]}]},{\"@type\":\"WebPage\",\"@id\":\"https:\\\/\\\/quehacerpolitico.mx\\\/?p=79882\",\"url\":\"https:\\\/\\\/quehacerpolitico.mx\\\/?p=79882\",\"name\":\"Morena pide a diputado Benjam\u00edn Sa\u00fal Huerta solicitar licencia por presunto abuso sexual -\",\"isPartOf\":{\"@id\":\"https:\\\/\\\/quehacerpolitico.mx\\\/#website\"},\"primaryImageOfPage\":{\"@id\":\"https:\\\/\\\/quehacerpolitico.mx\\\/?p=79882#primaryimage\"},\"image\":{\"@id\":\"https:\\\/\\\/quehacerpolitico.mx\\\/?p=79882#primaryimage\"},\"thumbnailUrl\":\"https:\\\/\\\/quehacerpolitico.mx\\\/wp-content\\\/uploads\\\/2021\\\/04\\\/17B6D2BD-839E-4057-841B-8EB937729CD0.jpeg\",\"datePublished\":\"2021-04-23T03:45:35+00:00\",\"author\":{\"@id\":\"https:\\\/\\\/quehacerpolitico.mx\\\/#\\\/schema\\\/person\\\/496d8ad2d1d3f8036101dca7ee39e585\"},\"breadcrumb\":{\"@id\":\"https:\\\/\\\/quehacerpolitico.mx\\\/?p=79882#breadcrumb\"},\"inLanguage\":\"es\",\"potentialAction\":[{\"@type\":\"ReadAction\",\"target\":[\"https:\\\/\\\/quehacerpolitico.mx\\\/?p=79882\"]}]},{\"@type\":\"ImageObject\",\"inLanguage\":\"es\",\"@id\":\"https:\\\/\\\/quehacerpolitico.mx\\\/?p=79882#primaryimage\",\"url\":\"https:\\\/\\\/quehacerpolitico.mx\\\/wp-content\\\/uploads\\\/2021\\\/04\\\/17B6D2BD-839E-4057-841B-8EB937729CD0.jpeg\",\"contentUrl\":\"https:\\\/\\\/quehacerpolitico.mx\\\/wp-content\\\/uploads\\\/2021\\\/04\\\/17B6D2BD-839E-4057-841B-8EB937729CD0.jpeg\",\"width\":1073,\"height\":686},{\"@type\":\"BreadcrumbList\",\"@id\":\"https:\\\/\\\/quehacerpolitico.mx\\\/?p=79882#breadcrumb\",\"itemListElement\":[{\"@type\":\"ListItem\",\"position\":1,\"name\":\"Inicio\",\"item\":\"https:\\\/\\\/quehacerpolitico.mx\\\/\"},{\"@type\":\"ListItem\",\"position\":2,\"name\":\"Morena pide a diputado Benjam\u00edn Sa\u00fal Huerta solicitar licencia por presunto abuso sexual\"}]},{\"@type\":\"WebSite\",\"@id\":\"https:\\\/\\\/quehacerpolitico.mx\\\/#website\",\"url\":\"https:\\\/\\\/quehacerpolitico.mx\\\/\",\"name\":\"\",\"description\":\"\",\"potentialAction\":[{\"@type\":\"SearchAction\",\"target\":{\"@type\":\"EntryPoint\",\"urlTemplate\":\"https:\\\/\\\/quehacerpolitico.mx\\\/?s={search_term_string}\"},\"query-input\":{\"@type\":\"PropertyValueSpecification\",\"valueRequired\":true,\"valueName\":\"search_term_string\"}}],\"inLanguage\":\"es\"},{\"@type\":\"Person\",\"@id\":\"https:\\\/\\\/quehacerpolitico.mx\\\/#\\\/schema\\\/person\\\/496d8ad2d1d3f8036101dca7ee39e585\",\"name\":\"Redacci\u00f3n QP\",\"image\":{\"@type\":\"ImageObject\",\"inLanguage\":\"es\",\"@id\":\"https:\\\/\\\/secure.gravatar.com\\\/avatar\\\/c7164ed6fdec453195284ad24a5ae5b6e1eed2b848477fa2a4787ba9adf39a41?s=96&d=mm&r=g\",\"url\":\"https:\\\/\\\/secure.gravatar.com\\\/avatar\\\/c7164ed6fdec453195284ad24a5ae5b6e1eed2b848477fa2a4787ba9adf39a41?s=96&d=mm&r=g\",\"contentUrl\":\"https:\\\/\\\/secure.gravatar.com\\\/avatar\\\/c7164ed6fdec453195284ad24a5ae5b6e1eed2b848477fa2a4787ba9adf39a41?s=96&d=mm&r=g\",\"caption\":\"Redacci\u00f3n QP\"},\"url\":\"https:\\\/\\\/quehacerpolitico.mx\\\/?author=2\"}]}<\/script>\n<!-- \/ Yoast SEO plugin. -->","yoast_head_json":{"title":"Morena pide a diputado Benjam\u00edn Sa\u00fal Huerta solicitar licencia por presunto abuso sexual -","robots":{"index":"index","follow":"follow","max-snippet":"max-snippet:-1","max-image-preview":"max-image-preview:large","max-video-preview":"max-video-preview:-1"},"canonical":"https:\/\/quehacerpolitico.mx\/?p=79882","og_locale":"es_MX","og_type":"article","og_title":"Morena pide a diputado Benjam\u00edn Sa\u00fal Huerta solicitar licencia por presunto abuso sexual -","og_description":"Morena pide a diputado Benjam\u00edn Sa\u00fal Huerta solicitar licencia por presunto abuso sexual Por Redacci\u00f3n...","og_url":"https:\/\/quehacerpolitico.mx\/?p=79882","article_published_time":"2021-04-23T03:45:35+00:00","og_image":[{"width":1073,"height":686,"url":"https:\/\/quehacerpolitico.mx\/wp-content\/uploads\/2021\/04\/17B6D2BD-839E-4057-841B-8EB937729CD0.jpeg","type":"image\/jpeg"}],"author":"Redacci\u00f3n QP","twitter_card":"summary_large_image","twitter_misc":{"Escrito por":"Redacci\u00f3n QP","Tiempo de lectura":"2 minutos"},"schema":{"@context":"https:\/\/schema.org","@graph":[{"@type":"Article","@id":"https:\/\/quehacerpolitico.mx\/?p=79882#article","isPartOf":{"@id":"https:\/\/quehacerpolitico.mx\/?p=79882"},"author":{"name":"Redacci\u00f3n QP","@id":"https:\/\/quehacerpolitico.mx\/#\/schema\/person\/496d8ad2d1d3f8036101dca7ee39e585"},"headline":"Morena pide a diputado Benjam\u00edn Sa\u00fal Huerta solicitar licencia por presunto abuso sexual","datePublished":"2021-04-23T03:45:35+00:00","mainEntityOfPage":{"@id":"https:\/\/quehacerpolitico.mx\/?p=79882"},"wordCount":324,"commentCount":0,"image":{"@id":"https:\/\/quehacerpolitico.mx\/?p=79882#primaryimage"},"thumbnailUrl":"https:\/\/quehacerpolitico.mx\/wp-content\/uploads\/2021\/04\/17B6D2BD-839E-4057-841B-8EB937729CD0.jpeg","articleSection":["Noticias"],"inLanguage":"es","potentialAction":[{"@type":"CommentAction","name":"Comment","target":["https:\/\/quehacerpolitico.mx\/?p=79882#respond"]}]},{"@type":"WebPage","@id":"https:\/\/quehacerpolitico.mx\/?p=79882","url":"https:\/\/quehacerpolitico.mx\/?p=79882","name":"Morena pide a diputado Benjam\u00edn Sa\u00fal Huerta solicitar licencia por presunto abuso sexual -","isPartOf":{"@id":"https:\/\/quehacerpolitico.mx\/#website"},"primaryImageOfPage":{"@id":"https:\/\/quehacerpolitico.mx\/?p=79882#primaryimage"},"image":{"@id":"https:\/\/quehacerpolitico.mx\/?p=79882#primaryimage"},"thumbnailUrl":"https:\/\/quehacerpolitico.mx\/wp-content\/uploads\/2021\/04\/17B6D2BD-839E-4057-841B-8EB937729CD0.jpeg","datePublished":"2021-04-23T03:45:35+00:00","author":{"@id":"https:\/\/quehacerpolitico.mx\/#\/schema\/person\/496d8ad2d1d3f8036101dca7ee39e585"},"breadcrumb":{"@id":"https:\/\/quehacerpolitico.mx\/?p=79882#breadcrumb"},"inLanguage":"es","potentialAction":[{"@type":"ReadAction","target":["https:\/\/quehacerpolitico.mx\/?p=79882"]}]},{"@type":"ImageObject","inLanguage":"es","@id":"https:\/\/quehacerpolitico.mx\/?p=79882#primaryimage","url":"https:\/\/quehacerpolitico.mx\/wp-content\/uploads\/2021\/04\/17B6D2BD-839E-4057-841B-8EB937729CD0.jpeg","contentUrl":"https:\/\/quehacerpolitico.mx\/wp-content\/uploads\/2021\/04\/17B6D2BD-839E-4057-841B-8EB937729CD0.jpeg","width":1073,"height":686},{"@type":"BreadcrumbList","@id":"https:\/\/quehacerpolitico.mx\/?p=79882#breadcrumb","itemListElement":[{"@type":"ListItem","position":1,"name":"Inicio","item":"https:\/\/quehacerpolitico.mx\/"},{"@type":"ListItem","position":2,"name":"Morena pide a diputado Benjam\u00edn Sa\u00fal Huerta solicitar licencia por presunto abuso sexual"}]},{"@type":"WebSite","@id":"https:\/\/quehacerpolitico.mx\/#website","url":"https:\/\/quehacerpolitico.mx\/","name":"","description":"","potentialAction":[{"@type":"SearchAction","target":{"@type":"EntryPoint","urlTemplate":"https:\/\/quehacerpolitico.mx\/?s={search_term_string}"},"query-input":{"@type":"PropertyValueSpecification","valueRequired":true,"valueName":"search_term_string"}}],"inLanguage":"es"},{"@type":"Person","@id":"https:\/\/quehacerpolitico.mx\/#\/schema\/person\/496d8ad2d1d3f8036101dca7ee39e585","name":"Redacci\u00f3n QP","image":{"@type":"ImageObject","inLanguage":"es","@id":"https:\/\/secure.gravatar.com\/avatar\/c7164ed6fdec453195284ad24a5ae5b6e1eed2b848477fa2a4787ba9adf39a41?s=96&d=mm&r=g","url":"https:\/\/secure.gravatar.com\/avatar\/c7164ed6fdec453195284ad24a5ae5b6e1eed2b848477fa2a4787ba9adf39a41?s=96&d=mm&r=g","contentUrl":"https:\/\/secure.gravatar.com\/avatar\/c7164ed6fdec453195284ad24a5ae5b6e1eed2b848477fa2a4787ba9adf39a41?s=96&d=mm&r=g","caption":"Redacci\u00f3n QP"},"url":"https:\/\/quehacerpolitico.mx\/?author=2"}]}},"featured_image_urls":{"full":["https:\/\/quehacerpolitico.mx\/wp-content\/uploads\/2021\/04\/17B6D2BD-839E-4057-841B-8EB937729CD0.jpeg",1073,686,false],"thumbnail":["https:\/\/quehacerpolitico.mx\/wp-content\/uploads\/2021\/04\/17B6D2BD-839E-4057-841B-8EB937729CD0-150x150.jpeg",150,150,true],"medium":["https:\/\/quehacerpolitico.mx\/wp-content\/uploads\/2021\/04\/17B6D2BD-839E-4057-841B-8EB937729CD0-300x192.jpeg",300,192,true],"medium_large":["https:\/\/quehacerpolitico.mx\/wp-content\/uploads\/2021\/04\/17B6D2BD-839E-4057-841B-8EB937729CD0-768x491.jpeg",640,409,true],"large":["https:\/\/quehacerpolitico.mx\/wp-content\/uploads\/2021\/04\/17B6D2BD-839E-4057-841B-8EB937729CD0-1024x655.jpeg",640,409,true],"1536x1536":["https:\/\/quehacerpolitico.mx\/wp-content\/uploads\/2021\/04\/17B6D2BD-839E-4057-841B-8EB937729CD0.jpeg",1073,686,false],"2048x2048":["https:\/\/quehacerpolitico.mx\/wp-content\/uploads\/2021\/04\/17B6D2BD-839E-4057-841B-8EB937729CD0.jpeg",1073,686,false],"covernews-featured":["https:\/\/quehacerpolitico.mx\/wp-content\/uploads\/2021\/04\/17B6D2BD-839E-4057-841B-8EB937729CD0.jpeg",1024,655,false],"covernews-medium":["https:\/\/quehacerpolitico.mx\/wp-content\/uploads\/2021\/04\/17B6D2BD-839E-4057-841B-8EB937729CD0.jpeg",532,340,false]},"author_info":{"display_name":"Redacci\u00f3n QP","author_link":"https:\/\/quehacerpolitico.mx\/?author=2"},"category_info":"<a href=\"https:\/\/quehacerpolitico.mx\/?cat=2\" rel=\"category\">Noticias<\/a>","tag_info":"Noticias","comment_count":"0","_links":{"self":[{"href":"https:\/\/quehacerpolitico.mx\/index.php?rest_route=\/wp\/v2\/posts\/79882","targetHints":{"allow":["GET"]}}],"collection":[{"href":"https:\/\/quehacerpolitico.mx\/index.php?rest_route=\/wp\/v2\/posts"}],"about":[{"href":"https:\/\/quehacerpolitico.mx\/index.php?rest_route=\/wp\/v2\/types\/post"}],"author":[{"embeddable":true,"href":"https:\/\/quehacerpolitico.mx\/index.php?rest_route=\/wp\/v2\/users\/2"}],"replies":[{"embeddable":true,"href":"https:\/\/quehacerpolitico.mx\/index.php?rest_route=%2Fwp%2Fv2%2Fcomments&post=79882"}],"version-history":[{"count":0,"href":"https:\/\/quehacerpolitico.mx\/index.php?rest_route=\/wp\/v2\/posts\/79882\/revisions"}],"wp:featuredmedia":[{"embeddable":true,"href":"https:\/\/quehacerpolitico.mx\/index.php?rest_route=\/wp\/v2\/media\/79885"}],"wp:attachment":[{"href":"https:\/\/quehacerpolitico.mx\/index.php?rest_route=%2Fwp%2Fv2%2Fmedia&parent=79882"}],"wp:term":[{"taxonomy":"category","embeddable":true,"href":"https:\/\/quehacerpolitico.mx\/index.php?rest_route=%2Fwp%2Fv2%2Fcategories&post=79882"},{"taxonomy":"post_tag","embeddable":true,"href":"https:\/\/quehacerpolitico.mx\/index.php?rest_route=%2Fwp%2Fv2%2Ftags&post=79882"}],"curies":[{"name":"wp","href":"https:\/\/api.w.org\/{rel}","templated":true}]}}