{"id":79801,"date":"2021-04-21T03:44:05","date_gmt":"2021-04-21T03:44:05","guid":{"rendered":"https:\/\/quehacerpolitico.mx\/?p=79801"},"modified":"2021-04-21T03:44:05","modified_gmt":"2021-04-21T03:44:05","slug":"fiscalia-recupera-y-resguarda-nina-que-deambulaba-en-la-calle","status":"publish","type":"post","link":"https:\/\/quehacerpolitico.mx\/?p=79801","title":{"rendered":"Fiscal\u00eda recupera y resguarda a ni\u00f1a que deambulaba en la calle"},"content":{"rendered":"<p>Fiscal\u00eda recupera y resguarda a ni\u00f1a que deambulaba en la calle<br \/>\nPor Redacci\u00f3n QP<\/p>\n<p>Los padres de los menores niegan negligencia familiar a pesar de que fue encontrad una ni\u00f1a caminando en la noche en Eje 5 en la alcald\u00eda Iztapalapa.<\/p>\n<blockquote class=\"twitter-tweet\" data-width=\"550\" data-dnt=\"true\">\n<p lang=\"es\" dir=\"ltr\">Con el fin de evitar posibles riesgos en la integridad de dos menores de edad, agentes de <a href=\"https:\/\/twitter.com\/PDI_FGJCDMX?ref_src=twsrc%5Etfw\">@PDI_FGJCDMX<\/a> y personal de trabajo social acudieron a varios domicilios en <a href=\"https:\/\/twitter.com\/Alc_Iztapalapa?ref_src=twsrc%5Etfw\">@Alc_Iztapalapa<\/a> para ubicar, trasladar y resguardar a ambos en instalaciones de la Agencia 59 de <a href=\"https:\/\/twitter.com\/hashtag\/FGJCDMX?src=hash&amp;ref_src=twsrc%5Etfw\">#FGJCDMX<\/a> <a href=\"https:\/\/t.co\/rELLU5WH6a\">pic.twitter.com\/rELLU5WH6a<\/a><\/p>\n<p>&mdash; Fiscal\u00eda CDMX (@FiscaliaCDMX) <a href=\"https:\/\/twitter.com\/FiscaliaCDMX\/status\/1384625491143913482?ref_src=twsrc%5Etfw\">April 20, 2021<\/a><\/p><\/blockquote>\n<p><script async src=\"https:\/\/platform.twitter.com\/widgets.js\" charset=\"utf-8\"><\/script><\/p>\n<p class=\"rtejustify\">El pasado <em>19 de abril <\/em>fue localizada una <strong>menor de edad que deambulaba <\/strong>en <strong>Eje 5 en la alcald\u00eda Iztapalapa<\/strong>, en la madrugada, vecinos la encontraron y llamaron a las autoridades para rescatarla, lo que provoc\u00f3 que la <em>Fiscal\u00eda General de Justicia de la Ciudad de M\u00e9xico hiciera una investigaci\u00f3n.<\/em><\/p>\n<p>https:\/\/twitter.com\/c4jimenez\/status\/1384693646260260869?s=21<\/p>\n<p>https:\/\/twitter.com\/c4jimenez\/status\/1384695007727157251?s=21<\/p>\n<p class=\"rtejustify\">A lo que llev\u00f3 con el paradero de los padres de esta menor, que fue encontrada con lesiones en rodillas y brazos. La Fiscal\u00eda realiz\u00f3 un rescate para esta menor y su hermano, donde les realizaron un estudio psicol\u00f3gico, les dieron alimento y resguardo total; mientras que se est\u00e1n llevado a cabo las diligencias pertinentes.<\/p>\n<p>https:\/\/twitter.com\/c4jimenez\/status\/1384624709371764740?s=21<\/p>\n<p class=\"rtejustify\">Los padres niegan que hayan maltratado a sus hijas, que se reportaron al Minesterio P\u00fablico, para dar su versi\u00f3n de los hechos.<\/p>\n","protected":false},"excerpt":{"rendered":"<p>Fiscal\u00eda recupera y resguarda a ni\u00f1a que deambulaba en la calle Por Redacci\u00f3n QP Los&#8230;<\/p>\n","protected":false},"author":2,"featured_media":79804,"comment_status":"open","ping_status":"open","sticky":false,"template":"","format":"standard","meta":{"_monsterinsights_skip_tracking":false,"_monsterinsights_sitenote_active":false,"_monsterinsights_sitenote_note":"","_monsterinsights_sitenote_category":0,"footnotes":""},"categories":[55],"tags":[],"class_list":["post-79801","post","type-post","status-publish","format-standard","has-post-thumbnail","hentry","category-cdmx"],"yoast_head":"<!-- This site is optimized with the Yoast SEO plugin v27.3 - https:\/\/yoast.com\/product\/yoast-seo-wordpress\/ -->\n<title>Fiscal\u00eda recupera y resguarda a ni\u00f1a que deambulaba en la calle -<\/title>\n<meta name=\"robots\" content=\"index, follow, max-snippet:-1, max-image-preview:large, max-video-preview:-1\" \/>\n<link rel=\"canonical\" href=\"https:\/\/quehacerpolitico.mx\/?p=79801\" \/>\n<meta property=\"og:locale\" content=\"es_MX\" \/>\n<meta property=\"og:type\" content=\"article\" \/>\n<meta property=\"og:title\" content=\"Fiscal\u00eda recupera y resguarda a ni\u00f1a que deambulaba en la calle -\" \/>\n<meta property=\"og:description\" content=\"Fiscal\u00eda recupera y resguarda a ni\u00f1a que deambulaba en la calle Por Redacci\u00f3n QP Los...\" \/>\n<meta property=\"og:url\" content=\"https:\/\/quehacerpolitico.mx\/?p=79801\" \/>\n<meta property=\"article:published_time\" content=\"2021-04-21T03:44:05+00:00\" \/>\n<meta property=\"og:image\" content=\"https:\/\/quehacerpolitico.mx\/wp-content\/uploads\/2021\/04\/C4E0FF58-D256-4AE8-AE7B-60353C6C2FF9.jpeg\" \/>\n\t<meta property=\"og:image:width\" content=\"768\" \/>\n\t<meta property=\"og:image:height\" content=\"1024\" \/>\n\t<meta property=\"og:image:type\" content=\"image\/jpeg\" \/>\n<meta name=\"author\" content=\"Redacci\u00f3n QP\" \/>\n<meta name=\"twitter:card\" content=\"summary_large_image\" \/>\n<meta name=\"twitter:label1\" content=\"Escrito por\" \/>\n\t<meta name=\"twitter:data1\" content=\"Redacci\u00f3n QP\" \/>\n\t<meta name=\"twitter:label2\" content=\"Tiempo de lectura\" \/>\n\t<meta name=\"twitter:data2\" content=\"1 minuto\" \/>\n<script type=\"application\/ld+json\" class=\"yoast-schema-graph\">{\"@context\":\"https:\\\/\\\/schema.org\",\"@graph\":[{\"@type\":\"Article\",\"@id\":\"https:\\\/\\\/quehacerpolitico.mx\\\/?p=79801#article\",\"isPartOf\":{\"@id\":\"https:\\\/\\\/quehacerpolitico.mx\\\/?p=79801\"},\"author\":{\"name\":\"Redacci\u00f3n QP\",\"@id\":\"https:\\\/\\\/quehacerpolitico.mx\\\/#\\\/schema\\\/person\\\/496d8ad2d1d3f8036101dca7ee39e585\"},\"headline\":\"Fiscal\u00eda recupera y resguarda a ni\u00f1a que deambulaba en la calle\",\"datePublished\":\"2021-04-21T03:44:05+00:00\",\"mainEntityOfPage\":{\"@id\":\"https:\\\/\\\/quehacerpolitico.mx\\\/?p=79801\"},\"wordCount\":219,\"commentCount\":0,\"image\":{\"@id\":\"https:\\\/\\\/quehacerpolitico.mx\\\/?p=79801#primaryimage\"},\"thumbnailUrl\":\"https:\\\/\\\/quehacerpolitico.mx\\\/wp-content\\\/uploads\\\/2021\\\/04\\\/C4E0FF58-D256-4AE8-AE7B-60353C6C2FF9.jpeg\",\"articleSection\":[\"CDMX\"],\"inLanguage\":\"es\",\"potentialAction\":[{\"@type\":\"CommentAction\",\"name\":\"Comment\",\"target\":[\"https:\\\/\\\/quehacerpolitico.mx\\\/?p=79801#respond\"]}]},{\"@type\":\"WebPage\",\"@id\":\"https:\\\/\\\/quehacerpolitico.mx\\\/?p=79801\",\"url\":\"https:\\\/\\\/quehacerpolitico.mx\\\/?p=79801\",\"name\":\"Fiscal\u00eda recupera y resguarda a ni\u00f1a que deambulaba en la calle -\",\"isPartOf\":{\"@id\":\"https:\\\/\\\/quehacerpolitico.mx\\\/#website\"},\"primaryImageOfPage\":{\"@id\":\"https:\\\/\\\/quehacerpolitico.mx\\\/?p=79801#primaryimage\"},\"image\":{\"@id\":\"https:\\\/\\\/quehacerpolitico.mx\\\/?p=79801#primaryimage\"},\"thumbnailUrl\":\"https:\\\/\\\/quehacerpolitico.mx\\\/wp-content\\\/uploads\\\/2021\\\/04\\\/C4E0FF58-D256-4AE8-AE7B-60353C6C2FF9.jpeg\",\"datePublished\":\"2021-04-21T03:44:05+00:00\",\"author\":{\"@id\":\"https:\\\/\\\/quehacerpolitico.mx\\\/#\\\/schema\\\/person\\\/496d8ad2d1d3f8036101dca7ee39e585\"},\"breadcrumb\":{\"@id\":\"https:\\\/\\\/quehacerpolitico.mx\\\/?p=79801#breadcrumb\"},\"inLanguage\":\"es\",\"potentialAction\":[{\"@type\":\"ReadAction\",\"target\":[\"https:\\\/\\\/quehacerpolitico.mx\\\/?p=79801\"]}]},{\"@type\":\"ImageObject\",\"inLanguage\":\"es\",\"@id\":\"https:\\\/\\\/quehacerpolitico.mx\\\/?p=79801#primaryimage\",\"url\":\"https:\\\/\\\/quehacerpolitico.mx\\\/wp-content\\\/uploads\\\/2021\\\/04\\\/C4E0FF58-D256-4AE8-AE7B-60353C6C2FF9.jpeg\",\"contentUrl\":\"https:\\\/\\\/quehacerpolitico.mx\\\/wp-content\\\/uploads\\\/2021\\\/04\\\/C4E0FF58-D256-4AE8-AE7B-60353C6C2FF9.jpeg\",\"width\":768,\"height\":1024},{\"@type\":\"BreadcrumbList\",\"@id\":\"https:\\\/\\\/quehacerpolitico.mx\\\/?p=79801#breadcrumb\",\"itemListElement\":[{\"@type\":\"ListItem\",\"position\":1,\"name\":\"Inicio\",\"item\":\"https:\\\/\\\/quehacerpolitico.mx\\\/\"},{\"@type\":\"ListItem\",\"position\":2,\"name\":\"Fiscal\u00eda recupera y resguarda a ni\u00f1a que deambulaba en la calle\"}]},{\"@type\":\"WebSite\",\"@id\":\"https:\\\/\\\/quehacerpolitico.mx\\\/#website\",\"url\":\"https:\\\/\\\/quehacerpolitico.mx\\\/\",\"name\":\"\",\"description\":\"\",\"potentialAction\":[{\"@type\":\"SearchAction\",\"target\":{\"@type\":\"EntryPoint\",\"urlTemplate\":\"https:\\\/\\\/quehacerpolitico.mx\\\/?s={search_term_string}\"},\"query-input\":{\"@type\":\"PropertyValueSpecification\",\"valueRequired\":true,\"valueName\":\"search_term_string\"}}],\"inLanguage\":\"es\"},{\"@type\":\"Person\",\"@id\":\"https:\\\/\\\/quehacerpolitico.mx\\\/#\\\/schema\\\/person\\\/496d8ad2d1d3f8036101dca7ee39e585\",\"name\":\"Redacci\u00f3n QP\",\"image\":{\"@type\":\"ImageObject\",\"inLanguage\":\"es\",\"@id\":\"https:\\\/\\\/secure.gravatar.com\\\/avatar\\\/c7164ed6fdec453195284ad24a5ae5b6e1eed2b848477fa2a4787ba9adf39a41?s=96&d=mm&r=g\",\"url\":\"https:\\\/\\\/secure.gravatar.com\\\/avatar\\\/c7164ed6fdec453195284ad24a5ae5b6e1eed2b848477fa2a4787ba9adf39a41?s=96&d=mm&r=g\",\"contentUrl\":\"https:\\\/\\\/secure.gravatar.com\\\/avatar\\\/c7164ed6fdec453195284ad24a5ae5b6e1eed2b848477fa2a4787ba9adf39a41?s=96&d=mm&r=g\",\"caption\":\"Redacci\u00f3n QP\"},\"url\":\"https:\\\/\\\/quehacerpolitico.mx\\\/?author=2\"}]}<\/script>\n<!-- \/ Yoast SEO plugin. -->","yoast_head_json":{"title":"Fiscal\u00eda recupera y resguarda a ni\u00f1a que deambulaba en la calle -","robots":{"index":"index","follow":"follow","max-snippet":"max-snippet:-1","max-image-preview":"max-image-preview:large","max-video-preview":"max-video-preview:-1"},"canonical":"https:\/\/quehacerpolitico.mx\/?p=79801","og_locale":"es_MX","og_type":"article","og_title":"Fiscal\u00eda recupera y resguarda a ni\u00f1a que deambulaba en la calle -","og_description":"Fiscal\u00eda recupera y resguarda a ni\u00f1a que deambulaba en la calle Por Redacci\u00f3n QP Los...","og_url":"https:\/\/quehacerpolitico.mx\/?p=79801","article_published_time":"2021-04-21T03:44:05+00:00","og_image":[{"width":768,"height":1024,"url":"https:\/\/quehacerpolitico.mx\/wp-content\/uploads\/2021\/04\/C4E0FF58-D256-4AE8-AE7B-60353C6C2FF9.jpeg","type":"image\/jpeg"}],"author":"Redacci\u00f3n QP","twitter_card":"summary_large_image","twitter_misc":{"Escrito por":"Redacci\u00f3n QP","Tiempo de lectura":"1 minuto"},"schema":{"@context":"https:\/\/schema.org","@graph":[{"@type":"Article","@id":"https:\/\/quehacerpolitico.mx\/?p=79801#article","isPartOf":{"@id":"https:\/\/quehacerpolitico.mx\/?p=79801"},"author":{"name":"Redacci\u00f3n QP","@id":"https:\/\/quehacerpolitico.mx\/#\/schema\/person\/496d8ad2d1d3f8036101dca7ee39e585"},"headline":"Fiscal\u00eda recupera y resguarda a ni\u00f1a que deambulaba en la calle","datePublished":"2021-04-21T03:44:05+00:00","mainEntityOfPage":{"@id":"https:\/\/quehacerpolitico.mx\/?p=79801"},"wordCount":219,"commentCount":0,"image":{"@id":"https:\/\/quehacerpolitico.mx\/?p=79801#primaryimage"},"thumbnailUrl":"https:\/\/quehacerpolitico.mx\/wp-content\/uploads\/2021\/04\/C4E0FF58-D256-4AE8-AE7B-60353C6C2FF9.jpeg","articleSection":["CDMX"],"inLanguage":"es","potentialAction":[{"@type":"CommentAction","name":"Comment","target":["https:\/\/quehacerpolitico.mx\/?p=79801#respond"]}]},{"@type":"WebPage","@id":"https:\/\/quehacerpolitico.mx\/?p=79801","url":"https:\/\/quehacerpolitico.mx\/?p=79801","name":"Fiscal\u00eda recupera y resguarda a ni\u00f1a que deambulaba en la calle -","isPartOf":{"@id":"https:\/\/quehacerpolitico.mx\/#website"},"primaryImageOfPage":{"@id":"https:\/\/quehacerpolitico.mx\/?p=79801#primaryimage"},"image":{"@id":"https:\/\/quehacerpolitico.mx\/?p=79801#primaryimage"},"thumbnailUrl":"https:\/\/quehacerpolitico.mx\/wp-content\/uploads\/2021\/04\/C4E0FF58-D256-4AE8-AE7B-60353C6C2FF9.jpeg","datePublished":"2021-04-21T03:44:05+00:00","author":{"@id":"https:\/\/quehacerpolitico.mx\/#\/schema\/person\/496d8ad2d1d3f8036101dca7ee39e585"},"breadcrumb":{"@id":"https:\/\/quehacerpolitico.mx\/?p=79801#breadcrumb"},"inLanguage":"es","potentialAction":[{"@type":"ReadAction","target":["https:\/\/quehacerpolitico.mx\/?p=79801"]}]},{"@type":"ImageObject","inLanguage":"es","@id":"https:\/\/quehacerpolitico.mx\/?p=79801#primaryimage","url":"https:\/\/quehacerpolitico.mx\/wp-content\/uploads\/2021\/04\/C4E0FF58-D256-4AE8-AE7B-60353C6C2FF9.jpeg","contentUrl":"https:\/\/quehacerpolitico.mx\/wp-content\/uploads\/2021\/04\/C4E0FF58-D256-4AE8-AE7B-60353C6C2FF9.jpeg","width":768,"height":1024},{"@type":"BreadcrumbList","@id":"https:\/\/quehacerpolitico.mx\/?p=79801#breadcrumb","itemListElement":[{"@type":"ListItem","position":1,"name":"Inicio","item":"https:\/\/quehacerpolitico.mx\/"},{"@type":"ListItem","position":2,"name":"Fiscal\u00eda recupera y resguarda a ni\u00f1a que deambulaba en la calle"}]},{"@type":"WebSite","@id":"https:\/\/quehacerpolitico.mx\/#website","url":"https:\/\/quehacerpolitico.mx\/","name":"","description":"","potentialAction":[{"@type":"SearchAction","target":{"@type":"EntryPoint","urlTemplate":"https:\/\/quehacerpolitico.mx\/?s={search_term_string}"},"query-input":{"@type":"PropertyValueSpecification","valueRequired":true,"valueName":"search_term_string"}}],"inLanguage":"es"},{"@type":"Person","@id":"https:\/\/quehacerpolitico.mx\/#\/schema\/person\/496d8ad2d1d3f8036101dca7ee39e585","name":"Redacci\u00f3n QP","image":{"@type":"ImageObject","inLanguage":"es","@id":"https:\/\/secure.gravatar.com\/avatar\/c7164ed6fdec453195284ad24a5ae5b6e1eed2b848477fa2a4787ba9adf39a41?s=96&d=mm&r=g","url":"https:\/\/secure.gravatar.com\/avatar\/c7164ed6fdec453195284ad24a5ae5b6e1eed2b848477fa2a4787ba9adf39a41?s=96&d=mm&r=g","contentUrl":"https:\/\/secure.gravatar.com\/avatar\/c7164ed6fdec453195284ad24a5ae5b6e1eed2b848477fa2a4787ba9adf39a41?s=96&d=mm&r=g","caption":"Redacci\u00f3n QP"},"url":"https:\/\/quehacerpolitico.mx\/?author=2"}]}},"featured_image_urls":{"full":["https:\/\/quehacerpolitico.mx\/wp-content\/uploads\/2021\/04\/C4E0FF58-D256-4AE8-AE7B-60353C6C2FF9.jpeg",768,1024,false],"thumbnail":["https:\/\/quehacerpolitico.mx\/wp-content\/uploads\/2021\/04\/C4E0FF58-D256-4AE8-AE7B-60353C6C2FF9-150x150.jpeg",150,150,true],"medium":["https:\/\/quehacerpolitico.mx\/wp-content\/uploads\/2021\/04\/C4E0FF58-D256-4AE8-AE7B-60353C6C2FF9-225x300.jpeg",225,300,true],"medium_large":["https:\/\/quehacerpolitico.mx\/wp-content\/uploads\/2021\/04\/C4E0FF58-D256-4AE8-AE7B-60353C6C2FF9.jpeg",640,853,false],"large":["https:\/\/quehacerpolitico.mx\/wp-content\/uploads\/2021\/04\/C4E0FF58-D256-4AE8-AE7B-60353C6C2FF9.jpeg",640,853,false],"1536x1536":["https:\/\/quehacerpolitico.mx\/wp-content\/uploads\/2021\/04\/C4E0FF58-D256-4AE8-AE7B-60353C6C2FF9.jpeg",768,1024,false],"2048x2048":["https:\/\/quehacerpolitico.mx\/wp-content\/uploads\/2021\/04\/C4E0FF58-D256-4AE8-AE7B-60353C6C2FF9.jpeg",768,1024,false],"covernews-featured":["https:\/\/quehacerpolitico.mx\/wp-content\/uploads\/2021\/04\/C4E0FF58-D256-4AE8-AE7B-60353C6C2FF9.jpeg",768,1024,false],"covernews-medium":["https:\/\/quehacerpolitico.mx\/wp-content\/uploads\/2021\/04\/C4E0FF58-D256-4AE8-AE7B-60353C6C2FF9.jpeg",255,340,false]},"author_info":{"display_name":"Redacci\u00f3n QP","author_link":"https:\/\/quehacerpolitico.mx\/?author=2"},"category_info":"<a href=\"https:\/\/quehacerpolitico.mx\/?cat=55\" rel=\"category\">CDMX<\/a>","tag_info":"CDMX","comment_count":"0","_links":{"self":[{"href":"https:\/\/quehacerpolitico.mx\/index.php?rest_route=\/wp\/v2\/posts\/79801","targetHints":{"allow":["GET"]}}],"collection":[{"href":"https:\/\/quehacerpolitico.mx\/index.php?rest_route=\/wp\/v2\/posts"}],"about":[{"href":"https:\/\/quehacerpolitico.mx\/index.php?rest_route=\/wp\/v2\/types\/post"}],"author":[{"embeddable":true,"href":"https:\/\/quehacerpolitico.mx\/index.php?rest_route=\/wp\/v2\/users\/2"}],"replies":[{"embeddable":true,"href":"https:\/\/quehacerpolitico.mx\/index.php?rest_route=%2Fwp%2Fv2%2Fcomments&post=79801"}],"version-history":[{"count":0,"href":"https:\/\/quehacerpolitico.mx\/index.php?rest_route=\/wp\/v2\/posts\/79801\/revisions"}],"wp:featuredmedia":[{"embeddable":true,"href":"https:\/\/quehacerpolitico.mx\/index.php?rest_route=\/wp\/v2\/media\/79804"}],"wp:attachment":[{"href":"https:\/\/quehacerpolitico.mx\/index.php?rest_route=%2Fwp%2Fv2%2Fmedia&parent=79801"}],"wp:term":[{"taxonomy":"category","embeddable":true,"href":"https:\/\/quehacerpolitico.mx\/index.php?rest_route=%2Fwp%2Fv2%2Fcategories&post=79801"},{"taxonomy":"post_tag","embeddable":true,"href":"https:\/\/quehacerpolitico.mx\/index.php?rest_route=%2Fwp%2Fv2%2Ftags&post=79801"}],"curies":[{"name":"wp","href":"https:\/\/api.w.org\/{rel}","templated":true}]}}