{"id":79797,"date":"2021-04-21T03:16:12","date_gmt":"2021-04-21T03:16:12","guid":{"rendered":"https:\/\/quehacerpolitico.mx\/?p=79797"},"modified":"2021-04-21T03:16:12","modified_gmt":"2021-04-21T03:16:12","slug":"senadora-revela-interes-de-amlo-en-jalisco-y-nuevo-leon","status":"publish","type":"post","link":"https:\/\/quehacerpolitico.mx\/?p=79797","title":{"rendered":"Senadora revela inter\u00e9s de AMLO en Jalisco y Nuevo Le\u00f3n"},"content":{"rendered":"<h1 class=\"news-title\">Senadora revela inter\u00e9s de AMLO en Jalisco y Nuevo Le\u00f3n<br \/>\nPor Redacci\u00f3n QP<\/h1>\n<p>La legisladora Mar\u00eda Mercedes Gonz\u00e1lez realiz\u00f3 comentarios privados para su grupo parlamentario, pero se equivoc\u00f3 de reuni\u00f3n virtual<\/p>\n<p>Antes de iniciar la sesi\u00f3n del Pleno del Senado de este martes, la senadora de Morena, Mar\u00eda Mercedes Gonz\u00e1lez, realiz\u00f3 comentarios privados para su grupo parlamentario, pero se equivoc\u00f3 de reuni\u00f3n virtual y los expres\u00f3 en la sesi\u00f3n general del Senado, ante todos los legisladores.<\/p>\n<p><iframe loading=\"lazy\" title=\"Por descuido, senadora revela inter\u00e9s de AMLO en Jalisco y Nuevo Le\u00f3n\" width=\"640\" height=\"360\" src=\"https:\/\/www.youtube.com\/embed\/rnc3wt4HgbM?feature=oembed\" frameborder=\"0\" allow=\"accelerometer; autoplay; clipboard-write; encrypted-media; gyroscope; picture-in-picture; web-share\" referrerpolicy=\"strict-origin-when-cross-origin\" allowfullscreen><\/iframe><\/p>\n<div id=\"div-pos-2\">La senadora Gonz\u00e1lez revel\u00f3 que seg\u00fan comentarios de su coordinador parlamentario, Ricardo Monreal, existe inter\u00e9s del Presidente Andr\u00e9s Manuel L\u00f3pez Obrador (AMLO) en los estados de Nuevo Le\u00f3n y Jalisco.<\/div>\n<p>&#8220;Monreal nos dijo a la senadora Antonia C\u00e1rdenas y a una servidora que les hici\u00e9ramos este comunicado; <strong>que al Presidente le interesa mucho, en este caso coment\u00f3, los estados de Jalisco y Nuevo Le\u00f3n, bueno todos los estados<\/strong>&#8220;.<\/p>\n<p>Al percatarse del error, la senadora M\u00f3nica Fern\u00e1ndez, tambi\u00e9n de Morena,\u00a0interrumpi\u00f3 a su compa\u00f1era para alertarla de que los comentarios los estaba haciendo ante senadores de todas las bancadas.<\/p>\n<p>&#8220;Mar\u00eda Mercedes, creo que est\u00e1s en el chat de todo el Senado de la Rep\u00fablica,<strong> est\u00e1n senadores de todos los grupos parlamentarios y tu mensaje est\u00e1 dirigido solamente al grupo parlamentario de Morena<\/strong>. Yo creo que ese mensaje podr\u00edas transmitirlo en otros espacio&#8221;, le dijo. Hasta ese momento la senadora, Mar\u00eda Mercedes Gonz\u00e1lez se percat\u00f3 de la situaci\u00f3n. &#8220;Ah s\u00ed, s\u00ed, tienes raz\u00f3n, tienes raz\u00f3n&#8221;, le respondi\u00f3 a Fern\u00e1ndez Balboa.<\/p>\n<blockquote class=\"twitter-tweet\" data-width=\"550\" data-dnt=\"true\">\n<p lang=\"es\" dir=\"ltr\">Como cuando te equivocas de chat y le cuentas a toda la clase lo que solo era para tu grupito \ud83e\udd2d<\/p>\n<p>La senadora de Morena Mar\u00eda Merced Gonz\u00e1lez le cont\u00f3 al Senado que al presidente &quot;le interesan mucho los estados de Jalisco y Nuevo Le\u00f3n&quot;.<a href=\"https:\/\/t.co\/uka63W0lIB\">pic.twitter.com\/uka63W0lIB<\/a><\/p>\n<p>&mdash; Ruido en la Red (@RuidoEnLaRed) <a href=\"https:\/\/twitter.com\/RuidoEnLaRed\/status\/1384636243128901634?ref_src=twsrc%5Etfw\">April 20, 2021<\/a><\/p><\/blockquote>\n<p><script async src=\"https:\/\/platform.twitter.com\/widgets.js\" charset=\"utf-8\"><\/script><\/p>\n<p>El senador del PRI, Manuel A\u00f1orve, coment\u00f3 con sarcasmo que el comentario se hab\u00eda transmitido tambi\u00e9n por el Canal del Congreso.<\/p>\n<p>La senadora del PT, Nancy de la Sierra, intervino para tratar de poner calma a la situaci\u00f3n. &#8220;Tampoco la asusten, todav\u00eda no empieza la transmisi\u00f3n&#8221;.<\/p>\n<p>Al final, se escuch\u00f3 el comentario de otro senador: &#8220;Se vale sobar, se vale sobar&#8221;.<\/p>\n<p>Con Informaci\u00f3n de SUN<\/p>\n","protected":false},"excerpt":{"rendered":"<p>Senadora revela inter\u00e9s de AMLO en Jalisco y Nuevo Le\u00f3n Por Redacci\u00f3n QP La legisladora&#8230;<\/p>\n","protected":false},"author":2,"featured_media":79799,"comment_status":"open","ping_status":"open","sticky":false,"template":"","format":"standard","meta":{"_monsterinsights_skip_tracking":false,"_monsterinsights_sitenote_active":false,"_monsterinsights_sitenote_note":"","_monsterinsights_sitenote_category":0,"footnotes":""},"categories":[2],"tags":[],"class_list":["post-79797","post","type-post","status-publish","format-standard","has-post-thumbnail","hentry","category-noticias"],"yoast_head":"<!-- This site is optimized with the Yoast SEO plugin v27.3 - https:\/\/yoast.com\/product\/yoast-seo-wordpress\/ -->\n<title>Senadora revela inter\u00e9s de AMLO en Jalisco y Nuevo Le\u00f3n -<\/title>\n<meta name=\"robots\" content=\"index, follow, max-snippet:-1, max-image-preview:large, max-video-preview:-1\" \/>\n<link rel=\"canonical\" href=\"https:\/\/quehacerpolitico.mx\/?p=79797\" \/>\n<meta property=\"og:locale\" content=\"es_MX\" \/>\n<meta property=\"og:type\" content=\"article\" \/>\n<meta property=\"og:title\" content=\"Senadora revela inter\u00e9s de AMLO en Jalisco y Nuevo Le\u00f3n -\" \/>\n<meta property=\"og:description\" content=\"Senadora revela inter\u00e9s de AMLO en Jalisco y Nuevo Le\u00f3n Por Redacci\u00f3n QP La legisladora...\" \/>\n<meta property=\"og:url\" content=\"https:\/\/quehacerpolitico.mx\/?p=79797\" \/>\n<meta property=\"article:published_time\" content=\"2021-04-21T03:16:12+00:00\" \/>\n<meta property=\"og:image\" content=\"https:\/\/quehacerpolitico.mx\/wp-content\/uploads\/2021\/04\/765230E0-5748-4B54-8121-B5B5A7915687.jpeg\" \/>\n\t<meta property=\"og:image:width\" content=\"1242\" \/>\n\t<meta property=\"og:image:height\" content=\"1156\" \/>\n\t<meta property=\"og:image:type\" content=\"image\/jpeg\" \/>\n<meta name=\"author\" content=\"Redacci\u00f3n QP\" \/>\n<meta name=\"twitter:card\" content=\"summary_large_image\" \/>\n<meta name=\"twitter:label1\" content=\"Escrito por\" \/>\n\t<meta name=\"twitter:data1\" content=\"Redacci\u00f3n QP\" \/>\n\t<meta name=\"twitter:label2\" content=\"Tiempo de lectura\" \/>\n\t<meta name=\"twitter:data2\" content=\"2 minutos\" \/>\n<script type=\"application\/ld+json\" class=\"yoast-schema-graph\">{\"@context\":\"https:\\\/\\\/schema.org\",\"@graph\":[{\"@type\":\"Article\",\"@id\":\"https:\\\/\\\/quehacerpolitico.mx\\\/?p=79797#article\",\"isPartOf\":{\"@id\":\"https:\\\/\\\/quehacerpolitico.mx\\\/?p=79797\"},\"author\":{\"name\":\"Redacci\u00f3n QP\",\"@id\":\"https:\\\/\\\/quehacerpolitico.mx\\\/#\\\/schema\\\/person\\\/496d8ad2d1d3f8036101dca7ee39e585\"},\"headline\":\"Senadora revela inter\u00e9s de AMLO en Jalisco y Nuevo Le\u00f3n\",\"datePublished\":\"2021-04-21T03:16:12+00:00\",\"mainEntityOfPage\":{\"@id\":\"https:\\\/\\\/quehacerpolitico.mx\\\/?p=79797\"},\"wordCount\":375,\"commentCount\":0,\"image\":{\"@id\":\"https:\\\/\\\/quehacerpolitico.mx\\\/?p=79797#primaryimage\"},\"thumbnailUrl\":\"https:\\\/\\\/quehacerpolitico.mx\\\/wp-content\\\/uploads\\\/2021\\\/04\\\/765230E0-5748-4B54-8121-B5B5A7915687.jpeg\",\"articleSection\":[\"Noticias\"],\"inLanguage\":\"es\",\"potentialAction\":[{\"@type\":\"CommentAction\",\"name\":\"Comment\",\"target\":[\"https:\\\/\\\/quehacerpolitico.mx\\\/?p=79797#respond\"]}]},{\"@type\":\"WebPage\",\"@id\":\"https:\\\/\\\/quehacerpolitico.mx\\\/?p=79797\",\"url\":\"https:\\\/\\\/quehacerpolitico.mx\\\/?p=79797\",\"name\":\"Senadora revela inter\u00e9s de AMLO en Jalisco y Nuevo Le\u00f3n -\",\"isPartOf\":{\"@id\":\"https:\\\/\\\/quehacerpolitico.mx\\\/#website\"},\"primaryImageOfPage\":{\"@id\":\"https:\\\/\\\/quehacerpolitico.mx\\\/?p=79797#primaryimage\"},\"image\":{\"@id\":\"https:\\\/\\\/quehacerpolitico.mx\\\/?p=79797#primaryimage\"},\"thumbnailUrl\":\"https:\\\/\\\/quehacerpolitico.mx\\\/wp-content\\\/uploads\\\/2021\\\/04\\\/765230E0-5748-4B54-8121-B5B5A7915687.jpeg\",\"datePublished\":\"2021-04-21T03:16:12+00:00\",\"author\":{\"@id\":\"https:\\\/\\\/quehacerpolitico.mx\\\/#\\\/schema\\\/person\\\/496d8ad2d1d3f8036101dca7ee39e585\"},\"breadcrumb\":{\"@id\":\"https:\\\/\\\/quehacerpolitico.mx\\\/?p=79797#breadcrumb\"},\"inLanguage\":\"es\",\"potentialAction\":[{\"@type\":\"ReadAction\",\"target\":[\"https:\\\/\\\/quehacerpolitico.mx\\\/?p=79797\"]}]},{\"@type\":\"ImageObject\",\"inLanguage\":\"es\",\"@id\":\"https:\\\/\\\/quehacerpolitico.mx\\\/?p=79797#primaryimage\",\"url\":\"https:\\\/\\\/quehacerpolitico.mx\\\/wp-content\\\/uploads\\\/2021\\\/04\\\/765230E0-5748-4B54-8121-B5B5A7915687.jpeg\",\"contentUrl\":\"https:\\\/\\\/quehacerpolitico.mx\\\/wp-content\\\/uploads\\\/2021\\\/04\\\/765230E0-5748-4B54-8121-B5B5A7915687.jpeg\",\"width\":1242,\"height\":1156},{\"@type\":\"BreadcrumbList\",\"@id\":\"https:\\\/\\\/quehacerpolitico.mx\\\/?p=79797#breadcrumb\",\"itemListElement\":[{\"@type\":\"ListItem\",\"position\":1,\"name\":\"Inicio\",\"item\":\"https:\\\/\\\/quehacerpolitico.mx\\\/\"},{\"@type\":\"ListItem\",\"position\":2,\"name\":\"Senadora revela inter\u00e9s de AMLO en Jalisco y Nuevo Le\u00f3n\"}]},{\"@type\":\"WebSite\",\"@id\":\"https:\\\/\\\/quehacerpolitico.mx\\\/#website\",\"url\":\"https:\\\/\\\/quehacerpolitico.mx\\\/\",\"name\":\"\",\"description\":\"\",\"potentialAction\":[{\"@type\":\"SearchAction\",\"target\":{\"@type\":\"EntryPoint\",\"urlTemplate\":\"https:\\\/\\\/quehacerpolitico.mx\\\/?s={search_term_string}\"},\"query-input\":{\"@type\":\"PropertyValueSpecification\",\"valueRequired\":true,\"valueName\":\"search_term_string\"}}],\"inLanguage\":\"es\"},{\"@type\":\"Person\",\"@id\":\"https:\\\/\\\/quehacerpolitico.mx\\\/#\\\/schema\\\/person\\\/496d8ad2d1d3f8036101dca7ee39e585\",\"name\":\"Redacci\u00f3n QP\",\"image\":{\"@type\":\"ImageObject\",\"inLanguage\":\"es\",\"@id\":\"https:\\\/\\\/secure.gravatar.com\\\/avatar\\\/c7164ed6fdec453195284ad24a5ae5b6e1eed2b848477fa2a4787ba9adf39a41?s=96&d=mm&r=g\",\"url\":\"https:\\\/\\\/secure.gravatar.com\\\/avatar\\\/c7164ed6fdec453195284ad24a5ae5b6e1eed2b848477fa2a4787ba9adf39a41?s=96&d=mm&r=g\",\"contentUrl\":\"https:\\\/\\\/secure.gravatar.com\\\/avatar\\\/c7164ed6fdec453195284ad24a5ae5b6e1eed2b848477fa2a4787ba9adf39a41?s=96&d=mm&r=g\",\"caption\":\"Redacci\u00f3n QP\"},\"url\":\"https:\\\/\\\/quehacerpolitico.mx\\\/?author=2\"}]}<\/script>\n<!-- \/ Yoast SEO plugin. -->","yoast_head_json":{"title":"Senadora revela inter\u00e9s de AMLO en Jalisco y Nuevo Le\u00f3n -","robots":{"index":"index","follow":"follow","max-snippet":"max-snippet:-1","max-image-preview":"max-image-preview:large","max-video-preview":"max-video-preview:-1"},"canonical":"https:\/\/quehacerpolitico.mx\/?p=79797","og_locale":"es_MX","og_type":"article","og_title":"Senadora revela inter\u00e9s de AMLO en Jalisco y Nuevo Le\u00f3n -","og_description":"Senadora revela inter\u00e9s de AMLO en Jalisco y Nuevo Le\u00f3n Por Redacci\u00f3n QP La legisladora...","og_url":"https:\/\/quehacerpolitico.mx\/?p=79797","article_published_time":"2021-04-21T03:16:12+00:00","og_image":[{"width":1242,"height":1156,"url":"https:\/\/quehacerpolitico.mx\/wp-content\/uploads\/2021\/04\/765230E0-5748-4B54-8121-B5B5A7915687.jpeg","type":"image\/jpeg"}],"author":"Redacci\u00f3n QP","twitter_card":"summary_large_image","twitter_misc":{"Escrito por":"Redacci\u00f3n QP","Tiempo de lectura":"2 minutos"},"schema":{"@context":"https:\/\/schema.org","@graph":[{"@type":"Article","@id":"https:\/\/quehacerpolitico.mx\/?p=79797#article","isPartOf":{"@id":"https:\/\/quehacerpolitico.mx\/?p=79797"},"author":{"name":"Redacci\u00f3n QP","@id":"https:\/\/quehacerpolitico.mx\/#\/schema\/person\/496d8ad2d1d3f8036101dca7ee39e585"},"headline":"Senadora revela inter\u00e9s de AMLO en Jalisco y Nuevo Le\u00f3n","datePublished":"2021-04-21T03:16:12+00:00","mainEntityOfPage":{"@id":"https:\/\/quehacerpolitico.mx\/?p=79797"},"wordCount":375,"commentCount":0,"image":{"@id":"https:\/\/quehacerpolitico.mx\/?p=79797#primaryimage"},"thumbnailUrl":"https:\/\/quehacerpolitico.mx\/wp-content\/uploads\/2021\/04\/765230E0-5748-4B54-8121-B5B5A7915687.jpeg","articleSection":["Noticias"],"inLanguage":"es","potentialAction":[{"@type":"CommentAction","name":"Comment","target":["https:\/\/quehacerpolitico.mx\/?p=79797#respond"]}]},{"@type":"WebPage","@id":"https:\/\/quehacerpolitico.mx\/?p=79797","url":"https:\/\/quehacerpolitico.mx\/?p=79797","name":"Senadora revela inter\u00e9s de AMLO en Jalisco y Nuevo Le\u00f3n -","isPartOf":{"@id":"https:\/\/quehacerpolitico.mx\/#website"},"primaryImageOfPage":{"@id":"https:\/\/quehacerpolitico.mx\/?p=79797#primaryimage"},"image":{"@id":"https:\/\/quehacerpolitico.mx\/?p=79797#primaryimage"},"thumbnailUrl":"https:\/\/quehacerpolitico.mx\/wp-content\/uploads\/2021\/04\/765230E0-5748-4B54-8121-B5B5A7915687.jpeg","datePublished":"2021-04-21T03:16:12+00:00","author":{"@id":"https:\/\/quehacerpolitico.mx\/#\/schema\/person\/496d8ad2d1d3f8036101dca7ee39e585"},"breadcrumb":{"@id":"https:\/\/quehacerpolitico.mx\/?p=79797#breadcrumb"},"inLanguage":"es","potentialAction":[{"@type":"ReadAction","target":["https:\/\/quehacerpolitico.mx\/?p=79797"]}]},{"@type":"ImageObject","inLanguage":"es","@id":"https:\/\/quehacerpolitico.mx\/?p=79797#primaryimage","url":"https:\/\/quehacerpolitico.mx\/wp-content\/uploads\/2021\/04\/765230E0-5748-4B54-8121-B5B5A7915687.jpeg","contentUrl":"https:\/\/quehacerpolitico.mx\/wp-content\/uploads\/2021\/04\/765230E0-5748-4B54-8121-B5B5A7915687.jpeg","width":1242,"height":1156},{"@type":"BreadcrumbList","@id":"https:\/\/quehacerpolitico.mx\/?p=79797#breadcrumb","itemListElement":[{"@type":"ListItem","position":1,"name":"Inicio","item":"https:\/\/quehacerpolitico.mx\/"},{"@type":"ListItem","position":2,"name":"Senadora revela inter\u00e9s de AMLO en Jalisco y Nuevo Le\u00f3n"}]},{"@type":"WebSite","@id":"https:\/\/quehacerpolitico.mx\/#website","url":"https:\/\/quehacerpolitico.mx\/","name":"","description":"","potentialAction":[{"@type":"SearchAction","target":{"@type":"EntryPoint","urlTemplate":"https:\/\/quehacerpolitico.mx\/?s={search_term_string}"},"query-input":{"@type":"PropertyValueSpecification","valueRequired":true,"valueName":"search_term_string"}}],"inLanguage":"es"},{"@type":"Person","@id":"https:\/\/quehacerpolitico.mx\/#\/schema\/person\/496d8ad2d1d3f8036101dca7ee39e585","name":"Redacci\u00f3n QP","image":{"@type":"ImageObject","inLanguage":"es","@id":"https:\/\/secure.gravatar.com\/avatar\/c7164ed6fdec453195284ad24a5ae5b6e1eed2b848477fa2a4787ba9adf39a41?s=96&d=mm&r=g","url":"https:\/\/secure.gravatar.com\/avatar\/c7164ed6fdec453195284ad24a5ae5b6e1eed2b848477fa2a4787ba9adf39a41?s=96&d=mm&r=g","contentUrl":"https:\/\/secure.gravatar.com\/avatar\/c7164ed6fdec453195284ad24a5ae5b6e1eed2b848477fa2a4787ba9adf39a41?s=96&d=mm&r=g","caption":"Redacci\u00f3n QP"},"url":"https:\/\/quehacerpolitico.mx\/?author=2"}]}},"featured_image_urls":{"full":["https:\/\/quehacerpolitico.mx\/wp-content\/uploads\/2021\/04\/765230E0-5748-4B54-8121-B5B5A7915687.jpeg",1242,1156,false],"thumbnail":["https:\/\/quehacerpolitico.mx\/wp-content\/uploads\/2021\/04\/765230E0-5748-4B54-8121-B5B5A7915687-150x150.jpeg",150,150,true],"medium":["https:\/\/quehacerpolitico.mx\/wp-content\/uploads\/2021\/04\/765230E0-5748-4B54-8121-B5B5A7915687-300x279.jpeg",300,279,true],"medium_large":["https:\/\/quehacerpolitico.mx\/wp-content\/uploads\/2021\/04\/765230E0-5748-4B54-8121-B5B5A7915687-768x715.jpeg",640,596,true],"large":["https:\/\/quehacerpolitico.mx\/wp-content\/uploads\/2021\/04\/765230E0-5748-4B54-8121-B5B5A7915687-1024x953.jpeg",640,596,true],"1536x1536":["https:\/\/quehacerpolitico.mx\/wp-content\/uploads\/2021\/04\/765230E0-5748-4B54-8121-B5B5A7915687.jpeg",1242,1156,false],"2048x2048":["https:\/\/quehacerpolitico.mx\/wp-content\/uploads\/2021\/04\/765230E0-5748-4B54-8121-B5B5A7915687.jpeg",1242,1156,false],"covernews-featured":["https:\/\/quehacerpolitico.mx\/wp-content\/uploads\/2021\/04\/765230E0-5748-4B54-8121-B5B5A7915687.jpeg",1024,953,false],"covernews-medium":["https:\/\/quehacerpolitico.mx\/wp-content\/uploads\/2021\/04\/765230E0-5748-4B54-8121-B5B5A7915687.jpeg",365,340,false]},"author_info":{"display_name":"Redacci\u00f3n QP","author_link":"https:\/\/quehacerpolitico.mx\/?author=2"},"category_info":"<a href=\"https:\/\/quehacerpolitico.mx\/?cat=2\" rel=\"category\">Noticias<\/a>","tag_info":"Noticias","comment_count":"0","_links":{"self":[{"href":"https:\/\/quehacerpolitico.mx\/index.php?rest_route=\/wp\/v2\/posts\/79797","targetHints":{"allow":["GET"]}}],"collection":[{"href":"https:\/\/quehacerpolitico.mx\/index.php?rest_route=\/wp\/v2\/posts"}],"about":[{"href":"https:\/\/quehacerpolitico.mx\/index.php?rest_route=\/wp\/v2\/types\/post"}],"author":[{"embeddable":true,"href":"https:\/\/quehacerpolitico.mx\/index.php?rest_route=\/wp\/v2\/users\/2"}],"replies":[{"embeddable":true,"href":"https:\/\/quehacerpolitico.mx\/index.php?rest_route=%2Fwp%2Fv2%2Fcomments&post=79797"}],"version-history":[{"count":0,"href":"https:\/\/quehacerpolitico.mx\/index.php?rest_route=\/wp\/v2\/posts\/79797\/revisions"}],"wp:featuredmedia":[{"embeddable":true,"href":"https:\/\/quehacerpolitico.mx\/index.php?rest_route=\/wp\/v2\/media\/79799"}],"wp:attachment":[{"href":"https:\/\/quehacerpolitico.mx\/index.php?rest_route=%2Fwp%2Fv2%2Fmedia&parent=79797"}],"wp:term":[{"taxonomy":"category","embeddable":true,"href":"https:\/\/quehacerpolitico.mx\/index.php?rest_route=%2Fwp%2Fv2%2Fcategories&post=79797"},{"taxonomy":"post_tag","embeddable":true,"href":"https:\/\/quehacerpolitico.mx\/index.php?rest_route=%2Fwp%2Fv2%2Ftags&post=79797"}],"curies":[{"name":"wp","href":"https:\/\/api.w.org\/{rel}","templated":true}]}}