{"id":79792,"date":"2021-04-21T02:43:00","date_gmt":"2021-04-21T02:43:00","guid":{"rendered":"https:\/\/quehacerpolitico.mx\/?p=79792"},"modified":"2021-04-21T02:43:00","modified_gmt":"2021-04-21T02:43:00","slug":"en-mexico-hoy-213-mil-048-muertos-y-2-millones-311-mil-172-casos-confirmados-por-covid-19","status":"publish","type":"post","link":"https:\/\/quehacerpolitico.mx\/?p=79792","title":{"rendered":"En Mexico hoy 213 mil 048 muertos y 2 millones 311 mil 172 casos confirmados por COVID-19"},"content":{"rendered":"<h1 class=\"article_title\">En Mexico hoy 213 mil 048 muertos y 2 millones 311 mil 172 casos confirmados por COVID-19<br \/>\nPor Redacci\u00f3n QP<\/h1>\n<div class=\"article_heading\">\n<p>Las autoridades de Salud dan a conocer,la noche del 20 de abril de 2021, que M\u00e9xico ya suma 213 mil 048 muertos por COVID-19<\/p>\n<p>Las autoridades de Salud dan a conocer,la noche del 20 de abril de 2021, que M\u00e9xico ya suma 213 mil 048 muertos y 2 millones 311 mil 172 casos confirmados por COVID-19<\/p>\n<blockquote class=\"twitter-tweet\" data-width=\"550\" data-dnt=\"true\">\n<p lang=\"es\" dir=\"ltr\">Comunicado T\u00e9cnico Diario: Nuevo Coronavirus en el Mundo <a href=\"https:\/\/twitter.com\/hashtag\/COVID19?src=hash&amp;ref_src=twsrc%5Etfw\">#COVID19<\/a> | 20 de abril de 2021<\/p>\n<p>\u27a1\ufe0f <a href=\"https:\/\/t.co\/AJI0GrH4Lx\">https:\/\/t.co\/AJI0GrH4Lx<\/a> <a href=\"https:\/\/t.co\/tnQjJIgm2d\">pic.twitter.com\/tnQjJIgm2d<\/a><\/p>\n<p>&mdash; SALUD M\u00e9xico (@SSalud_mx) <a href=\"https:\/\/twitter.com\/SSalud_mx\/status\/1384682094123577346?ref_src=twsrc%5Etfw\">April 21, 2021<\/a><\/p><\/blockquote>\n<p><script async src=\"https:\/\/platform.twitter.com\/widgets.js\" charset=\"utf-8\"><\/script><\/p>\n<h2>Casos estimados<\/h2>\n<p>Los casos estimados acumulados ascender\u00edan a 2 millones 500 mil 504, de los cuales 26 mil seguir\u00edan activos.<\/p>\n<p>Las personas recuperadas ascienden a 1 mill\u00f3n 836 mil 377.<\/p>\n<p>Hasta el momento se han completado 4 millones 111 mil 121 esquemas de vacunaci\u00f3n COVID.<\/p>\n<h2>Ocupaci\u00f3n hospitalaria<\/h2>\n<p>La ocupaci\u00f3n de camas de hospitalizaci\u00f3n general y de camas con ventilador es del 16% a nivel nacional.<\/p>\n<p>La ocupaci\u00f3n de camas hospitalizaci\u00f3n general es del 15% a nivel nacional, al haber 26 mil 851 camas disponibles de las 31 mil 621 registradas.<\/p>\n<p>Ning\u00fan estado registra una ocupaci\u00f3n de camas de hospitalizaci\u00f3n general superior al 30%.<\/p>\n<p>La ocupaci\u00f3n de camas con ventilador es del 19% a nivel nacional, al haber 8 mil 846 camas libres de las 10 mil 947 reportadas.<\/p>\n<p>En tres estados se registra una ocupaci\u00f3n de camas con ventilador superior al 30%, mientras que en las 29 restantes es menor al 30%.<\/p>\n<blockquote class=\"twitter-tweet\" data-width=\"550\" data-dnt=\"true\">\n<p lang=\"es\" dir=\"ltr\">A nivel nacional, 85% de camas de hospitalizaci\u00f3n general est\u00e1n disponibles y 15% ocupadas. En camas con ventiladores, 81% est\u00e1n disponibles y 19% ocupadas. 2\/2 <a href=\"https:\/\/t.co\/OHsHNYEvVa\">pic.twitter.com\/OHsHNYEvVa<\/a><\/p>\n<p>&mdash; Hugo L\u00f3pez-Gatell Ram\u00edrez (@HLGatell) <a href=\"https:\/\/twitter.com\/HLGatell\/status\/1384661152676810752?ref_src=twsrc%5Etfw\">April 21, 2021<\/a><\/p><\/blockquote>\n<p><script async src=\"https:\/\/platform.twitter.com\/widgets.js\" charset=\"utf-8\"><\/script><\/p>\n<h2>Avance de vacunaci\u00f3n<\/h2>\n<p>El lunes 19 de abril, hasta el corte de las 23:00 horas, se aplicaron 203 mil 435 dosis de la vacuna COVID.<\/p>\n<p>Hasta el momento se han aplicado 14 millones 571 mil 509 dosis de las 18 millones 887 mil 345 recibidas .<\/p>\n<p>Se han perdido un total de 10 mil 431 dosis.<\/p>\n<blockquote class=\"twitter-tweet\" data-width=\"550\" data-dnt=\"true\">\n<p lang=\"es\" dir=\"ltr\">Sigue la vacunaci\u00f3n contra <a href=\"https:\/\/twitter.com\/hashtag\/COVID19?src=hash&amp;ref_src=twsrc%5Etfw\">#COVID19<\/a>; hoy comenz\u00f3 la aplicaci\u00f3n de vacunas a personal educativo de cinco estados para volver a clases presenciales. Al d\u00eda de hoy, en M\u00e9xico se han aplicado 14,571,509 dosis. <a href=\"https:\/\/t.co\/CLngw0s62w\">pic.twitter.com\/CLngw0s62w<\/a><\/p>\n<p>&mdash; Hugo L\u00f3pez-Gatell Ram\u00edrez (@HLGatell) <a href=\"https:\/\/twitter.com\/HLGatell\/status\/1384669461911851009?ref_src=twsrc%5Etfw\">April 21, 2021<\/a><\/p><\/blockquote>\n<p><script async src=\"https:\/\/platform.twitter.com\/widgets.js\" charset=\"utf-8\"><\/script><\/p>\n<h2>Vacunaci\u00f3n por sector de la poblaci\u00f3n<\/h2>\n<p><strong>Personal de salud<\/strong><\/p>\n<p>Entre el personal de salud se han aplicado 149 mil 383 medios esquemas y 790 mil 856 esquemas completos.<\/p>\n<p><strong>Persona educativo<\/strong><\/p>\n<p>Entre el personal educativo se han aplicado 5 mil 307 medios esquemas y 17 mil 627 esquemas completos.<\/p>\n<p><strong>Personas adultas mayores<\/strong><\/p>\n<p>Entre las personas adultas mayores se han aplicado 7 millones 023 mil 011 medios esquemas y 3 millones 302 mil 638 esquemas completos.<\/p>\n<blockquote class=\"twitter-tweet\" data-width=\"550\" data-dnt=\"true\">\n<p lang=\"es\" dir=\"ltr\">Comunicado T\u00e9cnico Diario: Nuevo Coronavirus en el Mundo <a href=\"https:\/\/twitter.com\/hashtag\/COVID19?src=hash&amp;ref_src=twsrc%5Etfw\">#COVID19<\/a> | 20 de abril de 2021<\/p>\n<p>\u27a1\ufe0f <a href=\"https:\/\/t.co\/AJI0GrH4Lx\">https:\/\/t.co\/AJI0GrH4Lx<\/a> <a href=\"https:\/\/t.co\/HkTIGlSvxM\">pic.twitter.com\/HkTIGlSvxM<\/a><\/p>\n<p>&mdash; SALUD M\u00e9xico (@SSalud_mx) <a href=\"https:\/\/twitter.com\/SSalud_mx\/status\/1384674395164057600?ref_src=twsrc%5Etfw\">April 21, 2021<\/a><\/p><\/blockquote>\n<p><script async src=\"https:\/\/platform.twitter.com\/widgets.js\" charset=\"utf-8\"><\/script><\/p>\n<h2>Reacciones al\u00e9rgicas<\/h2>\n<p>M\u00e9xico acumula 15 mil 910 reacciones al\u00e9rgicas, de las cuales 232 han sido graves.<\/p>\n<p>De las 232 reacciones graves, solo 68 pacientes siguen hospitalizados.<\/p>\n<blockquote class=\"twitter-tweet\" data-width=\"550\" data-dnt=\"true\">\n<p lang=\"pt\" dir=\"ltr\">Conferencia de Prensa <a href=\"https:\/\/twitter.com\/hashtag\/COVID19?src=hash&amp;ref_src=twsrc%5Etfw\">#COVID19<\/a> | 20 de abril de 2021 <a href=\"https:\/\/twitter.com\/hashtag\/GraciasPorCuidarnos?src=hash&amp;ref_src=twsrc%5Etfw\">#GraciasPorCuidarnos<\/a> <a href=\"https:\/\/t.co\/vfRKLNPllu\">https:\/\/t.co\/vfRKLNPllu<\/a><\/p>\n<p>&mdash; SALUD M\u00e9xico (@SSalud_mx) <a href=\"https:\/\/twitter.com\/SSalud_mx\/status\/1384657362682667013?ref_src=twsrc%5Etfw\">April 20, 2021<\/a><\/p><\/blockquote>\n<p><script async src=\"https:\/\/platform.twitter.com\/widgets.js\" charset=\"utf-8\"><\/script><\/p>\n<p>Con informaci\u00f3n de la Secretar\u00eda de Salud<\/p>\n<\/div>\n","protected":false},"excerpt":{"rendered":"<p>En Mexico hoy 213 mil 048 muertos y 2 millones 311 mil 172 casos confirmados&#8230;<\/p>\n","protected":false},"author":2,"featured_media":79795,"comment_status":"open","ping_status":"open","sticky":false,"template":"","format":"standard","meta":{"_monsterinsights_skip_tracking":false,"_monsterinsights_sitenote_active":false,"_monsterinsights_sitenote_note":"","_monsterinsights_sitenote_category":0,"footnotes":""},"categories":[2],"tags":[],"class_list":["post-79792","post","type-post","status-publish","format-standard","has-post-thumbnail","hentry","category-noticias"],"yoast_head":"<!-- This site is optimized with the Yoast SEO plugin v27.3 - https:\/\/yoast.com\/product\/yoast-seo-wordpress\/ -->\n<title>En Mexico hoy 213 mil 048 muertos y 2 millones 311 mil 172 casos confirmados por COVID-19 -<\/title>\n<meta name=\"robots\" content=\"index, follow, max-snippet:-1, max-image-preview:large, max-video-preview:-1\" \/>\n<link rel=\"canonical\" href=\"https:\/\/quehacerpolitico.mx\/?p=79792\" \/>\n<meta property=\"og:locale\" content=\"es_MX\" \/>\n<meta property=\"og:type\" content=\"article\" \/>\n<meta property=\"og:title\" content=\"En Mexico hoy 213 mil 048 muertos y 2 millones 311 mil 172 casos confirmados por COVID-19 -\" \/>\n<meta property=\"og:description\" content=\"En Mexico hoy 213 mil 048 muertos y 2 millones 311 mil 172 casos confirmados...\" \/>\n<meta property=\"og:url\" content=\"https:\/\/quehacerpolitico.mx\/?p=79792\" \/>\n<meta property=\"article:published_time\" content=\"2021-04-21T02:43:00+00:00\" \/>\n<meta property=\"og:image\" content=\"https:\/\/quehacerpolitico.mx\/wp-content\/uploads\/2021\/04\/F25BB32F-9D74-4FFB-A026-983AE49CA5E4.jpeg\" \/>\n\t<meta property=\"og:image:width\" content=\"1242\" \/>\n\t<meta property=\"og:image:height\" content=\"672\" \/>\n\t<meta property=\"og:image:type\" content=\"image\/jpeg\" \/>\n<meta name=\"author\" content=\"Redacci\u00f3n QP\" \/>\n<meta name=\"twitter:card\" content=\"summary_large_image\" \/>\n<meta name=\"twitter:label1\" content=\"Escrito por\" \/>\n\t<meta name=\"twitter:data1\" content=\"Redacci\u00f3n QP\" \/>\n\t<meta name=\"twitter:label2\" content=\"Tiempo de lectura\" \/>\n\t<meta name=\"twitter:data2\" content=\"2 minutos\" \/>\n<script type=\"application\/ld+json\" class=\"yoast-schema-graph\">{\"@context\":\"https:\\\/\\\/schema.org\",\"@graph\":[{\"@type\":\"Article\",\"@id\":\"https:\\\/\\\/quehacerpolitico.mx\\\/?p=79792#article\",\"isPartOf\":{\"@id\":\"https:\\\/\\\/quehacerpolitico.mx\\\/?p=79792\"},\"author\":{\"name\":\"Redacci\u00f3n QP\",\"@id\":\"https:\\\/\\\/quehacerpolitico.mx\\\/#\\\/schema\\\/person\\\/496d8ad2d1d3f8036101dca7ee39e585\"},\"headline\":\"En Mexico hoy 213 mil 048 muertos y 2 millones 311 mil 172 casos confirmados por COVID-19\",\"datePublished\":\"2021-04-21T02:43:00+00:00\",\"mainEntityOfPage\":{\"@id\":\"https:\\\/\\\/quehacerpolitico.mx\\\/?p=79792\"},\"wordCount\":390,\"commentCount\":0,\"image\":{\"@id\":\"https:\\\/\\\/quehacerpolitico.mx\\\/?p=79792#primaryimage\"},\"thumbnailUrl\":\"https:\\\/\\\/quehacerpolitico.mx\\\/wp-content\\\/uploads\\\/2021\\\/04\\\/F25BB32F-9D74-4FFB-A026-983AE49CA5E4.jpeg\",\"articleSection\":[\"Noticias\"],\"inLanguage\":\"es\",\"potentialAction\":[{\"@type\":\"CommentAction\",\"name\":\"Comment\",\"target\":[\"https:\\\/\\\/quehacerpolitico.mx\\\/?p=79792#respond\"]}]},{\"@type\":\"WebPage\",\"@id\":\"https:\\\/\\\/quehacerpolitico.mx\\\/?p=79792\",\"url\":\"https:\\\/\\\/quehacerpolitico.mx\\\/?p=79792\",\"name\":\"En Mexico hoy 213 mil 048 muertos y 2 millones 311 mil 172 casos confirmados por COVID-19 -\",\"isPartOf\":{\"@id\":\"https:\\\/\\\/quehacerpolitico.mx\\\/#website\"},\"primaryImageOfPage\":{\"@id\":\"https:\\\/\\\/quehacerpolitico.mx\\\/?p=79792#primaryimage\"},\"image\":{\"@id\":\"https:\\\/\\\/quehacerpolitico.mx\\\/?p=79792#primaryimage\"},\"thumbnailUrl\":\"https:\\\/\\\/quehacerpolitico.mx\\\/wp-content\\\/uploads\\\/2021\\\/04\\\/F25BB32F-9D74-4FFB-A026-983AE49CA5E4.jpeg\",\"datePublished\":\"2021-04-21T02:43:00+00:00\",\"author\":{\"@id\":\"https:\\\/\\\/quehacerpolitico.mx\\\/#\\\/schema\\\/person\\\/496d8ad2d1d3f8036101dca7ee39e585\"},\"breadcrumb\":{\"@id\":\"https:\\\/\\\/quehacerpolitico.mx\\\/?p=79792#breadcrumb\"},\"inLanguage\":\"es\",\"potentialAction\":[{\"@type\":\"ReadAction\",\"target\":[\"https:\\\/\\\/quehacerpolitico.mx\\\/?p=79792\"]}]},{\"@type\":\"ImageObject\",\"inLanguage\":\"es\",\"@id\":\"https:\\\/\\\/quehacerpolitico.mx\\\/?p=79792#primaryimage\",\"url\":\"https:\\\/\\\/quehacerpolitico.mx\\\/wp-content\\\/uploads\\\/2021\\\/04\\\/F25BB32F-9D74-4FFB-A026-983AE49CA5E4.jpeg\",\"contentUrl\":\"https:\\\/\\\/quehacerpolitico.mx\\\/wp-content\\\/uploads\\\/2021\\\/04\\\/F25BB32F-9D74-4FFB-A026-983AE49CA5E4.jpeg\",\"width\":1242,\"height\":672},{\"@type\":\"BreadcrumbList\",\"@id\":\"https:\\\/\\\/quehacerpolitico.mx\\\/?p=79792#breadcrumb\",\"itemListElement\":[{\"@type\":\"ListItem\",\"position\":1,\"name\":\"Inicio\",\"item\":\"https:\\\/\\\/quehacerpolitico.mx\\\/\"},{\"@type\":\"ListItem\",\"position\":2,\"name\":\"En Mexico hoy 213 mil 048 muertos y 2 millones 311 mil 172 casos confirmados por COVID-19\"}]},{\"@type\":\"WebSite\",\"@id\":\"https:\\\/\\\/quehacerpolitico.mx\\\/#website\",\"url\":\"https:\\\/\\\/quehacerpolitico.mx\\\/\",\"name\":\"\",\"description\":\"\",\"potentialAction\":[{\"@type\":\"SearchAction\",\"target\":{\"@type\":\"EntryPoint\",\"urlTemplate\":\"https:\\\/\\\/quehacerpolitico.mx\\\/?s={search_term_string}\"},\"query-input\":{\"@type\":\"PropertyValueSpecification\",\"valueRequired\":true,\"valueName\":\"search_term_string\"}}],\"inLanguage\":\"es\"},{\"@type\":\"Person\",\"@id\":\"https:\\\/\\\/quehacerpolitico.mx\\\/#\\\/schema\\\/person\\\/496d8ad2d1d3f8036101dca7ee39e585\",\"name\":\"Redacci\u00f3n QP\",\"image\":{\"@type\":\"ImageObject\",\"inLanguage\":\"es\",\"@id\":\"https:\\\/\\\/secure.gravatar.com\\\/avatar\\\/c7164ed6fdec453195284ad24a5ae5b6e1eed2b848477fa2a4787ba9adf39a41?s=96&d=mm&r=g\",\"url\":\"https:\\\/\\\/secure.gravatar.com\\\/avatar\\\/c7164ed6fdec453195284ad24a5ae5b6e1eed2b848477fa2a4787ba9adf39a41?s=96&d=mm&r=g\",\"contentUrl\":\"https:\\\/\\\/secure.gravatar.com\\\/avatar\\\/c7164ed6fdec453195284ad24a5ae5b6e1eed2b848477fa2a4787ba9adf39a41?s=96&d=mm&r=g\",\"caption\":\"Redacci\u00f3n QP\"},\"url\":\"https:\\\/\\\/quehacerpolitico.mx\\\/?author=2\"}]}<\/script>\n<!-- \/ Yoast SEO plugin. -->","yoast_head_json":{"title":"En Mexico hoy 213 mil 048 muertos y 2 millones 311 mil 172 casos confirmados por COVID-19 -","robots":{"index":"index","follow":"follow","max-snippet":"max-snippet:-1","max-image-preview":"max-image-preview:large","max-video-preview":"max-video-preview:-1"},"canonical":"https:\/\/quehacerpolitico.mx\/?p=79792","og_locale":"es_MX","og_type":"article","og_title":"En Mexico hoy 213 mil 048 muertos y 2 millones 311 mil 172 casos confirmados por COVID-19 -","og_description":"En Mexico hoy 213 mil 048 muertos y 2 millones 311 mil 172 casos confirmados...","og_url":"https:\/\/quehacerpolitico.mx\/?p=79792","article_published_time":"2021-04-21T02:43:00+00:00","og_image":[{"width":1242,"height":672,"url":"https:\/\/quehacerpolitico.mx\/wp-content\/uploads\/2021\/04\/F25BB32F-9D74-4FFB-A026-983AE49CA5E4.jpeg","type":"image\/jpeg"}],"author":"Redacci\u00f3n QP","twitter_card":"summary_large_image","twitter_misc":{"Escrito por":"Redacci\u00f3n QP","Tiempo de lectura":"2 minutos"},"schema":{"@context":"https:\/\/schema.org","@graph":[{"@type":"Article","@id":"https:\/\/quehacerpolitico.mx\/?p=79792#article","isPartOf":{"@id":"https:\/\/quehacerpolitico.mx\/?p=79792"},"author":{"name":"Redacci\u00f3n QP","@id":"https:\/\/quehacerpolitico.mx\/#\/schema\/person\/496d8ad2d1d3f8036101dca7ee39e585"},"headline":"En Mexico hoy 213 mil 048 muertos y 2 millones 311 mil 172 casos confirmados por COVID-19","datePublished":"2021-04-21T02:43:00+00:00","mainEntityOfPage":{"@id":"https:\/\/quehacerpolitico.mx\/?p=79792"},"wordCount":390,"commentCount":0,"image":{"@id":"https:\/\/quehacerpolitico.mx\/?p=79792#primaryimage"},"thumbnailUrl":"https:\/\/quehacerpolitico.mx\/wp-content\/uploads\/2021\/04\/F25BB32F-9D74-4FFB-A026-983AE49CA5E4.jpeg","articleSection":["Noticias"],"inLanguage":"es","potentialAction":[{"@type":"CommentAction","name":"Comment","target":["https:\/\/quehacerpolitico.mx\/?p=79792#respond"]}]},{"@type":"WebPage","@id":"https:\/\/quehacerpolitico.mx\/?p=79792","url":"https:\/\/quehacerpolitico.mx\/?p=79792","name":"En Mexico hoy 213 mil 048 muertos y 2 millones 311 mil 172 casos confirmados por COVID-19 -","isPartOf":{"@id":"https:\/\/quehacerpolitico.mx\/#website"},"primaryImageOfPage":{"@id":"https:\/\/quehacerpolitico.mx\/?p=79792#primaryimage"},"image":{"@id":"https:\/\/quehacerpolitico.mx\/?p=79792#primaryimage"},"thumbnailUrl":"https:\/\/quehacerpolitico.mx\/wp-content\/uploads\/2021\/04\/F25BB32F-9D74-4FFB-A026-983AE49CA5E4.jpeg","datePublished":"2021-04-21T02:43:00+00:00","author":{"@id":"https:\/\/quehacerpolitico.mx\/#\/schema\/person\/496d8ad2d1d3f8036101dca7ee39e585"},"breadcrumb":{"@id":"https:\/\/quehacerpolitico.mx\/?p=79792#breadcrumb"},"inLanguage":"es","potentialAction":[{"@type":"ReadAction","target":["https:\/\/quehacerpolitico.mx\/?p=79792"]}]},{"@type":"ImageObject","inLanguage":"es","@id":"https:\/\/quehacerpolitico.mx\/?p=79792#primaryimage","url":"https:\/\/quehacerpolitico.mx\/wp-content\/uploads\/2021\/04\/F25BB32F-9D74-4FFB-A026-983AE49CA5E4.jpeg","contentUrl":"https:\/\/quehacerpolitico.mx\/wp-content\/uploads\/2021\/04\/F25BB32F-9D74-4FFB-A026-983AE49CA5E4.jpeg","width":1242,"height":672},{"@type":"BreadcrumbList","@id":"https:\/\/quehacerpolitico.mx\/?p=79792#breadcrumb","itemListElement":[{"@type":"ListItem","position":1,"name":"Inicio","item":"https:\/\/quehacerpolitico.mx\/"},{"@type":"ListItem","position":2,"name":"En Mexico hoy 213 mil 048 muertos y 2 millones 311 mil 172 casos confirmados por COVID-19"}]},{"@type":"WebSite","@id":"https:\/\/quehacerpolitico.mx\/#website","url":"https:\/\/quehacerpolitico.mx\/","name":"","description":"","potentialAction":[{"@type":"SearchAction","target":{"@type":"EntryPoint","urlTemplate":"https:\/\/quehacerpolitico.mx\/?s={search_term_string}"},"query-input":{"@type":"PropertyValueSpecification","valueRequired":true,"valueName":"search_term_string"}}],"inLanguage":"es"},{"@type":"Person","@id":"https:\/\/quehacerpolitico.mx\/#\/schema\/person\/496d8ad2d1d3f8036101dca7ee39e585","name":"Redacci\u00f3n QP","image":{"@type":"ImageObject","inLanguage":"es","@id":"https:\/\/secure.gravatar.com\/avatar\/c7164ed6fdec453195284ad24a5ae5b6e1eed2b848477fa2a4787ba9adf39a41?s=96&d=mm&r=g","url":"https:\/\/secure.gravatar.com\/avatar\/c7164ed6fdec453195284ad24a5ae5b6e1eed2b848477fa2a4787ba9adf39a41?s=96&d=mm&r=g","contentUrl":"https:\/\/secure.gravatar.com\/avatar\/c7164ed6fdec453195284ad24a5ae5b6e1eed2b848477fa2a4787ba9adf39a41?s=96&d=mm&r=g","caption":"Redacci\u00f3n QP"},"url":"https:\/\/quehacerpolitico.mx\/?author=2"}]}},"featured_image_urls":{"full":["https:\/\/quehacerpolitico.mx\/wp-content\/uploads\/2021\/04\/F25BB32F-9D74-4FFB-A026-983AE49CA5E4.jpeg",1242,672,false],"thumbnail":["https:\/\/quehacerpolitico.mx\/wp-content\/uploads\/2021\/04\/F25BB32F-9D74-4FFB-A026-983AE49CA5E4-150x150.jpeg",150,150,true],"medium":["https:\/\/quehacerpolitico.mx\/wp-content\/uploads\/2021\/04\/F25BB32F-9D74-4FFB-A026-983AE49CA5E4-300x162.jpeg",300,162,true],"medium_large":["https:\/\/quehacerpolitico.mx\/wp-content\/uploads\/2021\/04\/F25BB32F-9D74-4FFB-A026-983AE49CA5E4-768x416.jpeg",640,347,true],"large":["https:\/\/quehacerpolitico.mx\/wp-content\/uploads\/2021\/04\/F25BB32F-9D74-4FFB-A026-983AE49CA5E4-1024x554.jpeg",640,346,true],"1536x1536":["https:\/\/quehacerpolitico.mx\/wp-content\/uploads\/2021\/04\/F25BB32F-9D74-4FFB-A026-983AE49CA5E4.jpeg",1242,672,false],"2048x2048":["https:\/\/quehacerpolitico.mx\/wp-content\/uploads\/2021\/04\/F25BB32F-9D74-4FFB-A026-983AE49CA5E4.jpeg",1242,672,false],"covernews-featured":["https:\/\/quehacerpolitico.mx\/wp-content\/uploads\/2021\/04\/F25BB32F-9D74-4FFB-A026-983AE49CA5E4.jpeg",1024,554,false],"covernews-medium":["https:\/\/quehacerpolitico.mx\/wp-content\/uploads\/2021\/04\/F25BB32F-9D74-4FFB-A026-983AE49CA5E4.jpeg",540,292,false]},"author_info":{"display_name":"Redacci\u00f3n QP","author_link":"https:\/\/quehacerpolitico.mx\/?author=2"},"category_info":"<a href=\"https:\/\/quehacerpolitico.mx\/?cat=2\" rel=\"category\">Noticias<\/a>","tag_info":"Noticias","comment_count":"0","_links":{"self":[{"href":"https:\/\/quehacerpolitico.mx\/index.php?rest_route=\/wp\/v2\/posts\/79792","targetHints":{"allow":["GET"]}}],"collection":[{"href":"https:\/\/quehacerpolitico.mx\/index.php?rest_route=\/wp\/v2\/posts"}],"about":[{"href":"https:\/\/quehacerpolitico.mx\/index.php?rest_route=\/wp\/v2\/types\/post"}],"author":[{"embeddable":true,"href":"https:\/\/quehacerpolitico.mx\/index.php?rest_route=\/wp\/v2\/users\/2"}],"replies":[{"embeddable":true,"href":"https:\/\/quehacerpolitico.mx\/index.php?rest_route=%2Fwp%2Fv2%2Fcomments&post=79792"}],"version-history":[{"count":0,"href":"https:\/\/quehacerpolitico.mx\/index.php?rest_route=\/wp\/v2\/posts\/79792\/revisions"}],"wp:featuredmedia":[{"embeddable":true,"href":"https:\/\/quehacerpolitico.mx\/index.php?rest_route=\/wp\/v2\/media\/79795"}],"wp:attachment":[{"href":"https:\/\/quehacerpolitico.mx\/index.php?rest_route=%2Fwp%2Fv2%2Fmedia&parent=79792"}],"wp:term":[{"taxonomy":"category","embeddable":true,"href":"https:\/\/quehacerpolitico.mx\/index.php?rest_route=%2Fwp%2Fv2%2Fcategories&post=79792"},{"taxonomy":"post_tag","embeddable":true,"href":"https:\/\/quehacerpolitico.mx\/index.php?rest_route=%2Fwp%2Fv2%2Ftags&post=79792"}],"curies":[{"name":"wp","href":"https:\/\/api.w.org\/{rel}","templated":true}]}}