{"id":79715,"date":"2021-04-20T14:28:11","date_gmt":"2021-04-20T14:28:11","guid":{"rendered":"https:\/\/quehacerpolitico.mx\/?p=79715"},"modified":"2021-04-20T14:28:11","modified_gmt":"2021-04-20T14:28:11","slug":"activan-alerta-amber-para-localizar-dana-paola-millan-garcia","status":"publish","type":"post","link":"https:\/\/quehacerpolitico.mx\/?p=79715","title":{"rendered":"Activan Alerta Amber para localizar a Dana Paola Mill\u00e1n Garc\u00eda"},"content":{"rendered":"<h1 class=\"article_title\">Activan Alerta Amber para localizar a Dana Paola Mill\u00e1n Garc\u00eda<br \/>\nPor Redacci\u00f3n QP<\/h1>\n<p>Dana Paola Mill\u00e1n Garc\u00eda fue vista por \u00faltima vez el 18 de abril de 2021 en la alcald\u00eda Magdalena Contreras<\/p>\n<p>La <strong>Fiscal\u00eda General de Justicia de la Ciudad de M\u00e9xico<\/strong> (FGJ-CDMX) activ\u00f3 la Alerta Amber para localizar a la menor de 15 a\u00f1os Dana Paola Mill\u00e1n Garc\u00eda, quien fue vista por \u00faltima vez el d\u00eda 18 de abril de 2021 en la colonia Cuauht\u00e9moc, alcald\u00eda Magdalena Contreras.<\/p>\n<p>De acuerdo con el bolet\u00edn de b\u00fasqueda, la solicitud para activar la <strong>Alerta Amber<\/strong> de Dana Paola Mill\u00e1n Garc\u00eda se recibi\u00f3 el 19 de abril.<\/p>\n<p><strong>Dana Paola Mill\u00e1n Garc\u00eda<\/strong> es de complexi\u00f3n delgada y piel morena clara. Su cabello es negro quebrado y sus ojos caf\u00e9s y grandes.<\/p>\n<p>Como se\u00f1as particulares, <strong>Dana Paola Mill\u00e1n Garc\u00eda<\/strong> tiene un lunar tipo mancha en la cintura del lado derecho. Tiene deformaci\u00f3n en dedos de las manos y en los pies tiene encimados los dedos anular y peque\u00f1o.<\/p>\n<p>Al momento de su desaparici\u00f3n vest\u00eda playera azul cielo, chaleco gris, sudadera azul cielo, pantal\u00f3n azul marino, botas negras y lleva una mochila blanca<\/p>\n<p>Finalmente, la <strong>FGJCDMX<\/strong> pidi\u00f3 a la poblaci\u00f3n que cualquier informaci\u00f3n sobre el paradero de alguna de las menores sea comunicada al tel\u00e9fono 555345 5067, con terminaciones 84 y 82, o acudir a la Fiscal\u00eda Especializada en la B\u00fasqueda, Localizaci\u00f3n e Investigaci\u00f3n de Personas Desaparecidas, ubicada en avenida Jard\u00edn 365, colonia Del Gas, alcald\u00eda Azcapotzalco, adem\u00e1s de consultar la p\u00e1gina www.pgj.cdmx.gob.mx<\/p>\n<p><em>Con informaci\u00f3n de la Fiscal\u00eda General de Justicia de la Ciudad de M\u00e9xico<\/em><\/p>\n","protected":false},"excerpt":{"rendered":"<p>Activan Alerta Amber para localizar a Dana Paola Mill\u00e1n Garc\u00eda Por Redacci\u00f3n QP Dana Paola&#8230;<\/p>\n","protected":false},"author":2,"featured_media":79719,"comment_status":"open","ping_status":"open","sticky":false,"template":"","format":"standard","meta":{"_monsterinsights_skip_tracking":false,"_monsterinsights_sitenote_active":false,"_monsterinsights_sitenote_note":"","_monsterinsights_sitenote_category":0,"footnotes":""},"categories":[55],"tags":[],"class_list":["post-79715","post","type-post","status-publish","format-standard","has-post-thumbnail","hentry","category-cdmx"],"yoast_head":"<!-- This site is optimized with the Yoast SEO plugin v27.3 - https:\/\/yoast.com\/product\/yoast-seo-wordpress\/ -->\n<title>Activan Alerta Amber para localizar a Dana Paola Mill\u00e1n Garc\u00eda -<\/title>\n<meta name=\"robots\" content=\"index, follow, max-snippet:-1, max-image-preview:large, max-video-preview:-1\" \/>\n<link rel=\"canonical\" href=\"https:\/\/quehacerpolitico.mx\/?p=79715\" \/>\n<meta property=\"og:locale\" content=\"es_MX\" \/>\n<meta property=\"og:type\" content=\"article\" \/>\n<meta property=\"og:title\" content=\"Activan Alerta Amber para localizar a Dana Paola Mill\u00e1n Garc\u00eda -\" \/>\n<meta property=\"og:description\" content=\"Activan Alerta Amber para localizar a Dana Paola Mill\u00e1n Garc\u00eda Por Redacci\u00f3n QP Dana Paola...\" \/>\n<meta property=\"og:url\" content=\"https:\/\/quehacerpolitico.mx\/?p=79715\" \/>\n<meta property=\"article:published_time\" content=\"2021-04-20T14:28:11+00:00\" \/>\n<meta property=\"og:image\" content=\"https:\/\/quehacerpolitico.mx\/wp-content\/uploads\/2021\/04\/DF390EB9-C68A-4DB2-8B93-01ED56BA4848.jpeg\" \/>\n\t<meta property=\"og:image:width\" content=\"1080\" \/>\n\t<meta property=\"og:image:height\" content=\"609\" \/>\n\t<meta property=\"og:image:type\" content=\"image\/jpeg\" \/>\n<meta name=\"author\" content=\"Redacci\u00f3n QP\" \/>\n<meta name=\"twitter:card\" content=\"summary_large_image\" \/>\n<meta name=\"twitter:label1\" content=\"Escrito por\" \/>\n\t<meta name=\"twitter:data1\" content=\"Redacci\u00f3n QP\" \/>\n\t<meta name=\"twitter:label2\" content=\"Tiempo de lectura\" \/>\n\t<meta name=\"twitter:data2\" content=\"1 minuto\" \/>\n<script type=\"application\/ld+json\" class=\"yoast-schema-graph\">{\"@context\":\"https:\\\/\\\/schema.org\",\"@graph\":[{\"@type\":\"Article\",\"@id\":\"https:\\\/\\\/quehacerpolitico.mx\\\/?p=79715#article\",\"isPartOf\":{\"@id\":\"https:\\\/\\\/quehacerpolitico.mx\\\/?p=79715\"},\"author\":{\"name\":\"Redacci\u00f3n QP\",\"@id\":\"https:\\\/\\\/quehacerpolitico.mx\\\/#\\\/schema\\\/person\\\/496d8ad2d1d3f8036101dca7ee39e585\"},\"headline\":\"Activan Alerta Amber para localizar a Dana Paola Mill\u00e1n Garc\u00eda\",\"datePublished\":\"2021-04-20T14:28:11+00:00\",\"mainEntityOfPage\":{\"@id\":\"https:\\\/\\\/quehacerpolitico.mx\\\/?p=79715\"},\"wordCount\":310,\"commentCount\":0,\"image\":{\"@id\":\"https:\\\/\\\/quehacerpolitico.mx\\\/?p=79715#primaryimage\"},\"thumbnailUrl\":\"https:\\\/\\\/quehacerpolitico.mx\\\/wp-content\\\/uploads\\\/2021\\\/04\\\/DF390EB9-C68A-4DB2-8B93-01ED56BA4848.jpeg\",\"articleSection\":[\"CDMX\"],\"inLanguage\":\"es\",\"potentialAction\":[{\"@type\":\"CommentAction\",\"name\":\"Comment\",\"target\":[\"https:\\\/\\\/quehacerpolitico.mx\\\/?p=79715#respond\"]}]},{\"@type\":\"WebPage\",\"@id\":\"https:\\\/\\\/quehacerpolitico.mx\\\/?p=79715\",\"url\":\"https:\\\/\\\/quehacerpolitico.mx\\\/?p=79715\",\"name\":\"Activan Alerta Amber para localizar a Dana Paola Mill\u00e1n Garc\u00eda -\",\"isPartOf\":{\"@id\":\"https:\\\/\\\/quehacerpolitico.mx\\\/#website\"},\"primaryImageOfPage\":{\"@id\":\"https:\\\/\\\/quehacerpolitico.mx\\\/?p=79715#primaryimage\"},\"image\":{\"@id\":\"https:\\\/\\\/quehacerpolitico.mx\\\/?p=79715#primaryimage\"},\"thumbnailUrl\":\"https:\\\/\\\/quehacerpolitico.mx\\\/wp-content\\\/uploads\\\/2021\\\/04\\\/DF390EB9-C68A-4DB2-8B93-01ED56BA4848.jpeg\",\"datePublished\":\"2021-04-20T14:28:11+00:00\",\"author\":{\"@id\":\"https:\\\/\\\/quehacerpolitico.mx\\\/#\\\/schema\\\/person\\\/496d8ad2d1d3f8036101dca7ee39e585\"},\"breadcrumb\":{\"@id\":\"https:\\\/\\\/quehacerpolitico.mx\\\/?p=79715#breadcrumb\"},\"inLanguage\":\"es\",\"potentialAction\":[{\"@type\":\"ReadAction\",\"target\":[\"https:\\\/\\\/quehacerpolitico.mx\\\/?p=79715\"]}]},{\"@type\":\"ImageObject\",\"inLanguage\":\"es\",\"@id\":\"https:\\\/\\\/quehacerpolitico.mx\\\/?p=79715#primaryimage\",\"url\":\"https:\\\/\\\/quehacerpolitico.mx\\\/wp-content\\\/uploads\\\/2021\\\/04\\\/DF390EB9-C68A-4DB2-8B93-01ED56BA4848.jpeg\",\"contentUrl\":\"https:\\\/\\\/quehacerpolitico.mx\\\/wp-content\\\/uploads\\\/2021\\\/04\\\/DF390EB9-C68A-4DB2-8B93-01ED56BA4848.jpeg\",\"width\":1080,\"height\":609},{\"@type\":\"BreadcrumbList\",\"@id\":\"https:\\\/\\\/quehacerpolitico.mx\\\/?p=79715#breadcrumb\",\"itemListElement\":[{\"@type\":\"ListItem\",\"position\":1,\"name\":\"Inicio\",\"item\":\"https:\\\/\\\/quehacerpolitico.mx\\\/\"},{\"@type\":\"ListItem\",\"position\":2,\"name\":\"Activan Alerta Amber para localizar a Dana Paola Mill\u00e1n Garc\u00eda\"}]},{\"@type\":\"WebSite\",\"@id\":\"https:\\\/\\\/quehacerpolitico.mx\\\/#website\",\"url\":\"https:\\\/\\\/quehacerpolitico.mx\\\/\",\"name\":\"\",\"description\":\"\",\"potentialAction\":[{\"@type\":\"SearchAction\",\"target\":{\"@type\":\"EntryPoint\",\"urlTemplate\":\"https:\\\/\\\/quehacerpolitico.mx\\\/?s={search_term_string}\"},\"query-input\":{\"@type\":\"PropertyValueSpecification\",\"valueRequired\":true,\"valueName\":\"search_term_string\"}}],\"inLanguage\":\"es\"},{\"@type\":\"Person\",\"@id\":\"https:\\\/\\\/quehacerpolitico.mx\\\/#\\\/schema\\\/person\\\/496d8ad2d1d3f8036101dca7ee39e585\",\"name\":\"Redacci\u00f3n QP\",\"image\":{\"@type\":\"ImageObject\",\"inLanguage\":\"es\",\"@id\":\"https:\\\/\\\/secure.gravatar.com\\\/avatar\\\/c7164ed6fdec453195284ad24a5ae5b6e1eed2b848477fa2a4787ba9adf39a41?s=96&d=mm&r=g\",\"url\":\"https:\\\/\\\/secure.gravatar.com\\\/avatar\\\/c7164ed6fdec453195284ad24a5ae5b6e1eed2b848477fa2a4787ba9adf39a41?s=96&d=mm&r=g\",\"contentUrl\":\"https:\\\/\\\/secure.gravatar.com\\\/avatar\\\/c7164ed6fdec453195284ad24a5ae5b6e1eed2b848477fa2a4787ba9adf39a41?s=96&d=mm&r=g\",\"caption\":\"Redacci\u00f3n QP\"},\"url\":\"https:\\\/\\\/quehacerpolitico.mx\\\/?author=2\"}]}<\/script>\n<!-- \/ Yoast SEO plugin. -->","yoast_head_json":{"title":"Activan Alerta Amber para localizar a Dana Paola Mill\u00e1n Garc\u00eda -","robots":{"index":"index","follow":"follow","max-snippet":"max-snippet:-1","max-image-preview":"max-image-preview:large","max-video-preview":"max-video-preview:-1"},"canonical":"https:\/\/quehacerpolitico.mx\/?p=79715","og_locale":"es_MX","og_type":"article","og_title":"Activan Alerta Amber para localizar a Dana Paola Mill\u00e1n Garc\u00eda -","og_description":"Activan Alerta Amber para localizar a Dana Paola Mill\u00e1n Garc\u00eda Por Redacci\u00f3n QP Dana Paola...","og_url":"https:\/\/quehacerpolitico.mx\/?p=79715","article_published_time":"2021-04-20T14:28:11+00:00","og_image":[{"width":1080,"height":609,"url":"https:\/\/quehacerpolitico.mx\/wp-content\/uploads\/2021\/04\/DF390EB9-C68A-4DB2-8B93-01ED56BA4848.jpeg","type":"image\/jpeg"}],"author":"Redacci\u00f3n QP","twitter_card":"summary_large_image","twitter_misc":{"Escrito por":"Redacci\u00f3n QP","Tiempo de lectura":"1 minuto"},"schema":{"@context":"https:\/\/schema.org","@graph":[{"@type":"Article","@id":"https:\/\/quehacerpolitico.mx\/?p=79715#article","isPartOf":{"@id":"https:\/\/quehacerpolitico.mx\/?p=79715"},"author":{"name":"Redacci\u00f3n QP","@id":"https:\/\/quehacerpolitico.mx\/#\/schema\/person\/496d8ad2d1d3f8036101dca7ee39e585"},"headline":"Activan Alerta Amber para localizar a Dana Paola Mill\u00e1n Garc\u00eda","datePublished":"2021-04-20T14:28:11+00:00","mainEntityOfPage":{"@id":"https:\/\/quehacerpolitico.mx\/?p=79715"},"wordCount":310,"commentCount":0,"image":{"@id":"https:\/\/quehacerpolitico.mx\/?p=79715#primaryimage"},"thumbnailUrl":"https:\/\/quehacerpolitico.mx\/wp-content\/uploads\/2021\/04\/DF390EB9-C68A-4DB2-8B93-01ED56BA4848.jpeg","articleSection":["CDMX"],"inLanguage":"es","potentialAction":[{"@type":"CommentAction","name":"Comment","target":["https:\/\/quehacerpolitico.mx\/?p=79715#respond"]}]},{"@type":"WebPage","@id":"https:\/\/quehacerpolitico.mx\/?p=79715","url":"https:\/\/quehacerpolitico.mx\/?p=79715","name":"Activan Alerta Amber para localizar a Dana Paola Mill\u00e1n Garc\u00eda -","isPartOf":{"@id":"https:\/\/quehacerpolitico.mx\/#website"},"primaryImageOfPage":{"@id":"https:\/\/quehacerpolitico.mx\/?p=79715#primaryimage"},"image":{"@id":"https:\/\/quehacerpolitico.mx\/?p=79715#primaryimage"},"thumbnailUrl":"https:\/\/quehacerpolitico.mx\/wp-content\/uploads\/2021\/04\/DF390EB9-C68A-4DB2-8B93-01ED56BA4848.jpeg","datePublished":"2021-04-20T14:28:11+00:00","author":{"@id":"https:\/\/quehacerpolitico.mx\/#\/schema\/person\/496d8ad2d1d3f8036101dca7ee39e585"},"breadcrumb":{"@id":"https:\/\/quehacerpolitico.mx\/?p=79715#breadcrumb"},"inLanguage":"es","potentialAction":[{"@type":"ReadAction","target":["https:\/\/quehacerpolitico.mx\/?p=79715"]}]},{"@type":"ImageObject","inLanguage":"es","@id":"https:\/\/quehacerpolitico.mx\/?p=79715#primaryimage","url":"https:\/\/quehacerpolitico.mx\/wp-content\/uploads\/2021\/04\/DF390EB9-C68A-4DB2-8B93-01ED56BA4848.jpeg","contentUrl":"https:\/\/quehacerpolitico.mx\/wp-content\/uploads\/2021\/04\/DF390EB9-C68A-4DB2-8B93-01ED56BA4848.jpeg","width":1080,"height":609},{"@type":"BreadcrumbList","@id":"https:\/\/quehacerpolitico.mx\/?p=79715#breadcrumb","itemListElement":[{"@type":"ListItem","position":1,"name":"Inicio","item":"https:\/\/quehacerpolitico.mx\/"},{"@type":"ListItem","position":2,"name":"Activan Alerta Amber para localizar a Dana Paola Mill\u00e1n Garc\u00eda"}]},{"@type":"WebSite","@id":"https:\/\/quehacerpolitico.mx\/#website","url":"https:\/\/quehacerpolitico.mx\/","name":"","description":"","potentialAction":[{"@type":"SearchAction","target":{"@type":"EntryPoint","urlTemplate":"https:\/\/quehacerpolitico.mx\/?s={search_term_string}"},"query-input":{"@type":"PropertyValueSpecification","valueRequired":true,"valueName":"search_term_string"}}],"inLanguage":"es"},{"@type":"Person","@id":"https:\/\/quehacerpolitico.mx\/#\/schema\/person\/496d8ad2d1d3f8036101dca7ee39e585","name":"Redacci\u00f3n QP","image":{"@type":"ImageObject","inLanguage":"es","@id":"https:\/\/secure.gravatar.com\/avatar\/c7164ed6fdec453195284ad24a5ae5b6e1eed2b848477fa2a4787ba9adf39a41?s=96&d=mm&r=g","url":"https:\/\/secure.gravatar.com\/avatar\/c7164ed6fdec453195284ad24a5ae5b6e1eed2b848477fa2a4787ba9adf39a41?s=96&d=mm&r=g","contentUrl":"https:\/\/secure.gravatar.com\/avatar\/c7164ed6fdec453195284ad24a5ae5b6e1eed2b848477fa2a4787ba9adf39a41?s=96&d=mm&r=g","caption":"Redacci\u00f3n QP"},"url":"https:\/\/quehacerpolitico.mx\/?author=2"}]}},"featured_image_urls":{"full":["https:\/\/quehacerpolitico.mx\/wp-content\/uploads\/2021\/04\/DF390EB9-C68A-4DB2-8B93-01ED56BA4848.jpeg",1080,609,false],"thumbnail":["https:\/\/quehacerpolitico.mx\/wp-content\/uploads\/2021\/04\/DF390EB9-C68A-4DB2-8B93-01ED56BA4848-150x150.jpeg",150,150,true],"medium":["https:\/\/quehacerpolitico.mx\/wp-content\/uploads\/2021\/04\/DF390EB9-C68A-4DB2-8B93-01ED56BA4848-300x169.jpeg",300,169,true],"medium_large":["https:\/\/quehacerpolitico.mx\/wp-content\/uploads\/2021\/04\/DF390EB9-C68A-4DB2-8B93-01ED56BA4848-768x433.jpeg",640,361,true],"large":["https:\/\/quehacerpolitico.mx\/wp-content\/uploads\/2021\/04\/DF390EB9-C68A-4DB2-8B93-01ED56BA4848-1024x577.jpeg",640,361,true],"1536x1536":["https:\/\/quehacerpolitico.mx\/wp-content\/uploads\/2021\/04\/DF390EB9-C68A-4DB2-8B93-01ED56BA4848.jpeg",1080,609,false],"2048x2048":["https:\/\/quehacerpolitico.mx\/wp-content\/uploads\/2021\/04\/DF390EB9-C68A-4DB2-8B93-01ED56BA4848.jpeg",1080,609,false],"covernews-featured":["https:\/\/quehacerpolitico.mx\/wp-content\/uploads\/2021\/04\/DF390EB9-C68A-4DB2-8B93-01ED56BA4848.jpeg",1024,577,false],"covernews-medium":["https:\/\/quehacerpolitico.mx\/wp-content\/uploads\/2021\/04\/DF390EB9-C68A-4DB2-8B93-01ED56BA4848.jpeg",540,305,false]},"author_info":{"display_name":"Redacci\u00f3n QP","author_link":"https:\/\/quehacerpolitico.mx\/?author=2"},"category_info":"<a href=\"https:\/\/quehacerpolitico.mx\/?cat=55\" rel=\"category\">CDMX<\/a>","tag_info":"CDMX","comment_count":"0","_links":{"self":[{"href":"https:\/\/quehacerpolitico.mx\/index.php?rest_route=\/wp\/v2\/posts\/79715","targetHints":{"allow":["GET"]}}],"collection":[{"href":"https:\/\/quehacerpolitico.mx\/index.php?rest_route=\/wp\/v2\/posts"}],"about":[{"href":"https:\/\/quehacerpolitico.mx\/index.php?rest_route=\/wp\/v2\/types\/post"}],"author":[{"embeddable":true,"href":"https:\/\/quehacerpolitico.mx\/index.php?rest_route=\/wp\/v2\/users\/2"}],"replies":[{"embeddable":true,"href":"https:\/\/quehacerpolitico.mx\/index.php?rest_route=%2Fwp%2Fv2%2Fcomments&post=79715"}],"version-history":[{"count":0,"href":"https:\/\/quehacerpolitico.mx\/index.php?rest_route=\/wp\/v2\/posts\/79715\/revisions"}],"wp:featuredmedia":[{"embeddable":true,"href":"https:\/\/quehacerpolitico.mx\/index.php?rest_route=\/wp\/v2\/media\/79719"}],"wp:attachment":[{"href":"https:\/\/quehacerpolitico.mx\/index.php?rest_route=%2Fwp%2Fv2%2Fmedia&parent=79715"}],"wp:term":[{"taxonomy":"category","embeddable":true,"href":"https:\/\/quehacerpolitico.mx\/index.php?rest_route=%2Fwp%2Fv2%2Fcategories&post=79715"},{"taxonomy":"post_tag","embeddable":true,"href":"https:\/\/quehacerpolitico.mx\/index.php?rest_route=%2Fwp%2Fv2%2Ftags&post=79715"}],"curies":[{"name":"wp","href":"https:\/\/api.w.org\/{rel}","templated":true}]}}