{"id":79643,"date":"2021-04-19T01:43:40","date_gmt":"2021-04-19T01:43:40","guid":{"rendered":"https:\/\/quehacerpolitico.mx\/?p=79643"},"modified":"2021-04-19T01:43:40","modified_gmt":"2021-04-19T01:43:40","slug":"en-mexico-hoy-212-mil-339-muertos-confirmados-por-covid-19","status":"publish","type":"post","link":"https:\/\/quehacerpolitico.mx\/?p=79643","title":{"rendered":"En Mexico hoy 212 mil 339 muertos confirmados por COVID-19"},"content":{"rendered":"<h1 class=\"article_title\">En Mexico hoy 212 mil 339 muertos confirmados por COVID-19<br \/>\nPor Redacci\u00f3n QP<\/h1>\n<p>Las autoridades de Salud dan a conocer que M\u00e9xico ya suma 212 mil 339 muertos por COVID-19<\/p>\n<p>Las autoridades de Salud dan a conocer, la noche del domingo 18 de abril de 2021, que M\u00e9xico ya suma 212 mil 339 muertos por COVID-19<\/p>\n<h2>Casos estimados<\/h2>\n<p>Los <strong>casos estimados acumulados<\/strong>ascender\u00edan a 2 millones 495 mil 387, de los cuales 28 mil 470 seguir\u00edan activos.<\/p>\n<p>El n\u00famero de personas recuperadas ya alcanz\u00f3 1 mill\u00f3n 829 mil 480.<\/p>\n<p>Hasta el momento se han completado 3 millones 844 mil 491 <strong>esquemas de vacunaci\u00f3n<\/strong> contra COVID-19.<\/p>\n<blockquote class=\"twitter-tweet\" data-width=\"550\" data-dnt=\"true\">\n<p lang=\"es\" dir=\"ltr\">A nivel nacional, 85% de camas de hospitalizaci\u00f3n general est\u00e1n disponibles y 15% ocupadas. En camas con ventiladores, 82% est\u00e1n disponibles y 18% ocupadas. 2\/2 <a href=\"https:\/\/t.co\/1k2e7udoIm\">pic.twitter.com\/1k2e7udoIm<\/a><\/p>\n<p>&mdash; Hugo L\u00f3pez-Gatell Ram\u00edrez (@HLGatell) <a href=\"https:\/\/twitter.com\/HLGatell\/status\/1383936698120237056?ref_src=twsrc%5Etfw\">April 19, 2021<\/a><\/p><\/blockquote>\n<p><script async src=\"https:\/\/platform.twitter.com\/widgets.js\" charset=\"utf-8\"><\/script><\/p>\n<h2>Ocupaci\u00f3n hospitalaria<\/h2>\n<p>La ocupaci\u00f3n de<strong> camas de hospitalizaci\u00f3n general<\/strong> y de camas con ventilador es del 16% a nivel nacional.<\/p>\n<p>La ocupaci\u00f3n de camas de hospitalizaci\u00f3n general es del 15% a nivel nacional, al haber disponibles un total de 25 mil 854 de las 30 mil 388 registradas.<\/p>\n<p>Los 32 estados del pa\u00eds tienen menos del 30% de ocupaci\u00f3n de camas de hospitalizaci\u00f3n general.<\/p>\n<p>La ocupaci\u00f3n de <strong>camas con ventilador<\/strong> es del 18% a nivel nacional, al haber libres 8 mil 434 de 10 mil 239 reportadas.<\/p>\n<p>En un estado se registra una ocupaci\u00f3n de camas de hospitalizaci\u00f3n con ventilador que va del 30 al 49%, mientras que en 31 es menor al 30%.<\/p>\n<h2>Avance vacunaci\u00f3n en M\u00e9xico<\/h2>\n<p>Hasta el s\u00e1bado 17 de abril, con corte a las 21:00 horas, se aplicaron un total de 214 mil 223 dosis de la vacuna COVID.<\/p>\n<p>Hasta el momento M\u00e9xico acumula 14 millones 240 mil 830 vacunas aplicadas y 10 mil 151 dosis perdidas.<\/p>\n<blockquote class=\"twitter-tweet\" data-width=\"550\" data-dnt=\"true\">\n<p lang=\"es\" dir=\"ltr\">Hasta este d\u00eda suman 14,240,830 dosis de vacunas contra <a href=\"https:\/\/twitter.com\/hashtag\/COVID19?src=hash&amp;ref_src=twsrc%5Etfw\">#COVID19<\/a> aplicadas en M\u00e9xico. <a href=\"https:\/\/t.co\/PpAynqFxO0\">pic.twitter.com\/PpAynqFxO0<\/a><\/p>\n<p>&mdash; Hugo L\u00f3pez-Gatell Ram\u00edrez (@HLGatell) <a href=\"https:\/\/twitter.com\/HLGatell\/status\/1383944812022304769?ref_src=twsrc%5Etfw\">April 19, 2021<\/a><\/p><\/blockquote>\n<p><script async src=\"https:\/\/platform.twitter.com\/widgets.js\" charset=\"utf-8\"><\/script><\/p>\n<h2>Avance vacunaci\u00f3n por sector de la poblaci\u00f3n<\/h2>\n<p><strong>Personal de salud<\/strong><\/p>\n<p>Entre el personal de salud se han aplicado 936 mil 594 vacunas, de las cuales 146 mil 834 son medios esquemas y 789 mil 760 esquemas completos.<\/p>\n<p><strong>Personas adultas mayores<\/strong><\/p>\n<p>En los adultos mayores se han aplicado un total de 10 millones 237 mil 442 vacunas, de las cuales 7 millones 200 mil 338 son medios esquemas y 3 mill\u00f3n 037 mil 104 de esquemas completos.<\/p>\n<p><strong>Personal educativo<\/strong><\/p>\n<p>Entre el personal educativo se han aplicado 22 mil 934 vacunas, de las cuales 5 mil 307 son medios esquemas y 17 mil 627 esquemas completos.<\/p>\n<blockquote class=\"twitter-tweet\" data-width=\"550\" data-dnt=\"true\">\n<p lang=\"es\" dir=\"ltr\">Comunicado T\u00e9cnico Diario: Nuevo Coronavirus en el Mundo <a href=\"https:\/\/twitter.com\/hashtag\/COVID19?src=hash&amp;ref_src=twsrc%5Etfw\">#COVID19<\/a> | 18 de abril de 2021<\/p>\n<p>\u27a1\ufe0f <a href=\"https:\/\/t.co\/I2sjdNt5Qa\">https:\/\/t.co\/I2sjdNt5Qa<\/a> <a href=\"https:\/\/t.co\/af0syiPpgK\">pic.twitter.com\/af0syiPpgK<\/a><\/p>\n<p>&mdash; SALUD M\u00e9xico (@SSalud_mx) <a href=\"https:\/\/twitter.com\/SSalud_mx\/status\/1383950496847712264?ref_src=twsrc%5Etfw\">April 19, 2021<\/a><\/p><\/blockquote>\n<p><script async src=\"https:\/\/platform.twitter.com\/widgets.js\" charset=\"utf-8\"><\/script><\/p>\n<h2>Reacciones al\u00e9rgicas<\/h2>\n<p>Las reacciones al\u00e9rgicas ascienden a 15 mil 788, de las cuales corresponden a las siguientes vacunas:<\/p>\n<p>Pfizer: 13,613<br \/>\nAstraZeneca: 1,140<br \/>\nSinovac: 619<br \/>\nSputnik V: 258<br \/>\nCansino: 151<br \/>\nSe desconoce: 4<br \/>\nVacunaci\u00f3n en el extranjero: 3<\/p>\n<p>Del total de reacciones al\u00e9rgicas, un total de 223 han sido graves, de las cuales corresponden a las siguientes vacunas:<\/p>\n<p>Pfizer: 108<br \/>\nAstraZeneca: 47<br \/>\nSinovac: 44<br \/>\nSputnik V: 8<br \/>\nCansino: 15<br \/>\nSe desconoce: \u2013<br \/>\nSe vacun\u00f3 en el extranjero: 1<\/p>\n<p>Del total de reacciones graves, solo 66 de los pacientes siguen hospitalizados.<\/p>\n<h2>Vacunas recibidas<\/h2>\n<p>Hasta este domingo 18 de abril de 2021 M\u00e9xico ha recibido 18 millones 887 mil 345 dosis de vacunas contra COVID-19 desde el 23 de diciembre de 2020, de las cuales corresponden:<\/p>\n<p>Pfizer BioNTech: 7 millones 787 mil 325.<br \/>\nAstraZeneca: 3 millones 589 mil 300.<br \/>\nSinoVac: 4 millones 500 mil.<br \/>\nSputnik V: 900 mil.<br \/>\nCanSino: 2 millones 110 mil 720.<\/p>\n<blockquote class=\"twitter-tweet\" data-width=\"550\" data-dnt=\"true\">\n<p lang=\"pt\" dir=\"ltr\">Conferencia de Prensa <a href=\"https:\/\/twitter.com\/hashtag\/COVID19?src=hash&amp;ref_src=twsrc%5Etfw\">#COVID19<\/a> | 18 de abril de 2021 <a href=\"https:\/\/twitter.com\/hashtag\/GraciasPorCuidarnos?src=hash&amp;ref_src=twsrc%5Etfw\">#GraciasPorCuidarnos<\/a><a href=\"https:\/\/t.co\/otG6cjhsFT\">https:\/\/t.co\/otG6cjhsFT<\/a><\/p>\n<p>&mdash; SALUD M\u00e9xico (@SSalud_mx) <a href=\"https:\/\/twitter.com\/SSalud_mx\/status\/1383933004930641920?ref_src=twsrc%5Etfw\">April 18, 2021<\/a><\/p><\/blockquote>\n<p><script async src=\"https:\/\/platform.twitter.com\/widgets.js\" charset=\"utf-8\"><\/script><\/p>\n<p>Con informaci\u00f3n de la Secretar\u00eda de Salud<\/p>\n","protected":false},"excerpt":{"rendered":"<p>En Mexico hoy 212 mil 339 muertos confirmados por COVID-19 Por Redacci\u00f3n QP Las autoridades&#8230;<\/p>\n","protected":false},"author":2,"featured_media":79647,"comment_status":"open","ping_status":"open","sticky":false,"template":"","format":"standard","meta":{"_monsterinsights_skip_tracking":false,"_monsterinsights_sitenote_active":false,"_monsterinsights_sitenote_note":"","_monsterinsights_sitenote_category":0,"footnotes":""},"categories":[2],"tags":[],"class_list":["post-79643","post","type-post","status-publish","format-standard","has-post-thumbnail","hentry","category-noticias"],"yoast_head":"<!-- This site is optimized with the Yoast SEO plugin v27.3 - https:\/\/yoast.com\/product\/yoast-seo-wordpress\/ -->\n<title>En Mexico hoy 212 mil 339 muertos confirmados por COVID-19 -<\/title>\n<meta name=\"robots\" content=\"index, follow, max-snippet:-1, max-image-preview:large, max-video-preview:-1\" \/>\n<link rel=\"canonical\" href=\"https:\/\/quehacerpolitico.mx\/?p=79643\" \/>\n<meta property=\"og:locale\" content=\"es_MX\" \/>\n<meta property=\"og:type\" content=\"article\" \/>\n<meta property=\"og:title\" content=\"En Mexico hoy 212 mil 339 muertos confirmados por COVID-19 -\" \/>\n<meta property=\"og:description\" content=\"En Mexico hoy 212 mil 339 muertos confirmados por COVID-19 Por Redacci\u00f3n QP Las autoridades...\" \/>\n<meta property=\"og:url\" content=\"https:\/\/quehacerpolitico.mx\/?p=79643\" \/>\n<meta property=\"article:published_time\" content=\"2021-04-19T01:43:40+00:00\" \/>\n<meta property=\"og:image\" content=\"https:\/\/quehacerpolitico.mx\/wp-content\/uploads\/2021\/04\/F4CA8280-1DAD-435D-8A49-BBD47467449B.jpeg\" \/>\n\t<meta property=\"og:image:width\" content=\"1242\" \/>\n\t<meta property=\"og:image:height\" content=\"686\" \/>\n\t<meta property=\"og:image:type\" content=\"image\/jpeg\" \/>\n<meta name=\"author\" content=\"Redacci\u00f3n QP\" \/>\n<meta name=\"twitter:card\" content=\"summary_large_image\" \/>\n<meta name=\"twitter:label1\" content=\"Escrito por\" \/>\n\t<meta name=\"twitter:data1\" content=\"Redacci\u00f3n QP\" \/>\n\t<meta name=\"twitter:label2\" content=\"Tiempo de lectura\" \/>\n\t<meta name=\"twitter:data2\" content=\"2 minutos\" \/>\n<script type=\"application\/ld+json\" class=\"yoast-schema-graph\">{\"@context\":\"https:\\\/\\\/schema.org\",\"@graph\":[{\"@type\":\"Article\",\"@id\":\"https:\\\/\\\/quehacerpolitico.mx\\\/?p=79643#article\",\"isPartOf\":{\"@id\":\"https:\\\/\\\/quehacerpolitico.mx\\\/?p=79643\"},\"author\":{\"name\":\"Redacci\u00f3n QP\",\"@id\":\"https:\\\/\\\/quehacerpolitico.mx\\\/#\\\/schema\\\/person\\\/496d8ad2d1d3f8036101dca7ee39e585\"},\"headline\":\"En Mexico hoy 212 mil 339 muertos confirmados por COVID-19\",\"datePublished\":\"2021-04-19T01:43:40+00:00\",\"mainEntityOfPage\":{\"@id\":\"https:\\\/\\\/quehacerpolitico.mx\\\/?p=79643\"},\"wordCount\":491,\"commentCount\":0,\"image\":{\"@id\":\"https:\\\/\\\/quehacerpolitico.mx\\\/?p=79643#primaryimage\"},\"thumbnailUrl\":\"https:\\\/\\\/quehacerpolitico.mx\\\/wp-content\\\/uploads\\\/2021\\\/04\\\/F4CA8280-1DAD-435D-8A49-BBD47467449B.jpeg\",\"articleSection\":[\"Noticias\"],\"inLanguage\":\"es\",\"potentialAction\":[{\"@type\":\"CommentAction\",\"name\":\"Comment\",\"target\":[\"https:\\\/\\\/quehacerpolitico.mx\\\/?p=79643#respond\"]}]},{\"@type\":\"WebPage\",\"@id\":\"https:\\\/\\\/quehacerpolitico.mx\\\/?p=79643\",\"url\":\"https:\\\/\\\/quehacerpolitico.mx\\\/?p=79643\",\"name\":\"En Mexico hoy 212 mil 339 muertos confirmados por COVID-19 -\",\"isPartOf\":{\"@id\":\"https:\\\/\\\/quehacerpolitico.mx\\\/#website\"},\"primaryImageOfPage\":{\"@id\":\"https:\\\/\\\/quehacerpolitico.mx\\\/?p=79643#primaryimage\"},\"image\":{\"@id\":\"https:\\\/\\\/quehacerpolitico.mx\\\/?p=79643#primaryimage\"},\"thumbnailUrl\":\"https:\\\/\\\/quehacerpolitico.mx\\\/wp-content\\\/uploads\\\/2021\\\/04\\\/F4CA8280-1DAD-435D-8A49-BBD47467449B.jpeg\",\"datePublished\":\"2021-04-19T01:43:40+00:00\",\"author\":{\"@id\":\"https:\\\/\\\/quehacerpolitico.mx\\\/#\\\/schema\\\/person\\\/496d8ad2d1d3f8036101dca7ee39e585\"},\"breadcrumb\":{\"@id\":\"https:\\\/\\\/quehacerpolitico.mx\\\/?p=79643#breadcrumb\"},\"inLanguage\":\"es\",\"potentialAction\":[{\"@type\":\"ReadAction\",\"target\":[\"https:\\\/\\\/quehacerpolitico.mx\\\/?p=79643\"]}]},{\"@type\":\"ImageObject\",\"inLanguage\":\"es\",\"@id\":\"https:\\\/\\\/quehacerpolitico.mx\\\/?p=79643#primaryimage\",\"url\":\"https:\\\/\\\/quehacerpolitico.mx\\\/wp-content\\\/uploads\\\/2021\\\/04\\\/F4CA8280-1DAD-435D-8A49-BBD47467449B.jpeg\",\"contentUrl\":\"https:\\\/\\\/quehacerpolitico.mx\\\/wp-content\\\/uploads\\\/2021\\\/04\\\/F4CA8280-1DAD-435D-8A49-BBD47467449B.jpeg\",\"width\":1242,\"height\":686},{\"@type\":\"BreadcrumbList\",\"@id\":\"https:\\\/\\\/quehacerpolitico.mx\\\/?p=79643#breadcrumb\",\"itemListElement\":[{\"@type\":\"ListItem\",\"position\":1,\"name\":\"Inicio\",\"item\":\"https:\\\/\\\/quehacerpolitico.mx\\\/\"},{\"@type\":\"ListItem\",\"position\":2,\"name\":\"En Mexico hoy 212 mil 339 muertos confirmados por COVID-19\"}]},{\"@type\":\"WebSite\",\"@id\":\"https:\\\/\\\/quehacerpolitico.mx\\\/#website\",\"url\":\"https:\\\/\\\/quehacerpolitico.mx\\\/\",\"name\":\"\",\"description\":\"\",\"potentialAction\":[{\"@type\":\"SearchAction\",\"target\":{\"@type\":\"EntryPoint\",\"urlTemplate\":\"https:\\\/\\\/quehacerpolitico.mx\\\/?s={search_term_string}\"},\"query-input\":{\"@type\":\"PropertyValueSpecification\",\"valueRequired\":true,\"valueName\":\"search_term_string\"}}],\"inLanguage\":\"es\"},{\"@type\":\"Person\",\"@id\":\"https:\\\/\\\/quehacerpolitico.mx\\\/#\\\/schema\\\/person\\\/496d8ad2d1d3f8036101dca7ee39e585\",\"name\":\"Redacci\u00f3n QP\",\"image\":{\"@type\":\"ImageObject\",\"inLanguage\":\"es\",\"@id\":\"https:\\\/\\\/secure.gravatar.com\\\/avatar\\\/c7164ed6fdec453195284ad24a5ae5b6e1eed2b848477fa2a4787ba9adf39a41?s=96&d=mm&r=g\",\"url\":\"https:\\\/\\\/secure.gravatar.com\\\/avatar\\\/c7164ed6fdec453195284ad24a5ae5b6e1eed2b848477fa2a4787ba9adf39a41?s=96&d=mm&r=g\",\"contentUrl\":\"https:\\\/\\\/secure.gravatar.com\\\/avatar\\\/c7164ed6fdec453195284ad24a5ae5b6e1eed2b848477fa2a4787ba9adf39a41?s=96&d=mm&r=g\",\"caption\":\"Redacci\u00f3n QP\"},\"url\":\"https:\\\/\\\/quehacerpolitico.mx\\\/?author=2\"}]}<\/script>\n<!-- \/ Yoast SEO plugin. -->","yoast_head_json":{"title":"En Mexico hoy 212 mil 339 muertos confirmados por COVID-19 -","robots":{"index":"index","follow":"follow","max-snippet":"max-snippet:-1","max-image-preview":"max-image-preview:large","max-video-preview":"max-video-preview:-1"},"canonical":"https:\/\/quehacerpolitico.mx\/?p=79643","og_locale":"es_MX","og_type":"article","og_title":"En Mexico hoy 212 mil 339 muertos confirmados por COVID-19 -","og_description":"En Mexico hoy 212 mil 339 muertos confirmados por COVID-19 Por Redacci\u00f3n QP Las autoridades...","og_url":"https:\/\/quehacerpolitico.mx\/?p=79643","article_published_time":"2021-04-19T01:43:40+00:00","og_image":[{"width":1242,"height":686,"url":"https:\/\/quehacerpolitico.mx\/wp-content\/uploads\/2021\/04\/F4CA8280-1DAD-435D-8A49-BBD47467449B.jpeg","type":"image\/jpeg"}],"author":"Redacci\u00f3n QP","twitter_card":"summary_large_image","twitter_misc":{"Escrito por":"Redacci\u00f3n QP","Tiempo de lectura":"2 minutos"},"schema":{"@context":"https:\/\/schema.org","@graph":[{"@type":"Article","@id":"https:\/\/quehacerpolitico.mx\/?p=79643#article","isPartOf":{"@id":"https:\/\/quehacerpolitico.mx\/?p=79643"},"author":{"name":"Redacci\u00f3n QP","@id":"https:\/\/quehacerpolitico.mx\/#\/schema\/person\/496d8ad2d1d3f8036101dca7ee39e585"},"headline":"En Mexico hoy 212 mil 339 muertos confirmados por COVID-19","datePublished":"2021-04-19T01:43:40+00:00","mainEntityOfPage":{"@id":"https:\/\/quehacerpolitico.mx\/?p=79643"},"wordCount":491,"commentCount":0,"image":{"@id":"https:\/\/quehacerpolitico.mx\/?p=79643#primaryimage"},"thumbnailUrl":"https:\/\/quehacerpolitico.mx\/wp-content\/uploads\/2021\/04\/F4CA8280-1DAD-435D-8A49-BBD47467449B.jpeg","articleSection":["Noticias"],"inLanguage":"es","potentialAction":[{"@type":"CommentAction","name":"Comment","target":["https:\/\/quehacerpolitico.mx\/?p=79643#respond"]}]},{"@type":"WebPage","@id":"https:\/\/quehacerpolitico.mx\/?p=79643","url":"https:\/\/quehacerpolitico.mx\/?p=79643","name":"En Mexico hoy 212 mil 339 muertos confirmados por COVID-19 -","isPartOf":{"@id":"https:\/\/quehacerpolitico.mx\/#website"},"primaryImageOfPage":{"@id":"https:\/\/quehacerpolitico.mx\/?p=79643#primaryimage"},"image":{"@id":"https:\/\/quehacerpolitico.mx\/?p=79643#primaryimage"},"thumbnailUrl":"https:\/\/quehacerpolitico.mx\/wp-content\/uploads\/2021\/04\/F4CA8280-1DAD-435D-8A49-BBD47467449B.jpeg","datePublished":"2021-04-19T01:43:40+00:00","author":{"@id":"https:\/\/quehacerpolitico.mx\/#\/schema\/person\/496d8ad2d1d3f8036101dca7ee39e585"},"breadcrumb":{"@id":"https:\/\/quehacerpolitico.mx\/?p=79643#breadcrumb"},"inLanguage":"es","potentialAction":[{"@type":"ReadAction","target":["https:\/\/quehacerpolitico.mx\/?p=79643"]}]},{"@type":"ImageObject","inLanguage":"es","@id":"https:\/\/quehacerpolitico.mx\/?p=79643#primaryimage","url":"https:\/\/quehacerpolitico.mx\/wp-content\/uploads\/2021\/04\/F4CA8280-1DAD-435D-8A49-BBD47467449B.jpeg","contentUrl":"https:\/\/quehacerpolitico.mx\/wp-content\/uploads\/2021\/04\/F4CA8280-1DAD-435D-8A49-BBD47467449B.jpeg","width":1242,"height":686},{"@type":"BreadcrumbList","@id":"https:\/\/quehacerpolitico.mx\/?p=79643#breadcrumb","itemListElement":[{"@type":"ListItem","position":1,"name":"Inicio","item":"https:\/\/quehacerpolitico.mx\/"},{"@type":"ListItem","position":2,"name":"En Mexico hoy 212 mil 339 muertos confirmados por COVID-19"}]},{"@type":"WebSite","@id":"https:\/\/quehacerpolitico.mx\/#website","url":"https:\/\/quehacerpolitico.mx\/","name":"","description":"","potentialAction":[{"@type":"SearchAction","target":{"@type":"EntryPoint","urlTemplate":"https:\/\/quehacerpolitico.mx\/?s={search_term_string}"},"query-input":{"@type":"PropertyValueSpecification","valueRequired":true,"valueName":"search_term_string"}}],"inLanguage":"es"},{"@type":"Person","@id":"https:\/\/quehacerpolitico.mx\/#\/schema\/person\/496d8ad2d1d3f8036101dca7ee39e585","name":"Redacci\u00f3n QP","image":{"@type":"ImageObject","inLanguage":"es","@id":"https:\/\/secure.gravatar.com\/avatar\/c7164ed6fdec453195284ad24a5ae5b6e1eed2b848477fa2a4787ba9adf39a41?s=96&d=mm&r=g","url":"https:\/\/secure.gravatar.com\/avatar\/c7164ed6fdec453195284ad24a5ae5b6e1eed2b848477fa2a4787ba9adf39a41?s=96&d=mm&r=g","contentUrl":"https:\/\/secure.gravatar.com\/avatar\/c7164ed6fdec453195284ad24a5ae5b6e1eed2b848477fa2a4787ba9adf39a41?s=96&d=mm&r=g","caption":"Redacci\u00f3n QP"},"url":"https:\/\/quehacerpolitico.mx\/?author=2"}]}},"featured_image_urls":{"full":["https:\/\/quehacerpolitico.mx\/wp-content\/uploads\/2021\/04\/F4CA8280-1DAD-435D-8A49-BBD47467449B.jpeg",1242,686,false],"thumbnail":["https:\/\/quehacerpolitico.mx\/wp-content\/uploads\/2021\/04\/F4CA8280-1DAD-435D-8A49-BBD47467449B-150x150.jpeg",150,150,true],"medium":["https:\/\/quehacerpolitico.mx\/wp-content\/uploads\/2021\/04\/F4CA8280-1DAD-435D-8A49-BBD47467449B-300x166.jpeg",300,166,true],"medium_large":["https:\/\/quehacerpolitico.mx\/wp-content\/uploads\/2021\/04\/F4CA8280-1DAD-435D-8A49-BBD47467449B-768x424.jpeg",640,353,true],"large":["https:\/\/quehacerpolitico.mx\/wp-content\/uploads\/2021\/04\/F4CA8280-1DAD-435D-8A49-BBD47467449B-1024x566.jpeg",640,354,true],"1536x1536":["https:\/\/quehacerpolitico.mx\/wp-content\/uploads\/2021\/04\/F4CA8280-1DAD-435D-8A49-BBD47467449B.jpeg",1242,686,false],"2048x2048":["https:\/\/quehacerpolitico.mx\/wp-content\/uploads\/2021\/04\/F4CA8280-1DAD-435D-8A49-BBD47467449B.jpeg",1242,686,false],"covernews-featured":["https:\/\/quehacerpolitico.mx\/wp-content\/uploads\/2021\/04\/F4CA8280-1DAD-435D-8A49-BBD47467449B.jpeg",1024,566,false],"covernews-medium":["https:\/\/quehacerpolitico.mx\/wp-content\/uploads\/2021\/04\/F4CA8280-1DAD-435D-8A49-BBD47467449B.jpeg",540,298,false]},"author_info":{"display_name":"Redacci\u00f3n QP","author_link":"https:\/\/quehacerpolitico.mx\/?author=2"},"category_info":"<a href=\"https:\/\/quehacerpolitico.mx\/?cat=2\" rel=\"category\">Noticias<\/a>","tag_info":"Noticias","comment_count":"0","_links":{"self":[{"href":"https:\/\/quehacerpolitico.mx\/index.php?rest_route=\/wp\/v2\/posts\/79643","targetHints":{"allow":["GET"]}}],"collection":[{"href":"https:\/\/quehacerpolitico.mx\/index.php?rest_route=\/wp\/v2\/posts"}],"about":[{"href":"https:\/\/quehacerpolitico.mx\/index.php?rest_route=\/wp\/v2\/types\/post"}],"author":[{"embeddable":true,"href":"https:\/\/quehacerpolitico.mx\/index.php?rest_route=\/wp\/v2\/users\/2"}],"replies":[{"embeddable":true,"href":"https:\/\/quehacerpolitico.mx\/index.php?rest_route=%2Fwp%2Fv2%2Fcomments&post=79643"}],"version-history":[{"count":0,"href":"https:\/\/quehacerpolitico.mx\/index.php?rest_route=\/wp\/v2\/posts\/79643\/revisions"}],"wp:featuredmedia":[{"embeddable":true,"href":"https:\/\/quehacerpolitico.mx\/index.php?rest_route=\/wp\/v2\/media\/79647"}],"wp:attachment":[{"href":"https:\/\/quehacerpolitico.mx\/index.php?rest_route=%2Fwp%2Fv2%2Fmedia&parent=79643"}],"wp:term":[{"taxonomy":"category","embeddable":true,"href":"https:\/\/quehacerpolitico.mx\/index.php?rest_route=%2Fwp%2Fv2%2Fcategories&post=79643"},{"taxonomy":"post_tag","embeddable":true,"href":"https:\/\/quehacerpolitico.mx\/index.php?rest_route=%2Fwp%2Fv2%2Ftags&post=79643"}],"curies":[{"name":"wp","href":"https:\/\/api.w.org\/{rel}","templated":true}]}}