{"id":79231,"date":"2021-04-12T16:45:13","date_gmt":"2021-04-12T16:45:13","guid":{"rendered":"https:\/\/quehacerpolitico.mx\/?p=79231"},"modified":"2021-04-12T16:45:13","modified_gmt":"2021-04-12T16:45:13","slug":"activan-alerta-amber-para-localizar-lidia-esmeralda-calvillo-garcia","status":"publish","type":"post","link":"https:\/\/quehacerpolitico.mx\/?p=79231","title":{"rendered":"Activan Alerta Amber para localizar a Lidia Esmeralda Calvillo Garc\u00eda"},"content":{"rendered":"<h1 class=\"article_title\">Activan Alerta Amber para localizar a Lidia Esmeralda Calvillo Garc\u00eda<br \/>\nPor Redacci\u00f3n QP<\/h1>\n<p>Tiene como se\u00f1as particulares lunar en el pecho<\/p>\n<p>La Fiscal\u00eda General de Justicia de la Ciudad de M\u00e9xico (FGJ-CDMX) <strong>activ\u00f3 la Alerta Amber\u00a0<\/strong>para localizar a<strong> Lidia Esmeralda Calvillo Garc\u00eda<\/strong>, de 14 a\u00f1os de edad, fue vista por \u00faltima vez en la colonia Agr\u00edcola Pantitl\u00e1n, alcald\u00eda Iztacalco.<\/p>\n<p>De acuerdo con el bolet\u00edn de b\u00fasqueda, la solicitud para activar la Alerta Amber de <strong>Lidia Esmeralda Calvillo Garc\u00eda<\/strong> se recibi\u00f3 el d\u00eda <strong>11 de abril del 2021<\/strong>.<\/p>\n<blockquote class=\"twitter-tweet\" data-width=\"550\" data-dnt=\"true\">\n<p lang=\"es\" dir=\"ltr\">Se activa <a href=\"https:\/\/twitter.com\/hashtag\/AlertaAmber?src=hash&amp;ref_src=twsrc%5Etfw\">#AlertaAmber<\/a> para localizar a una menor de 14 a\u00f1os de edad, de nombre Lidia Esmeralda Calvillo Garc\u00eda, fue vista por \u00faltima vez el d\u00eda 11 de abril de 2021 en la colonia Agr\u00edcola Pantitl\u00e1n, alcald\u00eda Iztacalco <a href=\"https:\/\/t.co\/dhRtPHqW30\">pic.twitter.com\/dhRtPHqW30<\/a><\/p>\n<p>&mdash; Fiscal\u00eda CDMX (@FiscaliaCDMX) <a href=\"https:\/\/twitter.com\/FiscaliaCDMX\/status\/1381455862967857157?ref_src=twsrc%5Etfw\">April 12, 2021<\/a><\/p><\/blockquote>\n<p><script async src=\"https:\/\/platform.twitter.com\/widgets.js\" charset=\"utf-8\"><\/script><\/p>\n<h2>Esta ropa vest\u00eda el d\u00eda de su desaparici\u00f3n<\/h2>\n<p>El d\u00eda de su desaparici\u00f3n <strong>Lidia Esmeralda Calvillo Garc\u00eda<\/strong> vest\u00eda sudadera con gorra negra con blanco y un mall\u00f3n azul marino.<\/p>\n<p>Finalmente, la <strong>FGJCDMX<\/strong> pidi\u00f3 a la poblaci\u00f3n que cualquier informaci\u00f3n sobre el paradero de la menor de edad sea comunicado al tel\u00e9fono 5345 5067, con terminaciones 84 y 82, o acudir a la Fiscal\u00eda Especializada en la B\u00fasqueda, Localizaci\u00f3n e Investigaci\u00f3n de Personas Desaparecidas, ubicada en avenida Jard\u00edn 365, colonia Del Gas, alcald\u00eda Azcapotzalco, adem\u00e1s de consultar la p\u00e1gina <a href=\"https:\/\/www.fgjcdmx.gob.mx\/nuestros-servicios\/servicios-la-ciudadania\/alerta-amber-df\" target=\"_blank\" rel=\"noopener\">www.pgj.cdmx.gob.mx<\/a><\/p>\n<p><em>Con informaci\u00f3n de la FGJCDMX<\/em><\/p>\n","protected":false},"excerpt":{"rendered":"<p>Activan Alerta Amber para localizar a Lidia Esmeralda Calvillo Garc\u00eda Por Redacci\u00f3n QP Tiene como&#8230;<\/p>\n","protected":false},"author":2,"featured_media":79234,"comment_status":"open","ping_status":"open","sticky":false,"template":"","format":"standard","meta":{"_monsterinsights_skip_tracking":false,"_monsterinsights_sitenote_active":false,"_monsterinsights_sitenote_note":"","_monsterinsights_sitenote_category":0,"footnotes":""},"categories":[55],"tags":[],"class_list":["post-79231","post","type-post","status-publish","format-standard","has-post-thumbnail","hentry","category-cdmx"],"yoast_head":"<!-- This site is optimized with the Yoast SEO plugin v27.3 - https:\/\/yoast.com\/product\/yoast-seo-wordpress\/ -->\n<title>Activan Alerta Amber para localizar a Lidia Esmeralda Calvillo Garc\u00eda -<\/title>\n<meta name=\"robots\" content=\"index, follow, max-snippet:-1, max-image-preview:large, max-video-preview:-1\" \/>\n<link rel=\"canonical\" href=\"https:\/\/quehacerpolitico.mx\/?p=79231\" \/>\n<meta property=\"og:locale\" content=\"es_MX\" \/>\n<meta property=\"og:type\" content=\"article\" \/>\n<meta property=\"og:title\" content=\"Activan Alerta Amber para localizar a Lidia Esmeralda Calvillo Garc\u00eda -\" \/>\n<meta property=\"og:description\" content=\"Activan Alerta Amber para localizar a Lidia Esmeralda Calvillo Garc\u00eda Por Redacci\u00f3n QP Tiene como...\" \/>\n<meta property=\"og:url\" content=\"https:\/\/quehacerpolitico.mx\/?p=79231\" \/>\n<meta property=\"article:published_time\" content=\"2021-04-12T16:45:13+00:00\" \/>\n<meta property=\"og:image\" content=\"https:\/\/quehacerpolitico.mx\/wp-content\/uploads\/2021\/04\/E5235F78-5A01-4215-A6C2-75E17375ED9C.jpeg\" \/>\n\t<meta property=\"og:image:width\" content=\"727\" \/>\n\t<meta property=\"og:image:height\" content=\"481\" \/>\n\t<meta property=\"og:image:type\" content=\"image\/jpeg\" \/>\n<meta name=\"author\" content=\"Redacci\u00f3n QP\" \/>\n<meta name=\"twitter:card\" content=\"summary_large_image\" \/>\n<meta name=\"twitter:label1\" content=\"Escrito por\" \/>\n\t<meta name=\"twitter:data1\" content=\"Redacci\u00f3n QP\" \/>\n\t<meta name=\"twitter:label2\" content=\"Tiempo de lectura\" \/>\n\t<meta name=\"twitter:data2\" content=\"1 minuto\" \/>\n<script type=\"application\/ld+json\" class=\"yoast-schema-graph\">{\"@context\":\"https:\\\/\\\/schema.org\",\"@graph\":[{\"@type\":\"Article\",\"@id\":\"https:\\\/\\\/quehacerpolitico.mx\\\/?p=79231#article\",\"isPartOf\":{\"@id\":\"https:\\\/\\\/quehacerpolitico.mx\\\/?p=79231\"},\"author\":{\"name\":\"Redacci\u00f3n QP\",\"@id\":\"https:\\\/\\\/quehacerpolitico.mx\\\/#\\\/schema\\\/person\\\/496d8ad2d1d3f8036101dca7ee39e585\"},\"headline\":\"Activan Alerta Amber para localizar a Lidia Esmeralda Calvillo Garc\u00eda\",\"datePublished\":\"2021-04-12T16:45:13+00:00\",\"mainEntityOfPage\":{\"@id\":\"https:\\\/\\\/quehacerpolitico.mx\\\/?p=79231\"},\"wordCount\":229,\"commentCount\":0,\"image\":{\"@id\":\"https:\\\/\\\/quehacerpolitico.mx\\\/?p=79231#primaryimage\"},\"thumbnailUrl\":\"https:\\\/\\\/quehacerpolitico.mx\\\/wp-content\\\/uploads\\\/2021\\\/04\\\/E5235F78-5A01-4215-A6C2-75E17375ED9C.jpeg\",\"articleSection\":[\"CDMX\"],\"inLanguage\":\"es\",\"potentialAction\":[{\"@type\":\"CommentAction\",\"name\":\"Comment\",\"target\":[\"https:\\\/\\\/quehacerpolitico.mx\\\/?p=79231#respond\"]}]},{\"@type\":\"WebPage\",\"@id\":\"https:\\\/\\\/quehacerpolitico.mx\\\/?p=79231\",\"url\":\"https:\\\/\\\/quehacerpolitico.mx\\\/?p=79231\",\"name\":\"Activan Alerta Amber para localizar a Lidia Esmeralda Calvillo Garc\u00eda -\",\"isPartOf\":{\"@id\":\"https:\\\/\\\/quehacerpolitico.mx\\\/#website\"},\"primaryImageOfPage\":{\"@id\":\"https:\\\/\\\/quehacerpolitico.mx\\\/?p=79231#primaryimage\"},\"image\":{\"@id\":\"https:\\\/\\\/quehacerpolitico.mx\\\/?p=79231#primaryimage\"},\"thumbnailUrl\":\"https:\\\/\\\/quehacerpolitico.mx\\\/wp-content\\\/uploads\\\/2021\\\/04\\\/E5235F78-5A01-4215-A6C2-75E17375ED9C.jpeg\",\"datePublished\":\"2021-04-12T16:45:13+00:00\",\"author\":{\"@id\":\"https:\\\/\\\/quehacerpolitico.mx\\\/#\\\/schema\\\/person\\\/496d8ad2d1d3f8036101dca7ee39e585\"},\"breadcrumb\":{\"@id\":\"https:\\\/\\\/quehacerpolitico.mx\\\/?p=79231#breadcrumb\"},\"inLanguage\":\"es\",\"potentialAction\":[{\"@type\":\"ReadAction\",\"target\":[\"https:\\\/\\\/quehacerpolitico.mx\\\/?p=79231\"]}]},{\"@type\":\"ImageObject\",\"inLanguage\":\"es\",\"@id\":\"https:\\\/\\\/quehacerpolitico.mx\\\/?p=79231#primaryimage\",\"url\":\"https:\\\/\\\/quehacerpolitico.mx\\\/wp-content\\\/uploads\\\/2021\\\/04\\\/E5235F78-5A01-4215-A6C2-75E17375ED9C.jpeg\",\"contentUrl\":\"https:\\\/\\\/quehacerpolitico.mx\\\/wp-content\\\/uploads\\\/2021\\\/04\\\/E5235F78-5A01-4215-A6C2-75E17375ED9C.jpeg\",\"width\":727,\"height\":481},{\"@type\":\"BreadcrumbList\",\"@id\":\"https:\\\/\\\/quehacerpolitico.mx\\\/?p=79231#breadcrumb\",\"itemListElement\":[{\"@type\":\"ListItem\",\"position\":1,\"name\":\"Inicio\",\"item\":\"https:\\\/\\\/quehacerpolitico.mx\\\/\"},{\"@type\":\"ListItem\",\"position\":2,\"name\":\"Activan Alerta Amber para localizar a Lidia Esmeralda Calvillo Garc\u00eda\"}]},{\"@type\":\"WebSite\",\"@id\":\"https:\\\/\\\/quehacerpolitico.mx\\\/#website\",\"url\":\"https:\\\/\\\/quehacerpolitico.mx\\\/\",\"name\":\"\",\"description\":\"\",\"potentialAction\":[{\"@type\":\"SearchAction\",\"target\":{\"@type\":\"EntryPoint\",\"urlTemplate\":\"https:\\\/\\\/quehacerpolitico.mx\\\/?s={search_term_string}\"},\"query-input\":{\"@type\":\"PropertyValueSpecification\",\"valueRequired\":true,\"valueName\":\"search_term_string\"}}],\"inLanguage\":\"es\"},{\"@type\":\"Person\",\"@id\":\"https:\\\/\\\/quehacerpolitico.mx\\\/#\\\/schema\\\/person\\\/496d8ad2d1d3f8036101dca7ee39e585\",\"name\":\"Redacci\u00f3n QP\",\"image\":{\"@type\":\"ImageObject\",\"inLanguage\":\"es\",\"@id\":\"https:\\\/\\\/secure.gravatar.com\\\/avatar\\\/c7164ed6fdec453195284ad24a5ae5b6e1eed2b848477fa2a4787ba9adf39a41?s=96&d=mm&r=g\",\"url\":\"https:\\\/\\\/secure.gravatar.com\\\/avatar\\\/c7164ed6fdec453195284ad24a5ae5b6e1eed2b848477fa2a4787ba9adf39a41?s=96&d=mm&r=g\",\"contentUrl\":\"https:\\\/\\\/secure.gravatar.com\\\/avatar\\\/c7164ed6fdec453195284ad24a5ae5b6e1eed2b848477fa2a4787ba9adf39a41?s=96&d=mm&r=g\",\"caption\":\"Redacci\u00f3n QP\"},\"url\":\"https:\\\/\\\/quehacerpolitico.mx\\\/?author=2\"}]}<\/script>\n<!-- \/ Yoast SEO plugin. -->","yoast_head_json":{"title":"Activan Alerta Amber para localizar a Lidia Esmeralda Calvillo Garc\u00eda -","robots":{"index":"index","follow":"follow","max-snippet":"max-snippet:-1","max-image-preview":"max-image-preview:large","max-video-preview":"max-video-preview:-1"},"canonical":"https:\/\/quehacerpolitico.mx\/?p=79231","og_locale":"es_MX","og_type":"article","og_title":"Activan Alerta Amber para localizar a Lidia Esmeralda Calvillo Garc\u00eda -","og_description":"Activan Alerta Amber para localizar a Lidia Esmeralda Calvillo Garc\u00eda Por Redacci\u00f3n QP Tiene como...","og_url":"https:\/\/quehacerpolitico.mx\/?p=79231","article_published_time":"2021-04-12T16:45:13+00:00","og_image":[{"width":727,"height":481,"url":"https:\/\/quehacerpolitico.mx\/wp-content\/uploads\/2021\/04\/E5235F78-5A01-4215-A6C2-75E17375ED9C.jpeg","type":"image\/jpeg"}],"author":"Redacci\u00f3n QP","twitter_card":"summary_large_image","twitter_misc":{"Escrito por":"Redacci\u00f3n QP","Tiempo de lectura":"1 minuto"},"schema":{"@context":"https:\/\/schema.org","@graph":[{"@type":"Article","@id":"https:\/\/quehacerpolitico.mx\/?p=79231#article","isPartOf":{"@id":"https:\/\/quehacerpolitico.mx\/?p=79231"},"author":{"name":"Redacci\u00f3n QP","@id":"https:\/\/quehacerpolitico.mx\/#\/schema\/person\/496d8ad2d1d3f8036101dca7ee39e585"},"headline":"Activan Alerta Amber para localizar a Lidia Esmeralda Calvillo Garc\u00eda","datePublished":"2021-04-12T16:45:13+00:00","mainEntityOfPage":{"@id":"https:\/\/quehacerpolitico.mx\/?p=79231"},"wordCount":229,"commentCount":0,"image":{"@id":"https:\/\/quehacerpolitico.mx\/?p=79231#primaryimage"},"thumbnailUrl":"https:\/\/quehacerpolitico.mx\/wp-content\/uploads\/2021\/04\/E5235F78-5A01-4215-A6C2-75E17375ED9C.jpeg","articleSection":["CDMX"],"inLanguage":"es","potentialAction":[{"@type":"CommentAction","name":"Comment","target":["https:\/\/quehacerpolitico.mx\/?p=79231#respond"]}]},{"@type":"WebPage","@id":"https:\/\/quehacerpolitico.mx\/?p=79231","url":"https:\/\/quehacerpolitico.mx\/?p=79231","name":"Activan Alerta Amber para localizar a Lidia Esmeralda Calvillo Garc\u00eda -","isPartOf":{"@id":"https:\/\/quehacerpolitico.mx\/#website"},"primaryImageOfPage":{"@id":"https:\/\/quehacerpolitico.mx\/?p=79231#primaryimage"},"image":{"@id":"https:\/\/quehacerpolitico.mx\/?p=79231#primaryimage"},"thumbnailUrl":"https:\/\/quehacerpolitico.mx\/wp-content\/uploads\/2021\/04\/E5235F78-5A01-4215-A6C2-75E17375ED9C.jpeg","datePublished":"2021-04-12T16:45:13+00:00","author":{"@id":"https:\/\/quehacerpolitico.mx\/#\/schema\/person\/496d8ad2d1d3f8036101dca7ee39e585"},"breadcrumb":{"@id":"https:\/\/quehacerpolitico.mx\/?p=79231#breadcrumb"},"inLanguage":"es","potentialAction":[{"@type":"ReadAction","target":["https:\/\/quehacerpolitico.mx\/?p=79231"]}]},{"@type":"ImageObject","inLanguage":"es","@id":"https:\/\/quehacerpolitico.mx\/?p=79231#primaryimage","url":"https:\/\/quehacerpolitico.mx\/wp-content\/uploads\/2021\/04\/E5235F78-5A01-4215-A6C2-75E17375ED9C.jpeg","contentUrl":"https:\/\/quehacerpolitico.mx\/wp-content\/uploads\/2021\/04\/E5235F78-5A01-4215-A6C2-75E17375ED9C.jpeg","width":727,"height":481},{"@type":"BreadcrumbList","@id":"https:\/\/quehacerpolitico.mx\/?p=79231#breadcrumb","itemListElement":[{"@type":"ListItem","position":1,"name":"Inicio","item":"https:\/\/quehacerpolitico.mx\/"},{"@type":"ListItem","position":2,"name":"Activan Alerta Amber para localizar a Lidia Esmeralda Calvillo Garc\u00eda"}]},{"@type":"WebSite","@id":"https:\/\/quehacerpolitico.mx\/#website","url":"https:\/\/quehacerpolitico.mx\/","name":"","description":"","potentialAction":[{"@type":"SearchAction","target":{"@type":"EntryPoint","urlTemplate":"https:\/\/quehacerpolitico.mx\/?s={search_term_string}"},"query-input":{"@type":"PropertyValueSpecification","valueRequired":true,"valueName":"search_term_string"}}],"inLanguage":"es"},{"@type":"Person","@id":"https:\/\/quehacerpolitico.mx\/#\/schema\/person\/496d8ad2d1d3f8036101dca7ee39e585","name":"Redacci\u00f3n QP","image":{"@type":"ImageObject","inLanguage":"es","@id":"https:\/\/secure.gravatar.com\/avatar\/c7164ed6fdec453195284ad24a5ae5b6e1eed2b848477fa2a4787ba9adf39a41?s=96&d=mm&r=g","url":"https:\/\/secure.gravatar.com\/avatar\/c7164ed6fdec453195284ad24a5ae5b6e1eed2b848477fa2a4787ba9adf39a41?s=96&d=mm&r=g","contentUrl":"https:\/\/secure.gravatar.com\/avatar\/c7164ed6fdec453195284ad24a5ae5b6e1eed2b848477fa2a4787ba9adf39a41?s=96&d=mm&r=g","caption":"Redacci\u00f3n QP"},"url":"https:\/\/quehacerpolitico.mx\/?author=2"}]}},"featured_image_urls":{"full":["https:\/\/quehacerpolitico.mx\/wp-content\/uploads\/2021\/04\/E5235F78-5A01-4215-A6C2-75E17375ED9C.jpeg",727,481,false],"thumbnail":["https:\/\/quehacerpolitico.mx\/wp-content\/uploads\/2021\/04\/E5235F78-5A01-4215-A6C2-75E17375ED9C-150x150.jpeg",150,150,true],"medium":["https:\/\/quehacerpolitico.mx\/wp-content\/uploads\/2021\/04\/E5235F78-5A01-4215-A6C2-75E17375ED9C-300x198.jpeg",300,198,true],"medium_large":["https:\/\/quehacerpolitico.mx\/wp-content\/uploads\/2021\/04\/E5235F78-5A01-4215-A6C2-75E17375ED9C.jpeg",640,423,false],"large":["https:\/\/quehacerpolitico.mx\/wp-content\/uploads\/2021\/04\/E5235F78-5A01-4215-A6C2-75E17375ED9C.jpeg",640,423,false],"1536x1536":["https:\/\/quehacerpolitico.mx\/wp-content\/uploads\/2021\/04\/E5235F78-5A01-4215-A6C2-75E17375ED9C.jpeg",727,481,false],"2048x2048":["https:\/\/quehacerpolitico.mx\/wp-content\/uploads\/2021\/04\/E5235F78-5A01-4215-A6C2-75E17375ED9C.jpeg",727,481,false],"covernews-featured":["https:\/\/quehacerpolitico.mx\/wp-content\/uploads\/2021\/04\/E5235F78-5A01-4215-A6C2-75E17375ED9C.jpeg",727,481,false],"covernews-medium":["https:\/\/quehacerpolitico.mx\/wp-content\/uploads\/2021\/04\/E5235F78-5A01-4215-A6C2-75E17375ED9C.jpeg",514,340,false]},"author_info":{"display_name":"Redacci\u00f3n QP","author_link":"https:\/\/quehacerpolitico.mx\/?author=2"},"category_info":"<a href=\"https:\/\/quehacerpolitico.mx\/?cat=55\" rel=\"category\">CDMX<\/a>","tag_info":"CDMX","comment_count":"0","_links":{"self":[{"href":"https:\/\/quehacerpolitico.mx\/index.php?rest_route=\/wp\/v2\/posts\/79231","targetHints":{"allow":["GET"]}}],"collection":[{"href":"https:\/\/quehacerpolitico.mx\/index.php?rest_route=\/wp\/v2\/posts"}],"about":[{"href":"https:\/\/quehacerpolitico.mx\/index.php?rest_route=\/wp\/v2\/types\/post"}],"author":[{"embeddable":true,"href":"https:\/\/quehacerpolitico.mx\/index.php?rest_route=\/wp\/v2\/users\/2"}],"replies":[{"embeddable":true,"href":"https:\/\/quehacerpolitico.mx\/index.php?rest_route=%2Fwp%2Fv2%2Fcomments&post=79231"}],"version-history":[{"count":0,"href":"https:\/\/quehacerpolitico.mx\/index.php?rest_route=\/wp\/v2\/posts\/79231\/revisions"}],"wp:featuredmedia":[{"embeddable":true,"href":"https:\/\/quehacerpolitico.mx\/index.php?rest_route=\/wp\/v2\/media\/79234"}],"wp:attachment":[{"href":"https:\/\/quehacerpolitico.mx\/index.php?rest_route=%2Fwp%2Fv2%2Fmedia&parent=79231"}],"wp:term":[{"taxonomy":"category","embeddable":true,"href":"https:\/\/quehacerpolitico.mx\/index.php?rest_route=%2Fwp%2Fv2%2Fcategories&post=79231"},{"taxonomy":"post_tag","embeddable":true,"href":"https:\/\/quehacerpolitico.mx\/index.php?rest_route=%2Fwp%2Fv2%2Ftags&post=79231"}],"curies":[{"name":"wp","href":"https:\/\/api.w.org\/{rel}","templated":true}]}}