{"id":79225,"date":"2021-04-12T16:30:17","date_gmt":"2021-04-12T16:30:17","guid":{"rendered":"https:\/\/quehacerpolitico.mx\/?p=79225"},"modified":"2021-04-12T16:30:17","modified_gmt":"2021-04-12T16:30:17","slug":"amlo-espera-que-biden-envie-al-congreso-de-eeuu-iniciativa-sobre-control-de-armas","status":"publish","type":"post","link":"https:\/\/quehacerpolitico.mx\/?p=79225","title":{"rendered":"AMLO espera que Biden env\u00ede al Congreso de EEUU iniciativa sobre control de armas"},"content":{"rendered":"<h1 class=\"article_title\">AMLO espera que Biden env\u00ede al Congreso de EEUU iniciativa sobre control de armas<br \/>\nPor Redacci\u00f3n QP<\/h1>\n<p>El presidente L\u00f3pez Obrador dijo que el tr\u00e1fico de armas \u2018ha disminuido\u2019 bajo su Gobierno, que inici\u00f3 en 2018, porque \u2018no hay tolerancia\u2019<\/p>\n<p><strong>Andres Manuel L\u00f3pez Obrador (AMLO)<\/strong>, <strong>presidente de M\u00e9xico<\/strong>, dijo en su conferencia de prensa matutina de hoy, 12 de abril de 2021, que espera que su hom\u00f3logo <strong>Joe Biden<\/strong> env\u00ede al Congreso de Estados Unidos una iniciativa sobre el <strong>control de armas<\/strong>.<\/p>\n<p>Desde Palacio Nacional, el presidente L\u00f3pez Obrador, dijo estar \u2018pendiente\u2019 de las medidas de control de Armas anunciadas por su hom\u00f3logo Joe Biden y dese\u00f3 que el asunto sea abordado por el Congreso de Estados Unidos.<\/p>\n<blockquote><p>\u201cEstamos muy pendientes de la propuesta del presidente Biden en el sentido del control en la comercializaci\u00f3n de armas, muchas de las cuales se introducen en nuestro pa\u00eds. El tema se est\u00e1 conduciendo en Estados Unidos, ojal\u00e1 vaya al Congreso\u201d, expres\u00f3 L\u00f3pez Obrador.<\/p>\n<p>\u201cHay esa intenci\u00f3n del presidente Biden, que celebro y apruebo\u201d, a\u00f1adi\u00f3 AMLO.<\/p><\/blockquote>\n<p><strong>Biden<\/strong> anunci\u00f3 una serie de medidas de alcance limitado para atajar la violencia con armas de fuego en su pa\u00eds, y exigi\u00f3 al Congreso que deje de tolerar un problema que describi\u00f3 como una \u201cverg\u00fcenza a nivel internacional\u201d.<\/p>\n<p>El <strong>presidente L\u00f3pez Obrador<\/strong> dijo que el tr\u00e1fico de <strong>armas<\/strong> \u2018ha disminuido\u2019 bajo su Gobierno, que inici\u00f3 en 2018, porque \u2018no hay tolerancia\u2019.<\/p>\n<p><iframe loading=\"lazy\" title=\"AMLO respalda propuesta de Biden para regular venta de armas en EU\" width=\"640\" height=\"360\" src=\"https:\/\/www.youtube.com\/embed\/1LiqnB7MJXo?feature=oembed\" frameborder=\"0\" allow=\"accelerometer; autoplay; clipboard-write; encrypted-media; gyroscope; picture-in-picture; web-share\" referrerpolicy=\"strict-origin-when-cross-origin\" allowfullscreen><\/iframe><\/p>\n<p>Asever\u00f3 que se est\u00e1 investigando a \u201cquienes participan desde el Gobierno en el <strong>tr\u00e1fico de armas<\/strong>\u201d y asegur\u00f3 que \u201cya no se aceptan programas con agencias extranjeras para introducir armas\u201d.<\/p>\n<p>L\u00f3pez Obrador se refiri\u00f3 as\u00ed veladamente al operativo \u201cR\u00e1pido y Furioso\u201d, realizado entre 2009 y 2011, cuando el Gobierno de Estados Unidos introdujo 2.000 armas a M\u00e9xico para rastrear al crimen organizado, pero muchas de ellas acabaron siendo utilizadas en delitos.<\/p>\n<p>El presidente L\u00f3pez Obrador record\u00f3 que desde el a\u00f1o pasado el Ej\u00e9rcito tom\u00f3 el control de las aduanas y que, desde entonces, \u201cse ha decomisado un n\u00famero importante de armas\u201d.<\/p>\n<p>Tambi\u00e9n aprovech\u00f3 para vincular el C\u00e1rtel Jalisco Nueva Generaci\u00f3n (CJNG) con el movimiento social de Chihuahua que a finales del a\u00f1o pasado se intent\u00f3 oponer a la entrega de agua a Estados Unidos, en un caso que dej\u00f3 a una manifestante muerta tras un choque con las fuerzas de seguridad.<\/p>\n<p>El presidente de M\u00e9xico revel\u00f3 que manifestantes tomaron una presa y se llevaron armas de la Guardia Nacional, y que hace 20 d\u00edas, algunas de esas armas fueron decomisadas en el occidental estado de Jalisco.<\/p>\n<blockquote><p>\u201cNo se puede ser categ\u00f3rico, pero en el movimiento de Chihuahua hab\u00eda gente vinculada con los que operan en Jalisco en la delincuencia. El grupo de Jalisco\u201d, expres\u00f3.<\/p><\/blockquote>\n<p><em>Con informaci\u00f3n de EFE<\/em><\/p>\n","protected":false},"excerpt":{"rendered":"<p>AMLO espera que Biden env\u00ede al Congreso de EEUU iniciativa sobre control de armas Por&#8230;<\/p>\n","protected":false},"author":2,"featured_media":79229,"comment_status":"open","ping_status":"open","sticky":false,"template":"","format":"standard","meta":{"_monsterinsights_skip_tracking":false,"_monsterinsights_sitenote_active":false,"_monsterinsights_sitenote_note":"","_monsterinsights_sitenote_category":0,"footnotes":""},"categories":[2],"tags":[],"class_list":["post-79225","post","type-post","status-publish","format-standard","has-post-thumbnail","hentry","category-noticias"],"yoast_head":"<!-- This site is optimized with the Yoast SEO plugin v27.3 - https:\/\/yoast.com\/product\/yoast-seo-wordpress\/ -->\n<title>AMLO espera que Biden env\u00ede al Congreso de EEUU iniciativa sobre control de armas -<\/title>\n<meta name=\"robots\" content=\"index, follow, max-snippet:-1, max-image-preview:large, max-video-preview:-1\" \/>\n<link rel=\"canonical\" href=\"https:\/\/quehacerpolitico.mx\/?p=79225\" \/>\n<meta property=\"og:locale\" content=\"es_MX\" \/>\n<meta property=\"og:type\" content=\"article\" \/>\n<meta property=\"og:title\" content=\"AMLO espera que Biden env\u00ede al Congreso de EEUU iniciativa sobre control de armas -\" \/>\n<meta property=\"og:description\" content=\"AMLO espera que Biden env\u00ede al Congreso de EEUU iniciativa sobre control de armas Por...\" \/>\n<meta property=\"og:url\" content=\"https:\/\/quehacerpolitico.mx\/?p=79225\" \/>\n<meta property=\"article:published_time\" content=\"2021-04-12T16:30:17+00:00\" \/>\n<meta property=\"og:image\" content=\"https:\/\/quehacerpolitico.mx\/wp-content\/uploads\/2021\/04\/E0E19B9E-2B2D-458E-82BA-818066B59F7C.jpeg\" \/>\n\t<meta property=\"og:image:width\" content=\"1242\" \/>\n\t<meta property=\"og:image:height\" content=\"689\" \/>\n\t<meta property=\"og:image:type\" content=\"image\/jpeg\" \/>\n<meta name=\"author\" content=\"Redacci\u00f3n QP\" \/>\n<meta name=\"twitter:card\" content=\"summary_large_image\" \/>\n<meta name=\"twitter:label1\" content=\"Escrito por\" \/>\n\t<meta name=\"twitter:data1\" content=\"Redacci\u00f3n QP\" \/>\n\t<meta name=\"twitter:label2\" content=\"Tiempo de lectura\" \/>\n\t<meta name=\"twitter:data2\" content=\"2 minutos\" \/>\n<script type=\"application\/ld+json\" class=\"yoast-schema-graph\">{\"@context\":\"https:\\\/\\\/schema.org\",\"@graph\":[{\"@type\":\"Article\",\"@id\":\"https:\\\/\\\/quehacerpolitico.mx\\\/?p=79225#article\",\"isPartOf\":{\"@id\":\"https:\\\/\\\/quehacerpolitico.mx\\\/?p=79225\"},\"author\":{\"name\":\"Redacci\u00f3n QP\",\"@id\":\"https:\\\/\\\/quehacerpolitico.mx\\\/#\\\/schema\\\/person\\\/496d8ad2d1d3f8036101dca7ee39e585\"},\"headline\":\"AMLO espera que Biden env\u00ede al Congreso de EEUU iniciativa sobre control de armas\",\"datePublished\":\"2021-04-12T16:30:17+00:00\",\"mainEntityOfPage\":{\"@id\":\"https:\\\/\\\/quehacerpolitico.mx\\\/?p=79225\"},\"wordCount\":500,\"commentCount\":0,\"image\":{\"@id\":\"https:\\\/\\\/quehacerpolitico.mx\\\/?p=79225#primaryimage\"},\"thumbnailUrl\":\"https:\\\/\\\/quehacerpolitico.mx\\\/wp-content\\\/uploads\\\/2021\\\/04\\\/E0E19B9E-2B2D-458E-82BA-818066B59F7C.jpeg\",\"articleSection\":[\"Noticias\"],\"inLanguage\":\"es\",\"potentialAction\":[{\"@type\":\"CommentAction\",\"name\":\"Comment\",\"target\":[\"https:\\\/\\\/quehacerpolitico.mx\\\/?p=79225#respond\"]}]},{\"@type\":\"WebPage\",\"@id\":\"https:\\\/\\\/quehacerpolitico.mx\\\/?p=79225\",\"url\":\"https:\\\/\\\/quehacerpolitico.mx\\\/?p=79225\",\"name\":\"AMLO espera que Biden env\u00ede al Congreso de EEUU iniciativa sobre control de armas -\",\"isPartOf\":{\"@id\":\"https:\\\/\\\/quehacerpolitico.mx\\\/#website\"},\"primaryImageOfPage\":{\"@id\":\"https:\\\/\\\/quehacerpolitico.mx\\\/?p=79225#primaryimage\"},\"image\":{\"@id\":\"https:\\\/\\\/quehacerpolitico.mx\\\/?p=79225#primaryimage\"},\"thumbnailUrl\":\"https:\\\/\\\/quehacerpolitico.mx\\\/wp-content\\\/uploads\\\/2021\\\/04\\\/E0E19B9E-2B2D-458E-82BA-818066B59F7C.jpeg\",\"datePublished\":\"2021-04-12T16:30:17+00:00\",\"author\":{\"@id\":\"https:\\\/\\\/quehacerpolitico.mx\\\/#\\\/schema\\\/person\\\/496d8ad2d1d3f8036101dca7ee39e585\"},\"breadcrumb\":{\"@id\":\"https:\\\/\\\/quehacerpolitico.mx\\\/?p=79225#breadcrumb\"},\"inLanguage\":\"es\",\"potentialAction\":[{\"@type\":\"ReadAction\",\"target\":[\"https:\\\/\\\/quehacerpolitico.mx\\\/?p=79225\"]}]},{\"@type\":\"ImageObject\",\"inLanguage\":\"es\",\"@id\":\"https:\\\/\\\/quehacerpolitico.mx\\\/?p=79225#primaryimage\",\"url\":\"https:\\\/\\\/quehacerpolitico.mx\\\/wp-content\\\/uploads\\\/2021\\\/04\\\/E0E19B9E-2B2D-458E-82BA-818066B59F7C.jpeg\",\"contentUrl\":\"https:\\\/\\\/quehacerpolitico.mx\\\/wp-content\\\/uploads\\\/2021\\\/04\\\/E0E19B9E-2B2D-458E-82BA-818066B59F7C.jpeg\",\"width\":1242,\"height\":689},{\"@type\":\"BreadcrumbList\",\"@id\":\"https:\\\/\\\/quehacerpolitico.mx\\\/?p=79225#breadcrumb\",\"itemListElement\":[{\"@type\":\"ListItem\",\"position\":1,\"name\":\"Inicio\",\"item\":\"https:\\\/\\\/quehacerpolitico.mx\\\/\"},{\"@type\":\"ListItem\",\"position\":2,\"name\":\"AMLO espera que Biden env\u00ede al Congreso de EEUU iniciativa sobre control de armas\"}]},{\"@type\":\"WebSite\",\"@id\":\"https:\\\/\\\/quehacerpolitico.mx\\\/#website\",\"url\":\"https:\\\/\\\/quehacerpolitico.mx\\\/\",\"name\":\"\",\"description\":\"\",\"potentialAction\":[{\"@type\":\"SearchAction\",\"target\":{\"@type\":\"EntryPoint\",\"urlTemplate\":\"https:\\\/\\\/quehacerpolitico.mx\\\/?s={search_term_string}\"},\"query-input\":{\"@type\":\"PropertyValueSpecification\",\"valueRequired\":true,\"valueName\":\"search_term_string\"}}],\"inLanguage\":\"es\"},{\"@type\":\"Person\",\"@id\":\"https:\\\/\\\/quehacerpolitico.mx\\\/#\\\/schema\\\/person\\\/496d8ad2d1d3f8036101dca7ee39e585\",\"name\":\"Redacci\u00f3n QP\",\"image\":{\"@type\":\"ImageObject\",\"inLanguage\":\"es\",\"@id\":\"https:\\\/\\\/secure.gravatar.com\\\/avatar\\\/c7164ed6fdec453195284ad24a5ae5b6e1eed2b848477fa2a4787ba9adf39a41?s=96&d=mm&r=g\",\"url\":\"https:\\\/\\\/secure.gravatar.com\\\/avatar\\\/c7164ed6fdec453195284ad24a5ae5b6e1eed2b848477fa2a4787ba9adf39a41?s=96&d=mm&r=g\",\"contentUrl\":\"https:\\\/\\\/secure.gravatar.com\\\/avatar\\\/c7164ed6fdec453195284ad24a5ae5b6e1eed2b848477fa2a4787ba9adf39a41?s=96&d=mm&r=g\",\"caption\":\"Redacci\u00f3n QP\"},\"url\":\"https:\\\/\\\/quehacerpolitico.mx\\\/?author=2\"}]}<\/script>\n<!-- \/ Yoast SEO plugin. -->","yoast_head_json":{"title":"AMLO espera que Biden env\u00ede al Congreso de EEUU iniciativa sobre control de armas -","robots":{"index":"index","follow":"follow","max-snippet":"max-snippet:-1","max-image-preview":"max-image-preview:large","max-video-preview":"max-video-preview:-1"},"canonical":"https:\/\/quehacerpolitico.mx\/?p=79225","og_locale":"es_MX","og_type":"article","og_title":"AMLO espera que Biden env\u00ede al Congreso de EEUU iniciativa sobre control de armas -","og_description":"AMLO espera que Biden env\u00ede al Congreso de EEUU iniciativa sobre control de armas Por...","og_url":"https:\/\/quehacerpolitico.mx\/?p=79225","article_published_time":"2021-04-12T16:30:17+00:00","og_image":[{"width":1242,"height":689,"url":"https:\/\/quehacerpolitico.mx\/wp-content\/uploads\/2021\/04\/E0E19B9E-2B2D-458E-82BA-818066B59F7C.jpeg","type":"image\/jpeg"}],"author":"Redacci\u00f3n QP","twitter_card":"summary_large_image","twitter_misc":{"Escrito por":"Redacci\u00f3n QP","Tiempo de lectura":"2 minutos"},"schema":{"@context":"https:\/\/schema.org","@graph":[{"@type":"Article","@id":"https:\/\/quehacerpolitico.mx\/?p=79225#article","isPartOf":{"@id":"https:\/\/quehacerpolitico.mx\/?p=79225"},"author":{"name":"Redacci\u00f3n QP","@id":"https:\/\/quehacerpolitico.mx\/#\/schema\/person\/496d8ad2d1d3f8036101dca7ee39e585"},"headline":"AMLO espera que Biden env\u00ede al Congreso de EEUU iniciativa sobre control de armas","datePublished":"2021-04-12T16:30:17+00:00","mainEntityOfPage":{"@id":"https:\/\/quehacerpolitico.mx\/?p=79225"},"wordCount":500,"commentCount":0,"image":{"@id":"https:\/\/quehacerpolitico.mx\/?p=79225#primaryimage"},"thumbnailUrl":"https:\/\/quehacerpolitico.mx\/wp-content\/uploads\/2021\/04\/E0E19B9E-2B2D-458E-82BA-818066B59F7C.jpeg","articleSection":["Noticias"],"inLanguage":"es","potentialAction":[{"@type":"CommentAction","name":"Comment","target":["https:\/\/quehacerpolitico.mx\/?p=79225#respond"]}]},{"@type":"WebPage","@id":"https:\/\/quehacerpolitico.mx\/?p=79225","url":"https:\/\/quehacerpolitico.mx\/?p=79225","name":"AMLO espera que Biden env\u00ede al Congreso de EEUU iniciativa sobre control de armas -","isPartOf":{"@id":"https:\/\/quehacerpolitico.mx\/#website"},"primaryImageOfPage":{"@id":"https:\/\/quehacerpolitico.mx\/?p=79225#primaryimage"},"image":{"@id":"https:\/\/quehacerpolitico.mx\/?p=79225#primaryimage"},"thumbnailUrl":"https:\/\/quehacerpolitico.mx\/wp-content\/uploads\/2021\/04\/E0E19B9E-2B2D-458E-82BA-818066B59F7C.jpeg","datePublished":"2021-04-12T16:30:17+00:00","author":{"@id":"https:\/\/quehacerpolitico.mx\/#\/schema\/person\/496d8ad2d1d3f8036101dca7ee39e585"},"breadcrumb":{"@id":"https:\/\/quehacerpolitico.mx\/?p=79225#breadcrumb"},"inLanguage":"es","potentialAction":[{"@type":"ReadAction","target":["https:\/\/quehacerpolitico.mx\/?p=79225"]}]},{"@type":"ImageObject","inLanguage":"es","@id":"https:\/\/quehacerpolitico.mx\/?p=79225#primaryimage","url":"https:\/\/quehacerpolitico.mx\/wp-content\/uploads\/2021\/04\/E0E19B9E-2B2D-458E-82BA-818066B59F7C.jpeg","contentUrl":"https:\/\/quehacerpolitico.mx\/wp-content\/uploads\/2021\/04\/E0E19B9E-2B2D-458E-82BA-818066B59F7C.jpeg","width":1242,"height":689},{"@type":"BreadcrumbList","@id":"https:\/\/quehacerpolitico.mx\/?p=79225#breadcrumb","itemListElement":[{"@type":"ListItem","position":1,"name":"Inicio","item":"https:\/\/quehacerpolitico.mx\/"},{"@type":"ListItem","position":2,"name":"AMLO espera que Biden env\u00ede al Congreso de EEUU iniciativa sobre control de armas"}]},{"@type":"WebSite","@id":"https:\/\/quehacerpolitico.mx\/#website","url":"https:\/\/quehacerpolitico.mx\/","name":"","description":"","potentialAction":[{"@type":"SearchAction","target":{"@type":"EntryPoint","urlTemplate":"https:\/\/quehacerpolitico.mx\/?s={search_term_string}"},"query-input":{"@type":"PropertyValueSpecification","valueRequired":true,"valueName":"search_term_string"}}],"inLanguage":"es"},{"@type":"Person","@id":"https:\/\/quehacerpolitico.mx\/#\/schema\/person\/496d8ad2d1d3f8036101dca7ee39e585","name":"Redacci\u00f3n QP","image":{"@type":"ImageObject","inLanguage":"es","@id":"https:\/\/secure.gravatar.com\/avatar\/c7164ed6fdec453195284ad24a5ae5b6e1eed2b848477fa2a4787ba9adf39a41?s=96&d=mm&r=g","url":"https:\/\/secure.gravatar.com\/avatar\/c7164ed6fdec453195284ad24a5ae5b6e1eed2b848477fa2a4787ba9adf39a41?s=96&d=mm&r=g","contentUrl":"https:\/\/secure.gravatar.com\/avatar\/c7164ed6fdec453195284ad24a5ae5b6e1eed2b848477fa2a4787ba9adf39a41?s=96&d=mm&r=g","caption":"Redacci\u00f3n QP"},"url":"https:\/\/quehacerpolitico.mx\/?author=2"}]}},"featured_image_urls":{"full":["https:\/\/quehacerpolitico.mx\/wp-content\/uploads\/2021\/04\/E0E19B9E-2B2D-458E-82BA-818066B59F7C.jpeg",1242,689,false],"thumbnail":["https:\/\/quehacerpolitico.mx\/wp-content\/uploads\/2021\/04\/E0E19B9E-2B2D-458E-82BA-818066B59F7C-150x150.jpeg",150,150,true],"medium":["https:\/\/quehacerpolitico.mx\/wp-content\/uploads\/2021\/04\/E0E19B9E-2B2D-458E-82BA-818066B59F7C-300x166.jpeg",300,166,true],"medium_large":["https:\/\/quehacerpolitico.mx\/wp-content\/uploads\/2021\/04\/E0E19B9E-2B2D-458E-82BA-818066B59F7C-768x426.jpeg",640,355,true],"large":["https:\/\/quehacerpolitico.mx\/wp-content\/uploads\/2021\/04\/E0E19B9E-2B2D-458E-82BA-818066B59F7C-1024x568.jpeg",640,355,true],"1536x1536":["https:\/\/quehacerpolitico.mx\/wp-content\/uploads\/2021\/04\/E0E19B9E-2B2D-458E-82BA-818066B59F7C.jpeg",1242,689,false],"2048x2048":["https:\/\/quehacerpolitico.mx\/wp-content\/uploads\/2021\/04\/E0E19B9E-2B2D-458E-82BA-818066B59F7C.jpeg",1242,689,false],"covernews-featured":["https:\/\/quehacerpolitico.mx\/wp-content\/uploads\/2021\/04\/E0E19B9E-2B2D-458E-82BA-818066B59F7C.jpeg",1024,568,false],"covernews-medium":["https:\/\/quehacerpolitico.mx\/wp-content\/uploads\/2021\/04\/E0E19B9E-2B2D-458E-82BA-818066B59F7C.jpeg",540,300,false]},"author_info":{"display_name":"Redacci\u00f3n QP","author_link":"https:\/\/quehacerpolitico.mx\/?author=2"},"category_info":"<a href=\"https:\/\/quehacerpolitico.mx\/?cat=2\" rel=\"category\">Noticias<\/a>","tag_info":"Noticias","comment_count":"0","_links":{"self":[{"href":"https:\/\/quehacerpolitico.mx\/index.php?rest_route=\/wp\/v2\/posts\/79225","targetHints":{"allow":["GET"]}}],"collection":[{"href":"https:\/\/quehacerpolitico.mx\/index.php?rest_route=\/wp\/v2\/posts"}],"about":[{"href":"https:\/\/quehacerpolitico.mx\/index.php?rest_route=\/wp\/v2\/types\/post"}],"author":[{"embeddable":true,"href":"https:\/\/quehacerpolitico.mx\/index.php?rest_route=\/wp\/v2\/users\/2"}],"replies":[{"embeddable":true,"href":"https:\/\/quehacerpolitico.mx\/index.php?rest_route=%2Fwp%2Fv2%2Fcomments&post=79225"}],"version-history":[{"count":0,"href":"https:\/\/quehacerpolitico.mx\/index.php?rest_route=\/wp\/v2\/posts\/79225\/revisions"}],"wp:featuredmedia":[{"embeddable":true,"href":"https:\/\/quehacerpolitico.mx\/index.php?rest_route=\/wp\/v2\/media\/79229"}],"wp:attachment":[{"href":"https:\/\/quehacerpolitico.mx\/index.php?rest_route=%2Fwp%2Fv2%2Fmedia&parent=79225"}],"wp:term":[{"taxonomy":"category","embeddable":true,"href":"https:\/\/quehacerpolitico.mx\/index.php?rest_route=%2Fwp%2Fv2%2Fcategories&post=79225"},{"taxonomy":"post_tag","embeddable":true,"href":"https:\/\/quehacerpolitico.mx\/index.php?rest_route=%2Fwp%2Fv2%2Ftags&post=79225"}],"curies":[{"name":"wp","href":"https:\/\/api.w.org\/{rel}","templated":true}]}}