{"id":79215,"date":"2021-04-12T14:30:08","date_gmt":"2021-04-12T14:30:08","guid":{"rendered":"https:\/\/quehacerpolitico.mx\/?p=79215"},"modified":"2021-04-12T14:30:08","modified_gmt":"2021-04-12T14:30:08","slug":"amlo-destaca-disminucion-en-terminos-reales-en-luz-y-gasolina-falta-ajustar-el-gas","status":"publish","type":"post","link":"https:\/\/quehacerpolitico.mx\/?p=79215","title":{"rendered":"AMLO destaca \u2018disminuci\u00f3n en t\u00e9rminos reales\u2019 en luz y gasolina; falta ajustar el gas"},"content":{"rendered":"<h1 class=\"article_title\">AMLO destaca \u2018disminuci\u00f3n en t\u00e9rminos reales\u2019 en luz y gasolina; falta ajustar el gas<br \/>\nPor Redacci\u00f3n QP<\/h1>\n<p>El presidente L\u00f3pez Obrador aclar\u00f3 que en t\u00e9rminos reales ha habido una disminuci\u00f3n en los precios de luz y en gasolina<\/p>\n<p>El presidente de M\u00e9xico, Andres Manuel L\u00f3pez Obrador\u00a0<strong>(AMLO)\u00a0<\/strong>destac\u00f3 en su conferencia de prensa matutina de hoy, 12 de abril de 2021, la disminuci\u00f3n en t\u00e9rminos reales en <strong>luz<\/strong>, as\u00ed como en <strong>gasolina<\/strong> y destac\u00f3 que falta ajustar el precio del gas.<\/p>\n<p>Desde Palacio Nacional, el presidente L\u00f3pez Obrador aclar\u00f3 que en t\u00e9rminos reales ha habido una disminuci\u00f3n en los precios de luz, as\u00ed como en gasolina, y, aclar\u00f3 que hay una campa\u00f1a de desinformaci\u00f3n en contra.<\/p>\n<blockquote><p>\u201cOfrezco disculpas tengo que decirlo porque hay una campa\u00f1a de desinformaci\u00f3n en contra y tengo que informar a los consumidores, a la gente\u201d, dijo AMLO.<\/p><\/blockquote>\n<blockquote class=\"twitter-tweet\" data-width=\"550\" data-dnt=\"true\">\n<p lang=\"es\" dir=\"ltr\">Los programas de bienestar reactivan la econom\u00eda desde abajo. Conferencia matutina. <a href=\"https:\/\/t.co\/XkO2AAzzst\">https:\/\/t.co\/XkO2AAzzst<\/a><\/p>\n<p>&mdash; Andr\u00e9s Manuel (@lopezobrador_) <a href=\"https:\/\/twitter.com\/lopezobrador_\/status\/1381582315055419392?ref_src=twsrc%5Etfw\">April 12, 2021<\/a><\/p><\/blockquote>\n<p><script async src=\"https:\/\/platform.twitter.com\/widgets.js\" charset=\"utf-8\"><\/script><\/p>\n<p><em>Con informaci\u00f3n del Gobierno de M\u00e9xico\u00a0<\/em><\/p>\n","protected":false},"excerpt":{"rendered":"<p>AMLO destaca \u2018disminuci\u00f3n en t\u00e9rminos reales\u2019 en luz y gasolina; falta ajustar el gas Por&#8230;<\/p>\n","protected":false},"author":2,"featured_media":79218,"comment_status":"open","ping_status":"open","sticky":false,"template":"","format":"standard","meta":{"_monsterinsights_skip_tracking":false,"_monsterinsights_sitenote_active":false,"_monsterinsights_sitenote_note":"","_monsterinsights_sitenote_category":0,"footnotes":""},"categories":[2],"tags":[],"class_list":["post-79215","post","type-post","status-publish","format-standard","has-post-thumbnail","hentry","category-noticias"],"yoast_head":"<!-- This site is optimized with the Yoast SEO plugin v27.3 - https:\/\/yoast.com\/product\/yoast-seo-wordpress\/ -->\n<title>AMLO destaca \u2018disminuci\u00f3n en t\u00e9rminos reales\u2019 en luz y gasolina; falta ajustar el gas -<\/title>\n<meta name=\"robots\" content=\"index, follow, max-snippet:-1, max-image-preview:large, max-video-preview:-1\" \/>\n<link rel=\"canonical\" href=\"https:\/\/quehacerpolitico.mx\/?p=79215\" \/>\n<meta property=\"og:locale\" content=\"es_MX\" \/>\n<meta property=\"og:type\" content=\"article\" \/>\n<meta property=\"og:title\" content=\"AMLO destaca \u2018disminuci\u00f3n en t\u00e9rminos reales\u2019 en luz y gasolina; falta ajustar el gas -\" \/>\n<meta property=\"og:description\" content=\"AMLO destaca \u2018disminuci\u00f3n en t\u00e9rminos reales\u2019 en luz y gasolina; falta ajustar el gas Por...\" \/>\n<meta property=\"og:url\" content=\"https:\/\/quehacerpolitico.mx\/?p=79215\" \/>\n<meta property=\"article:published_time\" content=\"2021-04-12T14:30:08+00:00\" \/>\n<meta property=\"og:image\" content=\"https:\/\/quehacerpolitico.mx\/wp-content\/uploads\/2021\/04\/903F1DB6-8583-4749-A732-3079AF1F513D.jpeg\" \/>\n\t<meta property=\"og:image:width\" content=\"1242\" \/>\n\t<meta property=\"og:image:height\" content=\"676\" \/>\n\t<meta property=\"og:image:type\" content=\"image\/jpeg\" \/>\n<meta name=\"author\" content=\"Redacci\u00f3n QP\" \/>\n<meta name=\"twitter:card\" content=\"summary_large_image\" \/>\n<meta name=\"twitter:label1\" content=\"Escrito por\" \/>\n\t<meta name=\"twitter:data1\" content=\"Redacci\u00f3n QP\" \/>\n\t<meta name=\"twitter:label2\" content=\"Tiempo de lectura\" \/>\n\t<meta name=\"twitter:data2\" content=\"1 minuto\" \/>\n<script type=\"application\/ld+json\" class=\"yoast-schema-graph\">{\"@context\":\"https:\\\/\\\/schema.org\",\"@graph\":[{\"@type\":\"Article\",\"@id\":\"https:\\\/\\\/quehacerpolitico.mx\\\/?p=79215#article\",\"isPartOf\":{\"@id\":\"https:\\\/\\\/quehacerpolitico.mx\\\/?p=79215\"},\"author\":{\"name\":\"Redacci\u00f3n QP\",\"@id\":\"https:\\\/\\\/quehacerpolitico.mx\\\/#\\\/schema\\\/person\\\/496d8ad2d1d3f8036101dca7ee39e585\"},\"headline\":\"AMLO destaca \u2018disminuci\u00f3n en t\u00e9rminos reales\u2019 en luz y gasolina; falta ajustar el gas\",\"datePublished\":\"2021-04-12T14:30:08+00:00\",\"mainEntityOfPage\":{\"@id\":\"https:\\\/\\\/quehacerpolitico.mx\\\/?p=79215\"},\"wordCount\":186,\"commentCount\":0,\"image\":{\"@id\":\"https:\\\/\\\/quehacerpolitico.mx\\\/?p=79215#primaryimage\"},\"thumbnailUrl\":\"https:\\\/\\\/quehacerpolitico.mx\\\/wp-content\\\/uploads\\\/2021\\\/04\\\/903F1DB6-8583-4749-A732-3079AF1F513D.jpeg\",\"articleSection\":[\"Noticias\"],\"inLanguage\":\"es\",\"potentialAction\":[{\"@type\":\"CommentAction\",\"name\":\"Comment\",\"target\":[\"https:\\\/\\\/quehacerpolitico.mx\\\/?p=79215#respond\"]}]},{\"@type\":\"WebPage\",\"@id\":\"https:\\\/\\\/quehacerpolitico.mx\\\/?p=79215\",\"url\":\"https:\\\/\\\/quehacerpolitico.mx\\\/?p=79215\",\"name\":\"AMLO destaca \u2018disminuci\u00f3n en t\u00e9rminos reales\u2019 en luz y gasolina; falta ajustar el gas -\",\"isPartOf\":{\"@id\":\"https:\\\/\\\/quehacerpolitico.mx\\\/#website\"},\"primaryImageOfPage\":{\"@id\":\"https:\\\/\\\/quehacerpolitico.mx\\\/?p=79215#primaryimage\"},\"image\":{\"@id\":\"https:\\\/\\\/quehacerpolitico.mx\\\/?p=79215#primaryimage\"},\"thumbnailUrl\":\"https:\\\/\\\/quehacerpolitico.mx\\\/wp-content\\\/uploads\\\/2021\\\/04\\\/903F1DB6-8583-4749-A732-3079AF1F513D.jpeg\",\"datePublished\":\"2021-04-12T14:30:08+00:00\",\"author\":{\"@id\":\"https:\\\/\\\/quehacerpolitico.mx\\\/#\\\/schema\\\/person\\\/496d8ad2d1d3f8036101dca7ee39e585\"},\"breadcrumb\":{\"@id\":\"https:\\\/\\\/quehacerpolitico.mx\\\/?p=79215#breadcrumb\"},\"inLanguage\":\"es\",\"potentialAction\":[{\"@type\":\"ReadAction\",\"target\":[\"https:\\\/\\\/quehacerpolitico.mx\\\/?p=79215\"]}]},{\"@type\":\"ImageObject\",\"inLanguage\":\"es\",\"@id\":\"https:\\\/\\\/quehacerpolitico.mx\\\/?p=79215#primaryimage\",\"url\":\"https:\\\/\\\/quehacerpolitico.mx\\\/wp-content\\\/uploads\\\/2021\\\/04\\\/903F1DB6-8583-4749-A732-3079AF1F513D.jpeg\",\"contentUrl\":\"https:\\\/\\\/quehacerpolitico.mx\\\/wp-content\\\/uploads\\\/2021\\\/04\\\/903F1DB6-8583-4749-A732-3079AF1F513D.jpeg\",\"width\":1242,\"height\":676},{\"@type\":\"BreadcrumbList\",\"@id\":\"https:\\\/\\\/quehacerpolitico.mx\\\/?p=79215#breadcrumb\",\"itemListElement\":[{\"@type\":\"ListItem\",\"position\":1,\"name\":\"Inicio\",\"item\":\"https:\\\/\\\/quehacerpolitico.mx\\\/\"},{\"@type\":\"ListItem\",\"position\":2,\"name\":\"AMLO destaca \u2018disminuci\u00f3n en t\u00e9rminos reales\u2019 en luz y gasolina; falta ajustar el gas\"}]},{\"@type\":\"WebSite\",\"@id\":\"https:\\\/\\\/quehacerpolitico.mx\\\/#website\",\"url\":\"https:\\\/\\\/quehacerpolitico.mx\\\/\",\"name\":\"\",\"description\":\"\",\"potentialAction\":[{\"@type\":\"SearchAction\",\"target\":{\"@type\":\"EntryPoint\",\"urlTemplate\":\"https:\\\/\\\/quehacerpolitico.mx\\\/?s={search_term_string}\"},\"query-input\":{\"@type\":\"PropertyValueSpecification\",\"valueRequired\":true,\"valueName\":\"search_term_string\"}}],\"inLanguage\":\"es\"},{\"@type\":\"Person\",\"@id\":\"https:\\\/\\\/quehacerpolitico.mx\\\/#\\\/schema\\\/person\\\/496d8ad2d1d3f8036101dca7ee39e585\",\"name\":\"Redacci\u00f3n QP\",\"image\":{\"@type\":\"ImageObject\",\"inLanguage\":\"es\",\"@id\":\"https:\\\/\\\/secure.gravatar.com\\\/avatar\\\/c7164ed6fdec453195284ad24a5ae5b6e1eed2b848477fa2a4787ba9adf39a41?s=96&d=mm&r=g\",\"url\":\"https:\\\/\\\/secure.gravatar.com\\\/avatar\\\/c7164ed6fdec453195284ad24a5ae5b6e1eed2b848477fa2a4787ba9adf39a41?s=96&d=mm&r=g\",\"contentUrl\":\"https:\\\/\\\/secure.gravatar.com\\\/avatar\\\/c7164ed6fdec453195284ad24a5ae5b6e1eed2b848477fa2a4787ba9adf39a41?s=96&d=mm&r=g\",\"caption\":\"Redacci\u00f3n QP\"},\"url\":\"https:\\\/\\\/quehacerpolitico.mx\\\/?author=2\"}]}<\/script>\n<!-- \/ Yoast SEO plugin. -->","yoast_head_json":{"title":"AMLO destaca \u2018disminuci\u00f3n en t\u00e9rminos reales\u2019 en luz y gasolina; falta ajustar el gas -","robots":{"index":"index","follow":"follow","max-snippet":"max-snippet:-1","max-image-preview":"max-image-preview:large","max-video-preview":"max-video-preview:-1"},"canonical":"https:\/\/quehacerpolitico.mx\/?p=79215","og_locale":"es_MX","og_type":"article","og_title":"AMLO destaca \u2018disminuci\u00f3n en t\u00e9rminos reales\u2019 en luz y gasolina; falta ajustar el gas -","og_description":"AMLO destaca \u2018disminuci\u00f3n en t\u00e9rminos reales\u2019 en luz y gasolina; falta ajustar el gas Por...","og_url":"https:\/\/quehacerpolitico.mx\/?p=79215","article_published_time":"2021-04-12T14:30:08+00:00","og_image":[{"width":1242,"height":676,"url":"https:\/\/quehacerpolitico.mx\/wp-content\/uploads\/2021\/04\/903F1DB6-8583-4749-A732-3079AF1F513D.jpeg","type":"image\/jpeg"}],"author":"Redacci\u00f3n QP","twitter_card":"summary_large_image","twitter_misc":{"Escrito por":"Redacci\u00f3n QP","Tiempo de lectura":"1 minuto"},"schema":{"@context":"https:\/\/schema.org","@graph":[{"@type":"Article","@id":"https:\/\/quehacerpolitico.mx\/?p=79215#article","isPartOf":{"@id":"https:\/\/quehacerpolitico.mx\/?p=79215"},"author":{"name":"Redacci\u00f3n QP","@id":"https:\/\/quehacerpolitico.mx\/#\/schema\/person\/496d8ad2d1d3f8036101dca7ee39e585"},"headline":"AMLO destaca \u2018disminuci\u00f3n en t\u00e9rminos reales\u2019 en luz y gasolina; falta ajustar el gas","datePublished":"2021-04-12T14:30:08+00:00","mainEntityOfPage":{"@id":"https:\/\/quehacerpolitico.mx\/?p=79215"},"wordCount":186,"commentCount":0,"image":{"@id":"https:\/\/quehacerpolitico.mx\/?p=79215#primaryimage"},"thumbnailUrl":"https:\/\/quehacerpolitico.mx\/wp-content\/uploads\/2021\/04\/903F1DB6-8583-4749-A732-3079AF1F513D.jpeg","articleSection":["Noticias"],"inLanguage":"es","potentialAction":[{"@type":"CommentAction","name":"Comment","target":["https:\/\/quehacerpolitico.mx\/?p=79215#respond"]}]},{"@type":"WebPage","@id":"https:\/\/quehacerpolitico.mx\/?p=79215","url":"https:\/\/quehacerpolitico.mx\/?p=79215","name":"AMLO destaca \u2018disminuci\u00f3n en t\u00e9rminos reales\u2019 en luz y gasolina; falta ajustar el gas -","isPartOf":{"@id":"https:\/\/quehacerpolitico.mx\/#website"},"primaryImageOfPage":{"@id":"https:\/\/quehacerpolitico.mx\/?p=79215#primaryimage"},"image":{"@id":"https:\/\/quehacerpolitico.mx\/?p=79215#primaryimage"},"thumbnailUrl":"https:\/\/quehacerpolitico.mx\/wp-content\/uploads\/2021\/04\/903F1DB6-8583-4749-A732-3079AF1F513D.jpeg","datePublished":"2021-04-12T14:30:08+00:00","author":{"@id":"https:\/\/quehacerpolitico.mx\/#\/schema\/person\/496d8ad2d1d3f8036101dca7ee39e585"},"breadcrumb":{"@id":"https:\/\/quehacerpolitico.mx\/?p=79215#breadcrumb"},"inLanguage":"es","potentialAction":[{"@type":"ReadAction","target":["https:\/\/quehacerpolitico.mx\/?p=79215"]}]},{"@type":"ImageObject","inLanguage":"es","@id":"https:\/\/quehacerpolitico.mx\/?p=79215#primaryimage","url":"https:\/\/quehacerpolitico.mx\/wp-content\/uploads\/2021\/04\/903F1DB6-8583-4749-A732-3079AF1F513D.jpeg","contentUrl":"https:\/\/quehacerpolitico.mx\/wp-content\/uploads\/2021\/04\/903F1DB6-8583-4749-A732-3079AF1F513D.jpeg","width":1242,"height":676},{"@type":"BreadcrumbList","@id":"https:\/\/quehacerpolitico.mx\/?p=79215#breadcrumb","itemListElement":[{"@type":"ListItem","position":1,"name":"Inicio","item":"https:\/\/quehacerpolitico.mx\/"},{"@type":"ListItem","position":2,"name":"AMLO destaca \u2018disminuci\u00f3n en t\u00e9rminos reales\u2019 en luz y gasolina; falta ajustar el gas"}]},{"@type":"WebSite","@id":"https:\/\/quehacerpolitico.mx\/#website","url":"https:\/\/quehacerpolitico.mx\/","name":"","description":"","potentialAction":[{"@type":"SearchAction","target":{"@type":"EntryPoint","urlTemplate":"https:\/\/quehacerpolitico.mx\/?s={search_term_string}"},"query-input":{"@type":"PropertyValueSpecification","valueRequired":true,"valueName":"search_term_string"}}],"inLanguage":"es"},{"@type":"Person","@id":"https:\/\/quehacerpolitico.mx\/#\/schema\/person\/496d8ad2d1d3f8036101dca7ee39e585","name":"Redacci\u00f3n QP","image":{"@type":"ImageObject","inLanguage":"es","@id":"https:\/\/secure.gravatar.com\/avatar\/c7164ed6fdec453195284ad24a5ae5b6e1eed2b848477fa2a4787ba9adf39a41?s=96&d=mm&r=g","url":"https:\/\/secure.gravatar.com\/avatar\/c7164ed6fdec453195284ad24a5ae5b6e1eed2b848477fa2a4787ba9adf39a41?s=96&d=mm&r=g","contentUrl":"https:\/\/secure.gravatar.com\/avatar\/c7164ed6fdec453195284ad24a5ae5b6e1eed2b848477fa2a4787ba9adf39a41?s=96&d=mm&r=g","caption":"Redacci\u00f3n QP"},"url":"https:\/\/quehacerpolitico.mx\/?author=2"}]}},"featured_image_urls":{"full":["https:\/\/quehacerpolitico.mx\/wp-content\/uploads\/2021\/04\/903F1DB6-8583-4749-A732-3079AF1F513D.jpeg",1242,676,false],"thumbnail":["https:\/\/quehacerpolitico.mx\/wp-content\/uploads\/2021\/04\/903F1DB6-8583-4749-A732-3079AF1F513D-150x150.jpeg",150,150,true],"medium":["https:\/\/quehacerpolitico.mx\/wp-content\/uploads\/2021\/04\/903F1DB6-8583-4749-A732-3079AF1F513D-300x163.jpeg",300,163,true],"medium_large":["https:\/\/quehacerpolitico.mx\/wp-content\/uploads\/2021\/04\/903F1DB6-8583-4749-A732-3079AF1F513D-768x418.jpeg",640,348,true],"large":["https:\/\/quehacerpolitico.mx\/wp-content\/uploads\/2021\/04\/903F1DB6-8583-4749-A732-3079AF1F513D-1024x557.jpeg",640,348,true],"1536x1536":["https:\/\/quehacerpolitico.mx\/wp-content\/uploads\/2021\/04\/903F1DB6-8583-4749-A732-3079AF1F513D.jpeg",1242,676,false],"2048x2048":["https:\/\/quehacerpolitico.mx\/wp-content\/uploads\/2021\/04\/903F1DB6-8583-4749-A732-3079AF1F513D.jpeg",1242,676,false],"covernews-featured":["https:\/\/quehacerpolitico.mx\/wp-content\/uploads\/2021\/04\/903F1DB6-8583-4749-A732-3079AF1F513D.jpeg",1024,557,false],"covernews-medium":["https:\/\/quehacerpolitico.mx\/wp-content\/uploads\/2021\/04\/903F1DB6-8583-4749-A732-3079AF1F513D.jpeg",540,294,false]},"author_info":{"display_name":"Redacci\u00f3n QP","author_link":"https:\/\/quehacerpolitico.mx\/?author=2"},"category_info":"<a href=\"https:\/\/quehacerpolitico.mx\/?cat=2\" rel=\"category\">Noticias<\/a>","tag_info":"Noticias","comment_count":"0","_links":{"self":[{"href":"https:\/\/quehacerpolitico.mx\/index.php?rest_route=\/wp\/v2\/posts\/79215","targetHints":{"allow":["GET"]}}],"collection":[{"href":"https:\/\/quehacerpolitico.mx\/index.php?rest_route=\/wp\/v2\/posts"}],"about":[{"href":"https:\/\/quehacerpolitico.mx\/index.php?rest_route=\/wp\/v2\/types\/post"}],"author":[{"embeddable":true,"href":"https:\/\/quehacerpolitico.mx\/index.php?rest_route=\/wp\/v2\/users\/2"}],"replies":[{"embeddable":true,"href":"https:\/\/quehacerpolitico.mx\/index.php?rest_route=%2Fwp%2Fv2%2Fcomments&post=79215"}],"version-history":[{"count":0,"href":"https:\/\/quehacerpolitico.mx\/index.php?rest_route=\/wp\/v2\/posts\/79215\/revisions"}],"wp:featuredmedia":[{"embeddable":true,"href":"https:\/\/quehacerpolitico.mx\/index.php?rest_route=\/wp\/v2\/media\/79218"}],"wp:attachment":[{"href":"https:\/\/quehacerpolitico.mx\/index.php?rest_route=%2Fwp%2Fv2%2Fmedia&parent=79215"}],"wp:term":[{"taxonomy":"category","embeddable":true,"href":"https:\/\/quehacerpolitico.mx\/index.php?rest_route=%2Fwp%2Fv2%2Fcategories&post=79215"},{"taxonomy":"post_tag","embeddable":true,"href":"https:\/\/quehacerpolitico.mx\/index.php?rest_route=%2Fwp%2Fv2%2Ftags&post=79215"}],"curies":[{"name":"wp","href":"https:\/\/api.w.org\/{rel}","templated":true}]}}