{"id":79201,"date":"2021-04-12T03:53:21","date_gmt":"2021-04-12T03:53:21","guid":{"rendered":"https:\/\/quehacerpolitico.mx\/?p=79201"},"modified":"2021-04-12T03:53:21","modified_gmt":"2021-04-12T03:53:21","slug":"detienen-uno-por-su-relacion-en-el-robo-de-relojes-en-la-cdmx","status":"publish","type":"post","link":"https:\/\/quehacerpolitico.mx\/?p=79201","title":{"rendered":"Detienen a uno por su relaci\u00f3n en el robo de relojes en la CDMX"},"content":{"rendered":"<p>Detienen a uno por su relaci\u00f3n en el robo de relojes en la CDMX<br \/>\nPor Redacci\u00f3n QP<\/p>\n<p>Arturo \u201cN\u201d estar\u00eda relacionado con el robo de relojes de gama alta a comensales y paseantes.<\/p>\n<p>Elementos de la Secretaria de Seguridad Ciudadana (SSC) detuvieron a un hombre identificado como<strong> Arturo \u201cN\u201d<\/strong>, luego de que presuntamente asaltara a una persona en la alcald\u00eda <strong>\u00c1lvaro Obreg\u00f3n<\/strong>, mismo sujeto que estar\u00eda relacionado con el robo de relojes de alta gama.<\/p>\n<p>La detenci\u00f3n de este hombre de 33 a\u00f1os se realiz\u00f3 cuando polic\u00edas capitalinos se encontraban en calles de la <strong>colonia Santa Fe<\/strong>, cuando un hombre les hizo se\u00f1as para solicitar apoyo.<\/p>\n<p>https:\/\/twitter.com\/c4jimenez\/status\/1381019378741882885?s=21<\/p>\n<p>Esta persona les indic\u00f3 que mientras caminaba por la calle <strong>Guillermo Gonz\u00e1lez Camarena<\/strong>, el conductor de un Mercedes color negro descendi\u00f3 y, luego de amenazarlo con un arma de fuego, lo oblig\u00f3 a entregarle un reloj marca Versace color dorado y dinero en efectivo que llevaba.<\/p>\n<p>El denunciante se\u00f1al\u00f3 que metros m\u00e1s adelante se encontraba dicho <strong>autom\u00f3vil<\/strong>, por lo que, tras una persecuci\u00f3n por varias calles, los uniformados le marcaron el alto al conductor y le solicitaron que bajara de la unidad.<\/p>\n<p>Al realizarle una revisi\u00f3n preventiva a Arturo \u201cN\u201d, le encontraron un arma corta con un cartucho \u00fatil, el reloj descrito por el afectado y dinero en efectivo, por lo que fue puesto a disposici\u00f3n del agente del Ministerio P\u00fablico correspondiente quien determinar\u00e1 su <strong>situaci\u00f3n jur\u00eddica<\/strong>.<\/p>\n<p>De acuerdo con investigaciones, Arturo \u201cN\u201d estar\u00eda relacionado con el robo de relojes de gama alta a<strong>comensales y paseantes<\/strong>, principalmente en calles de la colonia Del Valle, alcald\u00eda Benito Ju\u00e1rez y la colonia Roma, Cuauht\u00e9moc.<\/p>\n","protected":false},"excerpt":{"rendered":"<p>Detienen a uno por su relaci\u00f3n en el robo de relojes en la CDMX Por&#8230;<\/p>\n","protected":false},"author":2,"featured_media":79204,"comment_status":"open","ping_status":"open","sticky":false,"template":"","format":"standard","meta":{"_monsterinsights_skip_tracking":false,"_monsterinsights_sitenote_active":false,"_monsterinsights_sitenote_note":"","_monsterinsights_sitenote_category":0,"footnotes":""},"categories":[55],"tags":[],"class_list":["post-79201","post","type-post","status-publish","format-standard","has-post-thumbnail","hentry","category-cdmx"],"yoast_head":"<!-- This site is optimized with the Yoast SEO plugin v27.3 - https:\/\/yoast.com\/product\/yoast-seo-wordpress\/ -->\n<title>Detienen a uno por su relaci\u00f3n en el robo de relojes en la CDMX -<\/title>\n<meta name=\"robots\" content=\"index, follow, max-snippet:-1, max-image-preview:large, max-video-preview:-1\" \/>\n<link rel=\"canonical\" href=\"https:\/\/quehacerpolitico.mx\/?p=79201\" \/>\n<meta property=\"og:locale\" content=\"es_MX\" \/>\n<meta property=\"og:type\" content=\"article\" \/>\n<meta property=\"og:title\" content=\"Detienen a uno por su relaci\u00f3n en el robo de relojes en la CDMX -\" \/>\n<meta property=\"og:description\" content=\"Detienen a uno por su relaci\u00f3n en el robo de relojes en la CDMX Por...\" \/>\n<meta property=\"og:url\" content=\"https:\/\/quehacerpolitico.mx\/?p=79201\" \/>\n<meta property=\"article:published_time\" content=\"2021-04-12T03:53:21+00:00\" \/>\n<meta property=\"og:image\" content=\"https:\/\/quehacerpolitico.mx\/wp-content\/uploads\/2021\/04\/2BB87FFA-ADD5-41C7-AE85-51705AA0CC8C.jpeg\" \/>\n\t<meta property=\"og:image:width\" content=\"696\" \/>\n\t<meta property=\"og:image:height\" content=\"433\" \/>\n\t<meta property=\"og:image:type\" content=\"image\/jpeg\" \/>\n<meta name=\"author\" content=\"Redacci\u00f3n QP\" \/>\n<meta name=\"twitter:card\" content=\"summary_large_image\" \/>\n<meta name=\"twitter:label1\" content=\"Escrito por\" \/>\n\t<meta name=\"twitter:data1\" content=\"Redacci\u00f3n QP\" \/>\n\t<meta name=\"twitter:label2\" content=\"Tiempo de lectura\" \/>\n\t<meta name=\"twitter:data2\" content=\"1 minuto\" \/>\n<script type=\"application\/ld+json\" class=\"yoast-schema-graph\">{\"@context\":\"https:\\\/\\\/schema.org\",\"@graph\":[{\"@type\":\"Article\",\"@id\":\"https:\\\/\\\/quehacerpolitico.mx\\\/?p=79201#article\",\"isPartOf\":{\"@id\":\"https:\\\/\\\/quehacerpolitico.mx\\\/?p=79201\"},\"author\":{\"name\":\"Redacci\u00f3n QP\",\"@id\":\"https:\\\/\\\/quehacerpolitico.mx\\\/#\\\/schema\\\/person\\\/496d8ad2d1d3f8036101dca7ee39e585\"},\"headline\":\"Detienen a uno por su relaci\u00f3n en el robo de relojes en la CDMX\",\"datePublished\":\"2021-04-12T03:53:21+00:00\",\"mainEntityOfPage\":{\"@id\":\"https:\\\/\\\/quehacerpolitico.mx\\\/?p=79201\"},\"wordCount\":313,\"commentCount\":0,\"image\":{\"@id\":\"https:\\\/\\\/quehacerpolitico.mx\\\/?p=79201#primaryimage\"},\"thumbnailUrl\":\"https:\\\/\\\/quehacerpolitico.mx\\\/wp-content\\\/uploads\\\/2021\\\/04\\\/2BB87FFA-ADD5-41C7-AE85-51705AA0CC8C.jpeg\",\"articleSection\":[\"CDMX\"],\"inLanguage\":\"es\",\"potentialAction\":[{\"@type\":\"CommentAction\",\"name\":\"Comment\",\"target\":[\"https:\\\/\\\/quehacerpolitico.mx\\\/?p=79201#respond\"]}]},{\"@type\":\"WebPage\",\"@id\":\"https:\\\/\\\/quehacerpolitico.mx\\\/?p=79201\",\"url\":\"https:\\\/\\\/quehacerpolitico.mx\\\/?p=79201\",\"name\":\"Detienen a uno por su relaci\u00f3n en el robo de relojes en la CDMX -\",\"isPartOf\":{\"@id\":\"https:\\\/\\\/quehacerpolitico.mx\\\/#website\"},\"primaryImageOfPage\":{\"@id\":\"https:\\\/\\\/quehacerpolitico.mx\\\/?p=79201#primaryimage\"},\"image\":{\"@id\":\"https:\\\/\\\/quehacerpolitico.mx\\\/?p=79201#primaryimage\"},\"thumbnailUrl\":\"https:\\\/\\\/quehacerpolitico.mx\\\/wp-content\\\/uploads\\\/2021\\\/04\\\/2BB87FFA-ADD5-41C7-AE85-51705AA0CC8C.jpeg\",\"datePublished\":\"2021-04-12T03:53:21+00:00\",\"author\":{\"@id\":\"https:\\\/\\\/quehacerpolitico.mx\\\/#\\\/schema\\\/person\\\/496d8ad2d1d3f8036101dca7ee39e585\"},\"breadcrumb\":{\"@id\":\"https:\\\/\\\/quehacerpolitico.mx\\\/?p=79201#breadcrumb\"},\"inLanguage\":\"es\",\"potentialAction\":[{\"@type\":\"ReadAction\",\"target\":[\"https:\\\/\\\/quehacerpolitico.mx\\\/?p=79201\"]}]},{\"@type\":\"ImageObject\",\"inLanguage\":\"es\",\"@id\":\"https:\\\/\\\/quehacerpolitico.mx\\\/?p=79201#primaryimage\",\"url\":\"https:\\\/\\\/quehacerpolitico.mx\\\/wp-content\\\/uploads\\\/2021\\\/04\\\/2BB87FFA-ADD5-41C7-AE85-51705AA0CC8C.jpeg\",\"contentUrl\":\"https:\\\/\\\/quehacerpolitico.mx\\\/wp-content\\\/uploads\\\/2021\\\/04\\\/2BB87FFA-ADD5-41C7-AE85-51705AA0CC8C.jpeg\",\"width\":696,\"height\":433},{\"@type\":\"BreadcrumbList\",\"@id\":\"https:\\\/\\\/quehacerpolitico.mx\\\/?p=79201#breadcrumb\",\"itemListElement\":[{\"@type\":\"ListItem\",\"position\":1,\"name\":\"Inicio\",\"item\":\"https:\\\/\\\/quehacerpolitico.mx\\\/\"},{\"@type\":\"ListItem\",\"position\":2,\"name\":\"Detienen a uno por su relaci\u00f3n en el robo de relojes en la CDMX\"}]},{\"@type\":\"WebSite\",\"@id\":\"https:\\\/\\\/quehacerpolitico.mx\\\/#website\",\"url\":\"https:\\\/\\\/quehacerpolitico.mx\\\/\",\"name\":\"\",\"description\":\"\",\"potentialAction\":[{\"@type\":\"SearchAction\",\"target\":{\"@type\":\"EntryPoint\",\"urlTemplate\":\"https:\\\/\\\/quehacerpolitico.mx\\\/?s={search_term_string}\"},\"query-input\":{\"@type\":\"PropertyValueSpecification\",\"valueRequired\":true,\"valueName\":\"search_term_string\"}}],\"inLanguage\":\"es\"},{\"@type\":\"Person\",\"@id\":\"https:\\\/\\\/quehacerpolitico.mx\\\/#\\\/schema\\\/person\\\/496d8ad2d1d3f8036101dca7ee39e585\",\"name\":\"Redacci\u00f3n QP\",\"image\":{\"@type\":\"ImageObject\",\"inLanguage\":\"es\",\"@id\":\"https:\\\/\\\/secure.gravatar.com\\\/avatar\\\/c7164ed6fdec453195284ad24a5ae5b6e1eed2b848477fa2a4787ba9adf39a41?s=96&d=mm&r=g\",\"url\":\"https:\\\/\\\/secure.gravatar.com\\\/avatar\\\/c7164ed6fdec453195284ad24a5ae5b6e1eed2b848477fa2a4787ba9adf39a41?s=96&d=mm&r=g\",\"contentUrl\":\"https:\\\/\\\/secure.gravatar.com\\\/avatar\\\/c7164ed6fdec453195284ad24a5ae5b6e1eed2b848477fa2a4787ba9adf39a41?s=96&d=mm&r=g\",\"caption\":\"Redacci\u00f3n QP\"},\"url\":\"https:\\\/\\\/quehacerpolitico.mx\\\/?author=2\"}]}<\/script>\n<!-- \/ Yoast SEO plugin. -->","yoast_head_json":{"title":"Detienen a uno por su relaci\u00f3n en el robo de relojes en la CDMX -","robots":{"index":"index","follow":"follow","max-snippet":"max-snippet:-1","max-image-preview":"max-image-preview:large","max-video-preview":"max-video-preview:-1"},"canonical":"https:\/\/quehacerpolitico.mx\/?p=79201","og_locale":"es_MX","og_type":"article","og_title":"Detienen a uno por su relaci\u00f3n en el robo de relojes en la CDMX -","og_description":"Detienen a uno por su relaci\u00f3n en el robo de relojes en la CDMX Por...","og_url":"https:\/\/quehacerpolitico.mx\/?p=79201","article_published_time":"2021-04-12T03:53:21+00:00","og_image":[{"width":696,"height":433,"url":"https:\/\/quehacerpolitico.mx\/wp-content\/uploads\/2021\/04\/2BB87FFA-ADD5-41C7-AE85-51705AA0CC8C.jpeg","type":"image\/jpeg"}],"author":"Redacci\u00f3n QP","twitter_card":"summary_large_image","twitter_misc":{"Escrito por":"Redacci\u00f3n QP","Tiempo de lectura":"1 minuto"},"schema":{"@context":"https:\/\/schema.org","@graph":[{"@type":"Article","@id":"https:\/\/quehacerpolitico.mx\/?p=79201#article","isPartOf":{"@id":"https:\/\/quehacerpolitico.mx\/?p=79201"},"author":{"name":"Redacci\u00f3n QP","@id":"https:\/\/quehacerpolitico.mx\/#\/schema\/person\/496d8ad2d1d3f8036101dca7ee39e585"},"headline":"Detienen a uno por su relaci\u00f3n en el robo de relojes en la CDMX","datePublished":"2021-04-12T03:53:21+00:00","mainEntityOfPage":{"@id":"https:\/\/quehacerpolitico.mx\/?p=79201"},"wordCount":313,"commentCount":0,"image":{"@id":"https:\/\/quehacerpolitico.mx\/?p=79201#primaryimage"},"thumbnailUrl":"https:\/\/quehacerpolitico.mx\/wp-content\/uploads\/2021\/04\/2BB87FFA-ADD5-41C7-AE85-51705AA0CC8C.jpeg","articleSection":["CDMX"],"inLanguage":"es","potentialAction":[{"@type":"CommentAction","name":"Comment","target":["https:\/\/quehacerpolitico.mx\/?p=79201#respond"]}]},{"@type":"WebPage","@id":"https:\/\/quehacerpolitico.mx\/?p=79201","url":"https:\/\/quehacerpolitico.mx\/?p=79201","name":"Detienen a uno por su relaci\u00f3n en el robo de relojes en la CDMX -","isPartOf":{"@id":"https:\/\/quehacerpolitico.mx\/#website"},"primaryImageOfPage":{"@id":"https:\/\/quehacerpolitico.mx\/?p=79201#primaryimage"},"image":{"@id":"https:\/\/quehacerpolitico.mx\/?p=79201#primaryimage"},"thumbnailUrl":"https:\/\/quehacerpolitico.mx\/wp-content\/uploads\/2021\/04\/2BB87FFA-ADD5-41C7-AE85-51705AA0CC8C.jpeg","datePublished":"2021-04-12T03:53:21+00:00","author":{"@id":"https:\/\/quehacerpolitico.mx\/#\/schema\/person\/496d8ad2d1d3f8036101dca7ee39e585"},"breadcrumb":{"@id":"https:\/\/quehacerpolitico.mx\/?p=79201#breadcrumb"},"inLanguage":"es","potentialAction":[{"@type":"ReadAction","target":["https:\/\/quehacerpolitico.mx\/?p=79201"]}]},{"@type":"ImageObject","inLanguage":"es","@id":"https:\/\/quehacerpolitico.mx\/?p=79201#primaryimage","url":"https:\/\/quehacerpolitico.mx\/wp-content\/uploads\/2021\/04\/2BB87FFA-ADD5-41C7-AE85-51705AA0CC8C.jpeg","contentUrl":"https:\/\/quehacerpolitico.mx\/wp-content\/uploads\/2021\/04\/2BB87FFA-ADD5-41C7-AE85-51705AA0CC8C.jpeg","width":696,"height":433},{"@type":"BreadcrumbList","@id":"https:\/\/quehacerpolitico.mx\/?p=79201#breadcrumb","itemListElement":[{"@type":"ListItem","position":1,"name":"Inicio","item":"https:\/\/quehacerpolitico.mx\/"},{"@type":"ListItem","position":2,"name":"Detienen a uno por su relaci\u00f3n en el robo de relojes en la CDMX"}]},{"@type":"WebSite","@id":"https:\/\/quehacerpolitico.mx\/#website","url":"https:\/\/quehacerpolitico.mx\/","name":"","description":"","potentialAction":[{"@type":"SearchAction","target":{"@type":"EntryPoint","urlTemplate":"https:\/\/quehacerpolitico.mx\/?s={search_term_string}"},"query-input":{"@type":"PropertyValueSpecification","valueRequired":true,"valueName":"search_term_string"}}],"inLanguage":"es"},{"@type":"Person","@id":"https:\/\/quehacerpolitico.mx\/#\/schema\/person\/496d8ad2d1d3f8036101dca7ee39e585","name":"Redacci\u00f3n QP","image":{"@type":"ImageObject","inLanguage":"es","@id":"https:\/\/secure.gravatar.com\/avatar\/c7164ed6fdec453195284ad24a5ae5b6e1eed2b848477fa2a4787ba9adf39a41?s=96&d=mm&r=g","url":"https:\/\/secure.gravatar.com\/avatar\/c7164ed6fdec453195284ad24a5ae5b6e1eed2b848477fa2a4787ba9adf39a41?s=96&d=mm&r=g","contentUrl":"https:\/\/secure.gravatar.com\/avatar\/c7164ed6fdec453195284ad24a5ae5b6e1eed2b848477fa2a4787ba9adf39a41?s=96&d=mm&r=g","caption":"Redacci\u00f3n QP"},"url":"https:\/\/quehacerpolitico.mx\/?author=2"}]}},"featured_image_urls":{"full":["https:\/\/quehacerpolitico.mx\/wp-content\/uploads\/2021\/04\/2BB87FFA-ADD5-41C7-AE85-51705AA0CC8C.jpeg",696,433,false],"thumbnail":["https:\/\/quehacerpolitico.mx\/wp-content\/uploads\/2021\/04\/2BB87FFA-ADD5-41C7-AE85-51705AA0CC8C-150x150.jpeg",150,150,true],"medium":["https:\/\/quehacerpolitico.mx\/wp-content\/uploads\/2021\/04\/2BB87FFA-ADD5-41C7-AE85-51705AA0CC8C-300x187.jpeg",300,187,true],"medium_large":["https:\/\/quehacerpolitico.mx\/wp-content\/uploads\/2021\/04\/2BB87FFA-ADD5-41C7-AE85-51705AA0CC8C.jpeg",640,398,false],"large":["https:\/\/quehacerpolitico.mx\/wp-content\/uploads\/2021\/04\/2BB87FFA-ADD5-41C7-AE85-51705AA0CC8C.jpeg",640,398,false],"1536x1536":["https:\/\/quehacerpolitico.mx\/wp-content\/uploads\/2021\/04\/2BB87FFA-ADD5-41C7-AE85-51705AA0CC8C.jpeg",696,433,false],"2048x2048":["https:\/\/quehacerpolitico.mx\/wp-content\/uploads\/2021\/04\/2BB87FFA-ADD5-41C7-AE85-51705AA0CC8C.jpeg",696,433,false],"covernews-featured":["https:\/\/quehacerpolitico.mx\/wp-content\/uploads\/2021\/04\/2BB87FFA-ADD5-41C7-AE85-51705AA0CC8C.jpeg",696,433,false],"covernews-medium":["https:\/\/quehacerpolitico.mx\/wp-content\/uploads\/2021\/04\/2BB87FFA-ADD5-41C7-AE85-51705AA0CC8C.jpeg",540,336,false]},"author_info":{"display_name":"Redacci\u00f3n QP","author_link":"https:\/\/quehacerpolitico.mx\/?author=2"},"category_info":"<a href=\"https:\/\/quehacerpolitico.mx\/?cat=55\" rel=\"category\">CDMX<\/a>","tag_info":"CDMX","comment_count":"0","_links":{"self":[{"href":"https:\/\/quehacerpolitico.mx\/index.php?rest_route=\/wp\/v2\/posts\/79201","targetHints":{"allow":["GET"]}}],"collection":[{"href":"https:\/\/quehacerpolitico.mx\/index.php?rest_route=\/wp\/v2\/posts"}],"about":[{"href":"https:\/\/quehacerpolitico.mx\/index.php?rest_route=\/wp\/v2\/types\/post"}],"author":[{"embeddable":true,"href":"https:\/\/quehacerpolitico.mx\/index.php?rest_route=\/wp\/v2\/users\/2"}],"replies":[{"embeddable":true,"href":"https:\/\/quehacerpolitico.mx\/index.php?rest_route=%2Fwp%2Fv2%2Fcomments&post=79201"}],"version-history":[{"count":0,"href":"https:\/\/quehacerpolitico.mx\/index.php?rest_route=\/wp\/v2\/posts\/79201\/revisions"}],"wp:featuredmedia":[{"embeddable":true,"href":"https:\/\/quehacerpolitico.mx\/index.php?rest_route=\/wp\/v2\/media\/79204"}],"wp:attachment":[{"href":"https:\/\/quehacerpolitico.mx\/index.php?rest_route=%2Fwp%2Fv2%2Fmedia&parent=79201"}],"wp:term":[{"taxonomy":"category","embeddable":true,"href":"https:\/\/quehacerpolitico.mx\/index.php?rest_route=%2Fwp%2Fv2%2Fcategories&post=79201"},{"taxonomy":"post_tag","embeddable":true,"href":"https:\/\/quehacerpolitico.mx\/index.php?rest_route=%2Fwp%2Fv2%2Ftags&post=79201"}],"curies":[{"name":"wp","href":"https:\/\/api.w.org\/{rel}","templated":true}]}}