{"id":79192,"date":"2021-04-12T03:20:15","date_gmt":"2021-04-12T03:20:15","guid":{"rendered":"https:\/\/quehacerpolitico.mx\/?p=79192"},"modified":"2021-04-12T03:20:15","modified_gmt":"2021-04-12T03:20:15","slug":"internacionales-carolina-alonso-romei-biden-no-es-obama-en-la-politica-hacia-cuba-asegura-asesor","status":"publish","type":"post","link":"https:\/\/quehacerpolitico.mx\/?p=79192","title":{"rendered":"Internacionales\/\/\/Carolina Alonso Romei\/\/\/Biden no es Obama en la pol\u00edtica hacia Cuba, asegura asesor"},"content":{"rendered":"<h1 class=\"article_title\">Biden no es Obama en la pol\u00edtica hacia Cuba, asegura asesor<br \/>\nPor Carolina Alonso Romei<\/h1>\n<p>Internacionalista<\/p>\n<div class=\"article_heading\">\n<p>Gonz\u00e1lez justific\u00f3 por otra parte que EEUU no est\u00e9 cumpliendo el acuerdo de procesar 20 mil\u00a0 visados a inmigrantes cubanos al a\u00f1o<\/p>\n<p><strong>Juan Gonz\u00e1lez,<\/strong> el principal asesor para Latinoam\u00e9rica del presidente de EEUU, Joe Biden,\u00a0asegur\u00f3 que el actual gobernante \u201cno es <strong>Barack Obama<\/strong> en la pol\u00edtica hacia <strong>Cuba<\/strong>\u201c, al descartar de momento un dialogo entre <strong>Washington y la isla.<\/strong><\/p>\n<blockquote><p>\u201cEl momento pol\u00edtico ha cambiado de forma importante, se ha cerrado mucho el espacio pol\u00edtico, porque el Gobierno cubano no ha respondido de ninguna forma, y de hecho la opresi\u00f3n en contra de los cubanos es peor a\u00fan hoy que tal vez fue durante la administraci\u00f3n (de George W.) Bush (2001-2009)\u201d, afirm\u00f3 Gonz\u00e1lez en una entrevista transmitida este domingo por la cadena CNN en espa\u00f1ol.<\/p>\n<p>\u201cQuienes piensan que EEUU en este momento va a entrar a un dialogo de m\u00faltiples a\u00f1os con Cuba, yo creo que no entienden el momento pol\u00edtico y la situaci\u00f3n en donde estamos viviendo o francamente, yo dir\u00eda que el desorden que heredamos de la administraci\u00f3n previa\u201d, agreg\u00f3 y observ\u00f3 que \u201cese es donde tal vez no se invertir\u00e1 de forma inicial el capital pol\u00edtico o el tiempo de esta administraci\u00f3n\u201d.<\/p><\/blockquote>\n<p>Gonz\u00e1lez justific\u00f3 por otra parte que EEUU no est\u00e9 cumpliendo el acuerdo de procesar 20 mil\u00a0 visados a inmigrantes cubanos al a\u00f1o, al argumentar que buscan asegurar que el personal estadounidense en <strong>La Habana<\/strong> est\u00e9 \u201cseguro\u201d.<\/p>\n<p>Washington ha denunciado ataques contra sus funcionarios en La Habana que presuntamente tuvieron lugar entre noviembre de 2016 y agosto de 2017, que en un principio calificaba de ac\u00fasticos aunque luego reconoci\u00f3 no tener confirmada su naturaleza.<\/p>\n<p>A ra\u00edz de esos hechos, la Casa Blanca orden\u00f3 en 2018 la salida del personal no esencial de su embajada en Cuba, es decir, un 60 % del total.<\/p>\n<p>Preguntado sobre la posibilidad de un acercamiento con el Gobierno de Nicol\u00e1s Maduro, Gonz\u00e1lez consider\u00f3 que el mandatario venezolano debe tener una conversaci\u00f3n sobre el futuro de su pa\u00eds con el opositor Juan Guaid\u00f3, al que EEUU reconoce como presidente interino de ese pa\u00eds, y con un frente amplio que ese dirigente busca conformar con la participaci\u00f3n de distintos sectores.<\/p>\n<blockquote><p>\u201cNosotros no le vamos a imponer condiciones a ese proceso, es un proceso totalmente venezolano\u201d, sostuvo el funcionario, quien indic\u00f3 que la administraci\u00f3n Biden buscar\u00e1 al interior de Estados Unidos \u201cdespolitizar la situaci\u00f3n hacia Venezuela\u201d para trabajar tanto con dem\u00f3cratas como con republicanos en busca de una soluci\u00f3n para ese pa\u00eds.<\/p><\/blockquote>\n<p>De igual forma, defendi\u00f3 las sanciones impuestas por EEUU a Venezuela y desestim\u00f3 que sean las causantes de la crisis en ese pa\u00eds, que atribuy\u00f3 a Maduro y al fallecido presidente Hugo Ch\u00e1vez.<\/p>\n<blockquote><p>\u201cLo que est\u00e1 pasando al pueblo venezolano es una injusticia, y no es algo que es culpa de EE.UU., es algo que es culpa de los que est\u00e1n en este momento en el poder de facto\u201d, sentenci\u00f3 el asesor, quien supedit\u00f3 cualquier acci\u00f3n que signifique levantar la presi\u00f3n sobre el Gobierno de Maduro a la conformaci\u00f3n de un nuevo Consejo Nacional Electoral (CNE).<\/p><\/blockquote>\n<p>Con informaci\u00f3n de EFE<\/p>\n<\/div>\n","protected":false},"excerpt":{"rendered":"<p>Biden no es Obama en la pol\u00edtica hacia Cuba, asegura asesor Por Carolina Alonso Romei&#8230;<\/p>\n","protected":false},"author":2,"featured_media":79194,"comment_status":"open","ping_status":"open","sticky":false,"template":"","format":"standard","meta":{"_monsterinsights_skip_tracking":false,"_monsterinsights_sitenote_active":false,"_monsterinsights_sitenote_note":"","_monsterinsights_sitenote_category":0,"footnotes":""},"categories":[1],"tags":[],"class_list":["post-79192","post","type-post","status-publish","format-standard","has-post-thumbnail","hentry","category-sin-categoria"],"yoast_head":"<!-- This site is optimized with the Yoast SEO plugin v27.3 - https:\/\/yoast.com\/product\/yoast-seo-wordpress\/ -->\n<title>Internacionales\/\/\/Carolina Alonso Romei\/\/\/Biden no es Obama en la pol\u00edtica hacia Cuba, asegura asesor -<\/title>\n<meta name=\"robots\" content=\"index, follow, max-snippet:-1, max-image-preview:large, max-video-preview:-1\" \/>\n<link rel=\"canonical\" href=\"https:\/\/quehacerpolitico.mx\/?p=79192\" \/>\n<meta property=\"og:locale\" content=\"es_MX\" \/>\n<meta property=\"og:type\" content=\"article\" \/>\n<meta property=\"og:title\" content=\"Internacionales\/\/\/Carolina Alonso Romei\/\/\/Biden no es Obama en la pol\u00edtica hacia Cuba, asegura asesor -\" \/>\n<meta property=\"og:description\" content=\"Biden no es Obama en la pol\u00edtica hacia Cuba, asegura asesor Por Carolina Alonso Romei...\" \/>\n<meta property=\"og:url\" content=\"https:\/\/quehacerpolitico.mx\/?p=79192\" \/>\n<meta property=\"article:published_time\" content=\"2021-04-12T03:20:15+00:00\" \/>\n<meta property=\"og:image\" content=\"https:\/\/quehacerpolitico.mx\/wp-content\/uploads\/2021\/04\/EFDEB9ED-3166-41AD-A46B-9BB14401762F.jpeg\" \/>\n\t<meta property=\"og:image:width\" content=\"849\" \/>\n\t<meta property=\"og:image:height\" content=\"479\" \/>\n\t<meta property=\"og:image:type\" content=\"image\/jpeg\" \/>\n<meta name=\"author\" content=\"Redacci\u00f3n QP\" \/>\n<meta name=\"twitter:card\" content=\"summary_large_image\" \/>\n<meta name=\"twitter:label1\" content=\"Escrito por\" \/>\n\t<meta name=\"twitter:data1\" content=\"Redacci\u00f3n QP\" \/>\n\t<meta name=\"twitter:label2\" content=\"Tiempo de lectura\" \/>\n\t<meta name=\"twitter:data2\" content=\"3 minutos\" \/>\n<script type=\"application\/ld+json\" class=\"yoast-schema-graph\">{\"@context\":\"https:\\\/\\\/schema.org\",\"@graph\":[{\"@type\":\"Article\",\"@id\":\"https:\\\/\\\/quehacerpolitico.mx\\\/?p=79192#article\",\"isPartOf\":{\"@id\":\"https:\\\/\\\/quehacerpolitico.mx\\\/?p=79192\"},\"author\":{\"name\":\"Redacci\u00f3n QP\",\"@id\":\"https:\\\/\\\/quehacerpolitico.mx\\\/#\\\/schema\\\/person\\\/496d8ad2d1d3f8036101dca7ee39e585\"},\"headline\":\"Internacionales\\\/\\\/\\\/Carolina Alonso Romei\\\/\\\/\\\/Biden no es Obama en la pol\u00edtica hacia Cuba, asegura asesor\",\"datePublished\":\"2021-04-12T03:20:15+00:00\",\"mainEntityOfPage\":{\"@id\":\"https:\\\/\\\/quehacerpolitico.mx\\\/?p=79192\"},\"wordCount\":577,\"commentCount\":0,\"image\":{\"@id\":\"https:\\\/\\\/quehacerpolitico.mx\\\/?p=79192#primaryimage\"},\"thumbnailUrl\":\"https:\\\/\\\/quehacerpolitico.mx\\\/wp-content\\\/uploads\\\/2021\\\/04\\\/EFDEB9ED-3166-41AD-A46B-9BB14401762F.jpeg\",\"articleSection\":[\"Internacionales\"],\"inLanguage\":\"es\",\"potentialAction\":[{\"@type\":\"CommentAction\",\"name\":\"Comment\",\"target\":[\"https:\\\/\\\/quehacerpolitico.mx\\\/?p=79192#respond\"]}]},{\"@type\":\"WebPage\",\"@id\":\"https:\\\/\\\/quehacerpolitico.mx\\\/?p=79192\",\"url\":\"https:\\\/\\\/quehacerpolitico.mx\\\/?p=79192\",\"name\":\"Internacionales\\\/\\\/\\\/Carolina Alonso Romei\\\/\\\/\\\/Biden no es Obama en la pol\u00edtica hacia Cuba, asegura asesor -\",\"isPartOf\":{\"@id\":\"https:\\\/\\\/quehacerpolitico.mx\\\/#website\"},\"primaryImageOfPage\":{\"@id\":\"https:\\\/\\\/quehacerpolitico.mx\\\/?p=79192#primaryimage\"},\"image\":{\"@id\":\"https:\\\/\\\/quehacerpolitico.mx\\\/?p=79192#primaryimage\"},\"thumbnailUrl\":\"https:\\\/\\\/quehacerpolitico.mx\\\/wp-content\\\/uploads\\\/2021\\\/04\\\/EFDEB9ED-3166-41AD-A46B-9BB14401762F.jpeg\",\"datePublished\":\"2021-04-12T03:20:15+00:00\",\"author\":{\"@id\":\"https:\\\/\\\/quehacerpolitico.mx\\\/#\\\/schema\\\/person\\\/496d8ad2d1d3f8036101dca7ee39e585\"},\"breadcrumb\":{\"@id\":\"https:\\\/\\\/quehacerpolitico.mx\\\/?p=79192#breadcrumb\"},\"inLanguage\":\"es\",\"potentialAction\":[{\"@type\":\"ReadAction\",\"target\":[\"https:\\\/\\\/quehacerpolitico.mx\\\/?p=79192\"]}]},{\"@type\":\"ImageObject\",\"inLanguage\":\"es\",\"@id\":\"https:\\\/\\\/quehacerpolitico.mx\\\/?p=79192#primaryimage\",\"url\":\"https:\\\/\\\/quehacerpolitico.mx\\\/wp-content\\\/uploads\\\/2021\\\/04\\\/EFDEB9ED-3166-41AD-A46B-9BB14401762F.jpeg\",\"contentUrl\":\"https:\\\/\\\/quehacerpolitico.mx\\\/wp-content\\\/uploads\\\/2021\\\/04\\\/EFDEB9ED-3166-41AD-A46B-9BB14401762F.jpeg\",\"width\":849,\"height\":479},{\"@type\":\"BreadcrumbList\",\"@id\":\"https:\\\/\\\/quehacerpolitico.mx\\\/?p=79192#breadcrumb\",\"itemListElement\":[{\"@type\":\"ListItem\",\"position\":1,\"name\":\"Inicio\",\"item\":\"https:\\\/\\\/quehacerpolitico.mx\\\/\"},{\"@type\":\"ListItem\",\"position\":2,\"name\":\"Internacionales\\\/\\\/\\\/Carolina Alonso Romei\\\/\\\/\\\/Biden no es Obama en la pol\u00edtica hacia Cuba, asegura asesor\"}]},{\"@type\":\"WebSite\",\"@id\":\"https:\\\/\\\/quehacerpolitico.mx\\\/#website\",\"url\":\"https:\\\/\\\/quehacerpolitico.mx\\\/\",\"name\":\"\",\"description\":\"\",\"potentialAction\":[{\"@type\":\"SearchAction\",\"target\":{\"@type\":\"EntryPoint\",\"urlTemplate\":\"https:\\\/\\\/quehacerpolitico.mx\\\/?s={search_term_string}\"},\"query-input\":{\"@type\":\"PropertyValueSpecification\",\"valueRequired\":true,\"valueName\":\"search_term_string\"}}],\"inLanguage\":\"es\"},{\"@type\":\"Person\",\"@id\":\"https:\\\/\\\/quehacerpolitico.mx\\\/#\\\/schema\\\/person\\\/496d8ad2d1d3f8036101dca7ee39e585\",\"name\":\"Redacci\u00f3n QP\",\"image\":{\"@type\":\"ImageObject\",\"inLanguage\":\"es\",\"@id\":\"https:\\\/\\\/secure.gravatar.com\\\/avatar\\\/c7164ed6fdec453195284ad24a5ae5b6e1eed2b848477fa2a4787ba9adf39a41?s=96&d=mm&r=g\",\"url\":\"https:\\\/\\\/secure.gravatar.com\\\/avatar\\\/c7164ed6fdec453195284ad24a5ae5b6e1eed2b848477fa2a4787ba9adf39a41?s=96&d=mm&r=g\",\"contentUrl\":\"https:\\\/\\\/secure.gravatar.com\\\/avatar\\\/c7164ed6fdec453195284ad24a5ae5b6e1eed2b848477fa2a4787ba9adf39a41?s=96&d=mm&r=g\",\"caption\":\"Redacci\u00f3n QP\"},\"url\":\"https:\\\/\\\/quehacerpolitico.mx\\\/?author=2\"}]}<\/script>\n<!-- \/ Yoast SEO plugin. -->","yoast_head_json":{"title":"Internacionales\/\/\/Carolina Alonso Romei\/\/\/Biden no es Obama en la pol\u00edtica hacia Cuba, asegura asesor -","robots":{"index":"index","follow":"follow","max-snippet":"max-snippet:-1","max-image-preview":"max-image-preview:large","max-video-preview":"max-video-preview:-1"},"canonical":"https:\/\/quehacerpolitico.mx\/?p=79192","og_locale":"es_MX","og_type":"article","og_title":"Internacionales\/\/\/Carolina Alonso Romei\/\/\/Biden no es Obama en la pol\u00edtica hacia Cuba, asegura asesor -","og_description":"Biden no es Obama en la pol\u00edtica hacia Cuba, asegura asesor Por Carolina Alonso Romei...","og_url":"https:\/\/quehacerpolitico.mx\/?p=79192","article_published_time":"2021-04-12T03:20:15+00:00","og_image":[{"width":849,"height":479,"url":"https:\/\/quehacerpolitico.mx\/wp-content\/uploads\/2021\/04\/EFDEB9ED-3166-41AD-A46B-9BB14401762F.jpeg","type":"image\/jpeg"}],"author":"Redacci\u00f3n QP","twitter_card":"summary_large_image","twitter_misc":{"Escrito por":"Redacci\u00f3n QP","Tiempo de lectura":"3 minutos"},"schema":{"@context":"https:\/\/schema.org","@graph":[{"@type":"Article","@id":"https:\/\/quehacerpolitico.mx\/?p=79192#article","isPartOf":{"@id":"https:\/\/quehacerpolitico.mx\/?p=79192"},"author":{"name":"Redacci\u00f3n QP","@id":"https:\/\/quehacerpolitico.mx\/#\/schema\/person\/496d8ad2d1d3f8036101dca7ee39e585"},"headline":"Internacionales\/\/\/Carolina Alonso Romei\/\/\/Biden no es Obama en la pol\u00edtica hacia Cuba, asegura asesor","datePublished":"2021-04-12T03:20:15+00:00","mainEntityOfPage":{"@id":"https:\/\/quehacerpolitico.mx\/?p=79192"},"wordCount":577,"commentCount":0,"image":{"@id":"https:\/\/quehacerpolitico.mx\/?p=79192#primaryimage"},"thumbnailUrl":"https:\/\/quehacerpolitico.mx\/wp-content\/uploads\/2021\/04\/EFDEB9ED-3166-41AD-A46B-9BB14401762F.jpeg","articleSection":["Internacionales"],"inLanguage":"es","potentialAction":[{"@type":"CommentAction","name":"Comment","target":["https:\/\/quehacerpolitico.mx\/?p=79192#respond"]}]},{"@type":"WebPage","@id":"https:\/\/quehacerpolitico.mx\/?p=79192","url":"https:\/\/quehacerpolitico.mx\/?p=79192","name":"Internacionales\/\/\/Carolina Alonso Romei\/\/\/Biden no es Obama en la pol\u00edtica hacia Cuba, asegura asesor -","isPartOf":{"@id":"https:\/\/quehacerpolitico.mx\/#website"},"primaryImageOfPage":{"@id":"https:\/\/quehacerpolitico.mx\/?p=79192#primaryimage"},"image":{"@id":"https:\/\/quehacerpolitico.mx\/?p=79192#primaryimage"},"thumbnailUrl":"https:\/\/quehacerpolitico.mx\/wp-content\/uploads\/2021\/04\/EFDEB9ED-3166-41AD-A46B-9BB14401762F.jpeg","datePublished":"2021-04-12T03:20:15+00:00","author":{"@id":"https:\/\/quehacerpolitico.mx\/#\/schema\/person\/496d8ad2d1d3f8036101dca7ee39e585"},"breadcrumb":{"@id":"https:\/\/quehacerpolitico.mx\/?p=79192#breadcrumb"},"inLanguage":"es","potentialAction":[{"@type":"ReadAction","target":["https:\/\/quehacerpolitico.mx\/?p=79192"]}]},{"@type":"ImageObject","inLanguage":"es","@id":"https:\/\/quehacerpolitico.mx\/?p=79192#primaryimage","url":"https:\/\/quehacerpolitico.mx\/wp-content\/uploads\/2021\/04\/EFDEB9ED-3166-41AD-A46B-9BB14401762F.jpeg","contentUrl":"https:\/\/quehacerpolitico.mx\/wp-content\/uploads\/2021\/04\/EFDEB9ED-3166-41AD-A46B-9BB14401762F.jpeg","width":849,"height":479},{"@type":"BreadcrumbList","@id":"https:\/\/quehacerpolitico.mx\/?p=79192#breadcrumb","itemListElement":[{"@type":"ListItem","position":1,"name":"Inicio","item":"https:\/\/quehacerpolitico.mx\/"},{"@type":"ListItem","position":2,"name":"Internacionales\/\/\/Carolina Alonso Romei\/\/\/Biden no es Obama en la pol\u00edtica hacia Cuba, asegura asesor"}]},{"@type":"WebSite","@id":"https:\/\/quehacerpolitico.mx\/#website","url":"https:\/\/quehacerpolitico.mx\/","name":"","description":"","potentialAction":[{"@type":"SearchAction","target":{"@type":"EntryPoint","urlTemplate":"https:\/\/quehacerpolitico.mx\/?s={search_term_string}"},"query-input":{"@type":"PropertyValueSpecification","valueRequired":true,"valueName":"search_term_string"}}],"inLanguage":"es"},{"@type":"Person","@id":"https:\/\/quehacerpolitico.mx\/#\/schema\/person\/496d8ad2d1d3f8036101dca7ee39e585","name":"Redacci\u00f3n QP","image":{"@type":"ImageObject","inLanguage":"es","@id":"https:\/\/secure.gravatar.com\/avatar\/c7164ed6fdec453195284ad24a5ae5b6e1eed2b848477fa2a4787ba9adf39a41?s=96&d=mm&r=g","url":"https:\/\/secure.gravatar.com\/avatar\/c7164ed6fdec453195284ad24a5ae5b6e1eed2b848477fa2a4787ba9adf39a41?s=96&d=mm&r=g","contentUrl":"https:\/\/secure.gravatar.com\/avatar\/c7164ed6fdec453195284ad24a5ae5b6e1eed2b848477fa2a4787ba9adf39a41?s=96&d=mm&r=g","caption":"Redacci\u00f3n QP"},"url":"https:\/\/quehacerpolitico.mx\/?author=2"}]}},"featured_image_urls":{"full":["https:\/\/quehacerpolitico.mx\/wp-content\/uploads\/2021\/04\/EFDEB9ED-3166-41AD-A46B-9BB14401762F.jpeg",849,479,false],"thumbnail":["https:\/\/quehacerpolitico.mx\/wp-content\/uploads\/2021\/04\/EFDEB9ED-3166-41AD-A46B-9BB14401762F-150x150.jpeg",150,150,true],"medium":["https:\/\/quehacerpolitico.mx\/wp-content\/uploads\/2021\/04\/EFDEB9ED-3166-41AD-A46B-9BB14401762F-300x169.jpeg",300,169,true],"medium_large":["https:\/\/quehacerpolitico.mx\/wp-content\/uploads\/2021\/04\/EFDEB9ED-3166-41AD-A46B-9BB14401762F-768x433.jpeg",640,361,true],"large":["https:\/\/quehacerpolitico.mx\/wp-content\/uploads\/2021\/04\/EFDEB9ED-3166-41AD-A46B-9BB14401762F.jpeg",640,361,false],"1536x1536":["https:\/\/quehacerpolitico.mx\/wp-content\/uploads\/2021\/04\/EFDEB9ED-3166-41AD-A46B-9BB14401762F.jpeg",849,479,false],"2048x2048":["https:\/\/quehacerpolitico.mx\/wp-content\/uploads\/2021\/04\/EFDEB9ED-3166-41AD-A46B-9BB14401762F.jpeg",849,479,false],"covernews-featured":["https:\/\/quehacerpolitico.mx\/wp-content\/uploads\/2021\/04\/EFDEB9ED-3166-41AD-A46B-9BB14401762F.jpeg",849,479,false],"covernews-medium":["https:\/\/quehacerpolitico.mx\/wp-content\/uploads\/2021\/04\/EFDEB9ED-3166-41AD-A46B-9BB14401762F.jpeg",540,305,false]},"author_info":{"display_name":"Redacci\u00f3n QP","author_link":"https:\/\/quehacerpolitico.mx\/?author=2"},"category_info":"<a href=\"https:\/\/quehacerpolitico.mx\/?cat=1\" rel=\"category\">Internacionales<\/a>","tag_info":"Internacionales","comment_count":"0","_links":{"self":[{"href":"https:\/\/quehacerpolitico.mx\/index.php?rest_route=\/wp\/v2\/posts\/79192","targetHints":{"allow":["GET"]}}],"collection":[{"href":"https:\/\/quehacerpolitico.mx\/index.php?rest_route=\/wp\/v2\/posts"}],"about":[{"href":"https:\/\/quehacerpolitico.mx\/index.php?rest_route=\/wp\/v2\/types\/post"}],"author":[{"embeddable":true,"href":"https:\/\/quehacerpolitico.mx\/index.php?rest_route=\/wp\/v2\/users\/2"}],"replies":[{"embeddable":true,"href":"https:\/\/quehacerpolitico.mx\/index.php?rest_route=%2Fwp%2Fv2%2Fcomments&post=79192"}],"version-history":[{"count":0,"href":"https:\/\/quehacerpolitico.mx\/index.php?rest_route=\/wp\/v2\/posts\/79192\/revisions"}],"wp:featuredmedia":[{"embeddable":true,"href":"https:\/\/quehacerpolitico.mx\/index.php?rest_route=\/wp\/v2\/media\/79194"}],"wp:attachment":[{"href":"https:\/\/quehacerpolitico.mx\/index.php?rest_route=%2Fwp%2Fv2%2Fmedia&parent=79192"}],"wp:term":[{"taxonomy":"category","embeddable":true,"href":"https:\/\/quehacerpolitico.mx\/index.php?rest_route=%2Fwp%2Fv2%2Fcategories&post=79192"},{"taxonomy":"post_tag","embeddable":true,"href":"https:\/\/quehacerpolitico.mx\/index.php?rest_route=%2Fwp%2Fv2%2Ftags&post=79192"}],"curies":[{"name":"wp","href":"https:\/\/api.w.org\/{rel}","templated":true}]}}