{"id":79176,"date":"2021-04-12T02:14:05","date_gmt":"2021-04-12T02:14:05","guid":{"rendered":"https:\/\/quehacerpolitico.mx\/?p=79176"},"modified":"2021-04-12T02:14:05","modified_gmt":"2021-04-12T02:14:05","slug":"hoy-en-mexico-209-mil-338-muertos-confirmados-por-covid-19","status":"publish","type":"post","link":"https:\/\/quehacerpolitico.mx\/?p=79176","title":{"rendered":"Hoy en Mexico 209 mil 338 muertos confirmados por COVID-19"},"content":{"rendered":"<h1 class=\"article_title\">Hoy en Mexico 209 mil 338 muertos confirmados por COVID-19<br \/>\nPor Redacci\u00f3n QP<\/h1>\n<p>Las autoridades de Salud dan a conocer que M\u00e9xico ya suma 209 mil 338 muertos por COVID-19<\/p>\n<p>Las autoridades de Salud dan a conocer, la noche del domingo 11 de abril de 2021, que M\u00e9xico ya suma 209 mil 338 muertos por COVID-19.<\/p>\n<blockquote class=\"twitter-tweet\" data-width=\"550\" data-dnt=\"true\">\n<p lang=\"es\" dir=\"ltr\">Comunicado T\u00e9cnico Diario: Nuevo Coronavirus en el Mundo <a href=\"https:\/\/twitter.com\/hashtag\/COVID19?src=hash&amp;ref_src=twsrc%5Etfw\">#COVID19<\/a> | 11 de abril de 2021<\/p>\n<p>\u27a1\ufe0f <a href=\"https:\/\/t.co\/GdacRhG9OS\">https:\/\/t.co\/GdacRhG9OS<\/a> <a href=\"https:\/\/t.co\/VMRhbNuiIR\">pic.twitter.com\/VMRhbNuiIR<\/a><\/p>\n<p>&mdash; SALUD M\u00e9xico (@SSalud_mx) <a href=\"https:\/\/twitter.com\/SSalud_mx\/status\/1381422454074138626?ref_src=twsrc%5Etfw\">April 12, 2021<\/a><\/p><\/blockquote>\n<p><script async src=\"https:\/\/platform.twitter.com\/widgets.js\" charset=\"utf-8\"><\/script><\/p>\n<h2>Casos estimados<\/h2>\n<p>Los <strong>casos estimados acumulados<\/strong> ascender\u00edan a 2 millones 472 mil 166, de los cuales 28 mil 072 seguir\u00edan activos.<\/p>\n<p>El n\u00famero de personas recuperadas ya alcanz\u00f3 1 mill\u00f3n 809 mil 921.<\/p>\n<p>Hasta el momento se han completado 2 millones 069 mil 821 <strong>esquemas de vacunaci\u00f3n<\/strong> contra COVID-19.<\/p>\n<h2>Ocupaci\u00f3n hospitalaria<\/h2>\n<p>La ocupaci\u00f3n de camas de <strong>hospitalizaci\u00f3n general<\/strong> y de camas con ventilador es del 17% a nivel nacional.<\/p>\n<p>La ocupaci\u00f3n de camas de hospitalizaci\u00f3n general es del 16% a nivel nacional, al haber disponibles un total de 25 mil 627 de las 30 mil 512 registradas.<\/p>\n<p>En la Ciudad de M\u00e9xico se registra una ocupaci\u00f3n de camas de hospitalizaci\u00f3n general que va del 30 al 49%, mientras que en 31 estados es menor al 30%.<\/p>\n<p>La ocupaci\u00f3n de <strong>camas con ventilador<\/strong> es del 19% a nivel nacional, al haber libres 8 mil 424 de 10 mil 417 reportadas.<\/p>\n<p>En 2 estados se registra una ocupaci\u00f3n de camas de hospitalizaci\u00f3n con ventilador que va del 30 al 49%, mientras que en 30 es menor al 30%.<\/p>\n<blockquote class=\"twitter-tweet\" data-width=\"550\" data-dnt=\"true\">\n<p lang=\"es\" dir=\"ltr\">A nivel nacional, 84% de camas de hospitalizaci\u00f3n general est\u00e1n disponibles y 16% ocupadas. En camas con ventiladores, 81% est\u00e1n disponibles y 19% ocupadas. 2\/2 <a href=\"https:\/\/t.co\/XgU7oG17qQ\">pic.twitter.com\/XgU7oG17qQ<\/a><\/p>\n<p>&mdash; Hugo L\u00f3pez-Gatell Ram\u00edrez (@HLGatell) <a href=\"https:\/\/twitter.com\/HLGatell\/status\/1381400346132549633?ref_src=twsrc%5Etfw\">April 12, 2021<\/a><\/p><\/blockquote>\n<p><script async src=\"https:\/\/platform.twitter.com\/widgets.js\" charset=\"utf-8\"><\/script><\/p>\n<h2>Avance vacunaci\u00f3n en M\u00e9xico<\/h2>\n<p>El domingo 11 de abril, hasta las 16:00 horas, se <strong>aplicaron un total<\/strong> de 126 mil 095 dosis de la vacuna COVID.<\/p>\n<p>Hasta el momento M\u00e9xico acumula 11 millones 395 mil 137 <strong>vacunas aplicadas<\/strong> y 6 mil 030 dosis perdidas.<\/p>\n<blockquote class=\"twitter-tweet\" data-width=\"550\" data-dnt=\"true\">\n<p lang=\"es\" dir=\"ltr\">Este 11 de abril, al corte de las 16:00 horas, se reportaron 126,095 dosis aplicadas de la vacuna contra <a href=\"https:\/\/twitter.com\/hashtag\/COVID19?src=hash&amp;ref_src=twsrc%5Etfw\">#COVID19<\/a>.<\/p>\n<p>Hasta este d\u00eda suman 11,395,137 dosis aplicadas en M\u00e9xico. <a href=\"https:\/\/t.co\/R4Hf7wr24B\">pic.twitter.com\/R4Hf7wr24B<\/a><\/p>\n<p>&mdash; Hugo L\u00f3pez-Gatell Ram\u00edrez (@HLGatell) <a href=\"https:\/\/twitter.com\/HLGatell\/status\/1381407970811121668?ref_src=twsrc%5Etfw\">April 12, 2021<\/a><\/p><\/blockquote>\n<p><script async src=\"https:\/\/platform.twitter.com\/widgets.js\" charset=\"utf-8\"><\/script><\/p>\n<h2>Avance vacunaci\u00f3n por sector de la poblaci\u00f3n<\/h2>\n<p><strong>Personal de salud<\/strong><\/p>\n<p>Entre el personal de salud se han aplicado 910 mil 726 vacunas, de las cuales 155 mil 147 son medios esquemas y 755 mil 579 esquemas completos.<\/p>\n<p><strong>Personas adultas mayores<\/strong><\/p>\n<p>En los adultos mayores se han aplicado un total de 8 millones 740 mil 048 vacunas, de las cuales 7 millones 443 mil 433 son medios esquemas y 1 mill\u00f3n 296 mil 615 de esquemas completos.<\/p>\n<p><strong>Personal educativo<\/strong><\/p>\n<p>Entre el personal educativo se han aplicado 22 mil 934 vacunas, de las cuales 5 mil 307 son medios esquemas y 17 mil 627 esquemas completos.<\/p>\n<blockquote class=\"twitter-tweet\" data-width=\"550\" data-dnt=\"true\">\n<p lang=\"es\" dir=\"ltr\">A partir del 12 de abril se encuentran en sem\u00e1foro NARANJA: Baja California Sur, Chihuahua, Ciudad de M\u00e9xico, Estado de M\u00e9xico y Yucat\u00e1n. 1\/3 <a href=\"https:\/\/t.co\/u5gwdDjGiw\">pic.twitter.com\/u5gwdDjGiw<\/a><\/p>\n<p>&mdash; Hugo L\u00f3pez-Gatell Ram\u00edrez (@HLGatell) <a href=\"https:\/\/twitter.com\/HLGatell\/status\/1381419443490721793?ref_src=twsrc%5Etfw\">April 12, 2021<\/a><\/p><\/blockquote>\n<p><script async src=\"https:\/\/platform.twitter.com\/widgets.js\" charset=\"utf-8\"><\/script><\/p>\n<blockquote class=\"twitter-tweet\" data-width=\"550\" data-dnt=\"true\">\n<p lang=\"es\" dir=\"ltr\">En sem\u00e1foro VERDE, Campeche, Coahuila, Chiapas, Nayarit, Nuevo Le\u00f3n, Oaxaca, Tamaulipas y Veracruz. 3\/3<\/p>\n<p>&mdash; Hugo L\u00f3pez-Gatell Ram\u00edrez (@HLGatell) <a href=\"https:\/\/twitter.com\/HLGatell\/status\/1381419447630499841?ref_src=twsrc%5Etfw\">April 12, 2021<\/a><\/p><\/blockquote>\n<p><script async src=\"https:\/\/platform.twitter.com\/widgets.js\" charset=\"utf-8\"><\/script><\/p>\n<h2>Reacciones al\u00e9rgicas<\/h2>\n<p>Las reacciones al\u00e9rgicas ascienden a 14 mil 811, de las cuales 13 mil 190 corresponden a la vacuna de<strong>Pfizer<\/strong>, 748 a AstraZeneca, 563 a SinoVac, 205 a Sputnik V, 64 de Cansino, 4 desconocidos y 3 vacunadas en el extranjero.<\/p>\n<p>Del total de reacciones al\u00e9rgicas, un total de 168 han sido graves.<\/p>\n<p>De las 168 reacciones graves, un total de 96 corresponden a Pfizer, 26 de <strong>AstraZeneca<\/strong>, 31 de SinoVac, 6 de Sputnik V, 6 de Cansino y 1 que se vacun\u00f3 en el extranjero .<\/p>\n<p>Del total de reacciones graves, solo 53 de los pacientes siguen hospitalizados.<\/p>\n<blockquote class=\"twitter-tweet\" data-width=\"550\" data-dnt=\"true\">\n<p lang=\"es\" dir=\"ltr\">Comunicado T\u00e9cnico Diario: Nuevo Coronavirus en el Mundo <a href=\"https:\/\/twitter.com\/hashtag\/COVID19?src=hash&amp;ref_src=twsrc%5Etfw\">#COVID19<\/a> | 11 de abril de 2021<\/p>\n<p>\u27a1\ufe0f <a href=\"https:\/\/t.co\/GdacRhG9OS\">https:\/\/t.co\/GdacRhG9OS<\/a> <a href=\"https:\/\/t.co\/ZkfNGttY0g\">pic.twitter.com\/ZkfNGttY0g<\/a><\/p>\n<p>&mdash; SALUD M\u00e9xico (@SSalud_mx) <a href=\"https:\/\/twitter.com\/SSalud_mx\/status\/1381415486911578112?ref_src=twsrc%5Etfw\">April 12, 2021<\/a><\/p><\/blockquote>\n<p><script async src=\"https:\/\/platform.twitter.com\/widgets.js\" charset=\"utf-8\"><\/script><\/p>\n<h2>Vacunas recibidas<\/h2>\n<p>Hasta este domingo 11 de abril de 2021 M\u00e9xico ha recibido 16 millones 413 mil 350 dosis de vacunas contra COVID-19 desde el 23 de diciembre de 2020, de las cuales corresponden:<\/p>\n<p>Pfizer BioNTech: 6 millones 483 mil 750.<br \/>\nAstraZeneca: 3 millones 589 mil 300.<br \/>\nSinoVac: 4 millones.<br \/>\nSputnik V: 900 mil.<br \/>\nCanSino: 1 mill\u00f3n 440 mil 300.<\/p>\n<blockquote class=\"twitter-tweet\" data-width=\"550\" data-dnt=\"true\">\n<p lang=\"pt\" dir=\"ltr\">Conferencia de Prensa <a href=\"https:\/\/twitter.com\/hashtag\/COVID19?src=hash&amp;ref_src=twsrc%5Etfw\">#COVID19<\/a> | 11 de abril de 2021 <a href=\"https:\/\/twitter.com\/hashtag\/GraciasPorCuidarnos?src=hash&amp;ref_src=twsrc%5Etfw\">#GraciasPorCuidarnos<\/a> <a href=\"https:\/\/t.co\/ZZDKdnqVxO\">https:\/\/t.co\/ZZDKdnqVxO<\/a><\/p>\n<p>&mdash; SALUD M\u00e9xico (@SSalud_mx) <a href=\"https:\/\/twitter.com\/SSalud_mx\/status\/1381395939743694849?ref_src=twsrc%5Etfw\">April 11, 2021<\/a><\/p><\/blockquote>\n<p><script async src=\"https:\/\/platform.twitter.com\/widgets.js\" charset=\"utf-8\"><\/script><\/p>\n<p><em>Con informaci\u00f3n de la Secretar\u00eda de Salud<\/em><\/p>\n","protected":false},"excerpt":{"rendered":"<p>Hoy en Mexico 209 mil 338 muertos confirmados por COVID-19 Por Redacci\u00f3n QP Las autoridades&#8230;<\/p>\n","protected":false},"author":2,"featured_media":79180,"comment_status":"open","ping_status":"open","sticky":false,"template":"","format":"standard","meta":{"_monsterinsights_skip_tracking":false,"_monsterinsights_sitenote_active":false,"_monsterinsights_sitenote_note":"","_monsterinsights_sitenote_category":0,"footnotes":""},"categories":[2],"tags":[],"class_list":["post-79176","post","type-post","status-publish","format-standard","has-post-thumbnail","hentry","category-noticias"],"yoast_head":"<!-- This site is optimized with the Yoast SEO plugin v27.3 - https:\/\/yoast.com\/product\/yoast-seo-wordpress\/ -->\n<title>Hoy en Mexico 209 mil 338 muertos confirmados por COVID-19 -<\/title>\n<meta name=\"robots\" content=\"index, follow, max-snippet:-1, max-image-preview:large, max-video-preview:-1\" \/>\n<link rel=\"canonical\" href=\"https:\/\/quehacerpolitico.mx\/?p=79176\" \/>\n<meta property=\"og:locale\" content=\"es_MX\" \/>\n<meta property=\"og:type\" content=\"article\" \/>\n<meta property=\"og:title\" content=\"Hoy en Mexico 209 mil 338 muertos confirmados por COVID-19 -\" \/>\n<meta property=\"og:description\" content=\"Hoy en Mexico 209 mil 338 muertos confirmados por COVID-19 Por Redacci\u00f3n QP Las autoridades...\" \/>\n<meta property=\"og:url\" content=\"https:\/\/quehacerpolitico.mx\/?p=79176\" \/>\n<meta property=\"article:published_time\" content=\"2021-04-12T02:14:05+00:00\" \/>\n<meta property=\"og:image\" content=\"https:\/\/quehacerpolitico.mx\/wp-content\/uploads\/2021\/04\/5AB34816-3A38-4957-9F4A-EEA261D5B7A7.jpeg\" \/>\n\t<meta property=\"og:image:width\" content=\"1242\" \/>\n\t<meta property=\"og:image:height\" content=\"682\" \/>\n\t<meta property=\"og:image:type\" content=\"image\/jpeg\" \/>\n<meta name=\"author\" content=\"Redacci\u00f3n QP\" \/>\n<meta name=\"twitter:card\" content=\"summary_large_image\" \/>\n<meta name=\"twitter:label1\" content=\"Escrito por\" \/>\n\t<meta name=\"twitter:data1\" content=\"Redacci\u00f3n QP\" \/>\n\t<meta name=\"twitter:label2\" content=\"Tiempo de lectura\" \/>\n\t<meta name=\"twitter:data2\" content=\"3 minutos\" \/>\n<script type=\"application\/ld+json\" class=\"yoast-schema-graph\">{\"@context\":\"https:\\\/\\\/schema.org\",\"@graph\":[{\"@type\":\"Article\",\"@id\":\"https:\\\/\\\/quehacerpolitico.mx\\\/?p=79176#article\",\"isPartOf\":{\"@id\":\"https:\\\/\\\/quehacerpolitico.mx\\\/?p=79176\"},\"author\":{\"name\":\"Redacci\u00f3n QP\",\"@id\":\"https:\\\/\\\/quehacerpolitico.mx\\\/#\\\/schema\\\/person\\\/496d8ad2d1d3f8036101dca7ee39e585\"},\"headline\":\"Hoy en Mexico 209 mil 338 muertos confirmados por COVID-19\",\"datePublished\":\"2021-04-12T02:14:05+00:00\",\"mainEntityOfPage\":{\"@id\":\"https:\\\/\\\/quehacerpolitico.mx\\\/?p=79176\"},\"wordCount\":525,\"commentCount\":0,\"image\":{\"@id\":\"https:\\\/\\\/quehacerpolitico.mx\\\/?p=79176#primaryimage\"},\"thumbnailUrl\":\"https:\\\/\\\/quehacerpolitico.mx\\\/wp-content\\\/uploads\\\/2021\\\/04\\\/5AB34816-3A38-4957-9F4A-EEA261D5B7A7.jpeg\",\"articleSection\":[\"Noticias\"],\"inLanguage\":\"es\",\"potentialAction\":[{\"@type\":\"CommentAction\",\"name\":\"Comment\",\"target\":[\"https:\\\/\\\/quehacerpolitico.mx\\\/?p=79176#respond\"]}]},{\"@type\":\"WebPage\",\"@id\":\"https:\\\/\\\/quehacerpolitico.mx\\\/?p=79176\",\"url\":\"https:\\\/\\\/quehacerpolitico.mx\\\/?p=79176\",\"name\":\"Hoy en Mexico 209 mil 338 muertos confirmados por COVID-19 -\",\"isPartOf\":{\"@id\":\"https:\\\/\\\/quehacerpolitico.mx\\\/#website\"},\"primaryImageOfPage\":{\"@id\":\"https:\\\/\\\/quehacerpolitico.mx\\\/?p=79176#primaryimage\"},\"image\":{\"@id\":\"https:\\\/\\\/quehacerpolitico.mx\\\/?p=79176#primaryimage\"},\"thumbnailUrl\":\"https:\\\/\\\/quehacerpolitico.mx\\\/wp-content\\\/uploads\\\/2021\\\/04\\\/5AB34816-3A38-4957-9F4A-EEA261D5B7A7.jpeg\",\"datePublished\":\"2021-04-12T02:14:05+00:00\",\"author\":{\"@id\":\"https:\\\/\\\/quehacerpolitico.mx\\\/#\\\/schema\\\/person\\\/496d8ad2d1d3f8036101dca7ee39e585\"},\"breadcrumb\":{\"@id\":\"https:\\\/\\\/quehacerpolitico.mx\\\/?p=79176#breadcrumb\"},\"inLanguage\":\"es\",\"potentialAction\":[{\"@type\":\"ReadAction\",\"target\":[\"https:\\\/\\\/quehacerpolitico.mx\\\/?p=79176\"]}]},{\"@type\":\"ImageObject\",\"inLanguage\":\"es\",\"@id\":\"https:\\\/\\\/quehacerpolitico.mx\\\/?p=79176#primaryimage\",\"url\":\"https:\\\/\\\/quehacerpolitico.mx\\\/wp-content\\\/uploads\\\/2021\\\/04\\\/5AB34816-3A38-4957-9F4A-EEA261D5B7A7.jpeg\",\"contentUrl\":\"https:\\\/\\\/quehacerpolitico.mx\\\/wp-content\\\/uploads\\\/2021\\\/04\\\/5AB34816-3A38-4957-9F4A-EEA261D5B7A7.jpeg\",\"width\":1242,\"height\":682},{\"@type\":\"BreadcrumbList\",\"@id\":\"https:\\\/\\\/quehacerpolitico.mx\\\/?p=79176#breadcrumb\",\"itemListElement\":[{\"@type\":\"ListItem\",\"position\":1,\"name\":\"Inicio\",\"item\":\"https:\\\/\\\/quehacerpolitico.mx\\\/\"},{\"@type\":\"ListItem\",\"position\":2,\"name\":\"Hoy en Mexico 209 mil 338 muertos confirmados por COVID-19\"}]},{\"@type\":\"WebSite\",\"@id\":\"https:\\\/\\\/quehacerpolitico.mx\\\/#website\",\"url\":\"https:\\\/\\\/quehacerpolitico.mx\\\/\",\"name\":\"\",\"description\":\"\",\"potentialAction\":[{\"@type\":\"SearchAction\",\"target\":{\"@type\":\"EntryPoint\",\"urlTemplate\":\"https:\\\/\\\/quehacerpolitico.mx\\\/?s={search_term_string}\"},\"query-input\":{\"@type\":\"PropertyValueSpecification\",\"valueRequired\":true,\"valueName\":\"search_term_string\"}}],\"inLanguage\":\"es\"},{\"@type\":\"Person\",\"@id\":\"https:\\\/\\\/quehacerpolitico.mx\\\/#\\\/schema\\\/person\\\/496d8ad2d1d3f8036101dca7ee39e585\",\"name\":\"Redacci\u00f3n QP\",\"image\":{\"@type\":\"ImageObject\",\"inLanguage\":\"es\",\"@id\":\"https:\\\/\\\/secure.gravatar.com\\\/avatar\\\/c7164ed6fdec453195284ad24a5ae5b6e1eed2b848477fa2a4787ba9adf39a41?s=96&d=mm&r=g\",\"url\":\"https:\\\/\\\/secure.gravatar.com\\\/avatar\\\/c7164ed6fdec453195284ad24a5ae5b6e1eed2b848477fa2a4787ba9adf39a41?s=96&d=mm&r=g\",\"contentUrl\":\"https:\\\/\\\/secure.gravatar.com\\\/avatar\\\/c7164ed6fdec453195284ad24a5ae5b6e1eed2b848477fa2a4787ba9adf39a41?s=96&d=mm&r=g\",\"caption\":\"Redacci\u00f3n QP\"},\"url\":\"https:\\\/\\\/quehacerpolitico.mx\\\/?author=2\"}]}<\/script>\n<!-- \/ Yoast SEO plugin. -->","yoast_head_json":{"title":"Hoy en Mexico 209 mil 338 muertos confirmados por COVID-19 -","robots":{"index":"index","follow":"follow","max-snippet":"max-snippet:-1","max-image-preview":"max-image-preview:large","max-video-preview":"max-video-preview:-1"},"canonical":"https:\/\/quehacerpolitico.mx\/?p=79176","og_locale":"es_MX","og_type":"article","og_title":"Hoy en Mexico 209 mil 338 muertos confirmados por COVID-19 -","og_description":"Hoy en Mexico 209 mil 338 muertos confirmados por COVID-19 Por Redacci\u00f3n QP Las autoridades...","og_url":"https:\/\/quehacerpolitico.mx\/?p=79176","article_published_time":"2021-04-12T02:14:05+00:00","og_image":[{"width":1242,"height":682,"url":"https:\/\/quehacerpolitico.mx\/wp-content\/uploads\/2021\/04\/5AB34816-3A38-4957-9F4A-EEA261D5B7A7.jpeg","type":"image\/jpeg"}],"author":"Redacci\u00f3n QP","twitter_card":"summary_large_image","twitter_misc":{"Escrito por":"Redacci\u00f3n QP","Tiempo de lectura":"3 minutos"},"schema":{"@context":"https:\/\/schema.org","@graph":[{"@type":"Article","@id":"https:\/\/quehacerpolitico.mx\/?p=79176#article","isPartOf":{"@id":"https:\/\/quehacerpolitico.mx\/?p=79176"},"author":{"name":"Redacci\u00f3n QP","@id":"https:\/\/quehacerpolitico.mx\/#\/schema\/person\/496d8ad2d1d3f8036101dca7ee39e585"},"headline":"Hoy en Mexico 209 mil 338 muertos confirmados por COVID-19","datePublished":"2021-04-12T02:14:05+00:00","mainEntityOfPage":{"@id":"https:\/\/quehacerpolitico.mx\/?p=79176"},"wordCount":525,"commentCount":0,"image":{"@id":"https:\/\/quehacerpolitico.mx\/?p=79176#primaryimage"},"thumbnailUrl":"https:\/\/quehacerpolitico.mx\/wp-content\/uploads\/2021\/04\/5AB34816-3A38-4957-9F4A-EEA261D5B7A7.jpeg","articleSection":["Noticias"],"inLanguage":"es","potentialAction":[{"@type":"CommentAction","name":"Comment","target":["https:\/\/quehacerpolitico.mx\/?p=79176#respond"]}]},{"@type":"WebPage","@id":"https:\/\/quehacerpolitico.mx\/?p=79176","url":"https:\/\/quehacerpolitico.mx\/?p=79176","name":"Hoy en Mexico 209 mil 338 muertos confirmados por COVID-19 -","isPartOf":{"@id":"https:\/\/quehacerpolitico.mx\/#website"},"primaryImageOfPage":{"@id":"https:\/\/quehacerpolitico.mx\/?p=79176#primaryimage"},"image":{"@id":"https:\/\/quehacerpolitico.mx\/?p=79176#primaryimage"},"thumbnailUrl":"https:\/\/quehacerpolitico.mx\/wp-content\/uploads\/2021\/04\/5AB34816-3A38-4957-9F4A-EEA261D5B7A7.jpeg","datePublished":"2021-04-12T02:14:05+00:00","author":{"@id":"https:\/\/quehacerpolitico.mx\/#\/schema\/person\/496d8ad2d1d3f8036101dca7ee39e585"},"breadcrumb":{"@id":"https:\/\/quehacerpolitico.mx\/?p=79176#breadcrumb"},"inLanguage":"es","potentialAction":[{"@type":"ReadAction","target":["https:\/\/quehacerpolitico.mx\/?p=79176"]}]},{"@type":"ImageObject","inLanguage":"es","@id":"https:\/\/quehacerpolitico.mx\/?p=79176#primaryimage","url":"https:\/\/quehacerpolitico.mx\/wp-content\/uploads\/2021\/04\/5AB34816-3A38-4957-9F4A-EEA261D5B7A7.jpeg","contentUrl":"https:\/\/quehacerpolitico.mx\/wp-content\/uploads\/2021\/04\/5AB34816-3A38-4957-9F4A-EEA261D5B7A7.jpeg","width":1242,"height":682},{"@type":"BreadcrumbList","@id":"https:\/\/quehacerpolitico.mx\/?p=79176#breadcrumb","itemListElement":[{"@type":"ListItem","position":1,"name":"Inicio","item":"https:\/\/quehacerpolitico.mx\/"},{"@type":"ListItem","position":2,"name":"Hoy en Mexico 209 mil 338 muertos confirmados por COVID-19"}]},{"@type":"WebSite","@id":"https:\/\/quehacerpolitico.mx\/#website","url":"https:\/\/quehacerpolitico.mx\/","name":"","description":"","potentialAction":[{"@type":"SearchAction","target":{"@type":"EntryPoint","urlTemplate":"https:\/\/quehacerpolitico.mx\/?s={search_term_string}"},"query-input":{"@type":"PropertyValueSpecification","valueRequired":true,"valueName":"search_term_string"}}],"inLanguage":"es"},{"@type":"Person","@id":"https:\/\/quehacerpolitico.mx\/#\/schema\/person\/496d8ad2d1d3f8036101dca7ee39e585","name":"Redacci\u00f3n QP","image":{"@type":"ImageObject","inLanguage":"es","@id":"https:\/\/secure.gravatar.com\/avatar\/c7164ed6fdec453195284ad24a5ae5b6e1eed2b848477fa2a4787ba9adf39a41?s=96&d=mm&r=g","url":"https:\/\/secure.gravatar.com\/avatar\/c7164ed6fdec453195284ad24a5ae5b6e1eed2b848477fa2a4787ba9adf39a41?s=96&d=mm&r=g","contentUrl":"https:\/\/secure.gravatar.com\/avatar\/c7164ed6fdec453195284ad24a5ae5b6e1eed2b848477fa2a4787ba9adf39a41?s=96&d=mm&r=g","caption":"Redacci\u00f3n QP"},"url":"https:\/\/quehacerpolitico.mx\/?author=2"}]}},"featured_image_urls":{"full":["https:\/\/quehacerpolitico.mx\/wp-content\/uploads\/2021\/04\/5AB34816-3A38-4957-9F4A-EEA261D5B7A7.jpeg",1242,682,false],"thumbnail":["https:\/\/quehacerpolitico.mx\/wp-content\/uploads\/2021\/04\/5AB34816-3A38-4957-9F4A-EEA261D5B7A7-150x150.jpeg",150,150,true],"medium":["https:\/\/quehacerpolitico.mx\/wp-content\/uploads\/2021\/04\/5AB34816-3A38-4957-9F4A-EEA261D5B7A7-300x165.jpeg",300,165,true],"medium_large":["https:\/\/quehacerpolitico.mx\/wp-content\/uploads\/2021\/04\/5AB34816-3A38-4957-9F4A-EEA261D5B7A7-768x422.jpeg",640,352,true],"large":["https:\/\/quehacerpolitico.mx\/wp-content\/uploads\/2021\/04\/5AB34816-3A38-4957-9F4A-EEA261D5B7A7-1024x562.jpeg",640,351,true],"1536x1536":["https:\/\/quehacerpolitico.mx\/wp-content\/uploads\/2021\/04\/5AB34816-3A38-4957-9F4A-EEA261D5B7A7.jpeg",1242,682,false],"2048x2048":["https:\/\/quehacerpolitico.mx\/wp-content\/uploads\/2021\/04\/5AB34816-3A38-4957-9F4A-EEA261D5B7A7.jpeg",1242,682,false],"covernews-featured":["https:\/\/quehacerpolitico.mx\/wp-content\/uploads\/2021\/04\/5AB34816-3A38-4957-9F4A-EEA261D5B7A7.jpeg",1024,562,false],"covernews-medium":["https:\/\/quehacerpolitico.mx\/wp-content\/uploads\/2021\/04\/5AB34816-3A38-4957-9F4A-EEA261D5B7A7.jpeg",540,297,false]},"author_info":{"display_name":"Redacci\u00f3n QP","author_link":"https:\/\/quehacerpolitico.mx\/?author=2"},"category_info":"<a href=\"https:\/\/quehacerpolitico.mx\/?cat=2\" rel=\"category\">Noticias<\/a>","tag_info":"Noticias","comment_count":"0","_links":{"self":[{"href":"https:\/\/quehacerpolitico.mx\/index.php?rest_route=\/wp\/v2\/posts\/79176","targetHints":{"allow":["GET"]}}],"collection":[{"href":"https:\/\/quehacerpolitico.mx\/index.php?rest_route=\/wp\/v2\/posts"}],"about":[{"href":"https:\/\/quehacerpolitico.mx\/index.php?rest_route=\/wp\/v2\/types\/post"}],"author":[{"embeddable":true,"href":"https:\/\/quehacerpolitico.mx\/index.php?rest_route=\/wp\/v2\/users\/2"}],"replies":[{"embeddable":true,"href":"https:\/\/quehacerpolitico.mx\/index.php?rest_route=%2Fwp%2Fv2%2Fcomments&post=79176"}],"version-history":[{"count":0,"href":"https:\/\/quehacerpolitico.mx\/index.php?rest_route=\/wp\/v2\/posts\/79176\/revisions"}],"wp:featuredmedia":[{"embeddable":true,"href":"https:\/\/quehacerpolitico.mx\/index.php?rest_route=\/wp\/v2\/media\/79180"}],"wp:attachment":[{"href":"https:\/\/quehacerpolitico.mx\/index.php?rest_route=%2Fwp%2Fv2%2Fmedia&parent=79176"}],"wp:term":[{"taxonomy":"category","embeddable":true,"href":"https:\/\/quehacerpolitico.mx\/index.php?rest_route=%2Fwp%2Fv2%2Fcategories&post=79176"},{"taxonomy":"post_tag","embeddable":true,"href":"https:\/\/quehacerpolitico.mx\/index.php?rest_route=%2Fwp%2Fv2%2Ftags&post=79176"}],"curies":[{"name":"wp","href":"https:\/\/api.w.org\/{rel}","templated":true}]}}