{"id":79160,"date":"2021-04-11T17:02:14","date_gmt":"2021-04-11T17:02:14","guid":{"rendered":"https:\/\/quehacerpolitico.mx\/?p=79160"},"modified":"2021-04-11T17:02:14","modified_gmt":"2021-04-11T17:02:14","slug":"si-no-soy-candidato-no-habra-elecciones-en-guerrero-salgado-macedonio","status":"publish","type":"post","link":"https:\/\/quehacerpolitico.mx\/?p=79160","title":{"rendered":"Si no soy candidato, no habr\u00e1 elecciones en Guerrero: Salgado Macedonio"},"content":{"rendered":"<h1 class=\"news-title\">Si no soy candidato, no habr\u00e1 elecciones en Guerrero: Salgado Macedonio<br \/>\nPor Redacci\u00f3n QP<\/h1>\n<p>&#8220;Nos van a regresar la candidatura, porque es nuestra, porque es del pueblo de Guerrero&#8221;, asever\u00f3 el morenista<\/p>\n<p>El precandidato de Morena a la gubernatura de Guerrero, F\u00e9lix Salgado Macedonio, denunci\u00f3 que el Instituto Nacional Electoral (INE) ejerce &#8220;violencia pol\u00edtica&#8221; en su contra, pero advirti\u00f3 que no permitir\u00e1 que se pretenda pasar por encima de la voluntad del pueblo, por lo que, si \u00e9l no es candidato, &#8220;no habr\u00e1 elecciones en Guerrero&#8221;.<\/p>\n<p>Al trazar la ruta de su movimiento de protesta, <strong>el pol\u00edtico guerrerense inform\u00f3 que en caso de que el INE ratifique su decisi\u00f3n de retirarle la candidatura, presentar\u00e1 una nueva impugnaci\u00f3n ante el Tribunal Electoral del Poder Judicial de la Federaci\u00f3n<\/strong> (TEPJF), \u00f3rgano que &#8220;tendr\u00e1 que resolver en consecuencia&#8221;.<\/p>\n<p>En Iguala, donde pernoct\u00f3 para alistar el retorno a la Ciudad de M\u00e9xico de la caravana que encabeza, el pol\u00edtico guerrerense subray\u00f3 que recurrir\u00e1 a todos los elementos jur\u00eddicos que tiene en la mano, &#8220;con la cabeza fr\u00eda, el coraz\u00f3n caliente y los mejores abogados&#8221;.<\/p>\n<blockquote><p>&#8220;Llevamos la de ganar (\u2026) se est\u00e1 ejerciendo violencia pol\u00edtica en mi contra, est\u00e1 abusando el INE, se pas\u00f3 el INE&#8221;<\/p><\/blockquote>\n<p>&#8220;Nos van a regresar la candidatura, porque es nuestra, porque es del pueblo de Guerrero&#8221;, advirti\u00f3.<\/p>\n<p>Sin embargo, sostuvo que, si se mantiene la decisi\u00f3n de negarle la candidatura, &#8220;no habr\u00e1 elecci\u00f3n&#8221;, porque tiene que haber &#8220;piso parejo&#8221; para todos los candidatos. &#8220;No hay motivo grave para quitarme la candidatura. \u00bfY los dem\u00e1s (candidatos) c\u00f3mo andan?&#8221;.<\/p>\n<p><strong>&#8220;\u00bfY por qu\u00e9 nada m\u00e1s yo de Morena? \u00bfSi todos los de Morena fuimos precandidatos, por qu\u00e9 nada m\u00e1s F\u00e9lix, el de Guerrero?&#8221;<\/strong>, cuestion\u00f3, tras insistir en que nunca hizo precampa\u00f1a, por lo que no ten\u00eda obligaci\u00f3n de presentar un informe de gastos.<\/p>\n<p>Adem\u00e1s, se\u00f1al\u00f3 que pese a tener la raz\u00f3n, el INE puede volver a negarle la candidatura, por lo que, en ese caso, el pueblo de Guerrero no permitir\u00e1 que haya elecciones.<\/p>\n<p>&#8220;Si no vamos, no hay elecci\u00f3n en Guerrero y tope en lo que tope, es acuerdo del pueblo de Guerrero, no habr\u00e1 elecciones en Guerrero, parejo, es parejo&#8221;, sostuvo, tras hacer una votaci\u00f3n a mano alzado entre los simpatizantes que lo escuchaban.<\/p>\n<p>&#8220;Nos vamos a organizar Guerrero y vamos a aplicar el Art\u00edculo 39 constitucional, que dice: la soberan\u00eda radica en el pueblo, no hay poder que est\u00e9 por encima del pueblo, ni ejecutivo, ni legislativo, ni judicial, ninguno, y menos el INE&#8221;, enfatiz\u00f3 Salgado Macedonio.<\/p>\n<p><strong>El senador con licencia acus\u00f3 a las autoridades electorales de postergar la resoluci\u00f3n del caso, luego de que el TEPJForden\u00f3 al INE volver a revisar el expediente<\/strong>. &#8220;Curiosamente el INE no ha notificado, se le han dado muchas largas a esto&#8221;, denunci\u00f3.<\/p>\n<p>En la madrugada de este domingo se tom\u00f3 el acuerdo: &#8220;Si se regresa la candidatura, de inmediato nos ponemos en campa\u00f1a. Si dicen, se le quita la candidatura a F\u00e9lix Salgado Macedonio, tenemos otro recurso legal y jur\u00eddico, lo volvemos a impugnar, al INE, y volvemos otra vez a la Sala Superior del TEPJF, el que tendr\u00e1 que resolver en consecuencia&#8221;.<\/p>\n<p>Tras la escala de descanso en Iguala, la caravana de F\u00e9lix Salgado reanud\u00f3 su trayecto hacia la Ciudad de M\u00e9xico para manifestarse afuera del INE y esperar a que el Consejo General sesione en los pr\u00f3ximos d\u00edas para decidir si mantiene o no su decisi\u00f3n de cancelarle el registro como candidato a la gubernatura de Guerrero.<\/p>\n<p>Con informaci\u00f3n de SUN<\/p>\n","protected":false},"excerpt":{"rendered":"<p>Si no soy candidato, no habr\u00e1 elecciones en Guerrero: Salgado Macedonio Por Redacci\u00f3n QP &#8220;Nos&#8230;<\/p>\n","protected":false},"author":2,"featured_media":79164,"comment_status":"open","ping_status":"open","sticky":false,"template":"","format":"standard","meta":{"_monsterinsights_skip_tracking":false,"_monsterinsights_sitenote_active":false,"_monsterinsights_sitenote_note":"","_monsterinsights_sitenote_category":0,"footnotes":""},"categories":[2],"tags":[],"class_list":["post-79160","post","type-post","status-publish","format-standard","has-post-thumbnail","hentry","category-noticias"],"yoast_head":"<!-- This site is optimized with the Yoast SEO plugin v27.3 - https:\/\/yoast.com\/product\/yoast-seo-wordpress\/ -->\n<title>Si no soy candidato, no habr\u00e1 elecciones en Guerrero: Salgado Macedonio -<\/title>\n<meta name=\"robots\" content=\"index, follow, max-snippet:-1, max-image-preview:large, max-video-preview:-1\" \/>\n<link rel=\"canonical\" href=\"https:\/\/quehacerpolitico.mx\/?p=79160\" \/>\n<meta property=\"og:locale\" content=\"es_MX\" \/>\n<meta property=\"og:type\" content=\"article\" \/>\n<meta property=\"og:title\" content=\"Si no soy candidato, no habr\u00e1 elecciones en Guerrero: Salgado Macedonio -\" \/>\n<meta property=\"og:description\" content=\"Si no soy candidato, no habr\u00e1 elecciones en Guerrero: Salgado Macedonio Por Redacci\u00f3n QP &#8220;Nos...\" \/>\n<meta property=\"og:url\" content=\"https:\/\/quehacerpolitico.mx\/?p=79160\" \/>\n<meta property=\"article:published_time\" content=\"2021-04-11T17:02:14+00:00\" \/>\n<meta property=\"og:image\" content=\"https:\/\/quehacerpolitico.mx\/wp-content\/uploads\/2021\/04\/1C84C250-46DC-47A8-8FFB-D4914A936BEF.jpeg\" \/>\n\t<meta property=\"og:image:width\" content=\"701\" \/>\n\t<meta property=\"og:image:height\" content=\"438\" \/>\n\t<meta property=\"og:image:type\" content=\"image\/jpeg\" \/>\n<meta name=\"author\" content=\"Redacci\u00f3n QP\" \/>\n<meta name=\"twitter:card\" content=\"summary_large_image\" \/>\n<meta name=\"twitter:label1\" content=\"Escrito por\" \/>\n\t<meta name=\"twitter:data1\" content=\"Redacci\u00f3n QP\" \/>\n\t<meta name=\"twitter:label2\" content=\"Tiempo de lectura\" \/>\n\t<meta name=\"twitter:data2\" content=\"3 minutos\" \/>\n<script type=\"application\/ld+json\" class=\"yoast-schema-graph\">{\"@context\":\"https:\\\/\\\/schema.org\",\"@graph\":[{\"@type\":\"Article\",\"@id\":\"https:\\\/\\\/quehacerpolitico.mx\\\/?p=79160#article\",\"isPartOf\":{\"@id\":\"https:\\\/\\\/quehacerpolitico.mx\\\/?p=79160\"},\"author\":{\"name\":\"Redacci\u00f3n QP\",\"@id\":\"https:\\\/\\\/quehacerpolitico.mx\\\/#\\\/schema\\\/person\\\/496d8ad2d1d3f8036101dca7ee39e585\"},\"headline\":\"Si no soy candidato, no habr\u00e1 elecciones en Guerrero: Salgado Macedonio\",\"datePublished\":\"2021-04-11T17:02:14+00:00\",\"mainEntityOfPage\":{\"@id\":\"https:\\\/\\\/quehacerpolitico.mx\\\/?p=79160\"},\"wordCount\":629,\"commentCount\":0,\"image\":{\"@id\":\"https:\\\/\\\/quehacerpolitico.mx\\\/?p=79160#primaryimage\"},\"thumbnailUrl\":\"https:\\\/\\\/quehacerpolitico.mx\\\/wp-content\\\/uploads\\\/2021\\\/04\\\/1C84C250-46DC-47A8-8FFB-D4914A936BEF.jpeg\",\"articleSection\":[\"Noticias\"],\"inLanguage\":\"es\",\"potentialAction\":[{\"@type\":\"CommentAction\",\"name\":\"Comment\",\"target\":[\"https:\\\/\\\/quehacerpolitico.mx\\\/?p=79160#respond\"]}]},{\"@type\":\"WebPage\",\"@id\":\"https:\\\/\\\/quehacerpolitico.mx\\\/?p=79160\",\"url\":\"https:\\\/\\\/quehacerpolitico.mx\\\/?p=79160\",\"name\":\"Si no soy candidato, no habr\u00e1 elecciones en Guerrero: Salgado Macedonio -\",\"isPartOf\":{\"@id\":\"https:\\\/\\\/quehacerpolitico.mx\\\/#website\"},\"primaryImageOfPage\":{\"@id\":\"https:\\\/\\\/quehacerpolitico.mx\\\/?p=79160#primaryimage\"},\"image\":{\"@id\":\"https:\\\/\\\/quehacerpolitico.mx\\\/?p=79160#primaryimage\"},\"thumbnailUrl\":\"https:\\\/\\\/quehacerpolitico.mx\\\/wp-content\\\/uploads\\\/2021\\\/04\\\/1C84C250-46DC-47A8-8FFB-D4914A936BEF.jpeg\",\"datePublished\":\"2021-04-11T17:02:14+00:00\",\"author\":{\"@id\":\"https:\\\/\\\/quehacerpolitico.mx\\\/#\\\/schema\\\/person\\\/496d8ad2d1d3f8036101dca7ee39e585\"},\"breadcrumb\":{\"@id\":\"https:\\\/\\\/quehacerpolitico.mx\\\/?p=79160#breadcrumb\"},\"inLanguage\":\"es\",\"potentialAction\":[{\"@type\":\"ReadAction\",\"target\":[\"https:\\\/\\\/quehacerpolitico.mx\\\/?p=79160\"]}]},{\"@type\":\"ImageObject\",\"inLanguage\":\"es\",\"@id\":\"https:\\\/\\\/quehacerpolitico.mx\\\/?p=79160#primaryimage\",\"url\":\"https:\\\/\\\/quehacerpolitico.mx\\\/wp-content\\\/uploads\\\/2021\\\/04\\\/1C84C250-46DC-47A8-8FFB-D4914A936BEF.jpeg\",\"contentUrl\":\"https:\\\/\\\/quehacerpolitico.mx\\\/wp-content\\\/uploads\\\/2021\\\/04\\\/1C84C250-46DC-47A8-8FFB-D4914A936BEF.jpeg\",\"width\":701,\"height\":438},{\"@type\":\"BreadcrumbList\",\"@id\":\"https:\\\/\\\/quehacerpolitico.mx\\\/?p=79160#breadcrumb\",\"itemListElement\":[{\"@type\":\"ListItem\",\"position\":1,\"name\":\"Inicio\",\"item\":\"https:\\\/\\\/quehacerpolitico.mx\\\/\"},{\"@type\":\"ListItem\",\"position\":2,\"name\":\"Si no soy candidato, no habr\u00e1 elecciones en Guerrero: Salgado Macedonio\"}]},{\"@type\":\"WebSite\",\"@id\":\"https:\\\/\\\/quehacerpolitico.mx\\\/#website\",\"url\":\"https:\\\/\\\/quehacerpolitico.mx\\\/\",\"name\":\"\",\"description\":\"\",\"potentialAction\":[{\"@type\":\"SearchAction\",\"target\":{\"@type\":\"EntryPoint\",\"urlTemplate\":\"https:\\\/\\\/quehacerpolitico.mx\\\/?s={search_term_string}\"},\"query-input\":{\"@type\":\"PropertyValueSpecification\",\"valueRequired\":true,\"valueName\":\"search_term_string\"}}],\"inLanguage\":\"es\"},{\"@type\":\"Person\",\"@id\":\"https:\\\/\\\/quehacerpolitico.mx\\\/#\\\/schema\\\/person\\\/496d8ad2d1d3f8036101dca7ee39e585\",\"name\":\"Redacci\u00f3n QP\",\"image\":{\"@type\":\"ImageObject\",\"inLanguage\":\"es\",\"@id\":\"https:\\\/\\\/secure.gravatar.com\\\/avatar\\\/c7164ed6fdec453195284ad24a5ae5b6e1eed2b848477fa2a4787ba9adf39a41?s=96&d=mm&r=g\",\"url\":\"https:\\\/\\\/secure.gravatar.com\\\/avatar\\\/c7164ed6fdec453195284ad24a5ae5b6e1eed2b848477fa2a4787ba9adf39a41?s=96&d=mm&r=g\",\"contentUrl\":\"https:\\\/\\\/secure.gravatar.com\\\/avatar\\\/c7164ed6fdec453195284ad24a5ae5b6e1eed2b848477fa2a4787ba9adf39a41?s=96&d=mm&r=g\",\"caption\":\"Redacci\u00f3n QP\"},\"url\":\"https:\\\/\\\/quehacerpolitico.mx\\\/?author=2\"}]}<\/script>\n<!-- \/ Yoast SEO plugin. -->","yoast_head_json":{"title":"Si no soy candidato, no habr\u00e1 elecciones en Guerrero: Salgado Macedonio -","robots":{"index":"index","follow":"follow","max-snippet":"max-snippet:-1","max-image-preview":"max-image-preview:large","max-video-preview":"max-video-preview:-1"},"canonical":"https:\/\/quehacerpolitico.mx\/?p=79160","og_locale":"es_MX","og_type":"article","og_title":"Si no soy candidato, no habr\u00e1 elecciones en Guerrero: Salgado Macedonio -","og_description":"Si no soy candidato, no habr\u00e1 elecciones en Guerrero: Salgado Macedonio Por Redacci\u00f3n QP &#8220;Nos...","og_url":"https:\/\/quehacerpolitico.mx\/?p=79160","article_published_time":"2021-04-11T17:02:14+00:00","og_image":[{"width":701,"height":438,"url":"https:\/\/quehacerpolitico.mx\/wp-content\/uploads\/2021\/04\/1C84C250-46DC-47A8-8FFB-D4914A936BEF.jpeg","type":"image\/jpeg"}],"author":"Redacci\u00f3n QP","twitter_card":"summary_large_image","twitter_misc":{"Escrito por":"Redacci\u00f3n QP","Tiempo de lectura":"3 minutos"},"schema":{"@context":"https:\/\/schema.org","@graph":[{"@type":"Article","@id":"https:\/\/quehacerpolitico.mx\/?p=79160#article","isPartOf":{"@id":"https:\/\/quehacerpolitico.mx\/?p=79160"},"author":{"name":"Redacci\u00f3n QP","@id":"https:\/\/quehacerpolitico.mx\/#\/schema\/person\/496d8ad2d1d3f8036101dca7ee39e585"},"headline":"Si no soy candidato, no habr\u00e1 elecciones en Guerrero: Salgado Macedonio","datePublished":"2021-04-11T17:02:14+00:00","mainEntityOfPage":{"@id":"https:\/\/quehacerpolitico.mx\/?p=79160"},"wordCount":629,"commentCount":0,"image":{"@id":"https:\/\/quehacerpolitico.mx\/?p=79160#primaryimage"},"thumbnailUrl":"https:\/\/quehacerpolitico.mx\/wp-content\/uploads\/2021\/04\/1C84C250-46DC-47A8-8FFB-D4914A936BEF.jpeg","articleSection":["Noticias"],"inLanguage":"es","potentialAction":[{"@type":"CommentAction","name":"Comment","target":["https:\/\/quehacerpolitico.mx\/?p=79160#respond"]}]},{"@type":"WebPage","@id":"https:\/\/quehacerpolitico.mx\/?p=79160","url":"https:\/\/quehacerpolitico.mx\/?p=79160","name":"Si no soy candidato, no habr\u00e1 elecciones en Guerrero: Salgado Macedonio -","isPartOf":{"@id":"https:\/\/quehacerpolitico.mx\/#website"},"primaryImageOfPage":{"@id":"https:\/\/quehacerpolitico.mx\/?p=79160#primaryimage"},"image":{"@id":"https:\/\/quehacerpolitico.mx\/?p=79160#primaryimage"},"thumbnailUrl":"https:\/\/quehacerpolitico.mx\/wp-content\/uploads\/2021\/04\/1C84C250-46DC-47A8-8FFB-D4914A936BEF.jpeg","datePublished":"2021-04-11T17:02:14+00:00","author":{"@id":"https:\/\/quehacerpolitico.mx\/#\/schema\/person\/496d8ad2d1d3f8036101dca7ee39e585"},"breadcrumb":{"@id":"https:\/\/quehacerpolitico.mx\/?p=79160#breadcrumb"},"inLanguage":"es","potentialAction":[{"@type":"ReadAction","target":["https:\/\/quehacerpolitico.mx\/?p=79160"]}]},{"@type":"ImageObject","inLanguage":"es","@id":"https:\/\/quehacerpolitico.mx\/?p=79160#primaryimage","url":"https:\/\/quehacerpolitico.mx\/wp-content\/uploads\/2021\/04\/1C84C250-46DC-47A8-8FFB-D4914A936BEF.jpeg","contentUrl":"https:\/\/quehacerpolitico.mx\/wp-content\/uploads\/2021\/04\/1C84C250-46DC-47A8-8FFB-D4914A936BEF.jpeg","width":701,"height":438},{"@type":"BreadcrumbList","@id":"https:\/\/quehacerpolitico.mx\/?p=79160#breadcrumb","itemListElement":[{"@type":"ListItem","position":1,"name":"Inicio","item":"https:\/\/quehacerpolitico.mx\/"},{"@type":"ListItem","position":2,"name":"Si no soy candidato, no habr\u00e1 elecciones en Guerrero: Salgado Macedonio"}]},{"@type":"WebSite","@id":"https:\/\/quehacerpolitico.mx\/#website","url":"https:\/\/quehacerpolitico.mx\/","name":"","description":"","potentialAction":[{"@type":"SearchAction","target":{"@type":"EntryPoint","urlTemplate":"https:\/\/quehacerpolitico.mx\/?s={search_term_string}"},"query-input":{"@type":"PropertyValueSpecification","valueRequired":true,"valueName":"search_term_string"}}],"inLanguage":"es"},{"@type":"Person","@id":"https:\/\/quehacerpolitico.mx\/#\/schema\/person\/496d8ad2d1d3f8036101dca7ee39e585","name":"Redacci\u00f3n QP","image":{"@type":"ImageObject","inLanguage":"es","@id":"https:\/\/secure.gravatar.com\/avatar\/c7164ed6fdec453195284ad24a5ae5b6e1eed2b848477fa2a4787ba9adf39a41?s=96&d=mm&r=g","url":"https:\/\/secure.gravatar.com\/avatar\/c7164ed6fdec453195284ad24a5ae5b6e1eed2b848477fa2a4787ba9adf39a41?s=96&d=mm&r=g","contentUrl":"https:\/\/secure.gravatar.com\/avatar\/c7164ed6fdec453195284ad24a5ae5b6e1eed2b848477fa2a4787ba9adf39a41?s=96&d=mm&r=g","caption":"Redacci\u00f3n QP"},"url":"https:\/\/quehacerpolitico.mx\/?author=2"}]}},"featured_image_urls":{"full":["https:\/\/quehacerpolitico.mx\/wp-content\/uploads\/2021\/04\/1C84C250-46DC-47A8-8FFB-D4914A936BEF.jpeg",701,438,false],"thumbnail":["https:\/\/quehacerpolitico.mx\/wp-content\/uploads\/2021\/04\/1C84C250-46DC-47A8-8FFB-D4914A936BEF-150x150.jpeg",150,150,true],"medium":["https:\/\/quehacerpolitico.mx\/wp-content\/uploads\/2021\/04\/1C84C250-46DC-47A8-8FFB-D4914A936BEF-300x187.jpeg",300,187,true],"medium_large":["https:\/\/quehacerpolitico.mx\/wp-content\/uploads\/2021\/04\/1C84C250-46DC-47A8-8FFB-D4914A936BEF.jpeg",640,400,false],"large":["https:\/\/quehacerpolitico.mx\/wp-content\/uploads\/2021\/04\/1C84C250-46DC-47A8-8FFB-D4914A936BEF.jpeg",640,400,false],"1536x1536":["https:\/\/quehacerpolitico.mx\/wp-content\/uploads\/2021\/04\/1C84C250-46DC-47A8-8FFB-D4914A936BEF.jpeg",701,438,false],"2048x2048":["https:\/\/quehacerpolitico.mx\/wp-content\/uploads\/2021\/04\/1C84C250-46DC-47A8-8FFB-D4914A936BEF.jpeg",701,438,false],"covernews-featured":["https:\/\/quehacerpolitico.mx\/wp-content\/uploads\/2021\/04\/1C84C250-46DC-47A8-8FFB-D4914A936BEF.jpeg",701,438,false],"covernews-medium":["https:\/\/quehacerpolitico.mx\/wp-content\/uploads\/2021\/04\/1C84C250-46DC-47A8-8FFB-D4914A936BEF.jpeg",540,337,false]},"author_info":{"display_name":"Redacci\u00f3n QP","author_link":"https:\/\/quehacerpolitico.mx\/?author=2"},"category_info":"<a href=\"https:\/\/quehacerpolitico.mx\/?cat=2\" rel=\"category\">Noticias<\/a>","tag_info":"Noticias","comment_count":"0","_links":{"self":[{"href":"https:\/\/quehacerpolitico.mx\/index.php?rest_route=\/wp\/v2\/posts\/79160","targetHints":{"allow":["GET"]}}],"collection":[{"href":"https:\/\/quehacerpolitico.mx\/index.php?rest_route=\/wp\/v2\/posts"}],"about":[{"href":"https:\/\/quehacerpolitico.mx\/index.php?rest_route=\/wp\/v2\/types\/post"}],"author":[{"embeddable":true,"href":"https:\/\/quehacerpolitico.mx\/index.php?rest_route=\/wp\/v2\/users\/2"}],"replies":[{"embeddable":true,"href":"https:\/\/quehacerpolitico.mx\/index.php?rest_route=%2Fwp%2Fv2%2Fcomments&post=79160"}],"version-history":[{"count":0,"href":"https:\/\/quehacerpolitico.mx\/index.php?rest_route=\/wp\/v2\/posts\/79160\/revisions"}],"wp:featuredmedia":[{"embeddable":true,"href":"https:\/\/quehacerpolitico.mx\/index.php?rest_route=\/wp\/v2\/media\/79164"}],"wp:attachment":[{"href":"https:\/\/quehacerpolitico.mx\/index.php?rest_route=%2Fwp%2Fv2%2Fmedia&parent=79160"}],"wp:term":[{"taxonomy":"category","embeddable":true,"href":"https:\/\/quehacerpolitico.mx\/index.php?rest_route=%2Fwp%2Fv2%2Fcategories&post=79160"},{"taxonomy":"post_tag","embeddable":true,"href":"https:\/\/quehacerpolitico.mx\/index.php?rest_route=%2Fwp%2Fv2%2Ftags&post=79160"}],"curies":[{"name":"wp","href":"https:\/\/api.w.org\/{rel}","templated":true}]}}