{"id":79095,"date":"2021-04-09T16:54:38","date_gmt":"2021-04-09T16:54:38","guid":{"rendered":"https:\/\/quehacerpolitico.mx\/?p=79095"},"modified":"2021-04-09T16:54:38","modified_gmt":"2021-04-09T16:54:38","slug":"maestros-recibiran-vacuna-covid-19-de-cansino-del-15-al-20-de-abril-anuncia-amlo","status":"publish","type":"post","link":"https:\/\/quehacerpolitico.mx\/?p=79095","title":{"rendered":"Maestros recibir\u00e1n vacuna COVID-19 de CanSino del 15 al 20 de abril, anuncia AMLO"},"content":{"rendered":"<h1 class=\"article_title\">Maestros recibir\u00e1n vacuna COVID-19 de CanSino del 15 al 20 de abril, anuncia AMLO<br \/>\nPor Redacci\u00f3n QP<\/h1>\n<p>AMLO inform\u00f3 que se vacunar\u00e1n a 3 millones de trabajadores del sector educativo de escuelas p\u00fablicas y privadas<\/p>\n<p>El presidente Andr\u00e9s Manuel L\u00f3pez Obrador (AMLO)\u00a0anunci\u00f3 que todos los maestros y trabajadores de la educaci\u00f3n en M\u00e9xico recibir\u00e1n la vacuna contra la COVID-19\u00a0de <strong>CanSino,<\/strong> del 15 al 20 de abril.<\/p>\n<blockquote><p>\u201cPensamos que se inicie del 15 al 20 de este mes porque consideramos tambi\u00e9n que vamos a terminar de vacunar con una dosis a todos los adultos mayores alrededor del d\u00eda 20 de este mes\u201d, dijo el mandatario mexicano en su conferencia de prensa matutina desde Palacio Nacional.<\/p><\/blockquote>\n<p>L\u00f3pez Obrador inform\u00f3 que se vacunar\u00e1n a 3 millones de trabajadores del sector educativo de <strong>escuelas p\u00fablicas<\/strong> y privadas.<\/p>\n<blockquote class=\"twitter-tweet\" data-width=\"550\" data-dnt=\"true\">\n<p lang=\"es\" dir=\"ltr\">\u00bfQu\u00e9 sigue en el plan de vacunaci\u00f3n? \ud83d\udc89<\/p>\n<p>\u27a1\ufe0f Maestras y maestros. Del 15 al 20 de abril recibir\u00edan la vacuna de CanSino que es de una sola dosis.<\/p>\n<p>\u27a1\ufe0f Luego seguir\u00e1 la poblaci\u00f3n de 50 a 59 a\u00f1os. <\/p>\n<p>\u00bfY el personal m\u00e9dico que falta? \ud83e\udd14 <a href=\"https:\/\/t.co\/xAa3l2jlZm\">pic.twitter.com\/xAa3l2jlZm<\/a><\/p>\n<p>&mdash; Ruido en la Red (@RuidoEnLaRed) <a href=\"https:\/\/twitter.com\/RuidoEnLaRed\/status\/1380511616848949253?ref_src=twsrc%5Etfw\">April 9, 2021<\/a><\/p><\/blockquote>\n<p><script async src=\"https:\/\/platform.twitter.com\/widgets.js\" charset=\"utf-8\"><\/script><\/p>\n<blockquote><p>\u201cEstamos pensando en un universo de m\u00e1s de 3 millones de trabajadores de la educaci\u00f3n, tanto de <strong>escuelas privadas<\/strong> como de escuelas p\u00fablicas, no s\u00f3lo maestras y maestros, sino todo el personal que tiene que ver con un centro educativo\u201d.<\/p><\/blockquote>\n<p>El Jefe del Ejecutivo Federal explic\u00f3 que se prev\u00e9 aplicar la <strong>vacuna<\/strong> de la farmac\u00e9utica <strong>CanSino<\/strong><strong>Biologics<\/strong> a todos los maestros y trabajadores de la educaci\u00f3n en M\u00e9xico por ser de una sola dosis.<\/p>\n<p>El presidente de M\u00e9xico asegur\u00f3 que de manera paralela se aplicar\u00e1 la segunda dosis a los <strong>adultos mayores<\/strong> que no la han recibido y tambi\u00e9n se iniciar\u00e1 la vacunaci\u00f3n a la poblaci\u00f3n de 50 a 59 a\u00f1os de edad.<\/p>\n<p>\u201cSi no nos falla el abasto de las vacunas, a finales de este mes ya comenzamos con poblaci\u00f3n de 50 a 59 a\u00f1os\u201d, asever\u00f3 AMLO.<\/p>\n","protected":false},"excerpt":{"rendered":"<p>Maestros recibir\u00e1n vacuna COVID-19 de CanSino del 15 al 20 de abril, anuncia AMLO Por&#8230;<\/p>\n","protected":false},"author":2,"featured_media":79099,"comment_status":"open","ping_status":"open","sticky":false,"template":"","format":"standard","meta":{"_monsterinsights_skip_tracking":false,"_monsterinsights_sitenote_active":false,"_monsterinsights_sitenote_note":"","_monsterinsights_sitenote_category":0,"footnotes":""},"categories":[2],"tags":[],"class_list":["post-79095","post","type-post","status-publish","format-standard","has-post-thumbnail","hentry","category-noticias"],"yoast_head":"<!-- This site is optimized with the Yoast SEO plugin v27.3 - https:\/\/yoast.com\/product\/yoast-seo-wordpress\/ -->\n<title>Maestros recibir\u00e1n vacuna COVID-19 de CanSino del 15 al 20 de abril, anuncia AMLO -<\/title>\n<meta name=\"robots\" content=\"index, follow, max-snippet:-1, max-image-preview:large, max-video-preview:-1\" \/>\n<link rel=\"canonical\" href=\"https:\/\/quehacerpolitico.mx\/?p=79095\" \/>\n<meta property=\"og:locale\" content=\"es_MX\" \/>\n<meta property=\"og:type\" content=\"article\" \/>\n<meta property=\"og:title\" content=\"Maestros recibir\u00e1n vacuna COVID-19 de CanSino del 15 al 20 de abril, anuncia AMLO -\" \/>\n<meta property=\"og:description\" content=\"Maestros recibir\u00e1n vacuna COVID-19 de CanSino del 15 al 20 de abril, anuncia AMLO Por...\" \/>\n<meta property=\"og:url\" content=\"https:\/\/quehacerpolitico.mx\/?p=79095\" \/>\n<meta property=\"article:published_time\" content=\"2021-04-09T16:54:38+00:00\" \/>\n<meta property=\"og:image\" content=\"https:\/\/quehacerpolitico.mx\/wp-content\/uploads\/2021\/04\/1BFDB236-41EC-4739-AEA4-F50AC1A835B4.jpeg\" \/>\n\t<meta property=\"og:image:width\" content=\"1242\" \/>\n\t<meta property=\"og:image:height\" content=\"687\" \/>\n\t<meta property=\"og:image:type\" content=\"image\/jpeg\" \/>\n<meta name=\"author\" content=\"Redacci\u00f3n QP\" \/>\n<meta name=\"twitter:card\" content=\"summary_large_image\" \/>\n<meta name=\"twitter:label1\" content=\"Escrito por\" \/>\n\t<meta name=\"twitter:data1\" content=\"Redacci\u00f3n QP\" \/>\n\t<meta name=\"twitter:label2\" content=\"Tiempo de lectura\" \/>\n\t<meta name=\"twitter:data2\" content=\"1 minuto\" \/>\n<script type=\"application\/ld+json\" class=\"yoast-schema-graph\">{\"@context\":\"https:\\\/\\\/schema.org\",\"@graph\":[{\"@type\":\"Article\",\"@id\":\"https:\\\/\\\/quehacerpolitico.mx\\\/?p=79095#article\",\"isPartOf\":{\"@id\":\"https:\\\/\\\/quehacerpolitico.mx\\\/?p=79095\"},\"author\":{\"name\":\"Redacci\u00f3n QP\",\"@id\":\"https:\\\/\\\/quehacerpolitico.mx\\\/#\\\/schema\\\/person\\\/496d8ad2d1d3f8036101dca7ee39e585\"},\"headline\":\"Maestros recibir\u00e1n vacuna COVID-19 de CanSino del 15 al 20 de abril, anuncia AMLO\",\"datePublished\":\"2021-04-09T16:54:38+00:00\",\"mainEntityOfPage\":{\"@id\":\"https:\\\/\\\/quehacerpolitico.mx\\\/?p=79095\"},\"wordCount\":306,\"commentCount\":0,\"image\":{\"@id\":\"https:\\\/\\\/quehacerpolitico.mx\\\/?p=79095#primaryimage\"},\"thumbnailUrl\":\"https:\\\/\\\/quehacerpolitico.mx\\\/wp-content\\\/uploads\\\/2021\\\/04\\\/1BFDB236-41EC-4739-AEA4-F50AC1A835B4.jpeg\",\"articleSection\":[\"Noticias\"],\"inLanguage\":\"es\",\"potentialAction\":[{\"@type\":\"CommentAction\",\"name\":\"Comment\",\"target\":[\"https:\\\/\\\/quehacerpolitico.mx\\\/?p=79095#respond\"]}]},{\"@type\":\"WebPage\",\"@id\":\"https:\\\/\\\/quehacerpolitico.mx\\\/?p=79095\",\"url\":\"https:\\\/\\\/quehacerpolitico.mx\\\/?p=79095\",\"name\":\"Maestros recibir\u00e1n vacuna COVID-19 de CanSino del 15 al 20 de abril, anuncia AMLO -\",\"isPartOf\":{\"@id\":\"https:\\\/\\\/quehacerpolitico.mx\\\/#website\"},\"primaryImageOfPage\":{\"@id\":\"https:\\\/\\\/quehacerpolitico.mx\\\/?p=79095#primaryimage\"},\"image\":{\"@id\":\"https:\\\/\\\/quehacerpolitico.mx\\\/?p=79095#primaryimage\"},\"thumbnailUrl\":\"https:\\\/\\\/quehacerpolitico.mx\\\/wp-content\\\/uploads\\\/2021\\\/04\\\/1BFDB236-41EC-4739-AEA4-F50AC1A835B4.jpeg\",\"datePublished\":\"2021-04-09T16:54:38+00:00\",\"author\":{\"@id\":\"https:\\\/\\\/quehacerpolitico.mx\\\/#\\\/schema\\\/person\\\/496d8ad2d1d3f8036101dca7ee39e585\"},\"breadcrumb\":{\"@id\":\"https:\\\/\\\/quehacerpolitico.mx\\\/?p=79095#breadcrumb\"},\"inLanguage\":\"es\",\"potentialAction\":[{\"@type\":\"ReadAction\",\"target\":[\"https:\\\/\\\/quehacerpolitico.mx\\\/?p=79095\"]}]},{\"@type\":\"ImageObject\",\"inLanguage\":\"es\",\"@id\":\"https:\\\/\\\/quehacerpolitico.mx\\\/?p=79095#primaryimage\",\"url\":\"https:\\\/\\\/quehacerpolitico.mx\\\/wp-content\\\/uploads\\\/2021\\\/04\\\/1BFDB236-41EC-4739-AEA4-F50AC1A835B4.jpeg\",\"contentUrl\":\"https:\\\/\\\/quehacerpolitico.mx\\\/wp-content\\\/uploads\\\/2021\\\/04\\\/1BFDB236-41EC-4739-AEA4-F50AC1A835B4.jpeg\",\"width\":1242,\"height\":687},{\"@type\":\"BreadcrumbList\",\"@id\":\"https:\\\/\\\/quehacerpolitico.mx\\\/?p=79095#breadcrumb\",\"itemListElement\":[{\"@type\":\"ListItem\",\"position\":1,\"name\":\"Inicio\",\"item\":\"https:\\\/\\\/quehacerpolitico.mx\\\/\"},{\"@type\":\"ListItem\",\"position\":2,\"name\":\"Maestros recibir\u00e1n vacuna COVID-19 de CanSino del 15 al 20 de abril, anuncia AMLO\"}]},{\"@type\":\"WebSite\",\"@id\":\"https:\\\/\\\/quehacerpolitico.mx\\\/#website\",\"url\":\"https:\\\/\\\/quehacerpolitico.mx\\\/\",\"name\":\"\",\"description\":\"\",\"potentialAction\":[{\"@type\":\"SearchAction\",\"target\":{\"@type\":\"EntryPoint\",\"urlTemplate\":\"https:\\\/\\\/quehacerpolitico.mx\\\/?s={search_term_string}\"},\"query-input\":{\"@type\":\"PropertyValueSpecification\",\"valueRequired\":true,\"valueName\":\"search_term_string\"}}],\"inLanguage\":\"es\"},{\"@type\":\"Person\",\"@id\":\"https:\\\/\\\/quehacerpolitico.mx\\\/#\\\/schema\\\/person\\\/496d8ad2d1d3f8036101dca7ee39e585\",\"name\":\"Redacci\u00f3n QP\",\"image\":{\"@type\":\"ImageObject\",\"inLanguage\":\"es\",\"@id\":\"https:\\\/\\\/secure.gravatar.com\\\/avatar\\\/c7164ed6fdec453195284ad24a5ae5b6e1eed2b848477fa2a4787ba9adf39a41?s=96&d=mm&r=g\",\"url\":\"https:\\\/\\\/secure.gravatar.com\\\/avatar\\\/c7164ed6fdec453195284ad24a5ae5b6e1eed2b848477fa2a4787ba9adf39a41?s=96&d=mm&r=g\",\"contentUrl\":\"https:\\\/\\\/secure.gravatar.com\\\/avatar\\\/c7164ed6fdec453195284ad24a5ae5b6e1eed2b848477fa2a4787ba9adf39a41?s=96&d=mm&r=g\",\"caption\":\"Redacci\u00f3n QP\"},\"url\":\"https:\\\/\\\/quehacerpolitico.mx\\\/?author=2\"}]}<\/script>\n<!-- \/ Yoast SEO plugin. -->","yoast_head_json":{"title":"Maestros recibir\u00e1n vacuna COVID-19 de CanSino del 15 al 20 de abril, anuncia AMLO -","robots":{"index":"index","follow":"follow","max-snippet":"max-snippet:-1","max-image-preview":"max-image-preview:large","max-video-preview":"max-video-preview:-1"},"canonical":"https:\/\/quehacerpolitico.mx\/?p=79095","og_locale":"es_MX","og_type":"article","og_title":"Maestros recibir\u00e1n vacuna COVID-19 de CanSino del 15 al 20 de abril, anuncia AMLO -","og_description":"Maestros recibir\u00e1n vacuna COVID-19 de CanSino del 15 al 20 de abril, anuncia AMLO Por...","og_url":"https:\/\/quehacerpolitico.mx\/?p=79095","article_published_time":"2021-04-09T16:54:38+00:00","og_image":[{"width":1242,"height":687,"url":"https:\/\/quehacerpolitico.mx\/wp-content\/uploads\/2021\/04\/1BFDB236-41EC-4739-AEA4-F50AC1A835B4.jpeg","type":"image\/jpeg"}],"author":"Redacci\u00f3n QP","twitter_card":"summary_large_image","twitter_misc":{"Escrito por":"Redacci\u00f3n QP","Tiempo de lectura":"1 minuto"},"schema":{"@context":"https:\/\/schema.org","@graph":[{"@type":"Article","@id":"https:\/\/quehacerpolitico.mx\/?p=79095#article","isPartOf":{"@id":"https:\/\/quehacerpolitico.mx\/?p=79095"},"author":{"name":"Redacci\u00f3n QP","@id":"https:\/\/quehacerpolitico.mx\/#\/schema\/person\/496d8ad2d1d3f8036101dca7ee39e585"},"headline":"Maestros recibir\u00e1n vacuna COVID-19 de CanSino del 15 al 20 de abril, anuncia AMLO","datePublished":"2021-04-09T16:54:38+00:00","mainEntityOfPage":{"@id":"https:\/\/quehacerpolitico.mx\/?p=79095"},"wordCount":306,"commentCount":0,"image":{"@id":"https:\/\/quehacerpolitico.mx\/?p=79095#primaryimage"},"thumbnailUrl":"https:\/\/quehacerpolitico.mx\/wp-content\/uploads\/2021\/04\/1BFDB236-41EC-4739-AEA4-F50AC1A835B4.jpeg","articleSection":["Noticias"],"inLanguage":"es","potentialAction":[{"@type":"CommentAction","name":"Comment","target":["https:\/\/quehacerpolitico.mx\/?p=79095#respond"]}]},{"@type":"WebPage","@id":"https:\/\/quehacerpolitico.mx\/?p=79095","url":"https:\/\/quehacerpolitico.mx\/?p=79095","name":"Maestros recibir\u00e1n vacuna COVID-19 de CanSino del 15 al 20 de abril, anuncia AMLO -","isPartOf":{"@id":"https:\/\/quehacerpolitico.mx\/#website"},"primaryImageOfPage":{"@id":"https:\/\/quehacerpolitico.mx\/?p=79095#primaryimage"},"image":{"@id":"https:\/\/quehacerpolitico.mx\/?p=79095#primaryimage"},"thumbnailUrl":"https:\/\/quehacerpolitico.mx\/wp-content\/uploads\/2021\/04\/1BFDB236-41EC-4739-AEA4-F50AC1A835B4.jpeg","datePublished":"2021-04-09T16:54:38+00:00","author":{"@id":"https:\/\/quehacerpolitico.mx\/#\/schema\/person\/496d8ad2d1d3f8036101dca7ee39e585"},"breadcrumb":{"@id":"https:\/\/quehacerpolitico.mx\/?p=79095#breadcrumb"},"inLanguage":"es","potentialAction":[{"@type":"ReadAction","target":["https:\/\/quehacerpolitico.mx\/?p=79095"]}]},{"@type":"ImageObject","inLanguage":"es","@id":"https:\/\/quehacerpolitico.mx\/?p=79095#primaryimage","url":"https:\/\/quehacerpolitico.mx\/wp-content\/uploads\/2021\/04\/1BFDB236-41EC-4739-AEA4-F50AC1A835B4.jpeg","contentUrl":"https:\/\/quehacerpolitico.mx\/wp-content\/uploads\/2021\/04\/1BFDB236-41EC-4739-AEA4-F50AC1A835B4.jpeg","width":1242,"height":687},{"@type":"BreadcrumbList","@id":"https:\/\/quehacerpolitico.mx\/?p=79095#breadcrumb","itemListElement":[{"@type":"ListItem","position":1,"name":"Inicio","item":"https:\/\/quehacerpolitico.mx\/"},{"@type":"ListItem","position":2,"name":"Maestros recibir\u00e1n vacuna COVID-19 de CanSino del 15 al 20 de abril, anuncia AMLO"}]},{"@type":"WebSite","@id":"https:\/\/quehacerpolitico.mx\/#website","url":"https:\/\/quehacerpolitico.mx\/","name":"","description":"","potentialAction":[{"@type":"SearchAction","target":{"@type":"EntryPoint","urlTemplate":"https:\/\/quehacerpolitico.mx\/?s={search_term_string}"},"query-input":{"@type":"PropertyValueSpecification","valueRequired":true,"valueName":"search_term_string"}}],"inLanguage":"es"},{"@type":"Person","@id":"https:\/\/quehacerpolitico.mx\/#\/schema\/person\/496d8ad2d1d3f8036101dca7ee39e585","name":"Redacci\u00f3n QP","image":{"@type":"ImageObject","inLanguage":"es","@id":"https:\/\/secure.gravatar.com\/avatar\/c7164ed6fdec453195284ad24a5ae5b6e1eed2b848477fa2a4787ba9adf39a41?s=96&d=mm&r=g","url":"https:\/\/secure.gravatar.com\/avatar\/c7164ed6fdec453195284ad24a5ae5b6e1eed2b848477fa2a4787ba9adf39a41?s=96&d=mm&r=g","contentUrl":"https:\/\/secure.gravatar.com\/avatar\/c7164ed6fdec453195284ad24a5ae5b6e1eed2b848477fa2a4787ba9adf39a41?s=96&d=mm&r=g","caption":"Redacci\u00f3n QP"},"url":"https:\/\/quehacerpolitico.mx\/?author=2"}]}},"featured_image_urls":{"full":["https:\/\/quehacerpolitico.mx\/wp-content\/uploads\/2021\/04\/1BFDB236-41EC-4739-AEA4-F50AC1A835B4.jpeg",1242,687,false],"thumbnail":["https:\/\/quehacerpolitico.mx\/wp-content\/uploads\/2021\/04\/1BFDB236-41EC-4739-AEA4-F50AC1A835B4-150x150.jpeg",150,150,true],"medium":["https:\/\/quehacerpolitico.mx\/wp-content\/uploads\/2021\/04\/1BFDB236-41EC-4739-AEA4-F50AC1A835B4-300x166.jpeg",300,166,true],"medium_large":["https:\/\/quehacerpolitico.mx\/wp-content\/uploads\/2021\/04\/1BFDB236-41EC-4739-AEA4-F50AC1A835B4-768x425.jpeg",640,354,true],"large":["https:\/\/quehacerpolitico.mx\/wp-content\/uploads\/2021\/04\/1BFDB236-41EC-4739-AEA4-F50AC1A835B4-1024x566.jpeg",640,354,true],"1536x1536":["https:\/\/quehacerpolitico.mx\/wp-content\/uploads\/2021\/04\/1BFDB236-41EC-4739-AEA4-F50AC1A835B4.jpeg",1242,687,false],"2048x2048":["https:\/\/quehacerpolitico.mx\/wp-content\/uploads\/2021\/04\/1BFDB236-41EC-4739-AEA4-F50AC1A835B4.jpeg",1242,687,false],"covernews-featured":["https:\/\/quehacerpolitico.mx\/wp-content\/uploads\/2021\/04\/1BFDB236-41EC-4739-AEA4-F50AC1A835B4.jpeg",1024,566,false],"covernews-medium":["https:\/\/quehacerpolitico.mx\/wp-content\/uploads\/2021\/04\/1BFDB236-41EC-4739-AEA4-F50AC1A835B4.jpeg",540,299,false]},"author_info":{"display_name":"Redacci\u00f3n QP","author_link":"https:\/\/quehacerpolitico.mx\/?author=2"},"category_info":"<a href=\"https:\/\/quehacerpolitico.mx\/?cat=2\" rel=\"category\">Noticias<\/a>","tag_info":"Noticias","comment_count":"0","_links":{"self":[{"href":"https:\/\/quehacerpolitico.mx\/index.php?rest_route=\/wp\/v2\/posts\/79095","targetHints":{"allow":["GET"]}}],"collection":[{"href":"https:\/\/quehacerpolitico.mx\/index.php?rest_route=\/wp\/v2\/posts"}],"about":[{"href":"https:\/\/quehacerpolitico.mx\/index.php?rest_route=\/wp\/v2\/types\/post"}],"author":[{"embeddable":true,"href":"https:\/\/quehacerpolitico.mx\/index.php?rest_route=\/wp\/v2\/users\/2"}],"replies":[{"embeddable":true,"href":"https:\/\/quehacerpolitico.mx\/index.php?rest_route=%2Fwp%2Fv2%2Fcomments&post=79095"}],"version-history":[{"count":0,"href":"https:\/\/quehacerpolitico.mx\/index.php?rest_route=\/wp\/v2\/posts\/79095\/revisions"}],"wp:featuredmedia":[{"embeddable":true,"href":"https:\/\/quehacerpolitico.mx\/index.php?rest_route=\/wp\/v2\/media\/79099"}],"wp:attachment":[{"href":"https:\/\/quehacerpolitico.mx\/index.php?rest_route=%2Fwp%2Fv2%2Fmedia&parent=79095"}],"wp:term":[{"taxonomy":"category","embeddable":true,"href":"https:\/\/quehacerpolitico.mx\/index.php?rest_route=%2Fwp%2Fv2%2Fcategories&post=79095"},{"taxonomy":"post_tag","embeddable":true,"href":"https:\/\/quehacerpolitico.mx\/index.php?rest_route=%2Fwp%2Fv2%2Ftags&post=79095"}],"curies":[{"name":"wp","href":"https:\/\/api.w.org\/{rel}","templated":true}]}}