{"id":79087,"date":"2021-04-09T16:36:58","date_gmt":"2021-04-09T16:36:58","guid":{"rendered":"https:\/\/quehacerpolitico.mx\/?p=79087"},"modified":"2021-04-09T16:36:58","modified_gmt":"2021-04-09T16:36:58","slug":"hay-una-buena-noticia-adelanta-amlo-sobre-vacuna-mexicana-patria-contra-covid-19","status":"publish","type":"post","link":"https:\/\/quehacerpolitico.mx\/?p=79087","title":{"rendered":"\u2018Hay una buena noticia\u2019, adelanta AMLO sobre vacuna mexicana Patria contra COVID-19"},"content":{"rendered":"<h1 class=\"article_title\">\u2018Hay una buena noticia\u2019, adelanta AMLO sobre vacuna mexicana Patria contra COVID-19<br \/>\nPor Redacci\u00f3n QP<\/h1>\n<p>AMLO explic\u00f3 que el martes 13 de abril hablar\u00e1 sobre el proceso de la vacuna que se desarrolla en M\u00e9xico<\/p>\n<p>El presidente de M\u00e9xico, Andres Manuel L\u00f3pez Obrador adelant\u00f3 que \u201chay una buena noticia\u201d sobre la vacuna contra la COVID-19 que se desarrolla en M\u00e9xico llamada <strong>Patria<\/strong>.<\/p>\n<blockquote><p>\u201cHay una buena noticia, pero se va a administrar, lo vamos a dar a conocer esa buena noticia el martes\u2026 Se acord\u00f3 que se informe sobre vacunas que se est\u00e1n investigando, se est\u00e1n estudiando para producirse en M\u00e9xico, ya vacunas elaboradas por cient\u00edficos mexicanos, por empresas mexicanas, la vacuna Patria.<\/p><\/blockquote>\n<p>L\u00f3pez Obrador explic\u00f3 que ser\u00e1 hasta el martes 13 de abril cuando se d\u00e9 m\u00e1s informaci\u00f3n sobre el proceso de la vacuna que se desarrolla en M\u00e9xico.<\/p>\n<p>M\u00e9xico apuesta por desarrollar su propia vacuna, algo en lo que trabajan instituciones como la Universidad Nacional Aut\u00f3noma de M\u00e9xico (UNAM), la Universidad Michoacana de San Nicol\u00e1s de Hidalgo, la Universidad Aut\u00f3noma de Quer\u00e9taro (UAQ) y el Tecnol\u00f3gico de Monterrey.<\/p>\n<p>En su conferencia matutina, el Jefe del Ejecutivo Federal explic\u00f3 que lleva a cabo un <strong>programa de vacunaci\u00f3n<\/strong> que de acuerdo con los m\u00e9dicos especialistas se les da atenci\u00f3n especial a los grupos m\u00e1s vulnerables.<\/p>\n<p><iframe loading=\"lazy\" title=\"Pr\u00f3xima semana, informe sobre desarrollo de la vacuna mexicana &quot;Patria&quot;: AMLO\" width=\"640\" height=\"360\" src=\"https:\/\/www.youtube.com\/embed\/_23Bqe9jDf4?feature=oembed\" frameborder=\"0\" allow=\"accelerometer; autoplay; clipboard-write; encrypted-media; gyroscope; picture-in-picture; web-share\" referrerpolicy=\"strict-origin-when-cross-origin\" allowfullscreen><\/iframe><\/p>\n<p>Aclar\u00f3 que el objetivo primordial fue proteger a m\u00e9dicos, enfermeras, y trabajadores de la salud que trabajan en <strong>hospitales COVID<\/strong>.<\/p>\n<blockquote><p>\u201cEse fue el primer grupo a proteger, los que est\u00e1n salvando vidas, arriesgando sus vidas, porque al inicio, cuando no ten\u00edamos la vacuna, desgraciadamente algunos de estos m\u00e9dicos y enfermeras perdieron la vida\u201d.<\/p><\/blockquote>\n<p>Se\u00f1al\u00f3 que el segundo objetivo fue vacunar a las personas mayores de 60 en adelante por ser la poblaci\u00f3n m\u00e1s vulnerable a la pandemia, y explic\u00f3 que los especialistas le informaron que de esta forma se reduc\u00eda la <strong>mortalidad por COVID-19<\/strong> hasta en un 80 por ciento.<\/p>\n<p>L\u00f3pez Obrador inform\u00f3 que terminando con los adultos mayores se destinar\u00e1n 10 d\u00edas para vacunar a los <strong>trabajadores de la educaci\u00f3n<\/strong>.<\/p>\n<blockquote><p>\u201cEstamos pensando en un universo de m\u00e1s de 3 millones de trabajadores de la educaci\u00f3n, tanto de escuelas privadas como de escuelas p\u00fablicas, no s\u00f3lo maestras y maestros, sino todo el personal que tiene que ver con un centro educativo\u201d.<\/p><\/blockquote>\n","protected":false},"excerpt":{"rendered":"<p>\u2018Hay una buena noticia\u2019, adelanta AMLO sobre vacuna mexicana Patria contra COVID-19 Por Redacci\u00f3n QP&#8230;<\/p>\n","protected":false},"author":2,"featured_media":79090,"comment_status":"open","ping_status":"open","sticky":false,"template":"","format":"standard","meta":{"_monsterinsights_skip_tracking":false,"_monsterinsights_sitenote_active":false,"_monsterinsights_sitenote_note":"","_monsterinsights_sitenote_category":0,"footnotes":""},"categories":[2],"tags":[],"class_list":["post-79087","post","type-post","status-publish","format-standard","has-post-thumbnail","hentry","category-noticias"],"yoast_head":"<!-- This site is optimized with the Yoast SEO plugin v27.3 - https:\/\/yoast.com\/product\/yoast-seo-wordpress\/ -->\n<title>\u2018Hay una buena noticia\u2019, adelanta AMLO sobre vacuna mexicana Patria contra COVID-19 -<\/title>\n<meta name=\"robots\" content=\"index, follow, max-snippet:-1, max-image-preview:large, max-video-preview:-1\" \/>\n<link rel=\"canonical\" href=\"https:\/\/quehacerpolitico.mx\/?p=79087\" \/>\n<meta property=\"og:locale\" content=\"es_MX\" \/>\n<meta property=\"og:type\" content=\"article\" \/>\n<meta property=\"og:title\" content=\"\u2018Hay una buena noticia\u2019, adelanta AMLO sobre vacuna mexicana Patria contra COVID-19 -\" \/>\n<meta property=\"og:description\" content=\"\u2018Hay una buena noticia\u2019, adelanta AMLO sobre vacuna mexicana Patria contra COVID-19 Por Redacci\u00f3n QP...\" \/>\n<meta property=\"og:url\" content=\"https:\/\/quehacerpolitico.mx\/?p=79087\" \/>\n<meta property=\"article:published_time\" content=\"2021-04-09T16:36:58+00:00\" \/>\n<meta property=\"og:image\" content=\"https:\/\/quehacerpolitico.mx\/wp-content\/uploads\/2021\/04\/99B12C2C-C1C2-467D-B35F-27AE92C17A6E.jpeg\" \/>\n\t<meta property=\"og:image:width\" content=\"1242\" \/>\n\t<meta property=\"og:image:height\" content=\"679\" \/>\n\t<meta property=\"og:image:type\" content=\"image\/jpeg\" \/>\n<meta name=\"author\" content=\"Redacci\u00f3n QP\" \/>\n<meta name=\"twitter:card\" content=\"summary_large_image\" \/>\n<meta name=\"twitter:label1\" content=\"Escrito por\" \/>\n\t<meta name=\"twitter:data1\" content=\"Redacci\u00f3n QP\" \/>\n\t<meta name=\"twitter:label2\" content=\"Tiempo de lectura\" \/>\n\t<meta name=\"twitter:data2\" content=\"2 minutos\" \/>\n<script type=\"application\/ld+json\" class=\"yoast-schema-graph\">{\"@context\":\"https:\\\/\\\/schema.org\",\"@graph\":[{\"@type\":\"Article\",\"@id\":\"https:\\\/\\\/quehacerpolitico.mx\\\/?p=79087#article\",\"isPartOf\":{\"@id\":\"https:\\\/\\\/quehacerpolitico.mx\\\/?p=79087\"},\"author\":{\"name\":\"Redacci\u00f3n QP\",\"@id\":\"https:\\\/\\\/quehacerpolitico.mx\\\/#\\\/schema\\\/person\\\/496d8ad2d1d3f8036101dca7ee39e585\"},\"headline\":\"\u2018Hay una buena noticia\u2019, adelanta AMLO sobre vacuna mexicana Patria contra COVID-19\",\"datePublished\":\"2021-04-09T16:36:58+00:00\",\"mainEntityOfPage\":{\"@id\":\"https:\\\/\\\/quehacerpolitico.mx\\\/?p=79087\"},\"wordCount\":426,\"commentCount\":0,\"image\":{\"@id\":\"https:\\\/\\\/quehacerpolitico.mx\\\/?p=79087#primaryimage\"},\"thumbnailUrl\":\"https:\\\/\\\/quehacerpolitico.mx\\\/wp-content\\\/uploads\\\/2021\\\/04\\\/99B12C2C-C1C2-467D-B35F-27AE92C17A6E.jpeg\",\"articleSection\":[\"Noticias\"],\"inLanguage\":\"es\",\"potentialAction\":[{\"@type\":\"CommentAction\",\"name\":\"Comment\",\"target\":[\"https:\\\/\\\/quehacerpolitico.mx\\\/?p=79087#respond\"]}]},{\"@type\":\"WebPage\",\"@id\":\"https:\\\/\\\/quehacerpolitico.mx\\\/?p=79087\",\"url\":\"https:\\\/\\\/quehacerpolitico.mx\\\/?p=79087\",\"name\":\"\u2018Hay una buena noticia\u2019, adelanta AMLO sobre vacuna mexicana Patria contra COVID-19 -\",\"isPartOf\":{\"@id\":\"https:\\\/\\\/quehacerpolitico.mx\\\/#website\"},\"primaryImageOfPage\":{\"@id\":\"https:\\\/\\\/quehacerpolitico.mx\\\/?p=79087#primaryimage\"},\"image\":{\"@id\":\"https:\\\/\\\/quehacerpolitico.mx\\\/?p=79087#primaryimage\"},\"thumbnailUrl\":\"https:\\\/\\\/quehacerpolitico.mx\\\/wp-content\\\/uploads\\\/2021\\\/04\\\/99B12C2C-C1C2-467D-B35F-27AE92C17A6E.jpeg\",\"datePublished\":\"2021-04-09T16:36:58+00:00\",\"author\":{\"@id\":\"https:\\\/\\\/quehacerpolitico.mx\\\/#\\\/schema\\\/person\\\/496d8ad2d1d3f8036101dca7ee39e585\"},\"breadcrumb\":{\"@id\":\"https:\\\/\\\/quehacerpolitico.mx\\\/?p=79087#breadcrumb\"},\"inLanguage\":\"es\",\"potentialAction\":[{\"@type\":\"ReadAction\",\"target\":[\"https:\\\/\\\/quehacerpolitico.mx\\\/?p=79087\"]}]},{\"@type\":\"ImageObject\",\"inLanguage\":\"es\",\"@id\":\"https:\\\/\\\/quehacerpolitico.mx\\\/?p=79087#primaryimage\",\"url\":\"https:\\\/\\\/quehacerpolitico.mx\\\/wp-content\\\/uploads\\\/2021\\\/04\\\/99B12C2C-C1C2-467D-B35F-27AE92C17A6E.jpeg\",\"contentUrl\":\"https:\\\/\\\/quehacerpolitico.mx\\\/wp-content\\\/uploads\\\/2021\\\/04\\\/99B12C2C-C1C2-467D-B35F-27AE92C17A6E.jpeg\",\"width\":1242,\"height\":679},{\"@type\":\"BreadcrumbList\",\"@id\":\"https:\\\/\\\/quehacerpolitico.mx\\\/?p=79087#breadcrumb\",\"itemListElement\":[{\"@type\":\"ListItem\",\"position\":1,\"name\":\"Inicio\",\"item\":\"https:\\\/\\\/quehacerpolitico.mx\\\/\"},{\"@type\":\"ListItem\",\"position\":2,\"name\":\"\u2018Hay una buena noticia\u2019, adelanta AMLO sobre vacuna mexicana Patria contra COVID-19\"}]},{\"@type\":\"WebSite\",\"@id\":\"https:\\\/\\\/quehacerpolitico.mx\\\/#website\",\"url\":\"https:\\\/\\\/quehacerpolitico.mx\\\/\",\"name\":\"\",\"description\":\"\",\"potentialAction\":[{\"@type\":\"SearchAction\",\"target\":{\"@type\":\"EntryPoint\",\"urlTemplate\":\"https:\\\/\\\/quehacerpolitico.mx\\\/?s={search_term_string}\"},\"query-input\":{\"@type\":\"PropertyValueSpecification\",\"valueRequired\":true,\"valueName\":\"search_term_string\"}}],\"inLanguage\":\"es\"},{\"@type\":\"Person\",\"@id\":\"https:\\\/\\\/quehacerpolitico.mx\\\/#\\\/schema\\\/person\\\/496d8ad2d1d3f8036101dca7ee39e585\",\"name\":\"Redacci\u00f3n QP\",\"image\":{\"@type\":\"ImageObject\",\"inLanguage\":\"es\",\"@id\":\"https:\\\/\\\/secure.gravatar.com\\\/avatar\\\/c7164ed6fdec453195284ad24a5ae5b6e1eed2b848477fa2a4787ba9adf39a41?s=96&d=mm&r=g\",\"url\":\"https:\\\/\\\/secure.gravatar.com\\\/avatar\\\/c7164ed6fdec453195284ad24a5ae5b6e1eed2b848477fa2a4787ba9adf39a41?s=96&d=mm&r=g\",\"contentUrl\":\"https:\\\/\\\/secure.gravatar.com\\\/avatar\\\/c7164ed6fdec453195284ad24a5ae5b6e1eed2b848477fa2a4787ba9adf39a41?s=96&d=mm&r=g\",\"caption\":\"Redacci\u00f3n QP\"},\"url\":\"https:\\\/\\\/quehacerpolitico.mx\\\/?author=2\"}]}<\/script>\n<!-- \/ Yoast SEO plugin. -->","yoast_head_json":{"title":"\u2018Hay una buena noticia\u2019, adelanta AMLO sobre vacuna mexicana Patria contra COVID-19 -","robots":{"index":"index","follow":"follow","max-snippet":"max-snippet:-1","max-image-preview":"max-image-preview:large","max-video-preview":"max-video-preview:-1"},"canonical":"https:\/\/quehacerpolitico.mx\/?p=79087","og_locale":"es_MX","og_type":"article","og_title":"\u2018Hay una buena noticia\u2019, adelanta AMLO sobre vacuna mexicana Patria contra COVID-19 -","og_description":"\u2018Hay una buena noticia\u2019, adelanta AMLO sobre vacuna mexicana Patria contra COVID-19 Por Redacci\u00f3n QP...","og_url":"https:\/\/quehacerpolitico.mx\/?p=79087","article_published_time":"2021-04-09T16:36:58+00:00","og_image":[{"width":1242,"height":679,"url":"https:\/\/quehacerpolitico.mx\/wp-content\/uploads\/2021\/04\/99B12C2C-C1C2-467D-B35F-27AE92C17A6E.jpeg","type":"image\/jpeg"}],"author":"Redacci\u00f3n QP","twitter_card":"summary_large_image","twitter_misc":{"Escrito por":"Redacci\u00f3n QP","Tiempo de lectura":"2 minutos"},"schema":{"@context":"https:\/\/schema.org","@graph":[{"@type":"Article","@id":"https:\/\/quehacerpolitico.mx\/?p=79087#article","isPartOf":{"@id":"https:\/\/quehacerpolitico.mx\/?p=79087"},"author":{"name":"Redacci\u00f3n QP","@id":"https:\/\/quehacerpolitico.mx\/#\/schema\/person\/496d8ad2d1d3f8036101dca7ee39e585"},"headline":"\u2018Hay una buena noticia\u2019, adelanta AMLO sobre vacuna mexicana Patria contra COVID-19","datePublished":"2021-04-09T16:36:58+00:00","mainEntityOfPage":{"@id":"https:\/\/quehacerpolitico.mx\/?p=79087"},"wordCount":426,"commentCount":0,"image":{"@id":"https:\/\/quehacerpolitico.mx\/?p=79087#primaryimage"},"thumbnailUrl":"https:\/\/quehacerpolitico.mx\/wp-content\/uploads\/2021\/04\/99B12C2C-C1C2-467D-B35F-27AE92C17A6E.jpeg","articleSection":["Noticias"],"inLanguage":"es","potentialAction":[{"@type":"CommentAction","name":"Comment","target":["https:\/\/quehacerpolitico.mx\/?p=79087#respond"]}]},{"@type":"WebPage","@id":"https:\/\/quehacerpolitico.mx\/?p=79087","url":"https:\/\/quehacerpolitico.mx\/?p=79087","name":"\u2018Hay una buena noticia\u2019, adelanta AMLO sobre vacuna mexicana Patria contra COVID-19 -","isPartOf":{"@id":"https:\/\/quehacerpolitico.mx\/#website"},"primaryImageOfPage":{"@id":"https:\/\/quehacerpolitico.mx\/?p=79087#primaryimage"},"image":{"@id":"https:\/\/quehacerpolitico.mx\/?p=79087#primaryimage"},"thumbnailUrl":"https:\/\/quehacerpolitico.mx\/wp-content\/uploads\/2021\/04\/99B12C2C-C1C2-467D-B35F-27AE92C17A6E.jpeg","datePublished":"2021-04-09T16:36:58+00:00","author":{"@id":"https:\/\/quehacerpolitico.mx\/#\/schema\/person\/496d8ad2d1d3f8036101dca7ee39e585"},"breadcrumb":{"@id":"https:\/\/quehacerpolitico.mx\/?p=79087#breadcrumb"},"inLanguage":"es","potentialAction":[{"@type":"ReadAction","target":["https:\/\/quehacerpolitico.mx\/?p=79087"]}]},{"@type":"ImageObject","inLanguage":"es","@id":"https:\/\/quehacerpolitico.mx\/?p=79087#primaryimage","url":"https:\/\/quehacerpolitico.mx\/wp-content\/uploads\/2021\/04\/99B12C2C-C1C2-467D-B35F-27AE92C17A6E.jpeg","contentUrl":"https:\/\/quehacerpolitico.mx\/wp-content\/uploads\/2021\/04\/99B12C2C-C1C2-467D-B35F-27AE92C17A6E.jpeg","width":1242,"height":679},{"@type":"BreadcrumbList","@id":"https:\/\/quehacerpolitico.mx\/?p=79087#breadcrumb","itemListElement":[{"@type":"ListItem","position":1,"name":"Inicio","item":"https:\/\/quehacerpolitico.mx\/"},{"@type":"ListItem","position":2,"name":"\u2018Hay una buena noticia\u2019, adelanta AMLO sobre vacuna mexicana Patria contra COVID-19"}]},{"@type":"WebSite","@id":"https:\/\/quehacerpolitico.mx\/#website","url":"https:\/\/quehacerpolitico.mx\/","name":"","description":"","potentialAction":[{"@type":"SearchAction","target":{"@type":"EntryPoint","urlTemplate":"https:\/\/quehacerpolitico.mx\/?s={search_term_string}"},"query-input":{"@type":"PropertyValueSpecification","valueRequired":true,"valueName":"search_term_string"}}],"inLanguage":"es"},{"@type":"Person","@id":"https:\/\/quehacerpolitico.mx\/#\/schema\/person\/496d8ad2d1d3f8036101dca7ee39e585","name":"Redacci\u00f3n QP","image":{"@type":"ImageObject","inLanguage":"es","@id":"https:\/\/secure.gravatar.com\/avatar\/c7164ed6fdec453195284ad24a5ae5b6e1eed2b848477fa2a4787ba9adf39a41?s=96&d=mm&r=g","url":"https:\/\/secure.gravatar.com\/avatar\/c7164ed6fdec453195284ad24a5ae5b6e1eed2b848477fa2a4787ba9adf39a41?s=96&d=mm&r=g","contentUrl":"https:\/\/secure.gravatar.com\/avatar\/c7164ed6fdec453195284ad24a5ae5b6e1eed2b848477fa2a4787ba9adf39a41?s=96&d=mm&r=g","caption":"Redacci\u00f3n QP"},"url":"https:\/\/quehacerpolitico.mx\/?author=2"}]}},"featured_image_urls":{"full":["https:\/\/quehacerpolitico.mx\/wp-content\/uploads\/2021\/04\/99B12C2C-C1C2-467D-B35F-27AE92C17A6E.jpeg",1242,679,false],"thumbnail":["https:\/\/quehacerpolitico.mx\/wp-content\/uploads\/2021\/04\/99B12C2C-C1C2-467D-B35F-27AE92C17A6E-150x150.jpeg",150,150,true],"medium":["https:\/\/quehacerpolitico.mx\/wp-content\/uploads\/2021\/04\/99B12C2C-C1C2-467D-B35F-27AE92C17A6E-300x164.jpeg",300,164,true],"medium_large":["https:\/\/quehacerpolitico.mx\/wp-content\/uploads\/2021\/04\/99B12C2C-C1C2-467D-B35F-27AE92C17A6E-768x420.jpeg",640,350,true],"large":["https:\/\/quehacerpolitico.mx\/wp-content\/uploads\/2021\/04\/99B12C2C-C1C2-467D-B35F-27AE92C17A6E-1024x560.jpeg",640,350,true],"1536x1536":["https:\/\/quehacerpolitico.mx\/wp-content\/uploads\/2021\/04\/99B12C2C-C1C2-467D-B35F-27AE92C17A6E.jpeg",1242,679,false],"2048x2048":["https:\/\/quehacerpolitico.mx\/wp-content\/uploads\/2021\/04\/99B12C2C-C1C2-467D-B35F-27AE92C17A6E.jpeg",1242,679,false],"covernews-featured":["https:\/\/quehacerpolitico.mx\/wp-content\/uploads\/2021\/04\/99B12C2C-C1C2-467D-B35F-27AE92C17A6E.jpeg",1024,560,false],"covernews-medium":["https:\/\/quehacerpolitico.mx\/wp-content\/uploads\/2021\/04\/99B12C2C-C1C2-467D-B35F-27AE92C17A6E.jpeg",540,295,false]},"author_info":{"display_name":"Redacci\u00f3n QP","author_link":"https:\/\/quehacerpolitico.mx\/?author=2"},"category_info":"<a href=\"https:\/\/quehacerpolitico.mx\/?cat=2\" rel=\"category\">Noticias<\/a>","tag_info":"Noticias","comment_count":"0","_links":{"self":[{"href":"https:\/\/quehacerpolitico.mx\/index.php?rest_route=\/wp\/v2\/posts\/79087","targetHints":{"allow":["GET"]}}],"collection":[{"href":"https:\/\/quehacerpolitico.mx\/index.php?rest_route=\/wp\/v2\/posts"}],"about":[{"href":"https:\/\/quehacerpolitico.mx\/index.php?rest_route=\/wp\/v2\/types\/post"}],"author":[{"embeddable":true,"href":"https:\/\/quehacerpolitico.mx\/index.php?rest_route=\/wp\/v2\/users\/2"}],"replies":[{"embeddable":true,"href":"https:\/\/quehacerpolitico.mx\/index.php?rest_route=%2Fwp%2Fv2%2Fcomments&post=79087"}],"version-history":[{"count":0,"href":"https:\/\/quehacerpolitico.mx\/index.php?rest_route=\/wp\/v2\/posts\/79087\/revisions"}],"wp:featuredmedia":[{"embeddable":true,"href":"https:\/\/quehacerpolitico.mx\/index.php?rest_route=\/wp\/v2\/media\/79090"}],"wp:attachment":[{"href":"https:\/\/quehacerpolitico.mx\/index.php?rest_route=%2Fwp%2Fv2%2Fmedia&parent=79087"}],"wp:term":[{"taxonomy":"category","embeddable":true,"href":"https:\/\/quehacerpolitico.mx\/index.php?rest_route=%2Fwp%2Fv2%2Fcategories&post=79087"},{"taxonomy":"post_tag","embeddable":true,"href":"https:\/\/quehacerpolitico.mx\/index.php?rest_route=%2Fwp%2Fv2%2Ftags&post=79087"}],"curies":[{"name":"wp","href":"https:\/\/api.w.org\/{rel}","templated":true}]}}