{"id":79074,"date":"2021-04-09T15:49:46","date_gmt":"2021-04-09T15:49:46","guid":{"rendered":"https:\/\/quehacerpolitico.mx\/?p=79074"},"modified":"2021-04-09T15:49:46","modified_gmt":"2021-04-09T15:49:46","slug":"proyecto-de-sentencia-del-tepjf-sobre-salgado-macedonio-que-se-discutira-este-viernes","status":"publish","type":"post","link":"https:\/\/quehacerpolitico.mx\/?p=79074","title":{"rendered":"Proyecto de sentencia del TEPJF sobre Salgado Macedonio que se discutir\u00e1 este viernes"},"content":{"rendered":"<h1 class=\"article_title\">Proyecto de sentencia del TEPJF sobre Salgado Macedonio que se discutir\u00e1 este viernes<br \/>\nPor Redacci\u00f3n QP<\/h1>\n<p>Por ser de inter\u00e9s p\u00fablico se pon\u00eda a disposici\u00f3n de la ciudadan\u00eda el proyecto SUP-JDC-416\/2021 de la ponencia del magistrado Reyes Rodr\u00edguez Mondrag\u00f3n<\/p>\n<p>La <strong>autoridad electoral suspendi\u00f3 su candidatura a las elecciones guerrerenses del pr\u00f3ximo 6 de junio<\/strong>y la de otros pol\u00edticos de Morena por no haber presentado informes de gastos de precampa\u00f1a el proyecto de sentencia del Tribunal Electoral del Poder Judicial de la Federaci\u00f3n que se discutir\u00eda este viernes<\/p>\n<p>El proyecto de sentencia del Tribunal Electoral del Poder Judicial de la Federaci\u00f3n que se discutir\u00eda este viernes, sobre las sanciones del Instituto Nacional Electoral (INE) contra los exprecandidatos de Morena al gobierno de Guerrero, entre ellos F\u00e9lix Salgado Macedonio, est\u00e1 a cargo del magistrado Reyes Rodr\u00edguez Mondrag\u00f3n.<\/p>\n<blockquote class=\"twitter-tweet\" data-width=\"550\" data-dnt=\"true\">\n<p lang=\"es\" dir=\"ltr\">Por ser de inter\u00e9s p\u00fablico se pone a disposici\u00f3n de la ciudadan\u00eda el proyecto SUP-JDC-416\/2021 de la ponencia del magistrado Reyes Rodr\u00edguez Mondrag\u00f3n, relacionado con la candidatura de F\u00e9lix Salgado, as\u00ed como otros aspirantes a la gubernatura de Guerrero.<a href=\"https:\/\/t.co\/T8vjg0M7zo\">https:\/\/t.co\/T8vjg0M7zo<\/a><\/p>\n<p>&mdash; TEPJF (@TEPJF_informa) <a href=\"https:\/\/twitter.com\/TEPJF_informa\/status\/1380359253756674056?ref_src=twsrc%5Etfw\">April 9, 2021<\/a><\/p><\/blockquote>\n<p><script async src=\"https:\/\/platform.twitter.com\/widgets.js\" charset=\"utf-8\"><\/script><\/p>\n<p>Minutos m\u00e1s tarde, el Tribunal se\u00f1al\u00f3 que por ser de inter\u00e9s p\u00fablico se pon\u00eda a disposici\u00f3n de la ciudadan\u00eda el proyecto SUP-JDC-416\/2021 de la ponencia del magistrado Reyes Rodr\u00edguez Mondrag\u00f3n, relacionado con la candidatura de F\u00e9lix Salgado, as\u00ed como otros aspirantes a la gubernatura de Guerrero.<\/p>\n<p><strong>Propone anular las sanciones del INE<\/strong> y devolverle el asunto para que sancione a cada exprecandidato tomando en cuenta las particularidades de cada caso, l<strong>as posibles sanciones van desde una amonestaci\u00f3n p\u00fablica<\/strong> hasta la p\u00e9rdida del derecho a ser registrado como candidato el proyecto concuerda con el INE en que se incurri\u00f3 en irregularidades al no informar sobre gastos de precampa\u00f1a, pero no debe aplicarse en autom\u00e1tico la p\u00e9rdida de derechos de ser elegidos, sino que se debe valorar su voluntad y disponibilidad a hacerlo lo mismo ocurre con el caso de Ra\u00fal Mor\u00f3n en Michoac\u00e1n, con el proyecto de la magistrada M\u00f3nica Soto.<\/p>\n<p>El <strong>Tribunal revoca la sentencia la devuelve al INE<\/strong>para una sanci\u00f3n m\u00e1s proporcionada.<\/p>\n<p>La autoridad electoral suspendi\u00f3 su candidatura a las elecciones guerrerenses del pr\u00f3ximo 6 de junio y la de otros pol\u00edticos de Morena por no haber presentado informes de gastos de precampa\u00f1a.<\/p>\n<p>El <strong>partido sostiene que no realiz\u00f3 ninguna precampa\u00f1a con Guerrero<\/strong>, pero el INE verific\u00f3 que Salgado Macedonio difundi\u00f3 videos pidiendo apoyos para ser el candidato del partido.<\/p>\n<p>La <strong>suspensi\u00f3n de su candidatura no est\u00e1 relacionada con las acusaciones de abuso<\/strong> que pesan sobre Salgado Macedonio.<\/p>\n<p>El veterano pol\u00edtico, amigo del presidente de M\u00e9xico, Andr\u00e9s Manuel L\u00f3pez Obrador, est\u00e1 acusado de violar a una menor de edad en 1998 y de abusar de una periodista en 2016, adem\u00e1s de estar incriminado en al menos otras cinco agresiones sexuales.<\/p>\n","protected":false},"excerpt":{"rendered":"<p>Proyecto de sentencia del TEPJF sobre Salgado Macedonio que se discutir\u00e1 este viernes Por Redacci\u00f3n&#8230;<\/p>\n","protected":false},"author":2,"featured_media":79079,"comment_status":"open","ping_status":"open","sticky":false,"template":"","format":"standard","meta":{"_monsterinsights_skip_tracking":false,"_monsterinsights_sitenote_active":false,"_monsterinsights_sitenote_note":"","_monsterinsights_sitenote_category":0,"footnotes":""},"categories":[2],"tags":[],"class_list":["post-79074","post","type-post","status-publish","format-standard","has-post-thumbnail","hentry","category-noticias"],"yoast_head":"<!-- This site is optimized with the Yoast SEO plugin v27.3 - https:\/\/yoast.com\/product\/yoast-seo-wordpress\/ -->\n<title>Proyecto de sentencia del TEPJF sobre Salgado Macedonio que se discutir\u00e1 este viernes -<\/title>\n<meta name=\"robots\" content=\"index, follow, max-snippet:-1, max-image-preview:large, max-video-preview:-1\" \/>\n<link rel=\"canonical\" href=\"https:\/\/quehacerpolitico.mx\/?p=79074\" \/>\n<meta property=\"og:locale\" content=\"es_MX\" \/>\n<meta property=\"og:type\" content=\"article\" \/>\n<meta property=\"og:title\" content=\"Proyecto de sentencia del TEPJF sobre Salgado Macedonio que se discutir\u00e1 este viernes -\" \/>\n<meta property=\"og:description\" content=\"Proyecto de sentencia del TEPJF sobre Salgado Macedonio que se discutir\u00e1 este viernes Por Redacci\u00f3n...\" \/>\n<meta property=\"og:url\" content=\"https:\/\/quehacerpolitico.mx\/?p=79074\" \/>\n<meta property=\"article:published_time\" content=\"2021-04-09T15:49:46+00:00\" \/>\n<meta property=\"og:image\" content=\"https:\/\/quehacerpolitico.mx\/wp-content\/uploads\/2021\/04\/6D91357D-7D64-4493-90CC-9A803C29B7BB.jpeg\" \/>\n\t<meta property=\"og:image:width\" content=\"678\" \/>\n\t<meta property=\"og:image:height\" content=\"452\" \/>\n\t<meta property=\"og:image:type\" content=\"image\/jpeg\" \/>\n<meta name=\"author\" content=\"Redacci\u00f3n QP\" \/>\n<meta name=\"twitter:card\" content=\"summary_large_image\" \/>\n<meta name=\"twitter:label1\" content=\"Escrito por\" \/>\n\t<meta name=\"twitter:data1\" content=\"Redacci\u00f3n QP\" \/>\n\t<meta name=\"twitter:label2\" content=\"Tiempo de lectura\" \/>\n\t<meta name=\"twitter:data2\" content=\"2 minutos\" \/>\n<script type=\"application\/ld+json\" class=\"yoast-schema-graph\">{\"@context\":\"https:\\\/\\\/schema.org\",\"@graph\":[{\"@type\":\"Article\",\"@id\":\"https:\\\/\\\/quehacerpolitico.mx\\\/?p=79074#article\",\"isPartOf\":{\"@id\":\"https:\\\/\\\/quehacerpolitico.mx\\\/?p=79074\"},\"author\":{\"name\":\"Redacci\u00f3n QP\",\"@id\":\"https:\\\/\\\/quehacerpolitico.mx\\\/#\\\/schema\\\/person\\\/496d8ad2d1d3f8036101dca7ee39e585\"},\"headline\":\"Proyecto de sentencia del TEPJF sobre Salgado Macedonio que se discutir\u00e1 este viernes\",\"datePublished\":\"2021-04-09T15:49:46+00:00\",\"mainEntityOfPage\":{\"@id\":\"https:\\\/\\\/quehacerpolitico.mx\\\/?p=79074\"},\"wordCount\":482,\"commentCount\":0,\"image\":{\"@id\":\"https:\\\/\\\/quehacerpolitico.mx\\\/?p=79074#primaryimage\"},\"thumbnailUrl\":\"https:\\\/\\\/quehacerpolitico.mx\\\/wp-content\\\/uploads\\\/2021\\\/04\\\/6D91357D-7D64-4493-90CC-9A803C29B7BB.jpeg\",\"articleSection\":[\"Noticias\"],\"inLanguage\":\"es\",\"potentialAction\":[{\"@type\":\"CommentAction\",\"name\":\"Comment\",\"target\":[\"https:\\\/\\\/quehacerpolitico.mx\\\/?p=79074#respond\"]}]},{\"@type\":\"WebPage\",\"@id\":\"https:\\\/\\\/quehacerpolitico.mx\\\/?p=79074\",\"url\":\"https:\\\/\\\/quehacerpolitico.mx\\\/?p=79074\",\"name\":\"Proyecto de sentencia del TEPJF sobre Salgado Macedonio que se discutir\u00e1 este viernes -\",\"isPartOf\":{\"@id\":\"https:\\\/\\\/quehacerpolitico.mx\\\/#website\"},\"primaryImageOfPage\":{\"@id\":\"https:\\\/\\\/quehacerpolitico.mx\\\/?p=79074#primaryimage\"},\"image\":{\"@id\":\"https:\\\/\\\/quehacerpolitico.mx\\\/?p=79074#primaryimage\"},\"thumbnailUrl\":\"https:\\\/\\\/quehacerpolitico.mx\\\/wp-content\\\/uploads\\\/2021\\\/04\\\/6D91357D-7D64-4493-90CC-9A803C29B7BB.jpeg\",\"datePublished\":\"2021-04-09T15:49:46+00:00\",\"author\":{\"@id\":\"https:\\\/\\\/quehacerpolitico.mx\\\/#\\\/schema\\\/person\\\/496d8ad2d1d3f8036101dca7ee39e585\"},\"breadcrumb\":{\"@id\":\"https:\\\/\\\/quehacerpolitico.mx\\\/?p=79074#breadcrumb\"},\"inLanguage\":\"es\",\"potentialAction\":[{\"@type\":\"ReadAction\",\"target\":[\"https:\\\/\\\/quehacerpolitico.mx\\\/?p=79074\"]}]},{\"@type\":\"ImageObject\",\"inLanguage\":\"es\",\"@id\":\"https:\\\/\\\/quehacerpolitico.mx\\\/?p=79074#primaryimage\",\"url\":\"https:\\\/\\\/quehacerpolitico.mx\\\/wp-content\\\/uploads\\\/2021\\\/04\\\/6D91357D-7D64-4493-90CC-9A803C29B7BB.jpeg\",\"contentUrl\":\"https:\\\/\\\/quehacerpolitico.mx\\\/wp-content\\\/uploads\\\/2021\\\/04\\\/6D91357D-7D64-4493-90CC-9A803C29B7BB.jpeg\",\"width\":678,\"height\":452},{\"@type\":\"BreadcrumbList\",\"@id\":\"https:\\\/\\\/quehacerpolitico.mx\\\/?p=79074#breadcrumb\",\"itemListElement\":[{\"@type\":\"ListItem\",\"position\":1,\"name\":\"Inicio\",\"item\":\"https:\\\/\\\/quehacerpolitico.mx\\\/\"},{\"@type\":\"ListItem\",\"position\":2,\"name\":\"Proyecto de sentencia del TEPJF sobre Salgado Macedonio que se discutir\u00e1 este viernes\"}]},{\"@type\":\"WebSite\",\"@id\":\"https:\\\/\\\/quehacerpolitico.mx\\\/#website\",\"url\":\"https:\\\/\\\/quehacerpolitico.mx\\\/\",\"name\":\"\",\"description\":\"\",\"potentialAction\":[{\"@type\":\"SearchAction\",\"target\":{\"@type\":\"EntryPoint\",\"urlTemplate\":\"https:\\\/\\\/quehacerpolitico.mx\\\/?s={search_term_string}\"},\"query-input\":{\"@type\":\"PropertyValueSpecification\",\"valueRequired\":true,\"valueName\":\"search_term_string\"}}],\"inLanguage\":\"es\"},{\"@type\":\"Person\",\"@id\":\"https:\\\/\\\/quehacerpolitico.mx\\\/#\\\/schema\\\/person\\\/496d8ad2d1d3f8036101dca7ee39e585\",\"name\":\"Redacci\u00f3n QP\",\"image\":{\"@type\":\"ImageObject\",\"inLanguage\":\"es\",\"@id\":\"https:\\\/\\\/secure.gravatar.com\\\/avatar\\\/c7164ed6fdec453195284ad24a5ae5b6e1eed2b848477fa2a4787ba9adf39a41?s=96&d=mm&r=g\",\"url\":\"https:\\\/\\\/secure.gravatar.com\\\/avatar\\\/c7164ed6fdec453195284ad24a5ae5b6e1eed2b848477fa2a4787ba9adf39a41?s=96&d=mm&r=g\",\"contentUrl\":\"https:\\\/\\\/secure.gravatar.com\\\/avatar\\\/c7164ed6fdec453195284ad24a5ae5b6e1eed2b848477fa2a4787ba9adf39a41?s=96&d=mm&r=g\",\"caption\":\"Redacci\u00f3n QP\"},\"url\":\"https:\\\/\\\/quehacerpolitico.mx\\\/?author=2\"}]}<\/script>\n<!-- \/ Yoast SEO plugin. -->","yoast_head_json":{"title":"Proyecto de sentencia del TEPJF sobre Salgado Macedonio que se discutir\u00e1 este viernes -","robots":{"index":"index","follow":"follow","max-snippet":"max-snippet:-1","max-image-preview":"max-image-preview:large","max-video-preview":"max-video-preview:-1"},"canonical":"https:\/\/quehacerpolitico.mx\/?p=79074","og_locale":"es_MX","og_type":"article","og_title":"Proyecto de sentencia del TEPJF sobre Salgado Macedonio que se discutir\u00e1 este viernes -","og_description":"Proyecto de sentencia del TEPJF sobre Salgado Macedonio que se discutir\u00e1 este viernes Por Redacci\u00f3n...","og_url":"https:\/\/quehacerpolitico.mx\/?p=79074","article_published_time":"2021-04-09T15:49:46+00:00","og_image":[{"width":678,"height":452,"url":"https:\/\/quehacerpolitico.mx\/wp-content\/uploads\/2021\/04\/6D91357D-7D64-4493-90CC-9A803C29B7BB.jpeg","type":"image\/jpeg"}],"author":"Redacci\u00f3n QP","twitter_card":"summary_large_image","twitter_misc":{"Escrito por":"Redacci\u00f3n QP","Tiempo de lectura":"2 minutos"},"schema":{"@context":"https:\/\/schema.org","@graph":[{"@type":"Article","@id":"https:\/\/quehacerpolitico.mx\/?p=79074#article","isPartOf":{"@id":"https:\/\/quehacerpolitico.mx\/?p=79074"},"author":{"name":"Redacci\u00f3n QP","@id":"https:\/\/quehacerpolitico.mx\/#\/schema\/person\/496d8ad2d1d3f8036101dca7ee39e585"},"headline":"Proyecto de sentencia del TEPJF sobre Salgado Macedonio que se discutir\u00e1 este viernes","datePublished":"2021-04-09T15:49:46+00:00","mainEntityOfPage":{"@id":"https:\/\/quehacerpolitico.mx\/?p=79074"},"wordCount":482,"commentCount":0,"image":{"@id":"https:\/\/quehacerpolitico.mx\/?p=79074#primaryimage"},"thumbnailUrl":"https:\/\/quehacerpolitico.mx\/wp-content\/uploads\/2021\/04\/6D91357D-7D64-4493-90CC-9A803C29B7BB.jpeg","articleSection":["Noticias"],"inLanguage":"es","potentialAction":[{"@type":"CommentAction","name":"Comment","target":["https:\/\/quehacerpolitico.mx\/?p=79074#respond"]}]},{"@type":"WebPage","@id":"https:\/\/quehacerpolitico.mx\/?p=79074","url":"https:\/\/quehacerpolitico.mx\/?p=79074","name":"Proyecto de sentencia del TEPJF sobre Salgado Macedonio que se discutir\u00e1 este viernes -","isPartOf":{"@id":"https:\/\/quehacerpolitico.mx\/#website"},"primaryImageOfPage":{"@id":"https:\/\/quehacerpolitico.mx\/?p=79074#primaryimage"},"image":{"@id":"https:\/\/quehacerpolitico.mx\/?p=79074#primaryimage"},"thumbnailUrl":"https:\/\/quehacerpolitico.mx\/wp-content\/uploads\/2021\/04\/6D91357D-7D64-4493-90CC-9A803C29B7BB.jpeg","datePublished":"2021-04-09T15:49:46+00:00","author":{"@id":"https:\/\/quehacerpolitico.mx\/#\/schema\/person\/496d8ad2d1d3f8036101dca7ee39e585"},"breadcrumb":{"@id":"https:\/\/quehacerpolitico.mx\/?p=79074#breadcrumb"},"inLanguage":"es","potentialAction":[{"@type":"ReadAction","target":["https:\/\/quehacerpolitico.mx\/?p=79074"]}]},{"@type":"ImageObject","inLanguage":"es","@id":"https:\/\/quehacerpolitico.mx\/?p=79074#primaryimage","url":"https:\/\/quehacerpolitico.mx\/wp-content\/uploads\/2021\/04\/6D91357D-7D64-4493-90CC-9A803C29B7BB.jpeg","contentUrl":"https:\/\/quehacerpolitico.mx\/wp-content\/uploads\/2021\/04\/6D91357D-7D64-4493-90CC-9A803C29B7BB.jpeg","width":678,"height":452},{"@type":"BreadcrumbList","@id":"https:\/\/quehacerpolitico.mx\/?p=79074#breadcrumb","itemListElement":[{"@type":"ListItem","position":1,"name":"Inicio","item":"https:\/\/quehacerpolitico.mx\/"},{"@type":"ListItem","position":2,"name":"Proyecto de sentencia del TEPJF sobre Salgado Macedonio que se discutir\u00e1 este viernes"}]},{"@type":"WebSite","@id":"https:\/\/quehacerpolitico.mx\/#website","url":"https:\/\/quehacerpolitico.mx\/","name":"","description":"","potentialAction":[{"@type":"SearchAction","target":{"@type":"EntryPoint","urlTemplate":"https:\/\/quehacerpolitico.mx\/?s={search_term_string}"},"query-input":{"@type":"PropertyValueSpecification","valueRequired":true,"valueName":"search_term_string"}}],"inLanguage":"es"},{"@type":"Person","@id":"https:\/\/quehacerpolitico.mx\/#\/schema\/person\/496d8ad2d1d3f8036101dca7ee39e585","name":"Redacci\u00f3n QP","image":{"@type":"ImageObject","inLanguage":"es","@id":"https:\/\/secure.gravatar.com\/avatar\/c7164ed6fdec453195284ad24a5ae5b6e1eed2b848477fa2a4787ba9adf39a41?s=96&d=mm&r=g","url":"https:\/\/secure.gravatar.com\/avatar\/c7164ed6fdec453195284ad24a5ae5b6e1eed2b848477fa2a4787ba9adf39a41?s=96&d=mm&r=g","contentUrl":"https:\/\/secure.gravatar.com\/avatar\/c7164ed6fdec453195284ad24a5ae5b6e1eed2b848477fa2a4787ba9adf39a41?s=96&d=mm&r=g","caption":"Redacci\u00f3n QP"},"url":"https:\/\/quehacerpolitico.mx\/?author=2"}]}},"featured_image_urls":{"full":["https:\/\/quehacerpolitico.mx\/wp-content\/uploads\/2021\/04\/6D91357D-7D64-4493-90CC-9A803C29B7BB.jpeg",678,452,false],"thumbnail":["https:\/\/quehacerpolitico.mx\/wp-content\/uploads\/2021\/04\/6D91357D-7D64-4493-90CC-9A803C29B7BB-150x150.jpeg",150,150,true],"medium":["https:\/\/quehacerpolitico.mx\/wp-content\/uploads\/2021\/04\/6D91357D-7D64-4493-90CC-9A803C29B7BB-300x200.jpeg",300,200,true],"medium_large":["https:\/\/quehacerpolitico.mx\/wp-content\/uploads\/2021\/04\/6D91357D-7D64-4493-90CC-9A803C29B7BB.jpeg",640,427,false],"large":["https:\/\/quehacerpolitico.mx\/wp-content\/uploads\/2021\/04\/6D91357D-7D64-4493-90CC-9A803C29B7BB.jpeg",640,427,false],"1536x1536":["https:\/\/quehacerpolitico.mx\/wp-content\/uploads\/2021\/04\/6D91357D-7D64-4493-90CC-9A803C29B7BB.jpeg",678,452,false],"2048x2048":["https:\/\/quehacerpolitico.mx\/wp-content\/uploads\/2021\/04\/6D91357D-7D64-4493-90CC-9A803C29B7BB.jpeg",678,452,false],"covernews-featured":["https:\/\/quehacerpolitico.mx\/wp-content\/uploads\/2021\/04\/6D91357D-7D64-4493-90CC-9A803C29B7BB.jpeg",678,452,false],"covernews-medium":["https:\/\/quehacerpolitico.mx\/wp-content\/uploads\/2021\/04\/6D91357D-7D64-4493-90CC-9A803C29B7BB.jpeg",510,340,false]},"author_info":{"display_name":"Redacci\u00f3n QP","author_link":"https:\/\/quehacerpolitico.mx\/?author=2"},"category_info":"<a href=\"https:\/\/quehacerpolitico.mx\/?cat=2\" rel=\"category\">Noticias<\/a>","tag_info":"Noticias","comment_count":"0","_links":{"self":[{"href":"https:\/\/quehacerpolitico.mx\/index.php?rest_route=\/wp\/v2\/posts\/79074","targetHints":{"allow":["GET"]}}],"collection":[{"href":"https:\/\/quehacerpolitico.mx\/index.php?rest_route=\/wp\/v2\/posts"}],"about":[{"href":"https:\/\/quehacerpolitico.mx\/index.php?rest_route=\/wp\/v2\/types\/post"}],"author":[{"embeddable":true,"href":"https:\/\/quehacerpolitico.mx\/index.php?rest_route=\/wp\/v2\/users\/2"}],"replies":[{"embeddable":true,"href":"https:\/\/quehacerpolitico.mx\/index.php?rest_route=%2Fwp%2Fv2%2Fcomments&post=79074"}],"version-history":[{"count":0,"href":"https:\/\/quehacerpolitico.mx\/index.php?rest_route=\/wp\/v2\/posts\/79074\/revisions"}],"wp:featuredmedia":[{"embeddable":true,"href":"https:\/\/quehacerpolitico.mx\/index.php?rest_route=\/wp\/v2\/media\/79079"}],"wp:attachment":[{"href":"https:\/\/quehacerpolitico.mx\/index.php?rest_route=%2Fwp%2Fv2%2Fmedia&parent=79074"}],"wp:term":[{"taxonomy":"category","embeddable":true,"href":"https:\/\/quehacerpolitico.mx\/index.php?rest_route=%2Fwp%2Fv2%2Fcategories&post=79074"},{"taxonomy":"post_tag","embeddable":true,"href":"https:\/\/quehacerpolitico.mx\/index.php?rest_route=%2Fwp%2Fv2%2Ftags&post=79074"}],"curies":[{"name":"wp","href":"https:\/\/api.w.org\/{rel}","templated":true}]}}