{"id":7903,"date":"2018-10-28T18:37:50","date_gmt":"2018-10-28T18:37:50","guid":{"rendered":"http:\/\/quehacerpolitico.mx\/amlo-pide-confiar-en-la-consulta-sobre-el-naim-se-va-a-respetar-el-voto-los-resultados-esta-noche\/"},"modified":"2018-10-28T18:37:50","modified_gmt":"2018-10-28T18:37:50","slug":"amlo-pide-confiar-en-la-consulta-sobre-el-naim-se-va-a-respetar-el-voto-los-resultados-esta-noche","status":"publish","type":"post","link":"https:\/\/quehacerpolitico.mx\/?p=7903","title":{"rendered":"AMLO pide confiar en la Consulta sobre el NAIM: \u201cse va a respetar el voto\u201d; los resultados, esta noche"},"content":{"rendered":"<h1>AMLO pide confiar en la Consulta sobre el NAIM: \u201cse va a respetar el voto\u201d; los resultados, esta noche<\/h1>\n<p>Por Redacci\u00f3n QP<\/p>\n<p><iframe loading=\"lazy\" title=\"Participa en la consulta para decidir sobre el nuevo aeropuerto\" width=\"640\" height=\"360\" src=\"https:\/\/www.youtube.com\/embed\/oSkGoBZol_w?feature=oembed\" frameborder=\"0\" allow=\"accelerometer; autoplay; clipboard-write; encrypted-media; gyroscope; picture-in-picture; web-share\" referrerpolicy=\"strict-origin-when-cross-origin\" allowfullscreen><\/iframe><\/p>\n<p>El \u00faltimo d\u00eda de la<strong> consulta popular<\/strong> sobre el futuro del Nuevo Aeropuerto Internacional de M\u00e9xico (<strong>NAIM<\/strong>) comenz\u00f3 a la ma\u00f1ana de este <strong>domingo<\/strong>, mientras el Presidente electo, <strong>Andr\u00e9s Manuel L\u00f3pez Obrador<\/strong> reiter\u00f3 que se respetar\u00e1 el resultado que se dar\u00e1 a conocer la noche de este domingo.<\/p>\n<blockquote>\n<p>\u201cA los camajanes, a los fif\u00eds no les gusta la consulta, a la Catrina s\u00ed\u201d, dijo esta ma\u00f1ana L\u00f3pez Obrador en un mensaje desde su casa y presumi\u00f3 una Catrina que dijo le dieron de regalo en Michoac\u00e1n.<\/p>\n<p>\u201cHoy es el \u00faltimo d\u00eda para participar en la consulta. Vamos muy bien, me est\u00e1n ayudando muchos ciudadanos para que la decisi\u00f3n no dependa solo de una hombre, por importante que sea, que dependa de todos los ciudadanos. Esa es la democracia\u201d, a\u00f1adi\u00f3.<\/p>\n<p>El Presidente electo asegur\u00f3 que la consulta es un ejercicio democr\u00e1tico y llam\u00f3 a los ciudadanos a participar hoy durante la \u00faltima jornada de votaci\u00f3n.<\/p>\n<blockquote>\n<p>\u201cParticipa, hoy es domingo. Si tienes tiempo y lo deseas, porque desde luego es voluntario, participa y ten confianza porque se va a respetar el voto, se va a respetar el resultado\u201d, recalc\u00f3.<\/p>\n<\/blockquote>\n<p>Andr\u00e9s Manuel asegur\u00f3 que respetar\u00e1n el resultado de la consulta y que no habr\u00e1 fraude. Tambi\u00e9n asegur\u00f3 que con la decisi\u00f3n que tomen los ciudadanos, sea cual sea, se ahorrar\u00e1.<\/p>\n<blockquote>\n<p>\u201cElecciones limpias, libres, nosotros nunca hemos hecho una trampa, un fraude electoral, es un asunto de principios\u201d, y asegur\u00f3 que son \u2018maderistas\u2019. [\u2026] De por s\u00ed, cualquiera que sea la decisi\u00f3n que tomen los ciudadanos, hoy en la noche se va a saber, vamos a ahorrar mucho, porque no va a haber corrupci\u00f3n, se los garantizo. Ahora s\u00ed que me canso ganso, vamos a acabar con la corrupci\u00f3n\u201d, indic\u00f3.<\/p>\n<p><strong>MESAS COMIENZAN A RECIBIR VOTOS<\/strong><\/p>\n<p>Los ciudadanos que deseen participar tendr\u00e1n hasta las 18:00 horas para emitir su opini\u00f3n. Para participar en la consulta, los ciudadanos s\u00f3lo tienen que presentar su credencial de elector<\/p>\n<p>Esta ma\u00f1ana han sido instaladas las casillas en el Z\u00f3calo capitalino de la Ciudad de M\u00e9xico; las 10 mesas de la Alcald\u00eda de Gustavo A. Madero; y las ocho de Coyoac\u00e1n, seg\u00fan reporta el peri\u00f3dico Reforma.<\/p>\n<p>Milenio informa que la casilla instalada en la plaza principal del municipio de Texcoco, en el Estado de M\u00e9xico, tambi\u00e9n ya abri\u00f3 sin ning\u00fan contratiempo.<\/p>\n<p>Se prev\u00e9 que las 18:00 horas, el Presidente electo Andr\u00e9s Manuel L\u00f3pez Obrador acusa a su casa de Transici\u00f3n en la Roma donde se prev\u00e9 d\u00e9 un mensaje sobre los resultados.<\/p>\n<p>Luego de la tercer jornada de la consulta, ayer s\u00e1bado transcurri\u00f3 sin incidentes.<\/p>\n<p>Ayer, el Presidente electo, Andr\u00e9s Manuel L\u00f3pez Obrador asegur\u00f3 que se espera la participaci\u00f3n de al menos un mill\u00f3n de personas en la consulta ciudadana y asegur\u00f3 que el s\u00e1bado hab\u00edan participado casi 500 mil personas.<\/p>\n<\/blockquote>\n<\/blockquote>\n","protected":false},"excerpt":{"rendered":"<p>AMLO pide confiar en la Consulta sobre el NAIM: \u201cse va a respetar el voto\u201d; los resultados, esta noche<br \/>\nPor Redacci\u00f3n QP<\/p>\n","protected":false},"author":2,"featured_media":7902,"comment_status":"open","ping_status":"open","sticky":false,"template":"","format":"standard","meta":{"_monsterinsights_skip_tracking":false,"_monsterinsights_sitenote_active":false,"_monsterinsights_sitenote_note":"","_monsterinsights_sitenote_category":0,"footnotes":""},"categories":[2],"tags":[],"class_list":["post-7903","post","type-post","status-publish","format-standard","has-post-thumbnail","hentry","category-noticias"],"yoast_head":"<!-- This site is optimized with the Yoast SEO plugin v27.3 - https:\/\/yoast.com\/product\/yoast-seo-wordpress\/ -->\n<title>AMLO pide confiar en la Consulta sobre el NAIM: \u201cse va a respetar el voto\u201d; los resultados, esta noche -<\/title>\n<meta name=\"robots\" content=\"index, follow, max-snippet:-1, max-image-preview:large, max-video-preview:-1\" \/>\n<link rel=\"canonical\" href=\"https:\/\/quehacerpolitico.mx\/?p=7903\" \/>\n<meta property=\"og:locale\" content=\"es_MX\" \/>\n<meta property=\"og:type\" content=\"article\" \/>\n<meta property=\"og:title\" content=\"AMLO pide confiar en la Consulta sobre el NAIM: \u201cse va a respetar el voto\u201d; los resultados, esta noche -\" \/>\n<meta property=\"og:description\" content=\"AMLO pide confiar en la Consulta sobre el NAIM: \u201cse va a respetar el voto\u201d; los resultados, esta noche Por Redacci\u00f3n QP\" \/>\n<meta property=\"og:url\" content=\"https:\/\/quehacerpolitico.mx\/?p=7903\" \/>\n<meta property=\"article:published_time\" content=\"2018-10-28T18:37:50+00:00\" \/>\n<meta name=\"author\" content=\"Redacci\u00f3n QP\" \/>\n<meta name=\"twitter:card\" content=\"summary_large_image\" \/>\n<meta name=\"twitter:label1\" content=\"Escrito por\" \/>\n\t<meta name=\"twitter:data1\" content=\"Redacci\u00f3n QP\" \/>\n\t<meta name=\"twitter:label2\" content=\"Tiempo de lectura\" \/>\n\t<meta name=\"twitter:data2\" content=\"3 minutos\" \/>\n<script type=\"application\/ld+json\" class=\"yoast-schema-graph\">{\"@context\":\"https:\\\/\\\/schema.org\",\"@graph\":[{\"@type\":\"Article\",\"@id\":\"https:\\\/\\\/quehacerpolitico.mx\\\/?p=7903#article\",\"isPartOf\":{\"@id\":\"https:\\\/\\\/quehacerpolitico.mx\\\/?p=7903\"},\"author\":{\"name\":\"Redacci\u00f3n QP\",\"@id\":\"https:\\\/\\\/quehacerpolitico.mx\\\/#\\\/schema\\\/person\\\/496d8ad2d1d3f8036101dca7ee39e585\"},\"headline\":\"AMLO pide confiar en la Consulta sobre el NAIM: \u201cse va a respetar el voto\u201d; los resultados, esta noche\",\"datePublished\":\"2018-10-28T18:37:50+00:00\",\"mainEntityOfPage\":{\"@id\":\"https:\\\/\\\/quehacerpolitico.mx\\\/?p=7903\"},\"wordCount\":548,\"commentCount\":0,\"image\":{\"@id\":\"https:\\\/\\\/quehacerpolitico.mx\\\/?p=7903#primaryimage\"},\"thumbnailUrl\":\"\",\"articleSection\":[\"Noticias\"],\"inLanguage\":\"es\",\"potentialAction\":[{\"@type\":\"CommentAction\",\"name\":\"Comment\",\"target\":[\"https:\\\/\\\/quehacerpolitico.mx\\\/?p=7903#respond\"]}]},{\"@type\":\"WebPage\",\"@id\":\"https:\\\/\\\/quehacerpolitico.mx\\\/?p=7903\",\"url\":\"https:\\\/\\\/quehacerpolitico.mx\\\/?p=7903\",\"name\":\"AMLO pide confiar en la Consulta sobre el NAIM: \u201cse va a respetar el voto\u201d; los resultados, esta noche -\",\"isPartOf\":{\"@id\":\"https:\\\/\\\/quehacerpolitico.mx\\\/#website\"},\"primaryImageOfPage\":{\"@id\":\"https:\\\/\\\/quehacerpolitico.mx\\\/?p=7903#primaryimage\"},\"image\":{\"@id\":\"https:\\\/\\\/quehacerpolitico.mx\\\/?p=7903#primaryimage\"},\"thumbnailUrl\":\"\",\"datePublished\":\"2018-10-28T18:37:50+00:00\",\"author\":{\"@id\":\"https:\\\/\\\/quehacerpolitico.mx\\\/#\\\/schema\\\/person\\\/496d8ad2d1d3f8036101dca7ee39e585\"},\"breadcrumb\":{\"@id\":\"https:\\\/\\\/quehacerpolitico.mx\\\/?p=7903#breadcrumb\"},\"inLanguage\":\"es\",\"potentialAction\":[{\"@type\":\"ReadAction\",\"target\":[\"https:\\\/\\\/quehacerpolitico.mx\\\/?p=7903\"]}]},{\"@type\":\"ImageObject\",\"inLanguage\":\"es\",\"@id\":\"https:\\\/\\\/quehacerpolitico.mx\\\/?p=7903#primaryimage\",\"url\":\"\",\"contentUrl\":\"\"},{\"@type\":\"BreadcrumbList\",\"@id\":\"https:\\\/\\\/quehacerpolitico.mx\\\/?p=7903#breadcrumb\",\"itemListElement\":[{\"@type\":\"ListItem\",\"position\":1,\"name\":\"Inicio\",\"item\":\"https:\\\/\\\/quehacerpolitico.mx\\\/\"},{\"@type\":\"ListItem\",\"position\":2,\"name\":\"AMLO pide confiar en la Consulta sobre el NAIM: \u201cse va a respetar el voto\u201d; los resultados, esta noche\"}]},{\"@type\":\"WebSite\",\"@id\":\"https:\\\/\\\/quehacerpolitico.mx\\\/#website\",\"url\":\"https:\\\/\\\/quehacerpolitico.mx\\\/\",\"name\":\"\",\"description\":\"\",\"potentialAction\":[{\"@type\":\"SearchAction\",\"target\":{\"@type\":\"EntryPoint\",\"urlTemplate\":\"https:\\\/\\\/quehacerpolitico.mx\\\/?s={search_term_string}\"},\"query-input\":{\"@type\":\"PropertyValueSpecification\",\"valueRequired\":true,\"valueName\":\"search_term_string\"}}],\"inLanguage\":\"es\"},{\"@type\":\"Person\",\"@id\":\"https:\\\/\\\/quehacerpolitico.mx\\\/#\\\/schema\\\/person\\\/496d8ad2d1d3f8036101dca7ee39e585\",\"name\":\"Redacci\u00f3n QP\",\"image\":{\"@type\":\"ImageObject\",\"inLanguage\":\"es\",\"@id\":\"https:\\\/\\\/secure.gravatar.com\\\/avatar\\\/c7164ed6fdec453195284ad24a5ae5b6e1eed2b848477fa2a4787ba9adf39a41?s=96&d=mm&r=g\",\"url\":\"https:\\\/\\\/secure.gravatar.com\\\/avatar\\\/c7164ed6fdec453195284ad24a5ae5b6e1eed2b848477fa2a4787ba9adf39a41?s=96&d=mm&r=g\",\"contentUrl\":\"https:\\\/\\\/secure.gravatar.com\\\/avatar\\\/c7164ed6fdec453195284ad24a5ae5b6e1eed2b848477fa2a4787ba9adf39a41?s=96&d=mm&r=g\",\"caption\":\"Redacci\u00f3n QP\"},\"url\":\"https:\\\/\\\/quehacerpolitico.mx\\\/?author=2\"}]}<\/script>\n<!-- \/ Yoast SEO plugin. -->","yoast_head_json":{"title":"AMLO pide confiar en la Consulta sobre el NAIM: \u201cse va a respetar el voto\u201d; los resultados, esta noche -","robots":{"index":"index","follow":"follow","max-snippet":"max-snippet:-1","max-image-preview":"max-image-preview:large","max-video-preview":"max-video-preview:-1"},"canonical":"https:\/\/quehacerpolitico.mx\/?p=7903","og_locale":"es_MX","og_type":"article","og_title":"AMLO pide confiar en la Consulta sobre el NAIM: \u201cse va a respetar el voto\u201d; los resultados, esta noche -","og_description":"AMLO pide confiar en la Consulta sobre el NAIM: \u201cse va a respetar el voto\u201d; los resultados, esta noche Por Redacci\u00f3n QP","og_url":"https:\/\/quehacerpolitico.mx\/?p=7903","article_published_time":"2018-10-28T18:37:50+00:00","author":"Redacci\u00f3n QP","twitter_card":"summary_large_image","twitter_misc":{"Escrito por":"Redacci\u00f3n QP","Tiempo de lectura":"3 minutos"},"schema":{"@context":"https:\/\/schema.org","@graph":[{"@type":"Article","@id":"https:\/\/quehacerpolitico.mx\/?p=7903#article","isPartOf":{"@id":"https:\/\/quehacerpolitico.mx\/?p=7903"},"author":{"name":"Redacci\u00f3n QP","@id":"https:\/\/quehacerpolitico.mx\/#\/schema\/person\/496d8ad2d1d3f8036101dca7ee39e585"},"headline":"AMLO pide confiar en la Consulta sobre el NAIM: \u201cse va a respetar el voto\u201d; los resultados, esta noche","datePublished":"2018-10-28T18:37:50+00:00","mainEntityOfPage":{"@id":"https:\/\/quehacerpolitico.mx\/?p=7903"},"wordCount":548,"commentCount":0,"image":{"@id":"https:\/\/quehacerpolitico.mx\/?p=7903#primaryimage"},"thumbnailUrl":"","articleSection":["Noticias"],"inLanguage":"es","potentialAction":[{"@type":"CommentAction","name":"Comment","target":["https:\/\/quehacerpolitico.mx\/?p=7903#respond"]}]},{"@type":"WebPage","@id":"https:\/\/quehacerpolitico.mx\/?p=7903","url":"https:\/\/quehacerpolitico.mx\/?p=7903","name":"AMLO pide confiar en la Consulta sobre el NAIM: \u201cse va a respetar el voto\u201d; los resultados, esta noche -","isPartOf":{"@id":"https:\/\/quehacerpolitico.mx\/#website"},"primaryImageOfPage":{"@id":"https:\/\/quehacerpolitico.mx\/?p=7903#primaryimage"},"image":{"@id":"https:\/\/quehacerpolitico.mx\/?p=7903#primaryimage"},"thumbnailUrl":"","datePublished":"2018-10-28T18:37:50+00:00","author":{"@id":"https:\/\/quehacerpolitico.mx\/#\/schema\/person\/496d8ad2d1d3f8036101dca7ee39e585"},"breadcrumb":{"@id":"https:\/\/quehacerpolitico.mx\/?p=7903#breadcrumb"},"inLanguage":"es","potentialAction":[{"@type":"ReadAction","target":["https:\/\/quehacerpolitico.mx\/?p=7903"]}]},{"@type":"ImageObject","inLanguage":"es","@id":"https:\/\/quehacerpolitico.mx\/?p=7903#primaryimage","url":"","contentUrl":""},{"@type":"BreadcrumbList","@id":"https:\/\/quehacerpolitico.mx\/?p=7903#breadcrumb","itemListElement":[{"@type":"ListItem","position":1,"name":"Inicio","item":"https:\/\/quehacerpolitico.mx\/"},{"@type":"ListItem","position":2,"name":"AMLO pide confiar en la Consulta sobre el NAIM: \u201cse va a respetar el voto\u201d; los resultados, esta noche"}]},{"@type":"WebSite","@id":"https:\/\/quehacerpolitico.mx\/#website","url":"https:\/\/quehacerpolitico.mx\/","name":"","description":"","potentialAction":[{"@type":"SearchAction","target":{"@type":"EntryPoint","urlTemplate":"https:\/\/quehacerpolitico.mx\/?s={search_term_string}"},"query-input":{"@type":"PropertyValueSpecification","valueRequired":true,"valueName":"search_term_string"}}],"inLanguage":"es"},{"@type":"Person","@id":"https:\/\/quehacerpolitico.mx\/#\/schema\/person\/496d8ad2d1d3f8036101dca7ee39e585","name":"Redacci\u00f3n QP","image":{"@type":"ImageObject","inLanguage":"es","@id":"https:\/\/secure.gravatar.com\/avatar\/c7164ed6fdec453195284ad24a5ae5b6e1eed2b848477fa2a4787ba9adf39a41?s=96&d=mm&r=g","url":"https:\/\/secure.gravatar.com\/avatar\/c7164ed6fdec453195284ad24a5ae5b6e1eed2b848477fa2a4787ba9adf39a41?s=96&d=mm&r=g","contentUrl":"https:\/\/secure.gravatar.com\/avatar\/c7164ed6fdec453195284ad24a5ae5b6e1eed2b848477fa2a4787ba9adf39a41?s=96&d=mm&r=g","caption":"Redacci\u00f3n QP"},"url":"https:\/\/quehacerpolitico.mx\/?author=2"}]}},"featured_image_urls":{"full":"","thumbnail":"","medium":"","medium_large":"","large":"","1536x1536":"","2048x2048":"","covernews-featured":"","covernews-medium":""},"author_info":{"display_name":"Redacci\u00f3n QP","author_link":"https:\/\/quehacerpolitico.mx\/?author=2"},"category_info":"<a href=\"https:\/\/quehacerpolitico.mx\/?cat=2\" rel=\"category\">Noticias<\/a>","tag_info":"Noticias","comment_count":"0","_links":{"self":[{"href":"https:\/\/quehacerpolitico.mx\/index.php?rest_route=\/wp\/v2\/posts\/7903","targetHints":{"allow":["GET"]}}],"collection":[{"href":"https:\/\/quehacerpolitico.mx\/index.php?rest_route=\/wp\/v2\/posts"}],"about":[{"href":"https:\/\/quehacerpolitico.mx\/index.php?rest_route=\/wp\/v2\/types\/post"}],"author":[{"embeddable":true,"href":"https:\/\/quehacerpolitico.mx\/index.php?rest_route=\/wp\/v2\/users\/2"}],"replies":[{"embeddable":true,"href":"https:\/\/quehacerpolitico.mx\/index.php?rest_route=%2Fwp%2Fv2%2Fcomments&post=7903"}],"version-history":[{"count":0,"href":"https:\/\/quehacerpolitico.mx\/index.php?rest_route=\/wp\/v2\/posts\/7903\/revisions"}],"wp:featuredmedia":[{"embeddable":true,"href":"https:\/\/quehacerpolitico.mx\/index.php?rest_route=\/"}],"wp:attachment":[{"href":"https:\/\/quehacerpolitico.mx\/index.php?rest_route=%2Fwp%2Fv2%2Fmedia&parent=7903"}],"wp:term":[{"taxonomy":"category","embeddable":true,"href":"https:\/\/quehacerpolitico.mx\/index.php?rest_route=%2Fwp%2Fv2%2Fcategories&post=7903"},{"taxonomy":"post_tag","embeddable":true,"href":"https:\/\/quehacerpolitico.mx\/index.php?rest_route=%2Fwp%2Fv2%2Ftags&post=7903"}],"curies":[{"name":"wp","href":"https:\/\/api.w.org\/{rel}","templated":true}]}}