{"id":7897,"date":"2018-10-28T18:11:15","date_gmt":"2018-10-28T18:11:15","guid":{"rendered":"http:\/\/quehacerpolitico.mx\/internacionales-carolina-alonso-romei-brasilenos-votan-en-la-segunda-vuelta-de-la-eleccion-presidencial-el-ultraderechista-bolsonaro-parte-como-favorito\/"},"modified":"2018-10-28T18:11:15","modified_gmt":"2018-10-28T18:11:15","slug":"internacionales-carolina-alonso-romei-brasilenos-votan-en-la-segunda-vuelta-de-la-eleccion-presidencial-el-ultraderechista-bolsonaro-parte-como-favorito","status":"publish","type":"post","link":"https:\/\/quehacerpolitico.mx\/?p=7897","title":{"rendered":"Internacionales\/\/\/Carolina Alonso Romei\/\/\/Brasile\u00f1os votan en la segunda vuelta de la elecci\u00f3n Presidencial; el ultraderechista Bolsonaro parte como favorito"},"content":{"rendered":"<h1>Brasile\u00f1os votan en la segunda vuelta de la elecci\u00f3n Presidencial; el ultraderechista Bolsonaro parte como favorito<\/h1>\n<p>Por Carolina Alonso Romei<\/p>\n<p>internacionalista<\/p>\n<p>El deseo de un cambio radical entre muchos brasile\u00f1os luego de a\u00f1os de turbulencia pol\u00edtica ha atizado el aumento de popularidad de un ex capit\u00e1n de ej\u00e9rcito, de <strong>extrema derecha,<\/strong> que seg\u00fan sus simpatizantes combatir\u00e1 la corrupci\u00f3n si el domingo resulta elegido, pero sus oponentes advierten que es una amenaza para una de las democracias m\u00e1s grandes del mundo.<\/p>\n<p><strong>Jair Bolsonaro<\/strong> ha ganado seguidores al definir a <strong>Brasil<\/strong> como un pa\u00eds en guerra, con criminales, pol\u00edticos corruptos e ideas izquierdistas que seg\u00fan \u00e9l podr\u00edan convertir al pa\u00eds en Venezuela, y promete revertir esa ola con fuerza y un gobierno \u00edntegro. Previo a la elecci\u00f3n del domingo, las encuestas indicaban que Bolsonaro ten\u00eda una ventaja de m\u00e1s de 10 puntos sobre su rival, el candidato izquierdista <strong>Fernando Haddad<\/strong>, del <strong>Partido de los Trabajadores<\/strong>.<\/p>\n<p>Ambos votaron temprano. Bolsonaro, rodeado de agentes de seguridad, no hizo declaraciones. Haddad dijo, \u201cconf\u00edo en que podemos ganar. Hay muchas voces democr\u00e1ticas que pudiendo callar, han hablado a favor nuestro\u201d.<\/p>\n<p>Bolsonaro gan\u00f3 popularidad debido al descontento de los brasile\u00f1os con su sistema pol\u00edtico luego de un esc\u00e1ndalo de corrupci\u00f3n masiva y una recesi\u00f3n prolongada. En particular, muchos brasile\u00f1os est\u00e1n furiosos con el Partido de los Trabajadores por su papel en la maquinaci\u00f3n de corrupci\u00f3n conocida como \u201clava autos\u201d y Haddad ha tenido problemas para crear una buena expectativa con sus promesas de volver a los tiempos de auge invirtiendo en salud y educaci\u00f3n y reducir la pobreza.<\/p>\n<p>\u201cSi tienes tres crisis ocurriendo al mismo tiempo _econ\u00f3mica, pol\u00edtica y moral, y de alguna manera \u00e9tica_ creo que uno crea un escenario que es perfecto para candidatos radicales, autoritarios y ajenos a la pol\u00edtica\u201d, dijo Oliver Stuenkel, profesor asociado de Relaciones Internacionales de la Fundaci\u00f3n Getulio Vargas en Sao Paulo. \u201cNo ser\u00eda extra\u00f1o que nos tocara ver la erosi\u00f3n de la democracia en Brasil. Ya la estamos viendo\u201d.<\/p>\n<p>Muchas personas en Brasil y fuera de este pa\u00eds han dicho estar preocupadas por la erosi\u00f3n de los derechos civiles y el debilitamiento de las instituciones en lo que queda de una democracia joven, especialmente desde que Bolsonaro comenz\u00f3 a hablar nost\u00e1lgicamente sobre las dictaduras militares de Brasil de 1964 a 1985 y dijo que nombrar\u00eda a militares a su gabinete.<\/p>\n<p>Con Informaci\u00f3n de AP<\/p>\n","protected":false},"excerpt":{"rendered":"<p>Brasile\u00f1os votan en la segunda vuelta de la elecci\u00f3n Presidencial; el ultraderechista Bolsonaro parte como favorito<br \/>\nPor Carolina Alonso Romei<br \/>\nInternacionalista<\/p>\n","protected":false},"author":2,"featured_media":7896,"comment_status":"open","ping_status":"open","sticky":false,"template":"","format":"standard","meta":{"_monsterinsights_skip_tracking":false,"_monsterinsights_sitenote_active":false,"_monsterinsights_sitenote_note":"","_monsterinsights_sitenote_category":0,"footnotes":""},"categories":[1],"tags":[],"class_list":["post-7897","post","type-post","status-publish","format-standard","has-post-thumbnail","hentry","category-sin-categoria"],"yoast_head":"<!-- This site is optimized with the Yoast SEO plugin v27.3 - https:\/\/yoast.com\/product\/yoast-seo-wordpress\/ -->\n<title>Internacionales\/\/\/Carolina Alonso Romei\/\/\/Brasile\u00f1os votan en la segunda vuelta de la elecci\u00f3n Presidencial; el ultraderechista Bolsonaro parte como favorito -<\/title>\n<meta name=\"robots\" content=\"index, follow, max-snippet:-1, max-image-preview:large, max-video-preview:-1\" \/>\n<link rel=\"canonical\" href=\"https:\/\/quehacerpolitico.mx\/?p=7897\" \/>\n<meta property=\"og:locale\" content=\"es_MX\" \/>\n<meta property=\"og:type\" content=\"article\" \/>\n<meta property=\"og:title\" content=\"Internacionales\/\/\/Carolina Alonso Romei\/\/\/Brasile\u00f1os votan en la segunda vuelta de la elecci\u00f3n Presidencial; el ultraderechista Bolsonaro parte como favorito -\" \/>\n<meta property=\"og:description\" content=\"Brasile\u00f1os votan en la segunda vuelta de la elecci\u00f3n Presidencial; el ultraderechista Bolsonaro parte como favorito Por Carolina Alonso Romei Internacionalista\" \/>\n<meta property=\"og:url\" content=\"https:\/\/quehacerpolitico.mx\/?p=7897\" \/>\n<meta property=\"article:published_time\" content=\"2018-10-28T18:11:15+00:00\" \/>\n<meta name=\"author\" content=\"Redacci\u00f3n QP\" \/>\n<meta name=\"twitter:card\" content=\"summary_large_image\" \/>\n<meta name=\"twitter:label1\" content=\"Escrito por\" \/>\n\t<meta name=\"twitter:data1\" content=\"Redacci\u00f3n QP\" \/>\n\t<meta name=\"twitter:label2\" content=\"Tiempo de lectura\" \/>\n\t<meta name=\"twitter:data2\" content=\"2 minutos\" \/>\n<script type=\"application\/ld+json\" class=\"yoast-schema-graph\">{\"@context\":\"https:\\\/\\\/schema.org\",\"@graph\":[{\"@type\":\"Article\",\"@id\":\"https:\\\/\\\/quehacerpolitico.mx\\\/?p=7897#article\",\"isPartOf\":{\"@id\":\"https:\\\/\\\/quehacerpolitico.mx\\\/?p=7897\"},\"author\":{\"name\":\"Redacci\u00f3n QP\",\"@id\":\"https:\\\/\\\/quehacerpolitico.mx\\\/#\\\/schema\\\/person\\\/496d8ad2d1d3f8036101dca7ee39e585\"},\"headline\":\"Internacionales\\\/\\\/\\\/Carolina Alonso Romei\\\/\\\/\\\/Brasile\u00f1os votan en la segunda vuelta de la elecci\u00f3n Presidencial; el ultraderechista Bolsonaro parte como favorito\",\"datePublished\":\"2018-10-28T18:11:15+00:00\",\"mainEntityOfPage\":{\"@id\":\"https:\\\/\\\/quehacerpolitico.mx\\\/?p=7897\"},\"wordCount\":456,\"commentCount\":0,\"image\":{\"@id\":\"https:\\\/\\\/quehacerpolitico.mx\\\/?p=7897#primaryimage\"},\"thumbnailUrl\":\"\",\"articleSection\":[\"Internacionales\"],\"inLanguage\":\"es\",\"potentialAction\":[{\"@type\":\"CommentAction\",\"name\":\"Comment\",\"target\":[\"https:\\\/\\\/quehacerpolitico.mx\\\/?p=7897#respond\"]}]},{\"@type\":\"WebPage\",\"@id\":\"https:\\\/\\\/quehacerpolitico.mx\\\/?p=7897\",\"url\":\"https:\\\/\\\/quehacerpolitico.mx\\\/?p=7897\",\"name\":\"Internacionales\\\/\\\/\\\/Carolina Alonso Romei\\\/\\\/\\\/Brasile\u00f1os votan en la segunda vuelta de la elecci\u00f3n Presidencial; el ultraderechista Bolsonaro parte como favorito -\",\"isPartOf\":{\"@id\":\"https:\\\/\\\/quehacerpolitico.mx\\\/#website\"},\"primaryImageOfPage\":{\"@id\":\"https:\\\/\\\/quehacerpolitico.mx\\\/?p=7897#primaryimage\"},\"image\":{\"@id\":\"https:\\\/\\\/quehacerpolitico.mx\\\/?p=7897#primaryimage\"},\"thumbnailUrl\":\"\",\"datePublished\":\"2018-10-28T18:11:15+00:00\",\"author\":{\"@id\":\"https:\\\/\\\/quehacerpolitico.mx\\\/#\\\/schema\\\/person\\\/496d8ad2d1d3f8036101dca7ee39e585\"},\"breadcrumb\":{\"@id\":\"https:\\\/\\\/quehacerpolitico.mx\\\/?p=7897#breadcrumb\"},\"inLanguage\":\"es\",\"potentialAction\":[{\"@type\":\"ReadAction\",\"target\":[\"https:\\\/\\\/quehacerpolitico.mx\\\/?p=7897\"]}]},{\"@type\":\"ImageObject\",\"inLanguage\":\"es\",\"@id\":\"https:\\\/\\\/quehacerpolitico.mx\\\/?p=7897#primaryimage\",\"url\":\"\",\"contentUrl\":\"\"},{\"@type\":\"BreadcrumbList\",\"@id\":\"https:\\\/\\\/quehacerpolitico.mx\\\/?p=7897#breadcrumb\",\"itemListElement\":[{\"@type\":\"ListItem\",\"position\":1,\"name\":\"Inicio\",\"item\":\"https:\\\/\\\/quehacerpolitico.mx\\\/\"},{\"@type\":\"ListItem\",\"position\":2,\"name\":\"Internacionales\\\/\\\/\\\/Carolina Alonso Romei\\\/\\\/\\\/Brasile\u00f1os votan en la segunda vuelta de la elecci\u00f3n Presidencial; el ultraderechista Bolsonaro parte como favorito\"}]},{\"@type\":\"WebSite\",\"@id\":\"https:\\\/\\\/quehacerpolitico.mx\\\/#website\",\"url\":\"https:\\\/\\\/quehacerpolitico.mx\\\/\",\"name\":\"\",\"description\":\"\",\"potentialAction\":[{\"@type\":\"SearchAction\",\"target\":{\"@type\":\"EntryPoint\",\"urlTemplate\":\"https:\\\/\\\/quehacerpolitico.mx\\\/?s={search_term_string}\"},\"query-input\":{\"@type\":\"PropertyValueSpecification\",\"valueRequired\":true,\"valueName\":\"search_term_string\"}}],\"inLanguage\":\"es\"},{\"@type\":\"Person\",\"@id\":\"https:\\\/\\\/quehacerpolitico.mx\\\/#\\\/schema\\\/person\\\/496d8ad2d1d3f8036101dca7ee39e585\",\"name\":\"Redacci\u00f3n QP\",\"image\":{\"@type\":\"ImageObject\",\"inLanguage\":\"es\",\"@id\":\"https:\\\/\\\/secure.gravatar.com\\\/avatar\\\/c7164ed6fdec453195284ad24a5ae5b6e1eed2b848477fa2a4787ba9adf39a41?s=96&d=mm&r=g\",\"url\":\"https:\\\/\\\/secure.gravatar.com\\\/avatar\\\/c7164ed6fdec453195284ad24a5ae5b6e1eed2b848477fa2a4787ba9adf39a41?s=96&d=mm&r=g\",\"contentUrl\":\"https:\\\/\\\/secure.gravatar.com\\\/avatar\\\/c7164ed6fdec453195284ad24a5ae5b6e1eed2b848477fa2a4787ba9adf39a41?s=96&d=mm&r=g\",\"caption\":\"Redacci\u00f3n QP\"},\"url\":\"https:\\\/\\\/quehacerpolitico.mx\\\/?author=2\"}]}<\/script>\n<!-- \/ Yoast SEO plugin. -->","yoast_head_json":{"title":"Internacionales\/\/\/Carolina Alonso Romei\/\/\/Brasile\u00f1os votan en la segunda vuelta de la elecci\u00f3n Presidencial; el ultraderechista Bolsonaro parte como favorito -","robots":{"index":"index","follow":"follow","max-snippet":"max-snippet:-1","max-image-preview":"max-image-preview:large","max-video-preview":"max-video-preview:-1"},"canonical":"https:\/\/quehacerpolitico.mx\/?p=7897","og_locale":"es_MX","og_type":"article","og_title":"Internacionales\/\/\/Carolina Alonso Romei\/\/\/Brasile\u00f1os votan en la segunda vuelta de la elecci\u00f3n Presidencial; el ultraderechista Bolsonaro parte como favorito -","og_description":"Brasile\u00f1os votan en la segunda vuelta de la elecci\u00f3n Presidencial; el ultraderechista Bolsonaro parte como favorito Por Carolina Alonso Romei Internacionalista","og_url":"https:\/\/quehacerpolitico.mx\/?p=7897","article_published_time":"2018-10-28T18:11:15+00:00","author":"Redacci\u00f3n QP","twitter_card":"summary_large_image","twitter_misc":{"Escrito por":"Redacci\u00f3n QP","Tiempo de lectura":"2 minutos"},"schema":{"@context":"https:\/\/schema.org","@graph":[{"@type":"Article","@id":"https:\/\/quehacerpolitico.mx\/?p=7897#article","isPartOf":{"@id":"https:\/\/quehacerpolitico.mx\/?p=7897"},"author":{"name":"Redacci\u00f3n QP","@id":"https:\/\/quehacerpolitico.mx\/#\/schema\/person\/496d8ad2d1d3f8036101dca7ee39e585"},"headline":"Internacionales\/\/\/Carolina Alonso Romei\/\/\/Brasile\u00f1os votan en la segunda vuelta de la elecci\u00f3n Presidencial; el ultraderechista Bolsonaro parte como favorito","datePublished":"2018-10-28T18:11:15+00:00","mainEntityOfPage":{"@id":"https:\/\/quehacerpolitico.mx\/?p=7897"},"wordCount":456,"commentCount":0,"image":{"@id":"https:\/\/quehacerpolitico.mx\/?p=7897#primaryimage"},"thumbnailUrl":"","articleSection":["Internacionales"],"inLanguage":"es","potentialAction":[{"@type":"CommentAction","name":"Comment","target":["https:\/\/quehacerpolitico.mx\/?p=7897#respond"]}]},{"@type":"WebPage","@id":"https:\/\/quehacerpolitico.mx\/?p=7897","url":"https:\/\/quehacerpolitico.mx\/?p=7897","name":"Internacionales\/\/\/Carolina Alonso Romei\/\/\/Brasile\u00f1os votan en la segunda vuelta de la elecci\u00f3n Presidencial; el ultraderechista Bolsonaro parte como favorito -","isPartOf":{"@id":"https:\/\/quehacerpolitico.mx\/#website"},"primaryImageOfPage":{"@id":"https:\/\/quehacerpolitico.mx\/?p=7897#primaryimage"},"image":{"@id":"https:\/\/quehacerpolitico.mx\/?p=7897#primaryimage"},"thumbnailUrl":"","datePublished":"2018-10-28T18:11:15+00:00","author":{"@id":"https:\/\/quehacerpolitico.mx\/#\/schema\/person\/496d8ad2d1d3f8036101dca7ee39e585"},"breadcrumb":{"@id":"https:\/\/quehacerpolitico.mx\/?p=7897#breadcrumb"},"inLanguage":"es","potentialAction":[{"@type":"ReadAction","target":["https:\/\/quehacerpolitico.mx\/?p=7897"]}]},{"@type":"ImageObject","inLanguage":"es","@id":"https:\/\/quehacerpolitico.mx\/?p=7897#primaryimage","url":"","contentUrl":""},{"@type":"BreadcrumbList","@id":"https:\/\/quehacerpolitico.mx\/?p=7897#breadcrumb","itemListElement":[{"@type":"ListItem","position":1,"name":"Inicio","item":"https:\/\/quehacerpolitico.mx\/"},{"@type":"ListItem","position":2,"name":"Internacionales\/\/\/Carolina Alonso Romei\/\/\/Brasile\u00f1os votan en la segunda vuelta de la elecci\u00f3n Presidencial; el ultraderechista Bolsonaro parte como favorito"}]},{"@type":"WebSite","@id":"https:\/\/quehacerpolitico.mx\/#website","url":"https:\/\/quehacerpolitico.mx\/","name":"","description":"","potentialAction":[{"@type":"SearchAction","target":{"@type":"EntryPoint","urlTemplate":"https:\/\/quehacerpolitico.mx\/?s={search_term_string}"},"query-input":{"@type":"PropertyValueSpecification","valueRequired":true,"valueName":"search_term_string"}}],"inLanguage":"es"},{"@type":"Person","@id":"https:\/\/quehacerpolitico.mx\/#\/schema\/person\/496d8ad2d1d3f8036101dca7ee39e585","name":"Redacci\u00f3n QP","image":{"@type":"ImageObject","inLanguage":"es","@id":"https:\/\/secure.gravatar.com\/avatar\/c7164ed6fdec453195284ad24a5ae5b6e1eed2b848477fa2a4787ba9adf39a41?s=96&d=mm&r=g","url":"https:\/\/secure.gravatar.com\/avatar\/c7164ed6fdec453195284ad24a5ae5b6e1eed2b848477fa2a4787ba9adf39a41?s=96&d=mm&r=g","contentUrl":"https:\/\/secure.gravatar.com\/avatar\/c7164ed6fdec453195284ad24a5ae5b6e1eed2b848477fa2a4787ba9adf39a41?s=96&d=mm&r=g","caption":"Redacci\u00f3n QP"},"url":"https:\/\/quehacerpolitico.mx\/?author=2"}]}},"featured_image_urls":{"full":"","thumbnail":"","medium":"","medium_large":"","large":"","1536x1536":"","2048x2048":"","covernews-featured":"","covernews-medium":""},"author_info":{"display_name":"Redacci\u00f3n QP","author_link":"https:\/\/quehacerpolitico.mx\/?author=2"},"category_info":"<a href=\"https:\/\/quehacerpolitico.mx\/?cat=1\" rel=\"category\">Internacionales<\/a>","tag_info":"Internacionales","comment_count":"0","_links":{"self":[{"href":"https:\/\/quehacerpolitico.mx\/index.php?rest_route=\/wp\/v2\/posts\/7897","targetHints":{"allow":["GET"]}}],"collection":[{"href":"https:\/\/quehacerpolitico.mx\/index.php?rest_route=\/wp\/v2\/posts"}],"about":[{"href":"https:\/\/quehacerpolitico.mx\/index.php?rest_route=\/wp\/v2\/types\/post"}],"author":[{"embeddable":true,"href":"https:\/\/quehacerpolitico.mx\/index.php?rest_route=\/wp\/v2\/users\/2"}],"replies":[{"embeddable":true,"href":"https:\/\/quehacerpolitico.mx\/index.php?rest_route=%2Fwp%2Fv2%2Fcomments&post=7897"}],"version-history":[{"count":0,"href":"https:\/\/quehacerpolitico.mx\/index.php?rest_route=\/wp\/v2\/posts\/7897\/revisions"}],"wp:featuredmedia":[{"embeddable":true,"href":"https:\/\/quehacerpolitico.mx\/index.php?rest_route=\/"}],"wp:attachment":[{"href":"https:\/\/quehacerpolitico.mx\/index.php?rest_route=%2Fwp%2Fv2%2Fmedia&parent=7897"}],"wp:term":[{"taxonomy":"category","embeddable":true,"href":"https:\/\/quehacerpolitico.mx\/index.php?rest_route=%2Fwp%2Fv2%2Fcategories&post=7897"},{"taxonomy":"post_tag","embeddable":true,"href":"https:\/\/quehacerpolitico.mx\/index.php?rest_route=%2Fwp%2Fv2%2Ftags&post=7897"}],"curies":[{"name":"wp","href":"https:\/\/api.w.org\/{rel}","templated":true}]}}