{"id":78751,"date":"2021-04-06T16:38:42","date_gmt":"2021-04-06T16:38:42","guid":{"rendered":"https:\/\/quehacerpolitico.mx\/?p=78751"},"modified":"2021-04-06T16:38:42","modified_gmt":"2021-04-06T16:38:42","slug":"corea-del-norte-no-participara-en-tokio-2020-debido-la-pandemia-covid-19","status":"publish","type":"post","link":"https:\/\/quehacerpolitico.mx\/?p=78751","title":{"rendered":"Corea del Norte no participar\u00e1 en Tokio 2020 debido a la pandemia COVID-19"},"content":{"rendered":"<h1>Corea del Norte no participar\u00e1 en Tokio 2020 debido a la pandemia COVID-19<br \/>\nPor Redacci\u00f3n QP<\/h1>\n<p>Ser\u00e1 la primera vez que Corea del Norte no participa en unos Juegos de verano desde los de Se\u00fal en 1988.<\/p>\n<p class=\"p1\"><strong>Corea del Norte ha anunciado que no participar\u00e1 en los Juegos Ol\u00edmpicos de Tokio 2020<\/strong> que arrancar\u00e1n en la capital nipona en julio de cara a \u201cproteger\u201d a sus deportistas de posibles contagios de COVID-19<\/p>\n<p class=\"p1\">La decisi\u00f3n se ha conocido mediante una publicaci\u00f3n realizada a \u00faltima hora del lunes en la p\u00e1gina web del Departamento de Deportes norcoreano que informa de los resultados de la asamblea del Comit\u00e9 Ol\u00edmpico del pa\u00eds asi\u00e1tico celebrada el 25 de marzo en la que se adopt\u00f3 dicha resoluci\u00f3n de no enviar atletas a los JJOO.<\/p>\n<blockquote>\n<p class=\"p1\"><em>\u201cEn la asamblea general, el Comit\u00e9 Ol\u00edmpico de la Rep\u00fablica Popular Democr\u00e1tica de Corea (nombre oficial del pa\u00eds) decidi\u00f3 no participar en los trig\u00e9simo segundos Juegos Ol\u00edmpicos de cara a proteger a los atletas de la crisis sanitaria global causada por una maligna infecci\u00f3n viral\u201d<\/em>, explica la nota.<\/p>\n<\/blockquote>\n<p class=\"p1\">El texto explica la decisi\u00f3n en el \u00faltimo p\u00e1rrafo de la pieza y no a\u00f1ade m\u00e1s detalles al respecto.<\/p>\n<p class=\"p1\">A ra\u00edz de esta reuni\u00f3n del Comit\u00e9 Ol\u00edmpico norcoreano celebrada el pasado 25 de marzo y publicitada por los medios de propaganda del r\u00e9gimen muchos expertos sospechaban que Pionyang cancelar\u00eda su participaci\u00f3n en los Juegos en base a su estricto sistema de cuarentena y aislamiento.<\/p>\n<p class=\"p1\">El nivel extremo de reclusi\u00f3n activados para evitar la propagaci\u00f3n del virus ha llevado a la suspensi\u00f3n casi total de los intercambios comerciales con China (de quien Corea del Norte compra el 90% de sus importaciones), haciendo temer por la escasez de productos b\u00e1sicos, y ha llevado a la mayor\u00eda de diplom\u00e1ticos a abandonar el pa\u00eds.<\/p>\n<p class=\"p1\">El Gobierno surcoreano esperaba que los <strong>Juegos Ol\u00edmpicos de Tokio 2020, que arrancar\u00e1n el 23 de julio<\/strong>, fueran un escenario para reactivar el di\u00e1logo con su vecino, en un momento marcado por el distanciamiento diplom\u00e1tico en la pen\u00ednsula y por el estancamiento del di\u00e1logo sobre desnuclearizaci\u00f3n con EE.UU.<\/p>\n<blockquote>\n<p class=\"p1\"><em>\u201cTen\u00edamos la esperanza de que los JJOO pudieran servir como una oportunidad para lograr avances en la reconciliaci\u00f3n y la cooperaci\u00f3n intercoreana y para imponer la paz en la pen\u00ednsula coreana. Es una decepci\u00f3n que esto se haya vuelto improbable debido a la COVID-19\u201d<\/em>, explic\u00f3 en rueda de prensa un portavoz del Gobierno sure\u00f1o.<\/p>\n<\/blockquote>\n<p class=\"p1\">Ser\u00e1 la <strong>primera vez que Corea del Norte no participa en unos Juegos de verano desde los de Se\u00fal<\/strong> en 1988, los cuales Pionyang inst\u00f3 entonces a boicotear.<\/p>\n<p class=\"p1\">Aunque ambos pa\u00edses siguen t\u00e9cnicamente en guerra desde el conflicto que los enfrent\u00f3 en los cincuenta, en ocasiones han logrado presentar equipos conjuntos y desfilar bajo una bandera unificada, la \u00faltima vez en los Juegos de Invierno de PyeonChang, celebrados en territorio surcoreano en 2018.<\/p>\n<p class=\"p1\">Con informaci\u00f3n de EFE.<\/p>\n","protected":false},"excerpt":{"rendered":"<p>Corea del Norte no participar\u00e1 en Tokio 2020 debido a la pandemia COVID-19 Por Redacci\u00f3n&#8230;<\/p>\n","protected":false},"author":2,"featured_media":78759,"comment_status":"open","ping_status":"open","sticky":false,"template":"","format":"standard","meta":{"_monsterinsights_skip_tracking":false,"_monsterinsights_sitenote_active":false,"_monsterinsights_sitenote_note":"","_monsterinsights_sitenote_category":0,"footnotes":""},"categories":[54],"tags":[],"class_list":["post-78751","post","type-post","status-publish","format-standard","has-post-thumbnail","hentry","category-deportes"],"yoast_head":"<!-- This site is optimized with the Yoast SEO plugin v27.3 - https:\/\/yoast.com\/product\/yoast-seo-wordpress\/ -->\n<title>Corea del Norte no participar\u00e1 en Tokio 2020 debido a la pandemia COVID-19 -<\/title>\n<meta name=\"robots\" content=\"index, follow, max-snippet:-1, max-image-preview:large, max-video-preview:-1\" \/>\n<link rel=\"canonical\" href=\"https:\/\/quehacerpolitico.mx\/?p=78751\" \/>\n<meta property=\"og:locale\" content=\"es_MX\" \/>\n<meta property=\"og:type\" content=\"article\" \/>\n<meta property=\"og:title\" content=\"Corea del Norte no participar\u00e1 en Tokio 2020 debido a la pandemia COVID-19 -\" \/>\n<meta property=\"og:description\" content=\"Corea del Norte no participar\u00e1 en Tokio 2020 debido a la pandemia COVID-19 Por Redacci\u00f3n...\" \/>\n<meta property=\"og:url\" content=\"https:\/\/quehacerpolitico.mx\/?p=78751\" \/>\n<meta property=\"article:published_time\" content=\"2021-04-06T16:38:42+00:00\" \/>\n<meta property=\"og:image\" content=\"https:\/\/quehacerpolitico.mx\/wp-content\/uploads\/2021\/04\/5831F0C7-E30F-4082-A457-63463EA3DD7D.jpeg\" \/>\n\t<meta property=\"og:image:width\" content=\"393\" \/>\n\t<meta property=\"og:image:height\" content=\"340\" \/>\n\t<meta property=\"og:image:type\" content=\"image\/jpeg\" \/>\n<meta name=\"author\" content=\"Redacci\u00f3n QP\" \/>\n<meta name=\"twitter:card\" content=\"summary_large_image\" \/>\n<meta name=\"twitter:label1\" content=\"Escrito por\" \/>\n\t<meta name=\"twitter:data1\" content=\"Redacci\u00f3n QP\" \/>\n\t<meta name=\"twitter:label2\" content=\"Tiempo de lectura\" \/>\n\t<meta name=\"twitter:data2\" content=\"3 minutos\" \/>\n<script type=\"application\/ld+json\" class=\"yoast-schema-graph\">{\"@context\":\"https:\\\/\\\/schema.org\",\"@graph\":[{\"@type\":\"Article\",\"@id\":\"https:\\\/\\\/quehacerpolitico.mx\\\/?p=78751#article\",\"isPartOf\":{\"@id\":\"https:\\\/\\\/quehacerpolitico.mx\\\/?p=78751\"},\"author\":{\"name\":\"Redacci\u00f3n QP\",\"@id\":\"https:\\\/\\\/quehacerpolitico.mx\\\/#\\\/schema\\\/person\\\/496d8ad2d1d3f8036101dca7ee39e585\"},\"headline\":\"Corea del Norte no participar\u00e1 en Tokio 2020 debido a la pandemia COVID-19\",\"datePublished\":\"2021-04-06T16:38:42+00:00\",\"mainEntityOfPage\":{\"@id\":\"https:\\\/\\\/quehacerpolitico.mx\\\/?p=78751\"},\"wordCount\":530,\"commentCount\":0,\"image\":{\"@id\":\"https:\\\/\\\/quehacerpolitico.mx\\\/?p=78751#primaryimage\"},\"thumbnailUrl\":\"https:\\\/\\\/quehacerpolitico.mx\\\/wp-content\\\/uploads\\\/2021\\\/04\\\/5831F0C7-E30F-4082-A457-63463EA3DD7D.jpeg\",\"articleSection\":[\"Deportes\"],\"inLanguage\":\"es\",\"potentialAction\":[{\"@type\":\"CommentAction\",\"name\":\"Comment\",\"target\":[\"https:\\\/\\\/quehacerpolitico.mx\\\/?p=78751#respond\"]}]},{\"@type\":\"WebPage\",\"@id\":\"https:\\\/\\\/quehacerpolitico.mx\\\/?p=78751\",\"url\":\"https:\\\/\\\/quehacerpolitico.mx\\\/?p=78751\",\"name\":\"Corea del Norte no participar\u00e1 en Tokio 2020 debido a la pandemia COVID-19 -\",\"isPartOf\":{\"@id\":\"https:\\\/\\\/quehacerpolitico.mx\\\/#website\"},\"primaryImageOfPage\":{\"@id\":\"https:\\\/\\\/quehacerpolitico.mx\\\/?p=78751#primaryimage\"},\"image\":{\"@id\":\"https:\\\/\\\/quehacerpolitico.mx\\\/?p=78751#primaryimage\"},\"thumbnailUrl\":\"https:\\\/\\\/quehacerpolitico.mx\\\/wp-content\\\/uploads\\\/2021\\\/04\\\/5831F0C7-E30F-4082-A457-63463EA3DD7D.jpeg\",\"datePublished\":\"2021-04-06T16:38:42+00:00\",\"author\":{\"@id\":\"https:\\\/\\\/quehacerpolitico.mx\\\/#\\\/schema\\\/person\\\/496d8ad2d1d3f8036101dca7ee39e585\"},\"breadcrumb\":{\"@id\":\"https:\\\/\\\/quehacerpolitico.mx\\\/?p=78751#breadcrumb\"},\"inLanguage\":\"es\",\"potentialAction\":[{\"@type\":\"ReadAction\",\"target\":[\"https:\\\/\\\/quehacerpolitico.mx\\\/?p=78751\"]}]},{\"@type\":\"ImageObject\",\"inLanguage\":\"es\",\"@id\":\"https:\\\/\\\/quehacerpolitico.mx\\\/?p=78751#primaryimage\",\"url\":\"https:\\\/\\\/quehacerpolitico.mx\\\/wp-content\\\/uploads\\\/2021\\\/04\\\/5831F0C7-E30F-4082-A457-63463EA3DD7D.jpeg\",\"contentUrl\":\"https:\\\/\\\/quehacerpolitico.mx\\\/wp-content\\\/uploads\\\/2021\\\/04\\\/5831F0C7-E30F-4082-A457-63463EA3DD7D.jpeg\",\"width\":393,\"height\":340},{\"@type\":\"BreadcrumbList\",\"@id\":\"https:\\\/\\\/quehacerpolitico.mx\\\/?p=78751#breadcrumb\",\"itemListElement\":[{\"@type\":\"ListItem\",\"position\":1,\"name\":\"Inicio\",\"item\":\"https:\\\/\\\/quehacerpolitico.mx\\\/\"},{\"@type\":\"ListItem\",\"position\":2,\"name\":\"Corea del Norte no participar\u00e1 en Tokio 2020 debido a la pandemia COVID-19\"}]},{\"@type\":\"WebSite\",\"@id\":\"https:\\\/\\\/quehacerpolitico.mx\\\/#website\",\"url\":\"https:\\\/\\\/quehacerpolitico.mx\\\/\",\"name\":\"\",\"description\":\"\",\"potentialAction\":[{\"@type\":\"SearchAction\",\"target\":{\"@type\":\"EntryPoint\",\"urlTemplate\":\"https:\\\/\\\/quehacerpolitico.mx\\\/?s={search_term_string}\"},\"query-input\":{\"@type\":\"PropertyValueSpecification\",\"valueRequired\":true,\"valueName\":\"search_term_string\"}}],\"inLanguage\":\"es\"},{\"@type\":\"Person\",\"@id\":\"https:\\\/\\\/quehacerpolitico.mx\\\/#\\\/schema\\\/person\\\/496d8ad2d1d3f8036101dca7ee39e585\",\"name\":\"Redacci\u00f3n QP\",\"image\":{\"@type\":\"ImageObject\",\"inLanguage\":\"es\",\"@id\":\"https:\\\/\\\/secure.gravatar.com\\\/avatar\\\/c7164ed6fdec453195284ad24a5ae5b6e1eed2b848477fa2a4787ba9adf39a41?s=96&d=mm&r=g\",\"url\":\"https:\\\/\\\/secure.gravatar.com\\\/avatar\\\/c7164ed6fdec453195284ad24a5ae5b6e1eed2b848477fa2a4787ba9adf39a41?s=96&d=mm&r=g\",\"contentUrl\":\"https:\\\/\\\/secure.gravatar.com\\\/avatar\\\/c7164ed6fdec453195284ad24a5ae5b6e1eed2b848477fa2a4787ba9adf39a41?s=96&d=mm&r=g\",\"caption\":\"Redacci\u00f3n QP\"},\"url\":\"https:\\\/\\\/quehacerpolitico.mx\\\/?author=2\"}]}<\/script>\n<!-- \/ Yoast SEO plugin. -->","yoast_head_json":{"title":"Corea del Norte no participar\u00e1 en Tokio 2020 debido a la pandemia COVID-19 -","robots":{"index":"index","follow":"follow","max-snippet":"max-snippet:-1","max-image-preview":"max-image-preview:large","max-video-preview":"max-video-preview:-1"},"canonical":"https:\/\/quehacerpolitico.mx\/?p=78751","og_locale":"es_MX","og_type":"article","og_title":"Corea del Norte no participar\u00e1 en Tokio 2020 debido a la pandemia COVID-19 -","og_description":"Corea del Norte no participar\u00e1 en Tokio 2020 debido a la pandemia COVID-19 Por Redacci\u00f3n...","og_url":"https:\/\/quehacerpolitico.mx\/?p=78751","article_published_time":"2021-04-06T16:38:42+00:00","og_image":[{"width":393,"height":340,"url":"https:\/\/quehacerpolitico.mx\/wp-content\/uploads\/2021\/04\/5831F0C7-E30F-4082-A457-63463EA3DD7D.jpeg","type":"image\/jpeg"}],"author":"Redacci\u00f3n QP","twitter_card":"summary_large_image","twitter_misc":{"Escrito por":"Redacci\u00f3n QP","Tiempo de lectura":"3 minutos"},"schema":{"@context":"https:\/\/schema.org","@graph":[{"@type":"Article","@id":"https:\/\/quehacerpolitico.mx\/?p=78751#article","isPartOf":{"@id":"https:\/\/quehacerpolitico.mx\/?p=78751"},"author":{"name":"Redacci\u00f3n QP","@id":"https:\/\/quehacerpolitico.mx\/#\/schema\/person\/496d8ad2d1d3f8036101dca7ee39e585"},"headline":"Corea del Norte no participar\u00e1 en Tokio 2020 debido a la pandemia COVID-19","datePublished":"2021-04-06T16:38:42+00:00","mainEntityOfPage":{"@id":"https:\/\/quehacerpolitico.mx\/?p=78751"},"wordCount":530,"commentCount":0,"image":{"@id":"https:\/\/quehacerpolitico.mx\/?p=78751#primaryimage"},"thumbnailUrl":"https:\/\/quehacerpolitico.mx\/wp-content\/uploads\/2021\/04\/5831F0C7-E30F-4082-A457-63463EA3DD7D.jpeg","articleSection":["Deportes"],"inLanguage":"es","potentialAction":[{"@type":"CommentAction","name":"Comment","target":["https:\/\/quehacerpolitico.mx\/?p=78751#respond"]}]},{"@type":"WebPage","@id":"https:\/\/quehacerpolitico.mx\/?p=78751","url":"https:\/\/quehacerpolitico.mx\/?p=78751","name":"Corea del Norte no participar\u00e1 en Tokio 2020 debido a la pandemia COVID-19 -","isPartOf":{"@id":"https:\/\/quehacerpolitico.mx\/#website"},"primaryImageOfPage":{"@id":"https:\/\/quehacerpolitico.mx\/?p=78751#primaryimage"},"image":{"@id":"https:\/\/quehacerpolitico.mx\/?p=78751#primaryimage"},"thumbnailUrl":"https:\/\/quehacerpolitico.mx\/wp-content\/uploads\/2021\/04\/5831F0C7-E30F-4082-A457-63463EA3DD7D.jpeg","datePublished":"2021-04-06T16:38:42+00:00","author":{"@id":"https:\/\/quehacerpolitico.mx\/#\/schema\/person\/496d8ad2d1d3f8036101dca7ee39e585"},"breadcrumb":{"@id":"https:\/\/quehacerpolitico.mx\/?p=78751#breadcrumb"},"inLanguage":"es","potentialAction":[{"@type":"ReadAction","target":["https:\/\/quehacerpolitico.mx\/?p=78751"]}]},{"@type":"ImageObject","inLanguage":"es","@id":"https:\/\/quehacerpolitico.mx\/?p=78751#primaryimage","url":"https:\/\/quehacerpolitico.mx\/wp-content\/uploads\/2021\/04\/5831F0C7-E30F-4082-A457-63463EA3DD7D.jpeg","contentUrl":"https:\/\/quehacerpolitico.mx\/wp-content\/uploads\/2021\/04\/5831F0C7-E30F-4082-A457-63463EA3DD7D.jpeg","width":393,"height":340},{"@type":"BreadcrumbList","@id":"https:\/\/quehacerpolitico.mx\/?p=78751#breadcrumb","itemListElement":[{"@type":"ListItem","position":1,"name":"Inicio","item":"https:\/\/quehacerpolitico.mx\/"},{"@type":"ListItem","position":2,"name":"Corea del Norte no participar\u00e1 en Tokio 2020 debido a la pandemia COVID-19"}]},{"@type":"WebSite","@id":"https:\/\/quehacerpolitico.mx\/#website","url":"https:\/\/quehacerpolitico.mx\/","name":"","description":"","potentialAction":[{"@type":"SearchAction","target":{"@type":"EntryPoint","urlTemplate":"https:\/\/quehacerpolitico.mx\/?s={search_term_string}"},"query-input":{"@type":"PropertyValueSpecification","valueRequired":true,"valueName":"search_term_string"}}],"inLanguage":"es"},{"@type":"Person","@id":"https:\/\/quehacerpolitico.mx\/#\/schema\/person\/496d8ad2d1d3f8036101dca7ee39e585","name":"Redacci\u00f3n QP","image":{"@type":"ImageObject","inLanguage":"es","@id":"https:\/\/secure.gravatar.com\/avatar\/c7164ed6fdec453195284ad24a5ae5b6e1eed2b848477fa2a4787ba9adf39a41?s=96&d=mm&r=g","url":"https:\/\/secure.gravatar.com\/avatar\/c7164ed6fdec453195284ad24a5ae5b6e1eed2b848477fa2a4787ba9adf39a41?s=96&d=mm&r=g","contentUrl":"https:\/\/secure.gravatar.com\/avatar\/c7164ed6fdec453195284ad24a5ae5b6e1eed2b848477fa2a4787ba9adf39a41?s=96&d=mm&r=g","caption":"Redacci\u00f3n QP"},"url":"https:\/\/quehacerpolitico.mx\/?author=2"}]}},"featured_image_urls":{"full":["https:\/\/quehacerpolitico.mx\/wp-content\/uploads\/2021\/04\/5831F0C7-E30F-4082-A457-63463EA3DD7D.jpeg",393,340,false],"thumbnail":["https:\/\/quehacerpolitico.mx\/wp-content\/uploads\/2021\/04\/5831F0C7-E30F-4082-A457-63463EA3DD7D-150x150.jpeg",150,150,true],"medium":["https:\/\/quehacerpolitico.mx\/wp-content\/uploads\/2021\/04\/5831F0C7-E30F-4082-A457-63463EA3DD7D-300x260.jpeg",300,260,true],"medium_large":["https:\/\/quehacerpolitico.mx\/wp-content\/uploads\/2021\/04\/5831F0C7-E30F-4082-A457-63463EA3DD7D.jpeg",393,340,false],"large":["https:\/\/quehacerpolitico.mx\/wp-content\/uploads\/2021\/04\/5831F0C7-E30F-4082-A457-63463EA3DD7D.jpeg",393,340,false],"1536x1536":["https:\/\/quehacerpolitico.mx\/wp-content\/uploads\/2021\/04\/5831F0C7-E30F-4082-A457-63463EA3DD7D.jpeg",393,340,false],"2048x2048":["https:\/\/quehacerpolitico.mx\/wp-content\/uploads\/2021\/04\/5831F0C7-E30F-4082-A457-63463EA3DD7D.jpeg",393,340,false],"covernews-featured":["https:\/\/quehacerpolitico.mx\/wp-content\/uploads\/2021\/04\/5831F0C7-E30F-4082-A457-63463EA3DD7D.jpeg",393,340,false],"covernews-medium":["https:\/\/quehacerpolitico.mx\/wp-content\/uploads\/2021\/04\/5831F0C7-E30F-4082-A457-63463EA3DD7D.jpeg",393,340,false]},"author_info":{"display_name":"Redacci\u00f3n QP","author_link":"https:\/\/quehacerpolitico.mx\/?author=2"},"category_info":"<a href=\"https:\/\/quehacerpolitico.mx\/?cat=54\" rel=\"category\">Deportes<\/a>","tag_info":"Deportes","comment_count":"0","_links":{"self":[{"href":"https:\/\/quehacerpolitico.mx\/index.php?rest_route=\/wp\/v2\/posts\/78751","targetHints":{"allow":["GET"]}}],"collection":[{"href":"https:\/\/quehacerpolitico.mx\/index.php?rest_route=\/wp\/v2\/posts"}],"about":[{"href":"https:\/\/quehacerpolitico.mx\/index.php?rest_route=\/wp\/v2\/types\/post"}],"author":[{"embeddable":true,"href":"https:\/\/quehacerpolitico.mx\/index.php?rest_route=\/wp\/v2\/users\/2"}],"replies":[{"embeddable":true,"href":"https:\/\/quehacerpolitico.mx\/index.php?rest_route=%2Fwp%2Fv2%2Fcomments&post=78751"}],"version-history":[{"count":0,"href":"https:\/\/quehacerpolitico.mx\/index.php?rest_route=\/wp\/v2\/posts\/78751\/revisions"}],"wp:featuredmedia":[{"embeddable":true,"href":"https:\/\/quehacerpolitico.mx\/index.php?rest_route=\/wp\/v2\/media\/78759"}],"wp:attachment":[{"href":"https:\/\/quehacerpolitico.mx\/index.php?rest_route=%2Fwp%2Fv2%2Fmedia&parent=78751"}],"wp:term":[{"taxonomy":"category","embeddable":true,"href":"https:\/\/quehacerpolitico.mx\/index.php?rest_route=%2Fwp%2Fv2%2Fcategories&post=78751"},{"taxonomy":"post_tag","embeddable":true,"href":"https:\/\/quehacerpolitico.mx\/index.php?rest_route=%2Fwp%2Fv2%2Ftags&post=78751"}],"curies":[{"name":"wp","href":"https:\/\/api.w.org\/{rel}","templated":true}]}}