{"id":78502,"date":"2021-04-03T05:02:51","date_gmt":"2021-04-03T05:02:51","guid":{"rendered":"https:\/\/quehacerpolitico.mx\/?p=78502"},"modified":"2021-04-03T05:02:51","modified_gmt":"2021-04-03T05:02:51","slug":"vinculan-proceso-candidata-del-pan-la-gubernatura-de-chihuahua","status":"publish","type":"post","link":"https:\/\/quehacerpolitico.mx\/?p=78502","title":{"rendered":"Vinculan a proceso a candidata del PAN a la gubernatura de Chihuahua"},"content":{"rendered":"<h1 class=\"article_title\">Vinculan a proceso a candidata del PAN a la gubernatura de Chihuahua<br \/>\nPor Redacci\u00f3n QP<\/h1>\n<div class=\"article_heading\">\n<p>Actualmente la candidata del PAN, Mar\u00eda Eugenia Campos Galv\u00e1n se encuentra en libertad por un amparo concedido por un juez federal<\/p>\n<p>La <strong>candidata<\/strong> del <strong>Partido Acci\u00f3n Nacional (PAN)<\/strong> y alcaldesa con licencia de la ciudad de <strong>Chihuahua<\/strong>, <strong>Mar\u00eda Eugenia Campos Galv\u00e1n<\/strong>, fue vinculada a proceso por el delito de cohecho.<\/p>\n<p>El juez Samuel Mendoza, dict\u00f3 la vinculaci\u00f3n a proceso poco antes de la media noche del jueves 1 de abril de 2021, luego de que el Ministerio P\u00fablico aport\u00f3 elementos de prueba, de que la candidata Mar\u00eda Eugenia Campos, recibi\u00f3 del exgobernador de Chihuahua, C\u00e9sar Duarte 8.2 millones de pesos entre los a\u00f1os 2014 y 2015.<\/p>\n<p>La audiencia que inici\u00f3 poco despu\u00e9s de las siete de la tarde concluy\u00f3 pasadas las 10 de la noche.<\/p>\n<p>El juez, acept\u00f3 como pruebas, copias de recibos del dinero que presuntamente entregaron funcionarios del gobierno de <strong>C\u00e9sar Duarte<\/strong> a Campos Galv\u00e1n.<\/p>\n<p>En el mismo proceso, fueron vinculados los exdiputados Mar\u00eda \u00c1vila Serna y Rodrigo de la Rosa Rodr\u00edguez, quienes, seg\u00fan el Ministerio P\u00fablico, tambi\u00e9n recibieron 5.8 millones de pesos del exgobernador.<\/p>\n<blockquote class=\"twitter-tweet\" data-width=\"550\" data-dnt=\"true\">\n<p lang=\"es\" dir=\"ltr\">Yo no me rindo, no me doblego y voy para adelante con cada uno de los chihuahuenses. \u00a1Seguimos m\u00e1s fuertes que nunca! <a href=\"https:\/\/t.co\/2x2mmvgIyl\">pic.twitter.com\/2x2mmvgIyl<\/a><\/p>\n<p>&mdash; Maru Campos (@MaruCampos_G) <a href=\"https:\/\/twitter.com\/MaruCampos_G\/status\/1377871437285982209?ref_src=twsrc%5Etfw\">April 2, 2021<\/a><\/p><\/blockquote>\n<p><script async src=\"https:\/\/platform.twitter.com\/widgets.js\" charset=\"utf-8\"><\/script><\/p>\n<p>De acuerdo al juez, estos hechos pudieran constituir el delito de cohecho previsto en el art\u00edculo 269 Fracci\u00f3n II del C\u00f3digo Penal del Estado de Chihuahua y se castiga con una pena de 1 a 9 a\u00f1os de prisi\u00f3n.<\/p>\n<p>Actualmente la candidata del PAN, Mar\u00eda Eugenia Campos Galv\u00e1n se encuentra en libertad por un amparo concedido por un juez federal.<\/p>\n<\/div>\n","protected":false},"excerpt":{"rendered":"<p>Vinculan a proceso a candidata del PAN a la gubernatura de Chihuahua Por Redacci\u00f3n QP&#8230;<\/p>\n","protected":false},"author":2,"featured_media":78505,"comment_status":"open","ping_status":"open","sticky":false,"template":"","format":"standard","meta":{"_monsterinsights_skip_tracking":false,"_monsterinsights_sitenote_active":false,"_monsterinsights_sitenote_note":"","_monsterinsights_sitenote_category":0,"footnotes":""},"categories":[2],"tags":[],"class_list":["post-78502","post","type-post","status-publish","format-standard","has-post-thumbnail","hentry","category-noticias"],"yoast_head":"<!-- This site is optimized with the Yoast SEO plugin v27.3 - https:\/\/yoast.com\/product\/yoast-seo-wordpress\/ -->\n<title>Vinculan a proceso a candidata del PAN a la gubernatura de Chihuahua -<\/title>\n<meta name=\"robots\" content=\"index, follow, max-snippet:-1, max-image-preview:large, max-video-preview:-1\" \/>\n<link rel=\"canonical\" href=\"https:\/\/quehacerpolitico.mx\/?p=78502\" \/>\n<meta property=\"og:locale\" content=\"es_MX\" \/>\n<meta property=\"og:type\" content=\"article\" \/>\n<meta property=\"og:title\" content=\"Vinculan a proceso a candidata del PAN a la gubernatura de Chihuahua -\" \/>\n<meta property=\"og:description\" content=\"Vinculan a proceso a candidata del PAN a la gubernatura de Chihuahua Por Redacci\u00f3n QP...\" \/>\n<meta property=\"og:url\" content=\"https:\/\/quehacerpolitico.mx\/?p=78502\" \/>\n<meta property=\"article:published_time\" content=\"2021-04-03T05:02:51+00:00\" \/>\n<meta property=\"og:image\" content=\"https:\/\/quehacerpolitico.mx\/wp-content\/uploads\/2021\/04\/1D5A7B4E-199E-4F8F-BDCA-1F70F49CAD24.jpeg\" \/>\n\t<meta property=\"og:image:width\" content=\"1054\" \/>\n\t<meta property=\"og:image:height\" content=\"802\" \/>\n\t<meta property=\"og:image:type\" content=\"image\/jpeg\" \/>\n<meta name=\"author\" content=\"Redacci\u00f3n QP\" \/>\n<meta name=\"twitter:card\" content=\"summary_large_image\" \/>\n<meta name=\"twitter:label1\" content=\"Escrito por\" \/>\n\t<meta name=\"twitter:data1\" content=\"Redacci\u00f3n QP\" \/>\n\t<meta name=\"twitter:label2\" content=\"Tiempo de lectura\" \/>\n\t<meta name=\"twitter:data2\" content=\"1 minuto\" \/>\n<script type=\"application\/ld+json\" class=\"yoast-schema-graph\">{\"@context\":\"https:\\\/\\\/schema.org\",\"@graph\":[{\"@type\":\"Article\",\"@id\":\"https:\\\/\\\/quehacerpolitico.mx\\\/?p=78502#article\",\"isPartOf\":{\"@id\":\"https:\\\/\\\/quehacerpolitico.mx\\\/?p=78502\"},\"author\":{\"name\":\"Redacci\u00f3n QP\",\"@id\":\"https:\\\/\\\/quehacerpolitico.mx\\\/#\\\/schema\\\/person\\\/496d8ad2d1d3f8036101dca7ee39e585\"},\"headline\":\"Vinculan a proceso a candidata del PAN a la gubernatura de Chihuahua\",\"datePublished\":\"2021-04-03T05:02:51+00:00\",\"mainEntityOfPage\":{\"@id\":\"https:\\\/\\\/quehacerpolitico.mx\\\/?p=78502\"},\"wordCount\":287,\"commentCount\":0,\"image\":{\"@id\":\"https:\\\/\\\/quehacerpolitico.mx\\\/?p=78502#primaryimage\"},\"thumbnailUrl\":\"https:\\\/\\\/quehacerpolitico.mx\\\/wp-content\\\/uploads\\\/2021\\\/04\\\/1D5A7B4E-199E-4F8F-BDCA-1F70F49CAD24.jpeg\",\"articleSection\":[\"Noticias\"],\"inLanguage\":\"es\",\"potentialAction\":[{\"@type\":\"CommentAction\",\"name\":\"Comment\",\"target\":[\"https:\\\/\\\/quehacerpolitico.mx\\\/?p=78502#respond\"]}]},{\"@type\":\"WebPage\",\"@id\":\"https:\\\/\\\/quehacerpolitico.mx\\\/?p=78502\",\"url\":\"https:\\\/\\\/quehacerpolitico.mx\\\/?p=78502\",\"name\":\"Vinculan a proceso a candidata del PAN a la gubernatura de Chihuahua -\",\"isPartOf\":{\"@id\":\"https:\\\/\\\/quehacerpolitico.mx\\\/#website\"},\"primaryImageOfPage\":{\"@id\":\"https:\\\/\\\/quehacerpolitico.mx\\\/?p=78502#primaryimage\"},\"image\":{\"@id\":\"https:\\\/\\\/quehacerpolitico.mx\\\/?p=78502#primaryimage\"},\"thumbnailUrl\":\"https:\\\/\\\/quehacerpolitico.mx\\\/wp-content\\\/uploads\\\/2021\\\/04\\\/1D5A7B4E-199E-4F8F-BDCA-1F70F49CAD24.jpeg\",\"datePublished\":\"2021-04-03T05:02:51+00:00\",\"author\":{\"@id\":\"https:\\\/\\\/quehacerpolitico.mx\\\/#\\\/schema\\\/person\\\/496d8ad2d1d3f8036101dca7ee39e585\"},\"breadcrumb\":{\"@id\":\"https:\\\/\\\/quehacerpolitico.mx\\\/?p=78502#breadcrumb\"},\"inLanguage\":\"es\",\"potentialAction\":[{\"@type\":\"ReadAction\",\"target\":[\"https:\\\/\\\/quehacerpolitico.mx\\\/?p=78502\"]}]},{\"@type\":\"ImageObject\",\"inLanguage\":\"es\",\"@id\":\"https:\\\/\\\/quehacerpolitico.mx\\\/?p=78502#primaryimage\",\"url\":\"https:\\\/\\\/quehacerpolitico.mx\\\/wp-content\\\/uploads\\\/2021\\\/04\\\/1D5A7B4E-199E-4F8F-BDCA-1F70F49CAD24.jpeg\",\"contentUrl\":\"https:\\\/\\\/quehacerpolitico.mx\\\/wp-content\\\/uploads\\\/2021\\\/04\\\/1D5A7B4E-199E-4F8F-BDCA-1F70F49CAD24.jpeg\",\"width\":1054,\"height\":802},{\"@type\":\"BreadcrumbList\",\"@id\":\"https:\\\/\\\/quehacerpolitico.mx\\\/?p=78502#breadcrumb\",\"itemListElement\":[{\"@type\":\"ListItem\",\"position\":1,\"name\":\"Inicio\",\"item\":\"https:\\\/\\\/quehacerpolitico.mx\\\/\"},{\"@type\":\"ListItem\",\"position\":2,\"name\":\"Vinculan a proceso a candidata del PAN a la gubernatura de Chihuahua\"}]},{\"@type\":\"WebSite\",\"@id\":\"https:\\\/\\\/quehacerpolitico.mx\\\/#website\",\"url\":\"https:\\\/\\\/quehacerpolitico.mx\\\/\",\"name\":\"\",\"description\":\"\",\"potentialAction\":[{\"@type\":\"SearchAction\",\"target\":{\"@type\":\"EntryPoint\",\"urlTemplate\":\"https:\\\/\\\/quehacerpolitico.mx\\\/?s={search_term_string}\"},\"query-input\":{\"@type\":\"PropertyValueSpecification\",\"valueRequired\":true,\"valueName\":\"search_term_string\"}}],\"inLanguage\":\"es\"},{\"@type\":\"Person\",\"@id\":\"https:\\\/\\\/quehacerpolitico.mx\\\/#\\\/schema\\\/person\\\/496d8ad2d1d3f8036101dca7ee39e585\",\"name\":\"Redacci\u00f3n QP\",\"image\":{\"@type\":\"ImageObject\",\"inLanguage\":\"es\",\"@id\":\"https:\\\/\\\/secure.gravatar.com\\\/avatar\\\/c7164ed6fdec453195284ad24a5ae5b6e1eed2b848477fa2a4787ba9adf39a41?s=96&d=mm&r=g\",\"url\":\"https:\\\/\\\/secure.gravatar.com\\\/avatar\\\/c7164ed6fdec453195284ad24a5ae5b6e1eed2b848477fa2a4787ba9adf39a41?s=96&d=mm&r=g\",\"contentUrl\":\"https:\\\/\\\/secure.gravatar.com\\\/avatar\\\/c7164ed6fdec453195284ad24a5ae5b6e1eed2b848477fa2a4787ba9adf39a41?s=96&d=mm&r=g\",\"caption\":\"Redacci\u00f3n QP\"},\"url\":\"https:\\\/\\\/quehacerpolitico.mx\\\/?author=2\"}]}<\/script>\n<!-- \/ Yoast SEO plugin. -->","yoast_head_json":{"title":"Vinculan a proceso a candidata del PAN a la gubernatura de Chihuahua -","robots":{"index":"index","follow":"follow","max-snippet":"max-snippet:-1","max-image-preview":"max-image-preview:large","max-video-preview":"max-video-preview:-1"},"canonical":"https:\/\/quehacerpolitico.mx\/?p=78502","og_locale":"es_MX","og_type":"article","og_title":"Vinculan a proceso a candidata del PAN a la gubernatura de Chihuahua -","og_description":"Vinculan a proceso a candidata del PAN a la gubernatura de Chihuahua Por Redacci\u00f3n QP...","og_url":"https:\/\/quehacerpolitico.mx\/?p=78502","article_published_time":"2021-04-03T05:02:51+00:00","og_image":[{"width":1054,"height":802,"url":"https:\/\/quehacerpolitico.mx\/wp-content\/uploads\/2021\/04\/1D5A7B4E-199E-4F8F-BDCA-1F70F49CAD24.jpeg","type":"image\/jpeg"}],"author":"Redacci\u00f3n QP","twitter_card":"summary_large_image","twitter_misc":{"Escrito por":"Redacci\u00f3n QP","Tiempo de lectura":"1 minuto"},"schema":{"@context":"https:\/\/schema.org","@graph":[{"@type":"Article","@id":"https:\/\/quehacerpolitico.mx\/?p=78502#article","isPartOf":{"@id":"https:\/\/quehacerpolitico.mx\/?p=78502"},"author":{"name":"Redacci\u00f3n QP","@id":"https:\/\/quehacerpolitico.mx\/#\/schema\/person\/496d8ad2d1d3f8036101dca7ee39e585"},"headline":"Vinculan a proceso a candidata del PAN a la gubernatura de Chihuahua","datePublished":"2021-04-03T05:02:51+00:00","mainEntityOfPage":{"@id":"https:\/\/quehacerpolitico.mx\/?p=78502"},"wordCount":287,"commentCount":0,"image":{"@id":"https:\/\/quehacerpolitico.mx\/?p=78502#primaryimage"},"thumbnailUrl":"https:\/\/quehacerpolitico.mx\/wp-content\/uploads\/2021\/04\/1D5A7B4E-199E-4F8F-BDCA-1F70F49CAD24.jpeg","articleSection":["Noticias"],"inLanguage":"es","potentialAction":[{"@type":"CommentAction","name":"Comment","target":["https:\/\/quehacerpolitico.mx\/?p=78502#respond"]}]},{"@type":"WebPage","@id":"https:\/\/quehacerpolitico.mx\/?p=78502","url":"https:\/\/quehacerpolitico.mx\/?p=78502","name":"Vinculan a proceso a candidata del PAN a la gubernatura de Chihuahua -","isPartOf":{"@id":"https:\/\/quehacerpolitico.mx\/#website"},"primaryImageOfPage":{"@id":"https:\/\/quehacerpolitico.mx\/?p=78502#primaryimage"},"image":{"@id":"https:\/\/quehacerpolitico.mx\/?p=78502#primaryimage"},"thumbnailUrl":"https:\/\/quehacerpolitico.mx\/wp-content\/uploads\/2021\/04\/1D5A7B4E-199E-4F8F-BDCA-1F70F49CAD24.jpeg","datePublished":"2021-04-03T05:02:51+00:00","author":{"@id":"https:\/\/quehacerpolitico.mx\/#\/schema\/person\/496d8ad2d1d3f8036101dca7ee39e585"},"breadcrumb":{"@id":"https:\/\/quehacerpolitico.mx\/?p=78502#breadcrumb"},"inLanguage":"es","potentialAction":[{"@type":"ReadAction","target":["https:\/\/quehacerpolitico.mx\/?p=78502"]}]},{"@type":"ImageObject","inLanguage":"es","@id":"https:\/\/quehacerpolitico.mx\/?p=78502#primaryimage","url":"https:\/\/quehacerpolitico.mx\/wp-content\/uploads\/2021\/04\/1D5A7B4E-199E-4F8F-BDCA-1F70F49CAD24.jpeg","contentUrl":"https:\/\/quehacerpolitico.mx\/wp-content\/uploads\/2021\/04\/1D5A7B4E-199E-4F8F-BDCA-1F70F49CAD24.jpeg","width":1054,"height":802},{"@type":"BreadcrumbList","@id":"https:\/\/quehacerpolitico.mx\/?p=78502#breadcrumb","itemListElement":[{"@type":"ListItem","position":1,"name":"Inicio","item":"https:\/\/quehacerpolitico.mx\/"},{"@type":"ListItem","position":2,"name":"Vinculan a proceso a candidata del PAN a la gubernatura de Chihuahua"}]},{"@type":"WebSite","@id":"https:\/\/quehacerpolitico.mx\/#website","url":"https:\/\/quehacerpolitico.mx\/","name":"","description":"","potentialAction":[{"@type":"SearchAction","target":{"@type":"EntryPoint","urlTemplate":"https:\/\/quehacerpolitico.mx\/?s={search_term_string}"},"query-input":{"@type":"PropertyValueSpecification","valueRequired":true,"valueName":"search_term_string"}}],"inLanguage":"es"},{"@type":"Person","@id":"https:\/\/quehacerpolitico.mx\/#\/schema\/person\/496d8ad2d1d3f8036101dca7ee39e585","name":"Redacci\u00f3n QP","image":{"@type":"ImageObject","inLanguage":"es","@id":"https:\/\/secure.gravatar.com\/avatar\/c7164ed6fdec453195284ad24a5ae5b6e1eed2b848477fa2a4787ba9adf39a41?s=96&d=mm&r=g","url":"https:\/\/secure.gravatar.com\/avatar\/c7164ed6fdec453195284ad24a5ae5b6e1eed2b848477fa2a4787ba9adf39a41?s=96&d=mm&r=g","contentUrl":"https:\/\/secure.gravatar.com\/avatar\/c7164ed6fdec453195284ad24a5ae5b6e1eed2b848477fa2a4787ba9adf39a41?s=96&d=mm&r=g","caption":"Redacci\u00f3n QP"},"url":"https:\/\/quehacerpolitico.mx\/?author=2"}]}},"featured_image_urls":{"full":["https:\/\/quehacerpolitico.mx\/wp-content\/uploads\/2021\/04\/1D5A7B4E-199E-4F8F-BDCA-1F70F49CAD24.jpeg",1054,802,false],"thumbnail":["https:\/\/quehacerpolitico.mx\/wp-content\/uploads\/2021\/04\/1D5A7B4E-199E-4F8F-BDCA-1F70F49CAD24-150x150.jpeg",150,150,true],"medium":["https:\/\/quehacerpolitico.mx\/wp-content\/uploads\/2021\/04\/1D5A7B4E-199E-4F8F-BDCA-1F70F49CAD24-300x228.jpeg",300,228,true],"medium_large":["https:\/\/quehacerpolitico.mx\/wp-content\/uploads\/2021\/04\/1D5A7B4E-199E-4F8F-BDCA-1F70F49CAD24-768x584.jpeg",640,487,true],"large":["https:\/\/quehacerpolitico.mx\/wp-content\/uploads\/2021\/04\/1D5A7B4E-199E-4F8F-BDCA-1F70F49CAD24-1024x779.jpeg",640,487,true],"1536x1536":["https:\/\/quehacerpolitico.mx\/wp-content\/uploads\/2021\/04\/1D5A7B4E-199E-4F8F-BDCA-1F70F49CAD24.jpeg",1054,802,false],"2048x2048":["https:\/\/quehacerpolitico.mx\/wp-content\/uploads\/2021\/04\/1D5A7B4E-199E-4F8F-BDCA-1F70F49CAD24.jpeg",1054,802,false],"covernews-featured":["https:\/\/quehacerpolitico.mx\/wp-content\/uploads\/2021\/04\/1D5A7B4E-199E-4F8F-BDCA-1F70F49CAD24.jpeg",1024,779,false],"covernews-medium":["https:\/\/quehacerpolitico.mx\/wp-content\/uploads\/2021\/04\/1D5A7B4E-199E-4F8F-BDCA-1F70F49CAD24.jpeg",447,340,false]},"author_info":{"display_name":"Redacci\u00f3n QP","author_link":"https:\/\/quehacerpolitico.mx\/?author=2"},"category_info":"<a href=\"https:\/\/quehacerpolitico.mx\/?cat=2\" rel=\"category\">Noticias<\/a>","tag_info":"Noticias","comment_count":"0","_links":{"self":[{"href":"https:\/\/quehacerpolitico.mx\/index.php?rest_route=\/wp\/v2\/posts\/78502","targetHints":{"allow":["GET"]}}],"collection":[{"href":"https:\/\/quehacerpolitico.mx\/index.php?rest_route=\/wp\/v2\/posts"}],"about":[{"href":"https:\/\/quehacerpolitico.mx\/index.php?rest_route=\/wp\/v2\/types\/post"}],"author":[{"embeddable":true,"href":"https:\/\/quehacerpolitico.mx\/index.php?rest_route=\/wp\/v2\/users\/2"}],"replies":[{"embeddable":true,"href":"https:\/\/quehacerpolitico.mx\/index.php?rest_route=%2Fwp%2Fv2%2Fcomments&post=78502"}],"version-history":[{"count":0,"href":"https:\/\/quehacerpolitico.mx\/index.php?rest_route=\/wp\/v2\/posts\/78502\/revisions"}],"wp:featuredmedia":[{"embeddable":true,"href":"https:\/\/quehacerpolitico.mx\/index.php?rest_route=\/wp\/v2\/media\/78505"}],"wp:attachment":[{"href":"https:\/\/quehacerpolitico.mx\/index.php?rest_route=%2Fwp%2Fv2%2Fmedia&parent=78502"}],"wp:term":[{"taxonomy":"category","embeddable":true,"href":"https:\/\/quehacerpolitico.mx\/index.php?rest_route=%2Fwp%2Fv2%2Fcategories&post=78502"},{"taxonomy":"post_tag","embeddable":true,"href":"https:\/\/quehacerpolitico.mx\/index.php?rest_route=%2Fwp%2Fv2%2Ftags&post=78502"}],"curies":[{"name":"wp","href":"https:\/\/api.w.org\/{rel}","templated":true}]}}