{"id":78496,"date":"2021-04-03T04:45:25","date_gmt":"2021-04-03T04:45:25","guid":{"rendered":"https:\/\/quehacerpolitico.mx\/?p=78496"},"modified":"2021-04-03T04:45:25","modified_gmt":"2021-04-03T04:45:25","slug":"aplazan-serie-washington-nationals-vs-new-york-mets-por-covid-19","status":"publish","type":"post","link":"https:\/\/quehacerpolitico.mx\/?p=78496","title":{"rendered":"Aplazan serie Washington Nationals vs New York Mets por COVID-19"},"content":{"rendered":"<h1 class=\"news-title\">Aplazan serie Washington Nationals vs New York Mets por COVID-19<br \/>\nPor Redacci\u00f3n QP<\/h1>\n<p>El aplazamiento de la serie Washington Nationals vs New York Mets incluye juegos programados para el s\u00e1bado y el domingo en el Nationals Park<\/p>\n<p>Los Washington Nationals anunciaron que su serie de tres partidos de inicio de la temporada regular ante los New York Mets ha sido pospuesta <strong>debido a preocupaciones relacionadas con el coronavirus.<\/strong><\/p>\n<div id=\"div-pos-2\">Eso incluye juegos programados para el s\u00e1bado y el domingo en el Nationals Park. El encuentro del jueves por la noche fue suspendido horas antes del primer lanzamiento ante al temor por contagios de COVID-19.<\/div>\n<div><\/div>\n<div id=\"teads_ad\">\n<div id=\"div-gpt-ad-1548262875188-0\" data-google-query-id=\"CICn9uKg4e8CFYn0wAod96wIwA\"><strong>Al menos tres peloteros de los Nationalsdieron positivo en COVID-19,<\/strong> la enfermedad causada por el coronavirus.<\/div>\n<div data-google-query-id=\"CICn9uKg4e8CFYn0wAod96wIwA\">\n<p>El gerente general de los Washington Nationals, Mike Rizzo, dijo el jueves que un cuarto jugador de Washington era considerado &#8220;probablemente&#8221; como un caso positivo. Rizzo no identific\u00f3 a ninguno de los peloteros involucrados.<\/p>\n<p>El comunicado del viernes, con que el equipo anunci\u00f3 la cancelaci\u00f3n de la serie, explic\u00f3 que la decisi\u00f3n se debi\u00f3 &#8220;al continuo seguimiento de las pruebas y del rastreo de contactos que involucran a integrantes de la organizaci\u00f3n de los Nationals&#8221;.<\/p>\n<p>El jueves, Rizzo explic\u00f3 que uno de los jugadores que dieron positivo present\u00f3 fiebre, mientras que otros no mostraban s\u00edntoma alguno. El rastreo de contactos continuaba para determinar qui\u00e9n m\u00e1s pudo estar expuesto.<\/p>\n<p>Los Washington Nationals \u2014que ten\u00edan planeado entrenar en su estadio el pasado mi\u00e9rcoles, antes de que cancelaran la pr\u00e1ctica por lluvia\u2014 no tuvieron ning\u00fan positivo de peloteros en las seis semanas de la pretemporada en West Palm Beach, Florida.<\/p>\n<p><strong>Los New York Mets entrenaron el jueves en el Nationals Park.<\/strong><\/p>\n<p>Washington Nationals, campe\u00f3n de la Serie Mundial de 2019, termin\u00f3 empatado en el \u00faltimo puesto de la Divisi\u00f3n Este de la Liga Nacional en la temporada de 2020 acortada por la pandemia. Max Scherzer iba a enfrentar el jueves a Jacob deGrom, de los Mets, en un duelo de abridores que suman cinco premios Cy Young.<\/p>\n<p>Con informaci\u00f3n de AP<\/p>\n<\/div>\n<\/div>\n","protected":false},"excerpt":{"rendered":"<p>Aplazan serie Washington Nationals vs New York Mets por COVID-19 Por Redacci\u00f3n QP El aplazamiento&#8230;<\/p>\n","protected":false},"author":2,"featured_media":78500,"comment_status":"open","ping_status":"open","sticky":false,"template":"","format":"standard","meta":{"_monsterinsights_skip_tracking":false,"_monsterinsights_sitenote_active":false,"_monsterinsights_sitenote_note":"","_monsterinsights_sitenote_category":0,"footnotes":""},"categories":[54],"tags":[],"class_list":["post-78496","post","type-post","status-publish","format-standard","has-post-thumbnail","hentry","category-deportes"],"yoast_head":"<!-- This site is optimized with the Yoast SEO plugin v27.3 - https:\/\/yoast.com\/product\/yoast-seo-wordpress\/ -->\n<title>Aplazan serie Washington Nationals vs New York Mets por COVID-19 -<\/title>\n<meta name=\"robots\" content=\"index, follow, max-snippet:-1, max-image-preview:large, max-video-preview:-1\" \/>\n<link rel=\"canonical\" href=\"https:\/\/quehacerpolitico.mx\/?p=78496\" \/>\n<meta property=\"og:locale\" content=\"es_MX\" \/>\n<meta property=\"og:type\" content=\"article\" \/>\n<meta property=\"og:title\" content=\"Aplazan serie Washington Nationals vs New York Mets por COVID-19 -\" \/>\n<meta property=\"og:description\" content=\"Aplazan serie Washington Nationals vs New York Mets por COVID-19 Por Redacci\u00f3n QP El aplazamiento...\" \/>\n<meta property=\"og:url\" content=\"https:\/\/quehacerpolitico.mx\/?p=78496\" \/>\n<meta property=\"article:published_time\" content=\"2021-04-03T04:45:25+00:00\" \/>\n<meta property=\"og:image\" content=\"https:\/\/quehacerpolitico.mx\/wp-content\/uploads\/2021\/04\/7E5E2DFB-6CC5-49D1-B4FB-EA3952D9A81F.jpeg\" \/>\n\t<meta property=\"og:image:width\" content=\"739\" \/>\n\t<meta property=\"og:image:height\" content=\"415\" \/>\n\t<meta property=\"og:image:type\" content=\"image\/jpeg\" \/>\n<meta name=\"author\" content=\"Redacci\u00f3n QP\" \/>\n<meta name=\"twitter:card\" content=\"summary_large_image\" \/>\n<meta name=\"twitter:label1\" content=\"Escrito por\" \/>\n\t<meta name=\"twitter:data1\" content=\"Redacci\u00f3n QP\" \/>\n\t<meta name=\"twitter:label2\" content=\"Tiempo de lectura\" \/>\n\t<meta name=\"twitter:data2\" content=\"2 minutos\" \/>\n<script type=\"application\/ld+json\" class=\"yoast-schema-graph\">{\"@context\":\"https:\\\/\\\/schema.org\",\"@graph\":[{\"@type\":\"Article\",\"@id\":\"https:\\\/\\\/quehacerpolitico.mx\\\/?p=78496#article\",\"isPartOf\":{\"@id\":\"https:\\\/\\\/quehacerpolitico.mx\\\/?p=78496\"},\"author\":{\"name\":\"Redacci\u00f3n QP\",\"@id\":\"https:\\\/\\\/quehacerpolitico.mx\\\/#\\\/schema\\\/person\\\/496d8ad2d1d3f8036101dca7ee39e585\"},\"headline\":\"Aplazan serie Washington Nationals vs New York Mets por COVID-19\",\"datePublished\":\"2021-04-03T04:45:25+00:00\",\"mainEntityOfPage\":{\"@id\":\"https:\\\/\\\/quehacerpolitico.mx\\\/?p=78496\"},\"wordCount\":361,\"commentCount\":0,\"image\":{\"@id\":\"https:\\\/\\\/quehacerpolitico.mx\\\/?p=78496#primaryimage\"},\"thumbnailUrl\":\"https:\\\/\\\/quehacerpolitico.mx\\\/wp-content\\\/uploads\\\/2021\\\/04\\\/7E5E2DFB-6CC5-49D1-B4FB-EA3952D9A81F.jpeg\",\"articleSection\":[\"Deportes\"],\"inLanguage\":\"es\",\"potentialAction\":[{\"@type\":\"CommentAction\",\"name\":\"Comment\",\"target\":[\"https:\\\/\\\/quehacerpolitico.mx\\\/?p=78496#respond\"]}]},{\"@type\":\"WebPage\",\"@id\":\"https:\\\/\\\/quehacerpolitico.mx\\\/?p=78496\",\"url\":\"https:\\\/\\\/quehacerpolitico.mx\\\/?p=78496\",\"name\":\"Aplazan serie Washington Nationals vs New York Mets por COVID-19 -\",\"isPartOf\":{\"@id\":\"https:\\\/\\\/quehacerpolitico.mx\\\/#website\"},\"primaryImageOfPage\":{\"@id\":\"https:\\\/\\\/quehacerpolitico.mx\\\/?p=78496#primaryimage\"},\"image\":{\"@id\":\"https:\\\/\\\/quehacerpolitico.mx\\\/?p=78496#primaryimage\"},\"thumbnailUrl\":\"https:\\\/\\\/quehacerpolitico.mx\\\/wp-content\\\/uploads\\\/2021\\\/04\\\/7E5E2DFB-6CC5-49D1-B4FB-EA3952D9A81F.jpeg\",\"datePublished\":\"2021-04-03T04:45:25+00:00\",\"author\":{\"@id\":\"https:\\\/\\\/quehacerpolitico.mx\\\/#\\\/schema\\\/person\\\/496d8ad2d1d3f8036101dca7ee39e585\"},\"breadcrumb\":{\"@id\":\"https:\\\/\\\/quehacerpolitico.mx\\\/?p=78496#breadcrumb\"},\"inLanguage\":\"es\",\"potentialAction\":[{\"@type\":\"ReadAction\",\"target\":[\"https:\\\/\\\/quehacerpolitico.mx\\\/?p=78496\"]}]},{\"@type\":\"ImageObject\",\"inLanguage\":\"es\",\"@id\":\"https:\\\/\\\/quehacerpolitico.mx\\\/?p=78496#primaryimage\",\"url\":\"https:\\\/\\\/quehacerpolitico.mx\\\/wp-content\\\/uploads\\\/2021\\\/04\\\/7E5E2DFB-6CC5-49D1-B4FB-EA3952D9A81F.jpeg\",\"contentUrl\":\"https:\\\/\\\/quehacerpolitico.mx\\\/wp-content\\\/uploads\\\/2021\\\/04\\\/7E5E2DFB-6CC5-49D1-B4FB-EA3952D9A81F.jpeg\",\"width\":739,\"height\":415},{\"@type\":\"BreadcrumbList\",\"@id\":\"https:\\\/\\\/quehacerpolitico.mx\\\/?p=78496#breadcrumb\",\"itemListElement\":[{\"@type\":\"ListItem\",\"position\":1,\"name\":\"Inicio\",\"item\":\"https:\\\/\\\/quehacerpolitico.mx\\\/\"},{\"@type\":\"ListItem\",\"position\":2,\"name\":\"Aplazan serie Washington Nationals vs New York Mets por COVID-19\"}]},{\"@type\":\"WebSite\",\"@id\":\"https:\\\/\\\/quehacerpolitico.mx\\\/#website\",\"url\":\"https:\\\/\\\/quehacerpolitico.mx\\\/\",\"name\":\"\",\"description\":\"\",\"potentialAction\":[{\"@type\":\"SearchAction\",\"target\":{\"@type\":\"EntryPoint\",\"urlTemplate\":\"https:\\\/\\\/quehacerpolitico.mx\\\/?s={search_term_string}\"},\"query-input\":{\"@type\":\"PropertyValueSpecification\",\"valueRequired\":true,\"valueName\":\"search_term_string\"}}],\"inLanguage\":\"es\"},{\"@type\":\"Person\",\"@id\":\"https:\\\/\\\/quehacerpolitico.mx\\\/#\\\/schema\\\/person\\\/496d8ad2d1d3f8036101dca7ee39e585\",\"name\":\"Redacci\u00f3n QP\",\"image\":{\"@type\":\"ImageObject\",\"inLanguage\":\"es\",\"@id\":\"https:\\\/\\\/secure.gravatar.com\\\/avatar\\\/c7164ed6fdec453195284ad24a5ae5b6e1eed2b848477fa2a4787ba9adf39a41?s=96&d=mm&r=g\",\"url\":\"https:\\\/\\\/secure.gravatar.com\\\/avatar\\\/c7164ed6fdec453195284ad24a5ae5b6e1eed2b848477fa2a4787ba9adf39a41?s=96&d=mm&r=g\",\"contentUrl\":\"https:\\\/\\\/secure.gravatar.com\\\/avatar\\\/c7164ed6fdec453195284ad24a5ae5b6e1eed2b848477fa2a4787ba9adf39a41?s=96&d=mm&r=g\",\"caption\":\"Redacci\u00f3n QP\"},\"url\":\"https:\\\/\\\/quehacerpolitico.mx\\\/?author=2\"}]}<\/script>\n<!-- \/ Yoast SEO plugin. -->","yoast_head_json":{"title":"Aplazan serie Washington Nationals vs New York Mets por COVID-19 -","robots":{"index":"index","follow":"follow","max-snippet":"max-snippet:-1","max-image-preview":"max-image-preview:large","max-video-preview":"max-video-preview:-1"},"canonical":"https:\/\/quehacerpolitico.mx\/?p=78496","og_locale":"es_MX","og_type":"article","og_title":"Aplazan serie Washington Nationals vs New York Mets por COVID-19 -","og_description":"Aplazan serie Washington Nationals vs New York Mets por COVID-19 Por Redacci\u00f3n QP El aplazamiento...","og_url":"https:\/\/quehacerpolitico.mx\/?p=78496","article_published_time":"2021-04-03T04:45:25+00:00","og_image":[{"width":739,"height":415,"url":"https:\/\/quehacerpolitico.mx\/wp-content\/uploads\/2021\/04\/7E5E2DFB-6CC5-49D1-B4FB-EA3952D9A81F.jpeg","type":"image\/jpeg"}],"author":"Redacci\u00f3n QP","twitter_card":"summary_large_image","twitter_misc":{"Escrito por":"Redacci\u00f3n QP","Tiempo de lectura":"2 minutos"},"schema":{"@context":"https:\/\/schema.org","@graph":[{"@type":"Article","@id":"https:\/\/quehacerpolitico.mx\/?p=78496#article","isPartOf":{"@id":"https:\/\/quehacerpolitico.mx\/?p=78496"},"author":{"name":"Redacci\u00f3n QP","@id":"https:\/\/quehacerpolitico.mx\/#\/schema\/person\/496d8ad2d1d3f8036101dca7ee39e585"},"headline":"Aplazan serie Washington Nationals vs New York Mets por COVID-19","datePublished":"2021-04-03T04:45:25+00:00","mainEntityOfPage":{"@id":"https:\/\/quehacerpolitico.mx\/?p=78496"},"wordCount":361,"commentCount":0,"image":{"@id":"https:\/\/quehacerpolitico.mx\/?p=78496#primaryimage"},"thumbnailUrl":"https:\/\/quehacerpolitico.mx\/wp-content\/uploads\/2021\/04\/7E5E2DFB-6CC5-49D1-B4FB-EA3952D9A81F.jpeg","articleSection":["Deportes"],"inLanguage":"es","potentialAction":[{"@type":"CommentAction","name":"Comment","target":["https:\/\/quehacerpolitico.mx\/?p=78496#respond"]}]},{"@type":"WebPage","@id":"https:\/\/quehacerpolitico.mx\/?p=78496","url":"https:\/\/quehacerpolitico.mx\/?p=78496","name":"Aplazan serie Washington Nationals vs New York Mets por COVID-19 -","isPartOf":{"@id":"https:\/\/quehacerpolitico.mx\/#website"},"primaryImageOfPage":{"@id":"https:\/\/quehacerpolitico.mx\/?p=78496#primaryimage"},"image":{"@id":"https:\/\/quehacerpolitico.mx\/?p=78496#primaryimage"},"thumbnailUrl":"https:\/\/quehacerpolitico.mx\/wp-content\/uploads\/2021\/04\/7E5E2DFB-6CC5-49D1-B4FB-EA3952D9A81F.jpeg","datePublished":"2021-04-03T04:45:25+00:00","author":{"@id":"https:\/\/quehacerpolitico.mx\/#\/schema\/person\/496d8ad2d1d3f8036101dca7ee39e585"},"breadcrumb":{"@id":"https:\/\/quehacerpolitico.mx\/?p=78496#breadcrumb"},"inLanguage":"es","potentialAction":[{"@type":"ReadAction","target":["https:\/\/quehacerpolitico.mx\/?p=78496"]}]},{"@type":"ImageObject","inLanguage":"es","@id":"https:\/\/quehacerpolitico.mx\/?p=78496#primaryimage","url":"https:\/\/quehacerpolitico.mx\/wp-content\/uploads\/2021\/04\/7E5E2DFB-6CC5-49D1-B4FB-EA3952D9A81F.jpeg","contentUrl":"https:\/\/quehacerpolitico.mx\/wp-content\/uploads\/2021\/04\/7E5E2DFB-6CC5-49D1-B4FB-EA3952D9A81F.jpeg","width":739,"height":415},{"@type":"BreadcrumbList","@id":"https:\/\/quehacerpolitico.mx\/?p=78496#breadcrumb","itemListElement":[{"@type":"ListItem","position":1,"name":"Inicio","item":"https:\/\/quehacerpolitico.mx\/"},{"@type":"ListItem","position":2,"name":"Aplazan serie Washington Nationals vs New York Mets por COVID-19"}]},{"@type":"WebSite","@id":"https:\/\/quehacerpolitico.mx\/#website","url":"https:\/\/quehacerpolitico.mx\/","name":"","description":"","potentialAction":[{"@type":"SearchAction","target":{"@type":"EntryPoint","urlTemplate":"https:\/\/quehacerpolitico.mx\/?s={search_term_string}"},"query-input":{"@type":"PropertyValueSpecification","valueRequired":true,"valueName":"search_term_string"}}],"inLanguage":"es"},{"@type":"Person","@id":"https:\/\/quehacerpolitico.mx\/#\/schema\/person\/496d8ad2d1d3f8036101dca7ee39e585","name":"Redacci\u00f3n QP","image":{"@type":"ImageObject","inLanguage":"es","@id":"https:\/\/secure.gravatar.com\/avatar\/c7164ed6fdec453195284ad24a5ae5b6e1eed2b848477fa2a4787ba9adf39a41?s=96&d=mm&r=g","url":"https:\/\/secure.gravatar.com\/avatar\/c7164ed6fdec453195284ad24a5ae5b6e1eed2b848477fa2a4787ba9adf39a41?s=96&d=mm&r=g","contentUrl":"https:\/\/secure.gravatar.com\/avatar\/c7164ed6fdec453195284ad24a5ae5b6e1eed2b848477fa2a4787ba9adf39a41?s=96&d=mm&r=g","caption":"Redacci\u00f3n QP"},"url":"https:\/\/quehacerpolitico.mx\/?author=2"}]}},"featured_image_urls":{"full":["https:\/\/quehacerpolitico.mx\/wp-content\/uploads\/2021\/04\/7E5E2DFB-6CC5-49D1-B4FB-EA3952D9A81F.jpeg",739,415,false],"thumbnail":["https:\/\/quehacerpolitico.mx\/wp-content\/uploads\/2021\/04\/7E5E2DFB-6CC5-49D1-B4FB-EA3952D9A81F-150x150.jpeg",150,150,true],"medium":["https:\/\/quehacerpolitico.mx\/wp-content\/uploads\/2021\/04\/7E5E2DFB-6CC5-49D1-B4FB-EA3952D9A81F-300x168.jpeg",300,168,true],"medium_large":["https:\/\/quehacerpolitico.mx\/wp-content\/uploads\/2021\/04\/7E5E2DFB-6CC5-49D1-B4FB-EA3952D9A81F.jpeg",640,359,false],"large":["https:\/\/quehacerpolitico.mx\/wp-content\/uploads\/2021\/04\/7E5E2DFB-6CC5-49D1-B4FB-EA3952D9A81F.jpeg",640,359,false],"1536x1536":["https:\/\/quehacerpolitico.mx\/wp-content\/uploads\/2021\/04\/7E5E2DFB-6CC5-49D1-B4FB-EA3952D9A81F.jpeg",739,415,false],"2048x2048":["https:\/\/quehacerpolitico.mx\/wp-content\/uploads\/2021\/04\/7E5E2DFB-6CC5-49D1-B4FB-EA3952D9A81F.jpeg",739,415,false],"covernews-featured":["https:\/\/quehacerpolitico.mx\/wp-content\/uploads\/2021\/04\/7E5E2DFB-6CC5-49D1-B4FB-EA3952D9A81F.jpeg",739,415,false],"covernews-medium":["https:\/\/quehacerpolitico.mx\/wp-content\/uploads\/2021\/04\/7E5E2DFB-6CC5-49D1-B4FB-EA3952D9A81F.jpeg",540,303,false]},"author_info":{"display_name":"Redacci\u00f3n QP","author_link":"https:\/\/quehacerpolitico.mx\/?author=2"},"category_info":"<a href=\"https:\/\/quehacerpolitico.mx\/?cat=54\" rel=\"category\">Deportes<\/a>","tag_info":"Deportes","comment_count":"0","_links":{"self":[{"href":"https:\/\/quehacerpolitico.mx\/index.php?rest_route=\/wp\/v2\/posts\/78496","targetHints":{"allow":["GET"]}}],"collection":[{"href":"https:\/\/quehacerpolitico.mx\/index.php?rest_route=\/wp\/v2\/posts"}],"about":[{"href":"https:\/\/quehacerpolitico.mx\/index.php?rest_route=\/wp\/v2\/types\/post"}],"author":[{"embeddable":true,"href":"https:\/\/quehacerpolitico.mx\/index.php?rest_route=\/wp\/v2\/users\/2"}],"replies":[{"embeddable":true,"href":"https:\/\/quehacerpolitico.mx\/index.php?rest_route=%2Fwp%2Fv2%2Fcomments&post=78496"}],"version-history":[{"count":0,"href":"https:\/\/quehacerpolitico.mx\/index.php?rest_route=\/wp\/v2\/posts\/78496\/revisions"}],"wp:featuredmedia":[{"embeddable":true,"href":"https:\/\/quehacerpolitico.mx\/index.php?rest_route=\/wp\/v2\/media\/78500"}],"wp:attachment":[{"href":"https:\/\/quehacerpolitico.mx\/index.php?rest_route=%2Fwp%2Fv2%2Fmedia&parent=78496"}],"wp:term":[{"taxonomy":"category","embeddable":true,"href":"https:\/\/quehacerpolitico.mx\/index.php?rest_route=%2Fwp%2Fv2%2Fcategories&post=78496"},{"taxonomy":"post_tag","embeddable":true,"href":"https:\/\/quehacerpolitico.mx\/index.php?rest_route=%2Fwp%2Fv2%2Ftags&post=78496"}],"curies":[{"name":"wp","href":"https:\/\/api.w.org\/{rel}","templated":true}]}}