{"id":78491,"date":"2021-04-03T04:04:55","date_gmt":"2021-04-03T04:04:55","guid":{"rendered":"https:\/\/quehacerpolitico.mx\/?p=78491"},"modified":"2021-04-03T04:04:55","modified_gmt":"2021-04-03T04:04:55","slug":"cdmx-experimenta-sequia-grave-alerta-la-jefe-de-gobierno-claudia-sheinbaum","status":"publish","type":"post","link":"https:\/\/quehacerpolitico.mx\/?p=78491","title":{"rendered":"CDMX experimenta \u201csequ\u00eda grave\u201d, alerta la jefe de Gobierno Claudia Sheinbaum"},"content":{"rendered":"<p>CDMX experimenta \u201csequ\u00eda grave\u201d, alerta la jefe de Gobierno Claudia Sheinbaum<br \/>\nPor Redacci\u00f3n QP<\/p>\n<h2 class=\"field--abstract\">2020 fue uno de los a\u00f1os con menos lluvia y 2021 est\u00e1 siendo muy seco \u201cno es tiempo de regar jardines; no es tiempo, bajo ninguna circunstancia; de utilizar agua de m\u00e1s\u201d, afirm\u00f3 la jefe de gobierno de la CDMX.<\/h2>\n<p>La jefe de gobierno de la<strong> Ciudad de M\u00e9xico (CDMX),<\/strong> <strong>Claudia Sheinbaum Pardo<\/strong>, afirm\u00f3 que el 2020 y lo que va del 2021 ha sido un periodo de<strong>\u201csequia grave<\/strong>\u201d, al registrar menos ca\u00edda de<strong> lluvia <\/strong>que en a\u00f1os anteriores.<\/p>\n<p>Lo anterior, indic\u00f3 la mandataria capitalina, ha provocado una bajada dr\u00e1stica en el<strong> Sistema Cutzamala<\/strong>; que abastece de<strong> agua<\/strong> a la capital de la Rep\u00fablica.<\/p>\n<div class=\"field--paragraphs\">\n<div class=\"ds-1col entity entity-paragraphs-item paragraphs-item-quote-paragraph view-mode-noticia clearfix\">\n<div class=\"field--quote\">El 2020 fue uno de los a\u00f1os con menos lluvia (\u2026) eso significa que las presas del sistema Cutzamala, que suministran una parte muy importante de agua al Valle de M\u00e9xico, hoy tienen menor cantidad de agua de la que han tenido en a\u00f1os anteriores<\/div>\n<div class=\"separation\">\n<div class=\"field--quote-author\">indic\u00f3 Sheinbaum Pardo.<\/div>\n<div>\n<div class=\"field--paragraphs\">\n<div class=\"ds-1col entity entity-paragraphs-item paragraphs-item-text-paragraph view-mode-noticia clearfix\">\n<div class=\"field--text-paragraph\">\n<p>Puso como ejemplo el 2018, a\u00f1o que \u201ctuvo casi el doble de precipitaci\u00f3n de lo que vivimos en <strong>2020\u201d.<\/strong><\/p>\n<\/div>\n<\/div>\n<\/div>\n<div class=\"field--paragraphs\">\n<div class=\"ds-1col entity entity-paragraphs-item paragraphs-item-quote-paragraph view-mode-noticia clearfix\">\n<div class=\"field--quote\">No es tiempo de regar jardines; no es tiempo, bajo ninguna circunstancia, de utilizar agua de m\u00e1s<\/div>\n<div class=\"separation\">\n<div class=\"field--quote-author\">alert\u00f3 la jefe de gobierno local.<\/div>\n<\/div>\n<\/div>\n<\/div>\n<div class=\"field--paragraphs\">\n<div class=\"ds-1col entity entity-paragraphs-item paragraphs-item-text-paragraph view-mode-noticia clearfix\">\n<div class=\"field--text-paragraph\">\n<p>Agreg\u00f3 que uno de los proyectos m\u00e1s importantes de su administraci\u00f3n es sectorizar la red de distribuci\u00f3n de <strong>agua potable <\/strong>en 830 sectores lo que permitir\u00e1 \u201cmedir las presiones, controlar las presiones y de una manera inteligente medir estos datos de manera remota de tal manera que podemos saber, incluso, cuanta agua hay en cada cuadra de la ciudad\u201d.<\/p>\n<blockquote class=\"twitter-tweet\" data-width=\"550\" data-dnt=\"true\">\n<p lang=\"es\" dir=\"ltr\">\u274c No estamos como para desperdiciar agua.<\/p>\n<p>La jefa de Gobierno <a href=\"https:\/\/twitter.com\/Claudiashein?ref_src=twsrc%5Etfw\">@Claudiashein<\/a> llam\u00f3 a las y los habitantes de CDMX a cuidar el agua \ud83d\udca7<a href=\"https:\/\/t.co\/IOqrwz9tMs\">pic.twitter.com\/IOqrwz9tMs<\/a><\/p>\n<p>&mdash; Ruido en la Red (@RuidoEnLaRed) <a href=\"https:\/\/twitter.com\/RuidoEnLaRed\/status\/1378158308041760773?ref_src=twsrc%5Etfw\">April 3, 2021<\/a><\/p><\/blockquote>\n<p><script async src=\"https:\/\/platform.twitter.com\/widgets.js\" charset=\"utf-8\"><\/script><\/p>\n<p>A final de a\u00f1o, explic\u00f3, se espera llegar a la mitad de los sectores, lo que tambi\u00e9n servir\u00e1 para \u201cdisminuir fugas y usar el agua que hoy se desperdicia en la distribuci\u00f3n de <strong>agua potable\u201d<\/strong><\/p>\n<p>Estas obras, a\u00f1adi\u00f3, han sido acompa\u00f1adas por la rehabilitaci\u00f3n de los pozos de agua y la medici\u00f3n del caudal de cada uno de los pozos que suministran agua a la<strong> CDMX.<\/strong><\/p>\n<p>As\u00ed mismo, dijo, \u201cestamos rehabilitando las 73 plantas de potabilizaci\u00f3n de agua para mejorar la calidad de agua y el abastecimiento\u201d.<\/p>\n<p>A\u00f1adi\u00f3 que se trabaja en un programa especial de cosecha de agua de lluvia, particularmente en las zonas perif\u00e9ricas, en el que cerca de 20 mil viviendas se abastecen de agua con este m\u00e9todo.<\/p>\n<p>Finalmente, record\u00f3 que las <strong>fugas de agua potable <\/strong>pueden ser reportadas al 5556543210.<\/p>\n<\/div>\n<\/div>\n<\/div>\n<\/div>\n<\/div>\n<\/div>\n<\/div>\n","protected":false},"excerpt":{"rendered":"<p>CDMX experimenta \u201csequ\u00eda grave\u201d, alerta la jefe de Gobierno Claudia Sheinbaum Por Redacci\u00f3n QP 2020&#8230;<\/p>\n","protected":false},"author":2,"featured_media":78494,"comment_status":"open","ping_status":"open","sticky":false,"template":"","format":"standard","meta":{"_monsterinsights_skip_tracking":false,"_monsterinsights_sitenote_active":false,"_monsterinsights_sitenote_note":"","_monsterinsights_sitenote_category":0,"footnotes":""},"categories":[55],"tags":[],"class_list":["post-78491","post","type-post","status-publish","format-standard","has-post-thumbnail","hentry","category-cdmx"],"yoast_head":"<!-- This site is optimized with the Yoast SEO plugin v27.3 - https:\/\/yoast.com\/product\/yoast-seo-wordpress\/ -->\n<title>CDMX experimenta \u201csequ\u00eda grave\u201d, alerta la jefe de Gobierno Claudia Sheinbaum -<\/title>\n<meta name=\"robots\" content=\"index, follow, max-snippet:-1, max-image-preview:large, max-video-preview:-1\" \/>\n<link rel=\"canonical\" href=\"https:\/\/quehacerpolitico.mx\/?p=78491\" \/>\n<meta property=\"og:locale\" content=\"es_MX\" \/>\n<meta property=\"og:type\" content=\"article\" \/>\n<meta property=\"og:title\" content=\"CDMX experimenta \u201csequ\u00eda grave\u201d, alerta la jefe de Gobierno Claudia Sheinbaum -\" \/>\n<meta property=\"og:description\" content=\"CDMX experimenta \u201csequ\u00eda grave\u201d, alerta la jefe de Gobierno Claudia Sheinbaum Por Redacci\u00f3n QP 2020...\" \/>\n<meta property=\"og:url\" content=\"https:\/\/quehacerpolitico.mx\/?p=78491\" \/>\n<meta property=\"article:published_time\" content=\"2021-04-03T04:04:55+00:00\" \/>\n<meta property=\"og:image\" content=\"https:\/\/quehacerpolitico.mx\/wp-content\/uploads\/2021\/04\/FABDE934-934F-481F-A4C0-2E621A0FE849.jpeg\" \/>\n\t<meta property=\"og:image:width\" content=\"1242\" \/>\n\t<meta property=\"og:image:height\" content=\"670\" \/>\n\t<meta property=\"og:image:type\" content=\"image\/jpeg\" \/>\n<meta name=\"author\" content=\"Redacci\u00f3n QP\" \/>\n<meta name=\"twitter:card\" content=\"summary_large_image\" \/>\n<meta name=\"twitter:label1\" content=\"Escrito por\" \/>\n\t<meta name=\"twitter:data1\" content=\"Redacci\u00f3n QP\" \/>\n\t<meta name=\"twitter:label2\" content=\"Tiempo de lectura\" \/>\n\t<meta name=\"twitter:data2\" content=\"2 minutos\" \/>\n<script type=\"application\/ld+json\" class=\"yoast-schema-graph\">{\"@context\":\"https:\\\/\\\/schema.org\",\"@graph\":[{\"@type\":\"Article\",\"@id\":\"https:\\\/\\\/quehacerpolitico.mx\\\/?p=78491#article\",\"isPartOf\":{\"@id\":\"https:\\\/\\\/quehacerpolitico.mx\\\/?p=78491\"},\"author\":{\"name\":\"Redacci\u00f3n QP\",\"@id\":\"https:\\\/\\\/quehacerpolitico.mx\\\/#\\\/schema\\\/person\\\/496d8ad2d1d3f8036101dca7ee39e585\"},\"headline\":\"CDMX experimenta \u201csequ\u00eda grave\u201d, alerta la jefe de Gobierno Claudia Sheinbaum\",\"datePublished\":\"2021-04-03T04:04:55+00:00\",\"mainEntityOfPage\":{\"@id\":\"https:\\\/\\\/quehacerpolitico.mx\\\/?p=78491\"},\"wordCount\":437,\"commentCount\":0,\"image\":{\"@id\":\"https:\\\/\\\/quehacerpolitico.mx\\\/?p=78491#primaryimage\"},\"thumbnailUrl\":\"https:\\\/\\\/quehacerpolitico.mx\\\/wp-content\\\/uploads\\\/2021\\\/04\\\/FABDE934-934F-481F-A4C0-2E621A0FE849.jpeg\",\"articleSection\":[\"CDMX\"],\"inLanguage\":\"es\",\"potentialAction\":[{\"@type\":\"CommentAction\",\"name\":\"Comment\",\"target\":[\"https:\\\/\\\/quehacerpolitico.mx\\\/?p=78491#respond\"]}]},{\"@type\":\"WebPage\",\"@id\":\"https:\\\/\\\/quehacerpolitico.mx\\\/?p=78491\",\"url\":\"https:\\\/\\\/quehacerpolitico.mx\\\/?p=78491\",\"name\":\"CDMX experimenta \u201csequ\u00eda grave\u201d, alerta la jefe de Gobierno Claudia Sheinbaum -\",\"isPartOf\":{\"@id\":\"https:\\\/\\\/quehacerpolitico.mx\\\/#website\"},\"primaryImageOfPage\":{\"@id\":\"https:\\\/\\\/quehacerpolitico.mx\\\/?p=78491#primaryimage\"},\"image\":{\"@id\":\"https:\\\/\\\/quehacerpolitico.mx\\\/?p=78491#primaryimage\"},\"thumbnailUrl\":\"https:\\\/\\\/quehacerpolitico.mx\\\/wp-content\\\/uploads\\\/2021\\\/04\\\/FABDE934-934F-481F-A4C0-2E621A0FE849.jpeg\",\"datePublished\":\"2021-04-03T04:04:55+00:00\",\"author\":{\"@id\":\"https:\\\/\\\/quehacerpolitico.mx\\\/#\\\/schema\\\/person\\\/496d8ad2d1d3f8036101dca7ee39e585\"},\"breadcrumb\":{\"@id\":\"https:\\\/\\\/quehacerpolitico.mx\\\/?p=78491#breadcrumb\"},\"inLanguage\":\"es\",\"potentialAction\":[{\"@type\":\"ReadAction\",\"target\":[\"https:\\\/\\\/quehacerpolitico.mx\\\/?p=78491\"]}]},{\"@type\":\"ImageObject\",\"inLanguage\":\"es\",\"@id\":\"https:\\\/\\\/quehacerpolitico.mx\\\/?p=78491#primaryimage\",\"url\":\"https:\\\/\\\/quehacerpolitico.mx\\\/wp-content\\\/uploads\\\/2021\\\/04\\\/FABDE934-934F-481F-A4C0-2E621A0FE849.jpeg\",\"contentUrl\":\"https:\\\/\\\/quehacerpolitico.mx\\\/wp-content\\\/uploads\\\/2021\\\/04\\\/FABDE934-934F-481F-A4C0-2E621A0FE849.jpeg\",\"width\":1242,\"height\":670},{\"@type\":\"BreadcrumbList\",\"@id\":\"https:\\\/\\\/quehacerpolitico.mx\\\/?p=78491#breadcrumb\",\"itemListElement\":[{\"@type\":\"ListItem\",\"position\":1,\"name\":\"Inicio\",\"item\":\"https:\\\/\\\/quehacerpolitico.mx\\\/\"},{\"@type\":\"ListItem\",\"position\":2,\"name\":\"CDMX experimenta \u201csequ\u00eda grave\u201d, alerta la jefe de Gobierno Claudia Sheinbaum\"}]},{\"@type\":\"WebSite\",\"@id\":\"https:\\\/\\\/quehacerpolitico.mx\\\/#website\",\"url\":\"https:\\\/\\\/quehacerpolitico.mx\\\/\",\"name\":\"\",\"description\":\"\",\"potentialAction\":[{\"@type\":\"SearchAction\",\"target\":{\"@type\":\"EntryPoint\",\"urlTemplate\":\"https:\\\/\\\/quehacerpolitico.mx\\\/?s={search_term_string}\"},\"query-input\":{\"@type\":\"PropertyValueSpecification\",\"valueRequired\":true,\"valueName\":\"search_term_string\"}}],\"inLanguage\":\"es\"},{\"@type\":\"Person\",\"@id\":\"https:\\\/\\\/quehacerpolitico.mx\\\/#\\\/schema\\\/person\\\/496d8ad2d1d3f8036101dca7ee39e585\",\"name\":\"Redacci\u00f3n QP\",\"image\":{\"@type\":\"ImageObject\",\"inLanguage\":\"es\",\"@id\":\"https:\\\/\\\/secure.gravatar.com\\\/avatar\\\/c7164ed6fdec453195284ad24a5ae5b6e1eed2b848477fa2a4787ba9adf39a41?s=96&d=mm&r=g\",\"url\":\"https:\\\/\\\/secure.gravatar.com\\\/avatar\\\/c7164ed6fdec453195284ad24a5ae5b6e1eed2b848477fa2a4787ba9adf39a41?s=96&d=mm&r=g\",\"contentUrl\":\"https:\\\/\\\/secure.gravatar.com\\\/avatar\\\/c7164ed6fdec453195284ad24a5ae5b6e1eed2b848477fa2a4787ba9adf39a41?s=96&d=mm&r=g\",\"caption\":\"Redacci\u00f3n QP\"},\"url\":\"https:\\\/\\\/quehacerpolitico.mx\\\/?author=2\"}]}<\/script>\n<!-- \/ Yoast SEO plugin. -->","yoast_head_json":{"title":"CDMX experimenta \u201csequ\u00eda grave\u201d, alerta la jefe de Gobierno Claudia Sheinbaum -","robots":{"index":"index","follow":"follow","max-snippet":"max-snippet:-1","max-image-preview":"max-image-preview:large","max-video-preview":"max-video-preview:-1"},"canonical":"https:\/\/quehacerpolitico.mx\/?p=78491","og_locale":"es_MX","og_type":"article","og_title":"CDMX experimenta \u201csequ\u00eda grave\u201d, alerta la jefe de Gobierno Claudia Sheinbaum -","og_description":"CDMX experimenta \u201csequ\u00eda grave\u201d, alerta la jefe de Gobierno Claudia Sheinbaum Por Redacci\u00f3n QP 2020...","og_url":"https:\/\/quehacerpolitico.mx\/?p=78491","article_published_time":"2021-04-03T04:04:55+00:00","og_image":[{"width":1242,"height":670,"url":"https:\/\/quehacerpolitico.mx\/wp-content\/uploads\/2021\/04\/FABDE934-934F-481F-A4C0-2E621A0FE849.jpeg","type":"image\/jpeg"}],"author":"Redacci\u00f3n QP","twitter_card":"summary_large_image","twitter_misc":{"Escrito por":"Redacci\u00f3n QP","Tiempo de lectura":"2 minutos"},"schema":{"@context":"https:\/\/schema.org","@graph":[{"@type":"Article","@id":"https:\/\/quehacerpolitico.mx\/?p=78491#article","isPartOf":{"@id":"https:\/\/quehacerpolitico.mx\/?p=78491"},"author":{"name":"Redacci\u00f3n QP","@id":"https:\/\/quehacerpolitico.mx\/#\/schema\/person\/496d8ad2d1d3f8036101dca7ee39e585"},"headline":"CDMX experimenta \u201csequ\u00eda grave\u201d, alerta la jefe de Gobierno Claudia Sheinbaum","datePublished":"2021-04-03T04:04:55+00:00","mainEntityOfPage":{"@id":"https:\/\/quehacerpolitico.mx\/?p=78491"},"wordCount":437,"commentCount":0,"image":{"@id":"https:\/\/quehacerpolitico.mx\/?p=78491#primaryimage"},"thumbnailUrl":"https:\/\/quehacerpolitico.mx\/wp-content\/uploads\/2021\/04\/FABDE934-934F-481F-A4C0-2E621A0FE849.jpeg","articleSection":["CDMX"],"inLanguage":"es","potentialAction":[{"@type":"CommentAction","name":"Comment","target":["https:\/\/quehacerpolitico.mx\/?p=78491#respond"]}]},{"@type":"WebPage","@id":"https:\/\/quehacerpolitico.mx\/?p=78491","url":"https:\/\/quehacerpolitico.mx\/?p=78491","name":"CDMX experimenta \u201csequ\u00eda grave\u201d, alerta la jefe de Gobierno Claudia Sheinbaum -","isPartOf":{"@id":"https:\/\/quehacerpolitico.mx\/#website"},"primaryImageOfPage":{"@id":"https:\/\/quehacerpolitico.mx\/?p=78491#primaryimage"},"image":{"@id":"https:\/\/quehacerpolitico.mx\/?p=78491#primaryimage"},"thumbnailUrl":"https:\/\/quehacerpolitico.mx\/wp-content\/uploads\/2021\/04\/FABDE934-934F-481F-A4C0-2E621A0FE849.jpeg","datePublished":"2021-04-03T04:04:55+00:00","author":{"@id":"https:\/\/quehacerpolitico.mx\/#\/schema\/person\/496d8ad2d1d3f8036101dca7ee39e585"},"breadcrumb":{"@id":"https:\/\/quehacerpolitico.mx\/?p=78491#breadcrumb"},"inLanguage":"es","potentialAction":[{"@type":"ReadAction","target":["https:\/\/quehacerpolitico.mx\/?p=78491"]}]},{"@type":"ImageObject","inLanguage":"es","@id":"https:\/\/quehacerpolitico.mx\/?p=78491#primaryimage","url":"https:\/\/quehacerpolitico.mx\/wp-content\/uploads\/2021\/04\/FABDE934-934F-481F-A4C0-2E621A0FE849.jpeg","contentUrl":"https:\/\/quehacerpolitico.mx\/wp-content\/uploads\/2021\/04\/FABDE934-934F-481F-A4C0-2E621A0FE849.jpeg","width":1242,"height":670},{"@type":"BreadcrumbList","@id":"https:\/\/quehacerpolitico.mx\/?p=78491#breadcrumb","itemListElement":[{"@type":"ListItem","position":1,"name":"Inicio","item":"https:\/\/quehacerpolitico.mx\/"},{"@type":"ListItem","position":2,"name":"CDMX experimenta \u201csequ\u00eda grave\u201d, alerta la jefe de Gobierno Claudia Sheinbaum"}]},{"@type":"WebSite","@id":"https:\/\/quehacerpolitico.mx\/#website","url":"https:\/\/quehacerpolitico.mx\/","name":"","description":"","potentialAction":[{"@type":"SearchAction","target":{"@type":"EntryPoint","urlTemplate":"https:\/\/quehacerpolitico.mx\/?s={search_term_string}"},"query-input":{"@type":"PropertyValueSpecification","valueRequired":true,"valueName":"search_term_string"}}],"inLanguage":"es"},{"@type":"Person","@id":"https:\/\/quehacerpolitico.mx\/#\/schema\/person\/496d8ad2d1d3f8036101dca7ee39e585","name":"Redacci\u00f3n QP","image":{"@type":"ImageObject","inLanguage":"es","@id":"https:\/\/secure.gravatar.com\/avatar\/c7164ed6fdec453195284ad24a5ae5b6e1eed2b848477fa2a4787ba9adf39a41?s=96&d=mm&r=g","url":"https:\/\/secure.gravatar.com\/avatar\/c7164ed6fdec453195284ad24a5ae5b6e1eed2b848477fa2a4787ba9adf39a41?s=96&d=mm&r=g","contentUrl":"https:\/\/secure.gravatar.com\/avatar\/c7164ed6fdec453195284ad24a5ae5b6e1eed2b848477fa2a4787ba9adf39a41?s=96&d=mm&r=g","caption":"Redacci\u00f3n QP"},"url":"https:\/\/quehacerpolitico.mx\/?author=2"}]}},"featured_image_urls":{"full":["https:\/\/quehacerpolitico.mx\/wp-content\/uploads\/2021\/04\/FABDE934-934F-481F-A4C0-2E621A0FE849.jpeg",1242,670,false],"thumbnail":["https:\/\/quehacerpolitico.mx\/wp-content\/uploads\/2021\/04\/FABDE934-934F-481F-A4C0-2E621A0FE849-150x150.jpeg",150,150,true],"medium":["https:\/\/quehacerpolitico.mx\/wp-content\/uploads\/2021\/04\/FABDE934-934F-481F-A4C0-2E621A0FE849-300x162.jpeg",300,162,true],"medium_large":["https:\/\/quehacerpolitico.mx\/wp-content\/uploads\/2021\/04\/FABDE934-934F-481F-A4C0-2E621A0FE849-768x414.jpeg",640,345,true],"large":["https:\/\/quehacerpolitico.mx\/wp-content\/uploads\/2021\/04\/FABDE934-934F-481F-A4C0-2E621A0FE849-1024x552.jpeg",640,345,true],"1536x1536":["https:\/\/quehacerpolitico.mx\/wp-content\/uploads\/2021\/04\/FABDE934-934F-481F-A4C0-2E621A0FE849.jpeg",1242,670,false],"2048x2048":["https:\/\/quehacerpolitico.mx\/wp-content\/uploads\/2021\/04\/FABDE934-934F-481F-A4C0-2E621A0FE849.jpeg",1242,670,false],"covernews-featured":["https:\/\/quehacerpolitico.mx\/wp-content\/uploads\/2021\/04\/FABDE934-934F-481F-A4C0-2E621A0FE849.jpeg",1024,552,false],"covernews-medium":["https:\/\/quehacerpolitico.mx\/wp-content\/uploads\/2021\/04\/FABDE934-934F-481F-A4C0-2E621A0FE849.jpeg",540,291,false]},"author_info":{"display_name":"Redacci\u00f3n QP","author_link":"https:\/\/quehacerpolitico.mx\/?author=2"},"category_info":"<a href=\"https:\/\/quehacerpolitico.mx\/?cat=55\" rel=\"category\">CDMX<\/a>","tag_info":"CDMX","comment_count":"0","_links":{"self":[{"href":"https:\/\/quehacerpolitico.mx\/index.php?rest_route=\/wp\/v2\/posts\/78491","targetHints":{"allow":["GET"]}}],"collection":[{"href":"https:\/\/quehacerpolitico.mx\/index.php?rest_route=\/wp\/v2\/posts"}],"about":[{"href":"https:\/\/quehacerpolitico.mx\/index.php?rest_route=\/wp\/v2\/types\/post"}],"author":[{"embeddable":true,"href":"https:\/\/quehacerpolitico.mx\/index.php?rest_route=\/wp\/v2\/users\/2"}],"replies":[{"embeddable":true,"href":"https:\/\/quehacerpolitico.mx\/index.php?rest_route=%2Fwp%2Fv2%2Fcomments&post=78491"}],"version-history":[{"count":0,"href":"https:\/\/quehacerpolitico.mx\/index.php?rest_route=\/wp\/v2\/posts\/78491\/revisions"}],"wp:featuredmedia":[{"embeddable":true,"href":"https:\/\/quehacerpolitico.mx\/index.php?rest_route=\/wp\/v2\/media\/78494"}],"wp:attachment":[{"href":"https:\/\/quehacerpolitico.mx\/index.php?rest_route=%2Fwp%2Fv2%2Fmedia&parent=78491"}],"wp:term":[{"taxonomy":"category","embeddable":true,"href":"https:\/\/quehacerpolitico.mx\/index.php?rest_route=%2Fwp%2Fv2%2Fcategories&post=78491"},{"taxonomy":"post_tag","embeddable":true,"href":"https:\/\/quehacerpolitico.mx\/index.php?rest_route=%2Fwp%2Fv2%2Ftags&post=78491"}],"curies":[{"name":"wp","href":"https:\/\/api.w.org\/{rel}","templated":true}]}}