{"id":78481,"date":"2021-04-03T02:20:28","date_gmt":"2021-04-03T02:20:28","guid":{"rendered":"https:\/\/quehacerpolitico.mx\/?p=78481"},"modified":"2021-04-03T02:20:28","modified_gmt":"2021-04-03T02:20:28","slug":"internacionales-carolina-alonso-romei-california-permitira-conciertos-y-reuniones-tras-caida-de-covid-19","status":"publish","type":"post","link":"https:\/\/quehacerpolitico.mx\/?p=78481","title":{"rendered":"Internacionales\/\/\/Carolina Alonso Romei\/\/\/California permitir\u00e1 conciertos y reuniones tras ca\u00edda de COVID-19"},"content":{"rendered":"<h1 class=\"article_title\">California permitir\u00e1 conciertos y reuniones tras ca\u00edda de COVID-19<br \/>\nPor Carolina Alonso Romei<\/h1>\n<p>Internacionalista<\/p>\n<p>Para asistir a eventos multitudinarios, la gente tendr\u00e1 que someterse a una prueba o demostrar que ya recibi\u00f3 las dos dosis de la vacuna contra el coronavirus<\/p>\n<p><strong>California<\/strong> permitir\u00e1 la realizaci\u00f3n de conciertos, obras de teatro y otras reuniones privadas en interiores a partir del 15 de abril, debido a que la <strong>tasa de casos positivos de coronavirus\u00a0<\/strong>en el estado se acerca a un m\u00ednimo r\u00e9cord, anunciaron funcionarios este viernes 2 de abril.<\/p>\n<p>La decisi\u00f3n es un cambio fuerte con respecto al ritmo lento con el que <strong>California retir\u00f3 las<\/strong><strong>restricciones<\/strong>. De todas formas, el gobernador Gavin Newsom, exhorta a la poblaci\u00f3n a <strong>portar mascarillas<\/strong>y respetar las <strong>medidas de distanciamiento social.<\/strong><\/p>\n<p>Para asistir a eventos multitudinarios, la gente tendr\u00e1 que someterse a una prueba o demostrar que ya recibi\u00f3 las dos <strong>dosis de la vacuna contra el coronavirus<\/strong>. California administr\u00f3 cerca de 19 millones de vacunas, y aproximadamente 6.9 millones de personas ya recibieron ambas dosis en un estado con casi 40 millones de residentes. Sin embargo, actualmente s\u00f3lo se autoriza que se vacunen las personas mayores de 50 a\u00f1os. Los adultos de 16 a\u00f1os o m\u00e1s podr\u00e1n ser<strong> inoculados<\/strong> a partir del 15 de abril.<\/p>\n<p>Seg\u00fan las nuevas normas, la cantidad de gente que pueda asistir a eventos depender\u00e1 del nivel de las <strong>restricciones implementadas <\/strong>en cada condado. El estado divide a los condados en cuatro niveles de riesgo con base en qu\u00e9 tan generalizada es la <strong>propagaci\u00f3n del virus<\/strong> en esos lugares.<\/p>\n<p>El nivel morado es el m\u00e1s restrictivo. Los conciertos y obras de teatro en espacios cerrados no est\u00e1n permitidos en este nivel. Pueden llevarse a cabo en el rojo, pero con una capacidad del 10% para recintos que pueden albergar hasta mil 500 personas y del 20% para inmuebles con m\u00e1s asientos. Si todos los invitados ya se sometieron a una prueba o comprueban que est\u00e1n totalmente <strong>vacunados,<\/strong> esta capacidad aumentar\u00eda a 25% y 35%, respectivamente.<\/p>\n<p>En los niveles menos restrictivos la capacidad aumenta.<\/p>\n<p>Si los recintos separan a la gente en secciones, las personas en el grupo de \u201ccompletamente vacunados\u201d pueden estar sentadas hombro con hombro pero a\u00fan deben portar mascarillas, de acuerdo con el doctor Tom\u00e1s Arag\u00f3n, director del Departamento de Salud P\u00fablica del estado.<\/p>\n<blockquote><p>\u201cEsta realmente va a ser una ruta para permitir que los recintos cumplan con los l\u00edmites a la capacidad\u201d, dijo Arag\u00f3n.<\/p><\/blockquote>\n<p>Eventos\u00a0 en el nivel morado y s\u00f3lo podr\u00e1n acudir 25 personas. Pueden realizarse bajo techo en el nivel rojo, pero limitados a 50 asistentes. Sin embargo, esa capacidad puede incrementarse a 200 personas si todos los invitados dieron <strong>negativo al virus<\/strong> o <strong>recibieron las dos dosis de la vacuna.<\/strong><\/p>\n<blockquote><p>\u201cLa actualizaci\u00f3n de hoy al Proyecto para una Econom\u00eda M\u00e1s Segura es resultado de los avances que estamos logrando tanto en la vacunaci\u00f3n como en el <strong>control de la propagaci\u00f3n del COVID-19<\/strong>\u201c, dijo el doctor Mark Ghaly, secretario de Salud y Servicios Humanos de California.<\/p><\/blockquote>\n<p>El gobernador Newsom se present\u00f3 en un sitio donde se aplican vacunas en San Diego, con el fin de destacar la <strong>labor de inoculaci\u00f3n<\/strong> en el estado m\u00e1s poblado del pa\u00eds. El d\u00eda anterior Newsom recibi\u00f3 la vacuna de Johnson &amp; Johnson, de una sola dosis.<\/p>\n<p><em>Con informaci\u00f3n de AP<\/em><\/p>\n","protected":false},"excerpt":{"rendered":"<p>California permitir\u00e1 conciertos y reuniones tras ca\u00edda de COVID-19 Por Carolina Alonso Romei Internacionalista Para&#8230;<\/p>\n","protected":false},"author":2,"featured_media":78484,"comment_status":"open","ping_status":"open","sticky":false,"template":"","format":"standard","meta":{"_monsterinsights_skip_tracking":false,"_monsterinsights_sitenote_active":false,"_monsterinsights_sitenote_note":"","_monsterinsights_sitenote_category":0,"footnotes":""},"categories":[1],"tags":[],"class_list":["post-78481","post","type-post","status-publish","format-standard","has-post-thumbnail","hentry","category-sin-categoria"],"yoast_head":"<!-- This site is optimized with the Yoast SEO plugin v27.3 - https:\/\/yoast.com\/product\/yoast-seo-wordpress\/ -->\n<title>Internacionales\/\/\/Carolina Alonso Romei\/\/\/California permitir\u00e1 conciertos y reuniones tras ca\u00edda de COVID-19 -<\/title>\n<meta name=\"robots\" content=\"index, follow, max-snippet:-1, max-image-preview:large, max-video-preview:-1\" \/>\n<link rel=\"canonical\" href=\"https:\/\/quehacerpolitico.mx\/?p=78481\" \/>\n<meta property=\"og:locale\" content=\"es_MX\" \/>\n<meta property=\"og:type\" content=\"article\" \/>\n<meta property=\"og:title\" content=\"Internacionales\/\/\/Carolina Alonso Romei\/\/\/California permitir\u00e1 conciertos y reuniones tras ca\u00edda de COVID-19 -\" \/>\n<meta property=\"og:description\" content=\"California permitir\u00e1 conciertos y reuniones tras ca\u00edda de COVID-19 Por Carolina Alonso Romei Internacionalista Para...\" \/>\n<meta property=\"og:url\" content=\"https:\/\/quehacerpolitico.mx\/?p=78481\" \/>\n<meta property=\"article:published_time\" content=\"2021-04-03T02:20:28+00:00\" \/>\n<meta property=\"og:image\" content=\"https:\/\/quehacerpolitico.mx\/wp-content\/uploads\/2021\/04\/CFFB0726-B3F2-41C6-B738-CE88370F8EA6.jpeg\" \/>\n\t<meta property=\"og:image:width\" content=\"679\" \/>\n\t<meta property=\"og:image:height\" content=\"452\" \/>\n\t<meta property=\"og:image:type\" content=\"image\/jpeg\" \/>\n<meta name=\"author\" content=\"Redacci\u00f3n QP\" \/>\n<meta name=\"twitter:card\" content=\"summary_large_image\" \/>\n<meta name=\"twitter:label1\" content=\"Escrito por\" \/>\n\t<meta name=\"twitter:data1\" content=\"Redacci\u00f3n QP\" \/>\n\t<meta name=\"twitter:label2\" content=\"Tiempo de lectura\" \/>\n\t<meta name=\"twitter:data2\" content=\"3 minutos\" \/>\n<script type=\"application\/ld+json\" class=\"yoast-schema-graph\">{\"@context\":\"https:\\\/\\\/schema.org\",\"@graph\":[{\"@type\":\"Article\",\"@id\":\"https:\\\/\\\/quehacerpolitico.mx\\\/?p=78481#article\",\"isPartOf\":{\"@id\":\"https:\\\/\\\/quehacerpolitico.mx\\\/?p=78481\"},\"author\":{\"name\":\"Redacci\u00f3n QP\",\"@id\":\"https:\\\/\\\/quehacerpolitico.mx\\\/#\\\/schema\\\/person\\\/496d8ad2d1d3f8036101dca7ee39e585\"},\"headline\":\"Internacionales\\\/\\\/\\\/Carolina Alonso Romei\\\/\\\/\\\/California permitir\u00e1 conciertos y reuniones tras ca\u00edda de COVID-19\",\"datePublished\":\"2021-04-03T02:20:28+00:00\",\"mainEntityOfPage\":{\"@id\":\"https:\\\/\\\/quehacerpolitico.mx\\\/?p=78481\"},\"wordCount\":585,\"commentCount\":0,\"image\":{\"@id\":\"https:\\\/\\\/quehacerpolitico.mx\\\/?p=78481#primaryimage\"},\"thumbnailUrl\":\"https:\\\/\\\/quehacerpolitico.mx\\\/wp-content\\\/uploads\\\/2021\\\/04\\\/CFFB0726-B3F2-41C6-B738-CE88370F8EA6.jpeg\",\"articleSection\":[\"Internacionales\"],\"inLanguage\":\"es\",\"potentialAction\":[{\"@type\":\"CommentAction\",\"name\":\"Comment\",\"target\":[\"https:\\\/\\\/quehacerpolitico.mx\\\/?p=78481#respond\"]}]},{\"@type\":\"WebPage\",\"@id\":\"https:\\\/\\\/quehacerpolitico.mx\\\/?p=78481\",\"url\":\"https:\\\/\\\/quehacerpolitico.mx\\\/?p=78481\",\"name\":\"Internacionales\\\/\\\/\\\/Carolina Alonso Romei\\\/\\\/\\\/California permitir\u00e1 conciertos y reuniones tras ca\u00edda de COVID-19 -\",\"isPartOf\":{\"@id\":\"https:\\\/\\\/quehacerpolitico.mx\\\/#website\"},\"primaryImageOfPage\":{\"@id\":\"https:\\\/\\\/quehacerpolitico.mx\\\/?p=78481#primaryimage\"},\"image\":{\"@id\":\"https:\\\/\\\/quehacerpolitico.mx\\\/?p=78481#primaryimage\"},\"thumbnailUrl\":\"https:\\\/\\\/quehacerpolitico.mx\\\/wp-content\\\/uploads\\\/2021\\\/04\\\/CFFB0726-B3F2-41C6-B738-CE88370F8EA6.jpeg\",\"datePublished\":\"2021-04-03T02:20:28+00:00\",\"author\":{\"@id\":\"https:\\\/\\\/quehacerpolitico.mx\\\/#\\\/schema\\\/person\\\/496d8ad2d1d3f8036101dca7ee39e585\"},\"breadcrumb\":{\"@id\":\"https:\\\/\\\/quehacerpolitico.mx\\\/?p=78481#breadcrumb\"},\"inLanguage\":\"es\",\"potentialAction\":[{\"@type\":\"ReadAction\",\"target\":[\"https:\\\/\\\/quehacerpolitico.mx\\\/?p=78481\"]}]},{\"@type\":\"ImageObject\",\"inLanguage\":\"es\",\"@id\":\"https:\\\/\\\/quehacerpolitico.mx\\\/?p=78481#primaryimage\",\"url\":\"https:\\\/\\\/quehacerpolitico.mx\\\/wp-content\\\/uploads\\\/2021\\\/04\\\/CFFB0726-B3F2-41C6-B738-CE88370F8EA6.jpeg\",\"contentUrl\":\"https:\\\/\\\/quehacerpolitico.mx\\\/wp-content\\\/uploads\\\/2021\\\/04\\\/CFFB0726-B3F2-41C6-B738-CE88370F8EA6.jpeg\",\"width\":679,\"height\":452},{\"@type\":\"BreadcrumbList\",\"@id\":\"https:\\\/\\\/quehacerpolitico.mx\\\/?p=78481#breadcrumb\",\"itemListElement\":[{\"@type\":\"ListItem\",\"position\":1,\"name\":\"Inicio\",\"item\":\"https:\\\/\\\/quehacerpolitico.mx\\\/\"},{\"@type\":\"ListItem\",\"position\":2,\"name\":\"Internacionales\\\/\\\/\\\/Carolina Alonso Romei\\\/\\\/\\\/California permitir\u00e1 conciertos y reuniones tras ca\u00edda de COVID-19\"}]},{\"@type\":\"WebSite\",\"@id\":\"https:\\\/\\\/quehacerpolitico.mx\\\/#website\",\"url\":\"https:\\\/\\\/quehacerpolitico.mx\\\/\",\"name\":\"\",\"description\":\"\",\"potentialAction\":[{\"@type\":\"SearchAction\",\"target\":{\"@type\":\"EntryPoint\",\"urlTemplate\":\"https:\\\/\\\/quehacerpolitico.mx\\\/?s={search_term_string}\"},\"query-input\":{\"@type\":\"PropertyValueSpecification\",\"valueRequired\":true,\"valueName\":\"search_term_string\"}}],\"inLanguage\":\"es\"},{\"@type\":\"Person\",\"@id\":\"https:\\\/\\\/quehacerpolitico.mx\\\/#\\\/schema\\\/person\\\/496d8ad2d1d3f8036101dca7ee39e585\",\"name\":\"Redacci\u00f3n QP\",\"image\":{\"@type\":\"ImageObject\",\"inLanguage\":\"es\",\"@id\":\"https:\\\/\\\/secure.gravatar.com\\\/avatar\\\/c7164ed6fdec453195284ad24a5ae5b6e1eed2b848477fa2a4787ba9adf39a41?s=96&d=mm&r=g\",\"url\":\"https:\\\/\\\/secure.gravatar.com\\\/avatar\\\/c7164ed6fdec453195284ad24a5ae5b6e1eed2b848477fa2a4787ba9adf39a41?s=96&d=mm&r=g\",\"contentUrl\":\"https:\\\/\\\/secure.gravatar.com\\\/avatar\\\/c7164ed6fdec453195284ad24a5ae5b6e1eed2b848477fa2a4787ba9adf39a41?s=96&d=mm&r=g\",\"caption\":\"Redacci\u00f3n QP\"},\"url\":\"https:\\\/\\\/quehacerpolitico.mx\\\/?author=2\"}]}<\/script>\n<!-- \/ Yoast SEO plugin. -->","yoast_head_json":{"title":"Internacionales\/\/\/Carolina Alonso Romei\/\/\/California permitir\u00e1 conciertos y reuniones tras ca\u00edda de COVID-19 -","robots":{"index":"index","follow":"follow","max-snippet":"max-snippet:-1","max-image-preview":"max-image-preview:large","max-video-preview":"max-video-preview:-1"},"canonical":"https:\/\/quehacerpolitico.mx\/?p=78481","og_locale":"es_MX","og_type":"article","og_title":"Internacionales\/\/\/Carolina Alonso Romei\/\/\/California permitir\u00e1 conciertos y reuniones tras ca\u00edda de COVID-19 -","og_description":"California permitir\u00e1 conciertos y reuniones tras ca\u00edda de COVID-19 Por Carolina Alonso Romei Internacionalista Para...","og_url":"https:\/\/quehacerpolitico.mx\/?p=78481","article_published_time":"2021-04-03T02:20:28+00:00","og_image":[{"width":679,"height":452,"url":"https:\/\/quehacerpolitico.mx\/wp-content\/uploads\/2021\/04\/CFFB0726-B3F2-41C6-B738-CE88370F8EA6.jpeg","type":"image\/jpeg"}],"author":"Redacci\u00f3n QP","twitter_card":"summary_large_image","twitter_misc":{"Escrito por":"Redacci\u00f3n QP","Tiempo de lectura":"3 minutos"},"schema":{"@context":"https:\/\/schema.org","@graph":[{"@type":"Article","@id":"https:\/\/quehacerpolitico.mx\/?p=78481#article","isPartOf":{"@id":"https:\/\/quehacerpolitico.mx\/?p=78481"},"author":{"name":"Redacci\u00f3n QP","@id":"https:\/\/quehacerpolitico.mx\/#\/schema\/person\/496d8ad2d1d3f8036101dca7ee39e585"},"headline":"Internacionales\/\/\/Carolina Alonso Romei\/\/\/California permitir\u00e1 conciertos y reuniones tras ca\u00edda de COVID-19","datePublished":"2021-04-03T02:20:28+00:00","mainEntityOfPage":{"@id":"https:\/\/quehacerpolitico.mx\/?p=78481"},"wordCount":585,"commentCount":0,"image":{"@id":"https:\/\/quehacerpolitico.mx\/?p=78481#primaryimage"},"thumbnailUrl":"https:\/\/quehacerpolitico.mx\/wp-content\/uploads\/2021\/04\/CFFB0726-B3F2-41C6-B738-CE88370F8EA6.jpeg","articleSection":["Internacionales"],"inLanguage":"es","potentialAction":[{"@type":"CommentAction","name":"Comment","target":["https:\/\/quehacerpolitico.mx\/?p=78481#respond"]}]},{"@type":"WebPage","@id":"https:\/\/quehacerpolitico.mx\/?p=78481","url":"https:\/\/quehacerpolitico.mx\/?p=78481","name":"Internacionales\/\/\/Carolina Alonso Romei\/\/\/California permitir\u00e1 conciertos y reuniones tras ca\u00edda de COVID-19 -","isPartOf":{"@id":"https:\/\/quehacerpolitico.mx\/#website"},"primaryImageOfPage":{"@id":"https:\/\/quehacerpolitico.mx\/?p=78481#primaryimage"},"image":{"@id":"https:\/\/quehacerpolitico.mx\/?p=78481#primaryimage"},"thumbnailUrl":"https:\/\/quehacerpolitico.mx\/wp-content\/uploads\/2021\/04\/CFFB0726-B3F2-41C6-B738-CE88370F8EA6.jpeg","datePublished":"2021-04-03T02:20:28+00:00","author":{"@id":"https:\/\/quehacerpolitico.mx\/#\/schema\/person\/496d8ad2d1d3f8036101dca7ee39e585"},"breadcrumb":{"@id":"https:\/\/quehacerpolitico.mx\/?p=78481#breadcrumb"},"inLanguage":"es","potentialAction":[{"@type":"ReadAction","target":["https:\/\/quehacerpolitico.mx\/?p=78481"]}]},{"@type":"ImageObject","inLanguage":"es","@id":"https:\/\/quehacerpolitico.mx\/?p=78481#primaryimage","url":"https:\/\/quehacerpolitico.mx\/wp-content\/uploads\/2021\/04\/CFFB0726-B3F2-41C6-B738-CE88370F8EA6.jpeg","contentUrl":"https:\/\/quehacerpolitico.mx\/wp-content\/uploads\/2021\/04\/CFFB0726-B3F2-41C6-B738-CE88370F8EA6.jpeg","width":679,"height":452},{"@type":"BreadcrumbList","@id":"https:\/\/quehacerpolitico.mx\/?p=78481#breadcrumb","itemListElement":[{"@type":"ListItem","position":1,"name":"Inicio","item":"https:\/\/quehacerpolitico.mx\/"},{"@type":"ListItem","position":2,"name":"Internacionales\/\/\/Carolina Alonso Romei\/\/\/California permitir\u00e1 conciertos y reuniones tras ca\u00edda de COVID-19"}]},{"@type":"WebSite","@id":"https:\/\/quehacerpolitico.mx\/#website","url":"https:\/\/quehacerpolitico.mx\/","name":"","description":"","potentialAction":[{"@type":"SearchAction","target":{"@type":"EntryPoint","urlTemplate":"https:\/\/quehacerpolitico.mx\/?s={search_term_string}"},"query-input":{"@type":"PropertyValueSpecification","valueRequired":true,"valueName":"search_term_string"}}],"inLanguage":"es"},{"@type":"Person","@id":"https:\/\/quehacerpolitico.mx\/#\/schema\/person\/496d8ad2d1d3f8036101dca7ee39e585","name":"Redacci\u00f3n QP","image":{"@type":"ImageObject","inLanguage":"es","@id":"https:\/\/secure.gravatar.com\/avatar\/c7164ed6fdec453195284ad24a5ae5b6e1eed2b848477fa2a4787ba9adf39a41?s=96&d=mm&r=g","url":"https:\/\/secure.gravatar.com\/avatar\/c7164ed6fdec453195284ad24a5ae5b6e1eed2b848477fa2a4787ba9adf39a41?s=96&d=mm&r=g","contentUrl":"https:\/\/secure.gravatar.com\/avatar\/c7164ed6fdec453195284ad24a5ae5b6e1eed2b848477fa2a4787ba9adf39a41?s=96&d=mm&r=g","caption":"Redacci\u00f3n QP"},"url":"https:\/\/quehacerpolitico.mx\/?author=2"}]}},"featured_image_urls":{"full":["https:\/\/quehacerpolitico.mx\/wp-content\/uploads\/2021\/04\/CFFB0726-B3F2-41C6-B738-CE88370F8EA6.jpeg",679,452,false],"thumbnail":["https:\/\/quehacerpolitico.mx\/wp-content\/uploads\/2021\/04\/CFFB0726-B3F2-41C6-B738-CE88370F8EA6-150x150.jpeg",150,150,true],"medium":["https:\/\/quehacerpolitico.mx\/wp-content\/uploads\/2021\/04\/CFFB0726-B3F2-41C6-B738-CE88370F8EA6-300x200.jpeg",300,200,true],"medium_large":["https:\/\/quehacerpolitico.mx\/wp-content\/uploads\/2021\/04\/CFFB0726-B3F2-41C6-B738-CE88370F8EA6.jpeg",640,426,false],"large":["https:\/\/quehacerpolitico.mx\/wp-content\/uploads\/2021\/04\/CFFB0726-B3F2-41C6-B738-CE88370F8EA6.jpeg",640,426,false],"1536x1536":["https:\/\/quehacerpolitico.mx\/wp-content\/uploads\/2021\/04\/CFFB0726-B3F2-41C6-B738-CE88370F8EA6.jpeg",679,452,false],"2048x2048":["https:\/\/quehacerpolitico.mx\/wp-content\/uploads\/2021\/04\/CFFB0726-B3F2-41C6-B738-CE88370F8EA6.jpeg",679,452,false],"covernews-featured":["https:\/\/quehacerpolitico.mx\/wp-content\/uploads\/2021\/04\/CFFB0726-B3F2-41C6-B738-CE88370F8EA6.jpeg",679,452,false],"covernews-medium":["https:\/\/quehacerpolitico.mx\/wp-content\/uploads\/2021\/04\/CFFB0726-B3F2-41C6-B738-CE88370F8EA6.jpeg",511,340,false]},"author_info":{"display_name":"Redacci\u00f3n QP","author_link":"https:\/\/quehacerpolitico.mx\/?author=2"},"category_info":"<a href=\"https:\/\/quehacerpolitico.mx\/?cat=1\" rel=\"category\">Internacionales<\/a>","tag_info":"Internacionales","comment_count":"0","_links":{"self":[{"href":"https:\/\/quehacerpolitico.mx\/index.php?rest_route=\/wp\/v2\/posts\/78481","targetHints":{"allow":["GET"]}}],"collection":[{"href":"https:\/\/quehacerpolitico.mx\/index.php?rest_route=\/wp\/v2\/posts"}],"about":[{"href":"https:\/\/quehacerpolitico.mx\/index.php?rest_route=\/wp\/v2\/types\/post"}],"author":[{"embeddable":true,"href":"https:\/\/quehacerpolitico.mx\/index.php?rest_route=\/wp\/v2\/users\/2"}],"replies":[{"embeddable":true,"href":"https:\/\/quehacerpolitico.mx\/index.php?rest_route=%2Fwp%2Fv2%2Fcomments&post=78481"}],"version-history":[{"count":0,"href":"https:\/\/quehacerpolitico.mx\/index.php?rest_route=\/wp\/v2\/posts\/78481\/revisions"}],"wp:featuredmedia":[{"embeddable":true,"href":"https:\/\/quehacerpolitico.mx\/index.php?rest_route=\/wp\/v2\/media\/78484"}],"wp:attachment":[{"href":"https:\/\/quehacerpolitico.mx\/index.php?rest_route=%2Fwp%2Fv2%2Fmedia&parent=78481"}],"wp:term":[{"taxonomy":"category","embeddable":true,"href":"https:\/\/quehacerpolitico.mx\/index.php?rest_route=%2Fwp%2Fv2%2Fcategories&post=78481"},{"taxonomy":"post_tag","embeddable":true,"href":"https:\/\/quehacerpolitico.mx\/index.php?rest_route=%2Fwp%2Fv2%2Ftags&post=78481"}],"curies":[{"name":"wp","href":"https:\/\/api.w.org\/{rel}","templated":true}]}}