{"id":78471,"date":"2021-04-03T01:44:24","date_gmt":"2021-04-03T01:44:24","guid":{"rendered":"https:\/\/quehacerpolitico.mx\/?p=78471"},"modified":"2021-04-03T01:44:24","modified_gmt":"2021-04-03T01:44:24","slug":"feministas-y-policias-se-enfrentan-en-palacio-nacional","status":"publish","type":"post","link":"https:\/\/quehacerpolitico.mx\/?p=78471","title":{"rendered":"Feministas y polic\u00edas se enfrentan en Palacio Nacional"},"content":{"rendered":"<h1 class=\"article_title\">Feministas y polic\u00edas se enfrentan en Palacio Nacional<br \/>\nPor Redacci\u00f3n QP<\/h1>\n<div class=\"article_heading\">\n<p>Tras derribar las protecciones, un grupo de feministas se enfrent\u00f3 con un grupo de mujeres polic\u00eda que resguardaban el recinto<\/p>\n<p>Colectivas feministas marcharon este viernes 2 de abril de 2021 en Ciudad de M\u00e9xico para protestar por una serie de feminicidios ocurridos recientemente en el estado de Quintana Roo y en especial para exigir justicia para Victoria Salazar, la salvadore\u00f1a asesinada por polic\u00edas de M\u00e9xico el pasado s\u00e1bado en el municipio de Tulum.<\/p>\n<p>La manifestaci\u00f3n, integrada por unas 400 mujeres, parti\u00f3 del Monumento a la Revoluci\u00f3n hacia el Z\u00f3calo, pero un contingente llev\u00f3 a cabo una parada en la casa de representaci\u00f3n del estado de Quintana Roo ubicado en la popular colonia Roma.<\/p>\n<blockquote class=\"twitter-tweet\" data-width=\"550\" data-dnt=\"true\">\n<p lang=\"es\" dir=\"ltr\"><a href=\"https:\/\/twitter.com\/hashtag\/JusticiaParaVictoria?src=hash&amp;ref_src=twsrc%5Etfw\">#JusticiaParaVictoria<\/a><\/p>\n<p>Feministas marcharon en protesta por el feminicidio de Victoria Salazar en CDMX. <\/p>\n<p>Al llegar al Z\u00f3calo comenz\u00f3 el enfrentamiento con la polic\u00eda. <a href=\"https:\/\/t.co\/aCA7WDexOq\">pic.twitter.com\/aCA7WDexOq<\/a><\/p>\n<p>&mdash; Ruido en la Red (@RuidoEnLaRed) <a href=\"https:\/\/twitter.com\/RuidoEnLaRed\/status\/1378111183610257410?ref_src=twsrc%5Etfw\">April 2, 2021<\/a><\/p><\/blockquote>\n<p><script async src=\"https:\/\/platform.twitter.com\/widgets.js\" charset=\"utf-8\"><\/script><\/p>\n<p>\u201c\u00a1Victoria no muri\u00f3, la polic\u00eda la mat\u00f3!\u201d y \u201c\u00a1Me cuidan mis amigas, no la polic\u00eda!\u201d, fueron las consignas de las mujeres en esta movilizaci\u00f3n que ocurri\u00f3 a menos de un mes de la marcha por el D\u00eda Internacional de la Mujer .<\/p>\n<p>Al igual que la protesta del 8 de marzo, un numeroso grupo de mujeres lleg\u00f3 hasta el frente del Palacio Nacional, residencia y despacho presidencial, donde derribaron una serie de contenciones met\u00e1licas que resguarda el inmueble.<\/p>\n<p>Tras derribar las protecciones, un grupo de feministas se enfrent\u00f3 con un grupo de mujeres polic\u00eda que resguardaban el recinto y que acompa\u00f1aron a las mujeres durante su trayecto al marchar al mismo paso, en una especie de encapsulamiento m\u00f3vil.<\/p>\n<p><iframe loading=\"lazy\" title=\"Inicia protesta feminista contra feminicidios en Quintana Roo\" width=\"640\" height=\"360\" src=\"https:\/\/www.youtube.com\/embed\/VA5SqnH_ChA?feature=oembed\" frameborder=\"0\" allow=\"accelerometer; autoplay; clipboard-write; encrypted-media; gyroscope; picture-in-picture; web-share\" referrerpolicy=\"strict-origin-when-cross-origin\" allowfullscreen><\/iframe><\/p>\n<p>En su protesta decenas de mujeres, que marcharon cubiertas del rostro y encapuchadas, causaron destrozos en mobiliario urbano y algunos negocios, adem\u00e1s llevaron a cabo pintadas aunque una buena parte de los edificios estaban protegidos con vallas met\u00e1licas que las autoridades capitalinas colocaron durante la madrugada.<\/p>\n<p>DOLOR E INDIGNACI\u00d3N<\/p>\n<p>\u201c\u00a1Justicia para Victoria!\u201d se le\u00eda en pancartas y pintadas de las mujeres, quienes en su consignas recordaron que este pa\u00eds en promedio asesinan a 10 mujeres cada d\u00eda.<\/p>\n<p>Carolina, de 20 a\u00f1os, se\u00f1al\u00f3 que la manifestaci\u00f3n de este viernes y su salida a las calles era en solidaridad con el feminicidio de la migrante salvadore\u00f1a.<\/p>\n<p>\u201cEstamos por solidaridad con las chicas y por solidaridad con todo lo que no est\u00e1 pasando a las mujeres, para visibilizarnos y que tenemos que ser escuchadas de una u otra manera, las cosas no pueden seguir as\u00ed\u201d, dijo en entrevista con Efe.<\/p>\n<p>Mientras que Valentina, de 24 a\u00f1os, dijo que la manifestaci\u00f3n, junto con otras que han llevado a cabo las feministas, son para llamar la atenci\u00f3n \u201cy erradicar la violencia brutal, bestial, agresiva que viven las mujeres en M\u00e9xico\u201d.<\/p>\n<p>Victoria Esperanza, de 36 a\u00f1os y residente en M\u00e9xico con una visa humanitaria desde 2018, fue sometida por cuatro polic\u00edas del enclave tur\u00edstico de Tulum, que ya est\u00e1n procesados por feminicidio.<\/p>\n<p>El deceso de Salazar, grabado en video, ha motivado protestas de organismos internacionales y grupos que acusan a las fuerzas de seguridad mexicanas de racismo y misoginia, adem\u00e1s de reclamos de El Salvador.<\/p>\n<p>Varias agencias de la ONU, como la OIM, Acnur y la ONU-DH, condenaron en estos d\u00edas el asesinato de la mujer y pidieron a las autoridades una investigaci\u00f3n \u201cpronta e imparcial\u201d.<\/p>\n<p><em>Con informaci\u00f3n de EFE<\/em><\/p>\n<\/div>\n","protected":false},"excerpt":{"rendered":"<p>Feministas y polic\u00edas se enfrentan en Palacio Nacional Por Redacci\u00f3n QP Tras derribar las protecciones,&#8230;<\/p>\n","protected":false},"author":2,"featured_media":78474,"comment_status":"open","ping_status":"open","sticky":false,"template":"","format":"standard","meta":{"_monsterinsights_skip_tracking":false,"_monsterinsights_sitenote_active":false,"_monsterinsights_sitenote_note":"","_monsterinsights_sitenote_category":0,"footnotes":""},"categories":[55],"tags":[],"class_list":["post-78471","post","type-post","status-publish","format-standard","has-post-thumbnail","hentry","category-cdmx"],"yoast_head":"<!-- This site is optimized with the Yoast SEO plugin v27.3 - https:\/\/yoast.com\/product\/yoast-seo-wordpress\/ -->\n<title>Feministas y polic\u00edas se enfrentan en Palacio Nacional -<\/title>\n<meta name=\"robots\" content=\"index, follow, max-snippet:-1, max-image-preview:large, max-video-preview:-1\" \/>\n<link rel=\"canonical\" href=\"https:\/\/quehacerpolitico.mx\/?p=78471\" \/>\n<meta property=\"og:locale\" content=\"es_MX\" \/>\n<meta property=\"og:type\" content=\"article\" \/>\n<meta property=\"og:title\" content=\"Feministas y polic\u00edas se enfrentan en Palacio Nacional -\" \/>\n<meta property=\"og:description\" content=\"Feministas y polic\u00edas se enfrentan en Palacio Nacional Por Redacci\u00f3n QP Tras derribar las protecciones,...\" \/>\n<meta property=\"og:url\" content=\"https:\/\/quehacerpolitico.mx\/?p=78471\" \/>\n<meta property=\"article:published_time\" content=\"2021-04-03T01:44:24+00:00\" \/>\n<meta property=\"og:image\" content=\"https:\/\/quehacerpolitico.mx\/wp-content\/uploads\/2021\/04\/D9B49EDB-4DCA-4A1A-AF97-08C8785612C3.jpeg\" \/>\n\t<meta property=\"og:image:width\" content=\"1242\" \/>\n\t<meta property=\"og:image:height\" content=\"682\" \/>\n\t<meta property=\"og:image:type\" content=\"image\/jpeg\" \/>\n<meta name=\"author\" content=\"Redacci\u00f3n QP\" \/>\n<meta name=\"twitter:card\" content=\"summary_large_image\" \/>\n<meta name=\"twitter:label1\" content=\"Escrito por\" \/>\n\t<meta name=\"twitter:data1\" content=\"Redacci\u00f3n QP\" \/>\n\t<meta name=\"twitter:label2\" content=\"Tiempo de lectura\" \/>\n\t<meta name=\"twitter:data2\" content=\"3 minutos\" \/>\n<script type=\"application\/ld+json\" class=\"yoast-schema-graph\">{\"@context\":\"https:\\\/\\\/schema.org\",\"@graph\":[{\"@type\":\"Article\",\"@id\":\"https:\\\/\\\/quehacerpolitico.mx\\\/?p=78471#article\",\"isPartOf\":{\"@id\":\"https:\\\/\\\/quehacerpolitico.mx\\\/?p=78471\"},\"author\":{\"name\":\"Redacci\u00f3n QP\",\"@id\":\"https:\\\/\\\/quehacerpolitico.mx\\\/#\\\/schema\\\/person\\\/496d8ad2d1d3f8036101dca7ee39e585\"},\"headline\":\"Feministas y polic\u00edas se enfrentan en Palacio Nacional\",\"datePublished\":\"2021-04-03T01:44:24+00:00\",\"mainEntityOfPage\":{\"@id\":\"https:\\\/\\\/quehacerpolitico.mx\\\/?p=78471\"},\"wordCount\":580,\"commentCount\":0,\"image\":{\"@id\":\"https:\\\/\\\/quehacerpolitico.mx\\\/?p=78471#primaryimage\"},\"thumbnailUrl\":\"https:\\\/\\\/quehacerpolitico.mx\\\/wp-content\\\/uploads\\\/2021\\\/04\\\/D9B49EDB-4DCA-4A1A-AF97-08C8785612C3.jpeg\",\"articleSection\":[\"CDMX\"],\"inLanguage\":\"es\",\"potentialAction\":[{\"@type\":\"CommentAction\",\"name\":\"Comment\",\"target\":[\"https:\\\/\\\/quehacerpolitico.mx\\\/?p=78471#respond\"]}]},{\"@type\":\"WebPage\",\"@id\":\"https:\\\/\\\/quehacerpolitico.mx\\\/?p=78471\",\"url\":\"https:\\\/\\\/quehacerpolitico.mx\\\/?p=78471\",\"name\":\"Feministas y polic\u00edas se enfrentan en Palacio Nacional -\",\"isPartOf\":{\"@id\":\"https:\\\/\\\/quehacerpolitico.mx\\\/#website\"},\"primaryImageOfPage\":{\"@id\":\"https:\\\/\\\/quehacerpolitico.mx\\\/?p=78471#primaryimage\"},\"image\":{\"@id\":\"https:\\\/\\\/quehacerpolitico.mx\\\/?p=78471#primaryimage\"},\"thumbnailUrl\":\"https:\\\/\\\/quehacerpolitico.mx\\\/wp-content\\\/uploads\\\/2021\\\/04\\\/D9B49EDB-4DCA-4A1A-AF97-08C8785612C3.jpeg\",\"datePublished\":\"2021-04-03T01:44:24+00:00\",\"author\":{\"@id\":\"https:\\\/\\\/quehacerpolitico.mx\\\/#\\\/schema\\\/person\\\/496d8ad2d1d3f8036101dca7ee39e585\"},\"breadcrumb\":{\"@id\":\"https:\\\/\\\/quehacerpolitico.mx\\\/?p=78471#breadcrumb\"},\"inLanguage\":\"es\",\"potentialAction\":[{\"@type\":\"ReadAction\",\"target\":[\"https:\\\/\\\/quehacerpolitico.mx\\\/?p=78471\"]}]},{\"@type\":\"ImageObject\",\"inLanguage\":\"es\",\"@id\":\"https:\\\/\\\/quehacerpolitico.mx\\\/?p=78471#primaryimage\",\"url\":\"https:\\\/\\\/quehacerpolitico.mx\\\/wp-content\\\/uploads\\\/2021\\\/04\\\/D9B49EDB-4DCA-4A1A-AF97-08C8785612C3.jpeg\",\"contentUrl\":\"https:\\\/\\\/quehacerpolitico.mx\\\/wp-content\\\/uploads\\\/2021\\\/04\\\/D9B49EDB-4DCA-4A1A-AF97-08C8785612C3.jpeg\",\"width\":1242,\"height\":682},{\"@type\":\"BreadcrumbList\",\"@id\":\"https:\\\/\\\/quehacerpolitico.mx\\\/?p=78471#breadcrumb\",\"itemListElement\":[{\"@type\":\"ListItem\",\"position\":1,\"name\":\"Inicio\",\"item\":\"https:\\\/\\\/quehacerpolitico.mx\\\/\"},{\"@type\":\"ListItem\",\"position\":2,\"name\":\"Feministas y polic\u00edas se enfrentan en Palacio Nacional\"}]},{\"@type\":\"WebSite\",\"@id\":\"https:\\\/\\\/quehacerpolitico.mx\\\/#website\",\"url\":\"https:\\\/\\\/quehacerpolitico.mx\\\/\",\"name\":\"\",\"description\":\"\",\"potentialAction\":[{\"@type\":\"SearchAction\",\"target\":{\"@type\":\"EntryPoint\",\"urlTemplate\":\"https:\\\/\\\/quehacerpolitico.mx\\\/?s={search_term_string}\"},\"query-input\":{\"@type\":\"PropertyValueSpecification\",\"valueRequired\":true,\"valueName\":\"search_term_string\"}}],\"inLanguage\":\"es\"},{\"@type\":\"Person\",\"@id\":\"https:\\\/\\\/quehacerpolitico.mx\\\/#\\\/schema\\\/person\\\/496d8ad2d1d3f8036101dca7ee39e585\",\"name\":\"Redacci\u00f3n QP\",\"image\":{\"@type\":\"ImageObject\",\"inLanguage\":\"es\",\"@id\":\"https:\\\/\\\/secure.gravatar.com\\\/avatar\\\/c7164ed6fdec453195284ad24a5ae5b6e1eed2b848477fa2a4787ba9adf39a41?s=96&d=mm&r=g\",\"url\":\"https:\\\/\\\/secure.gravatar.com\\\/avatar\\\/c7164ed6fdec453195284ad24a5ae5b6e1eed2b848477fa2a4787ba9adf39a41?s=96&d=mm&r=g\",\"contentUrl\":\"https:\\\/\\\/secure.gravatar.com\\\/avatar\\\/c7164ed6fdec453195284ad24a5ae5b6e1eed2b848477fa2a4787ba9adf39a41?s=96&d=mm&r=g\",\"caption\":\"Redacci\u00f3n QP\"},\"url\":\"https:\\\/\\\/quehacerpolitico.mx\\\/?author=2\"}]}<\/script>\n<!-- \/ Yoast SEO plugin. -->","yoast_head_json":{"title":"Feministas y polic\u00edas se enfrentan en Palacio Nacional -","robots":{"index":"index","follow":"follow","max-snippet":"max-snippet:-1","max-image-preview":"max-image-preview:large","max-video-preview":"max-video-preview:-1"},"canonical":"https:\/\/quehacerpolitico.mx\/?p=78471","og_locale":"es_MX","og_type":"article","og_title":"Feministas y polic\u00edas se enfrentan en Palacio Nacional -","og_description":"Feministas y polic\u00edas se enfrentan en Palacio Nacional Por Redacci\u00f3n QP Tras derribar las protecciones,...","og_url":"https:\/\/quehacerpolitico.mx\/?p=78471","article_published_time":"2021-04-03T01:44:24+00:00","og_image":[{"width":1242,"height":682,"url":"https:\/\/quehacerpolitico.mx\/wp-content\/uploads\/2021\/04\/D9B49EDB-4DCA-4A1A-AF97-08C8785612C3.jpeg","type":"image\/jpeg"}],"author":"Redacci\u00f3n QP","twitter_card":"summary_large_image","twitter_misc":{"Escrito por":"Redacci\u00f3n QP","Tiempo de lectura":"3 minutos"},"schema":{"@context":"https:\/\/schema.org","@graph":[{"@type":"Article","@id":"https:\/\/quehacerpolitico.mx\/?p=78471#article","isPartOf":{"@id":"https:\/\/quehacerpolitico.mx\/?p=78471"},"author":{"name":"Redacci\u00f3n QP","@id":"https:\/\/quehacerpolitico.mx\/#\/schema\/person\/496d8ad2d1d3f8036101dca7ee39e585"},"headline":"Feministas y polic\u00edas se enfrentan en Palacio Nacional","datePublished":"2021-04-03T01:44:24+00:00","mainEntityOfPage":{"@id":"https:\/\/quehacerpolitico.mx\/?p=78471"},"wordCount":580,"commentCount":0,"image":{"@id":"https:\/\/quehacerpolitico.mx\/?p=78471#primaryimage"},"thumbnailUrl":"https:\/\/quehacerpolitico.mx\/wp-content\/uploads\/2021\/04\/D9B49EDB-4DCA-4A1A-AF97-08C8785612C3.jpeg","articleSection":["CDMX"],"inLanguage":"es","potentialAction":[{"@type":"CommentAction","name":"Comment","target":["https:\/\/quehacerpolitico.mx\/?p=78471#respond"]}]},{"@type":"WebPage","@id":"https:\/\/quehacerpolitico.mx\/?p=78471","url":"https:\/\/quehacerpolitico.mx\/?p=78471","name":"Feministas y polic\u00edas se enfrentan en Palacio Nacional -","isPartOf":{"@id":"https:\/\/quehacerpolitico.mx\/#website"},"primaryImageOfPage":{"@id":"https:\/\/quehacerpolitico.mx\/?p=78471#primaryimage"},"image":{"@id":"https:\/\/quehacerpolitico.mx\/?p=78471#primaryimage"},"thumbnailUrl":"https:\/\/quehacerpolitico.mx\/wp-content\/uploads\/2021\/04\/D9B49EDB-4DCA-4A1A-AF97-08C8785612C3.jpeg","datePublished":"2021-04-03T01:44:24+00:00","author":{"@id":"https:\/\/quehacerpolitico.mx\/#\/schema\/person\/496d8ad2d1d3f8036101dca7ee39e585"},"breadcrumb":{"@id":"https:\/\/quehacerpolitico.mx\/?p=78471#breadcrumb"},"inLanguage":"es","potentialAction":[{"@type":"ReadAction","target":["https:\/\/quehacerpolitico.mx\/?p=78471"]}]},{"@type":"ImageObject","inLanguage":"es","@id":"https:\/\/quehacerpolitico.mx\/?p=78471#primaryimage","url":"https:\/\/quehacerpolitico.mx\/wp-content\/uploads\/2021\/04\/D9B49EDB-4DCA-4A1A-AF97-08C8785612C3.jpeg","contentUrl":"https:\/\/quehacerpolitico.mx\/wp-content\/uploads\/2021\/04\/D9B49EDB-4DCA-4A1A-AF97-08C8785612C3.jpeg","width":1242,"height":682},{"@type":"BreadcrumbList","@id":"https:\/\/quehacerpolitico.mx\/?p=78471#breadcrumb","itemListElement":[{"@type":"ListItem","position":1,"name":"Inicio","item":"https:\/\/quehacerpolitico.mx\/"},{"@type":"ListItem","position":2,"name":"Feministas y polic\u00edas se enfrentan en Palacio Nacional"}]},{"@type":"WebSite","@id":"https:\/\/quehacerpolitico.mx\/#website","url":"https:\/\/quehacerpolitico.mx\/","name":"","description":"","potentialAction":[{"@type":"SearchAction","target":{"@type":"EntryPoint","urlTemplate":"https:\/\/quehacerpolitico.mx\/?s={search_term_string}"},"query-input":{"@type":"PropertyValueSpecification","valueRequired":true,"valueName":"search_term_string"}}],"inLanguage":"es"},{"@type":"Person","@id":"https:\/\/quehacerpolitico.mx\/#\/schema\/person\/496d8ad2d1d3f8036101dca7ee39e585","name":"Redacci\u00f3n QP","image":{"@type":"ImageObject","inLanguage":"es","@id":"https:\/\/secure.gravatar.com\/avatar\/c7164ed6fdec453195284ad24a5ae5b6e1eed2b848477fa2a4787ba9adf39a41?s=96&d=mm&r=g","url":"https:\/\/secure.gravatar.com\/avatar\/c7164ed6fdec453195284ad24a5ae5b6e1eed2b848477fa2a4787ba9adf39a41?s=96&d=mm&r=g","contentUrl":"https:\/\/secure.gravatar.com\/avatar\/c7164ed6fdec453195284ad24a5ae5b6e1eed2b848477fa2a4787ba9adf39a41?s=96&d=mm&r=g","caption":"Redacci\u00f3n QP"},"url":"https:\/\/quehacerpolitico.mx\/?author=2"}]}},"featured_image_urls":{"full":["https:\/\/quehacerpolitico.mx\/wp-content\/uploads\/2021\/04\/D9B49EDB-4DCA-4A1A-AF97-08C8785612C3.jpeg",1242,682,false],"thumbnail":["https:\/\/quehacerpolitico.mx\/wp-content\/uploads\/2021\/04\/D9B49EDB-4DCA-4A1A-AF97-08C8785612C3-150x150.jpeg",150,150,true],"medium":["https:\/\/quehacerpolitico.mx\/wp-content\/uploads\/2021\/04\/D9B49EDB-4DCA-4A1A-AF97-08C8785612C3-300x165.jpeg",300,165,true],"medium_large":["https:\/\/quehacerpolitico.mx\/wp-content\/uploads\/2021\/04\/D9B49EDB-4DCA-4A1A-AF97-08C8785612C3-768x422.jpeg",640,352,true],"large":["https:\/\/quehacerpolitico.mx\/wp-content\/uploads\/2021\/04\/D9B49EDB-4DCA-4A1A-AF97-08C8785612C3-1024x562.jpeg",640,351,true],"1536x1536":["https:\/\/quehacerpolitico.mx\/wp-content\/uploads\/2021\/04\/D9B49EDB-4DCA-4A1A-AF97-08C8785612C3.jpeg",1242,682,false],"2048x2048":["https:\/\/quehacerpolitico.mx\/wp-content\/uploads\/2021\/04\/D9B49EDB-4DCA-4A1A-AF97-08C8785612C3.jpeg",1242,682,false],"covernews-featured":["https:\/\/quehacerpolitico.mx\/wp-content\/uploads\/2021\/04\/D9B49EDB-4DCA-4A1A-AF97-08C8785612C3.jpeg",1024,562,false],"covernews-medium":["https:\/\/quehacerpolitico.mx\/wp-content\/uploads\/2021\/04\/D9B49EDB-4DCA-4A1A-AF97-08C8785612C3.jpeg",540,297,false]},"author_info":{"display_name":"Redacci\u00f3n QP","author_link":"https:\/\/quehacerpolitico.mx\/?author=2"},"category_info":"<a href=\"https:\/\/quehacerpolitico.mx\/?cat=55\" rel=\"category\">CDMX<\/a>","tag_info":"CDMX","comment_count":"0","_links":{"self":[{"href":"https:\/\/quehacerpolitico.mx\/index.php?rest_route=\/wp\/v2\/posts\/78471","targetHints":{"allow":["GET"]}}],"collection":[{"href":"https:\/\/quehacerpolitico.mx\/index.php?rest_route=\/wp\/v2\/posts"}],"about":[{"href":"https:\/\/quehacerpolitico.mx\/index.php?rest_route=\/wp\/v2\/types\/post"}],"author":[{"embeddable":true,"href":"https:\/\/quehacerpolitico.mx\/index.php?rest_route=\/wp\/v2\/users\/2"}],"replies":[{"embeddable":true,"href":"https:\/\/quehacerpolitico.mx\/index.php?rest_route=%2Fwp%2Fv2%2Fcomments&post=78471"}],"version-history":[{"count":0,"href":"https:\/\/quehacerpolitico.mx\/index.php?rest_route=\/wp\/v2\/posts\/78471\/revisions"}],"wp:featuredmedia":[{"embeddable":true,"href":"https:\/\/quehacerpolitico.mx\/index.php?rest_route=\/wp\/v2\/media\/78474"}],"wp:attachment":[{"href":"https:\/\/quehacerpolitico.mx\/index.php?rest_route=%2Fwp%2Fv2%2Fmedia&parent=78471"}],"wp:term":[{"taxonomy":"category","embeddable":true,"href":"https:\/\/quehacerpolitico.mx\/index.php?rest_route=%2Fwp%2Fv2%2Fcategories&post=78471"},{"taxonomy":"post_tag","embeddable":true,"href":"https:\/\/quehacerpolitico.mx\/index.php?rest_route=%2Fwp%2Fv2%2Ftags&post=78471"}],"curies":[{"name":"wp","href":"https:\/\/api.w.org\/{rel}","templated":true}]}}