{"id":78456,"date":"2021-04-02T21:16:03","date_gmt":"2021-04-02T21:16:03","guid":{"rendered":"https:\/\/quehacerpolitico.mx\/?p=78456"},"modified":"2021-04-02T21:16:03","modified_gmt":"2021-04-02T21:16:03","slug":"amlo-recuerda-jesucristo-este-viernes-santo-y-su-preferencia-por-los-pobres-y-la-paz","status":"publish","type":"post","link":"https:\/\/quehacerpolitico.mx\/?p=78456","title":{"rendered":"AMLO recuerda a Jesucristo este Viernes Santo y su &#8220;preferencia por los pobres y la paz&#8221;"},"content":{"rendered":"<h1 class=\"news-title\">AMLO recuerda a Jesucristo este Viernes Santo y su &#8220;preferencia por los pobres y la paz&#8221;<br \/>\nPor Redacci\u00f3n QP<\/h1>\n<div class=\"news-subtitle\">\n<p>L\u00f3pez Obrador no esconde su cristianismo a pesar de que su fe parece contradecir la ideolog\u00eda propia de las izquierdas y de un presidente que de joven coquete\u00f3 con el comunismo<\/p>\n<\/div>\n<div class=\"social-share-box normal\">\n<p>El Presidente Andr\u00e9s Manuel L\u00f3pez Obrador (AMLO)\u00a0record\u00f3 este Viernes Santo a trav\u00e9s de sus redes sociales la figura de Jesucristo y destac\u00f3 su &#8220;preferencia por los pobres y por la paz&#8221;.<\/p>\n<div id=\"div-pos-2\"><strong>&#8220;La vida y la obra de Jes\u00fas Cristo, por lo general, es reconocida por creyentes y no creyentes. Las coincidencias siempre apuntan a su preferencia por los pobres y por la paz&#8221;, escribi\u00f3 AMLO<\/strong> en una publicaci\u00f3n, dando muestra una vez m\u00e1s de su gran fe a pesar de definirse a s\u00ed mismo tambi\u00e9n como un hombre de izquierda.<\/div>\n<p>Adem\u00e1s, L\u00f3pez Obrador comparti\u00f3 una imagen de una obra conocida como &#8220;Cristo de la paz&#8221; del artista mexicano David Alfaro Siqueiros, a quien defini\u00f3 como &#8220;comunista&#8221; y dijo que &#8220;no es extra\u00f1o&#8221; que alguien como \u00e9l hiciese una obra en honor a Cristo, que actualmente se exhibe en el Museo Vaticano.<\/p>\n<blockquote class=\"twitter-tweet\" data-width=\"550\" data-dnt=\"true\">\n<p lang=\"es\" dir=\"ltr\">No es extra\u00f1o que un pintor comunista como David Alfaro Siqueiros, haya hecho una obra que se exhibe en el Museo Vaticano conocida como \u00abCristo de la paz\u00bb. En el reverso, Siqueiros anot\u00f3 esta frase: \u00abCristiano: \u00bfqu\u00e9 has hecho de Cristo en m\u00e1s de dos mil a\u00f1os de su doctrina?\u00bb <a href=\"https:\/\/t.co\/NfYrnrbcDs\">pic.twitter.com\/NfYrnrbcDs<\/a><\/p>\n<p>&mdash; Andr\u00e9s Manuel (@lopezobrador_) <a href=\"https:\/\/twitter.com\/lopezobrador_\/status\/1378027462563618823?ref_src=twsrc%5Etfw\">April 2, 2021<\/a><\/p><\/blockquote>\n<p><script async src=\"https:\/\/platform.twitter.com\/widgets.js\" charset=\"utf-8\"><\/script><\/p>\n<p>&#8220;En el reverso, Siqueiros anot\u00f3 esta frase: &#8216;Cristiano: \u00bfqu\u00e9 has hecho de Cristo en m\u00e1s de dos mil a\u00f1os de su doctrina?'&#8221;, dijo.<\/p>\n<p><strong>AMLO comparti\u00f3 este mensaje en Viernes Santo<\/strong>, que no es d\u00eda festivo oficial en M\u00e9xico ya que es un pa\u00eds laico.<\/p>\n<p>Sin embargo, <strong>L\u00f3pez Obrador no esconde su cristianismo a pesar de que su fe parece contradecir la ideolog\u00eda propia de las izquierdas<\/strong> y de un presidente que de joven coquete\u00f3 con el comunismo.<\/p>\n<p>En Semana Santa del a\u00f1o pasado, L\u00f3pez Obrador recurri\u00f3 a un tuit del Papa Francisco para justificar sus ayudas de los pobres en plena pandemia y aplaudir la postura de los empresarios que est\u00e1n procurando por el bien com\u00fan del pa\u00eds.<\/p>\n<p>Para este veterano pol\u00edtico de 67 a\u00f1os, tanto Benito Ju\u00e1rez, el presidente mexicano que divorci\u00f3 la Iglesia del Estado en el siglo XIX, como Jes\u00fas de Nazaret, son dos grandes referentes que han inspirado su vida y su carrera pol\u00edtica.<\/p>\n<p><strong>Probablemente, ning\u00fan otro presidente mexicano moderno haya tenido tantas referencias b\u00edblicas en sus intervenciones p\u00fablicas como las de L\u00f3pez Obrador<\/strong>.<\/p>\n<p>Con 97.8 millones de creyentes, Mexico es el segundo pa\u00eds del mundo con m\u00e1s cat\u00f3licos, despu\u00e9s de Brasil.<\/p>\n<p>Con Informaci\u00f3n de EFE<\/p>\n<\/div>\n","protected":false},"excerpt":{"rendered":"<p>AMLO recuerda a Jesucristo este Viernes Santo y su &#8220;preferencia por los pobres y la&#8230;<\/p>\n","protected":false},"author":2,"featured_media":78460,"comment_status":"open","ping_status":"open","sticky":false,"template":"","format":"standard","meta":{"_monsterinsights_skip_tracking":false,"_monsterinsights_sitenote_active":false,"_monsterinsights_sitenote_note":"","_monsterinsights_sitenote_category":0,"footnotes":""},"categories":[2],"tags":[],"class_list":["post-78456","post","type-post","status-publish","format-standard","has-post-thumbnail","hentry","category-noticias"],"yoast_head":"<!-- This site is optimized with the Yoast SEO plugin v27.3 - https:\/\/yoast.com\/product\/yoast-seo-wordpress\/ -->\n<title>AMLO recuerda a Jesucristo este Viernes Santo y su &quot;preferencia por los pobres y la paz&quot; -<\/title>\n<meta name=\"robots\" content=\"index, follow, max-snippet:-1, max-image-preview:large, max-video-preview:-1\" \/>\n<link rel=\"canonical\" href=\"https:\/\/quehacerpolitico.mx\/?p=78456\" \/>\n<meta property=\"og:locale\" content=\"es_MX\" \/>\n<meta property=\"og:type\" content=\"article\" \/>\n<meta property=\"og:title\" content=\"AMLO recuerda a Jesucristo este Viernes Santo y su &quot;preferencia por los pobres y la paz&quot; -\" \/>\n<meta property=\"og:description\" content=\"AMLO recuerda a Jesucristo este Viernes Santo y su &#8220;preferencia por los pobres y la...\" \/>\n<meta property=\"og:url\" content=\"https:\/\/quehacerpolitico.mx\/?p=78456\" \/>\n<meta property=\"article:published_time\" content=\"2021-04-02T21:16:03+00:00\" \/>\n<meta property=\"og:image\" content=\"https:\/\/quehacerpolitico.mx\/wp-content\/uploads\/2021\/04\/BFA7179C-F1A3-456D-87E9-6F16D2334E95.jpeg\" \/>\n\t<meta property=\"og:image:width\" content=\"417\" \/>\n\t<meta property=\"og:image:height\" content=\"561\" \/>\n\t<meta property=\"og:image:type\" content=\"image\/jpeg\" \/>\n<meta name=\"author\" content=\"Redacci\u00f3n QP\" \/>\n<meta name=\"twitter:card\" content=\"summary_large_image\" \/>\n<meta name=\"twitter:label1\" content=\"Escrito por\" \/>\n\t<meta name=\"twitter:data1\" content=\"Redacci\u00f3n QP\" \/>\n\t<meta name=\"twitter:label2\" content=\"Tiempo de lectura\" \/>\n\t<meta name=\"twitter:data2\" content=\"2 minutos\" \/>\n<script type=\"application\/ld+json\" class=\"yoast-schema-graph\">{\"@context\":\"https:\\\/\\\/schema.org\",\"@graph\":[{\"@type\":\"Article\",\"@id\":\"https:\\\/\\\/quehacerpolitico.mx\\\/?p=78456#article\",\"isPartOf\":{\"@id\":\"https:\\\/\\\/quehacerpolitico.mx\\\/?p=78456\"},\"author\":{\"name\":\"Redacci\u00f3n QP\",\"@id\":\"https:\\\/\\\/quehacerpolitico.mx\\\/#\\\/schema\\\/person\\\/496d8ad2d1d3f8036101dca7ee39e585\"},\"headline\":\"AMLO recuerda a Jesucristo este Viernes Santo y su &#8220;preferencia por los pobres y la paz&#8221;\",\"datePublished\":\"2021-04-02T21:16:03+00:00\",\"mainEntityOfPage\":{\"@id\":\"https:\\\/\\\/quehacerpolitico.mx\\\/?p=78456\"},\"wordCount\":451,\"commentCount\":0,\"image\":{\"@id\":\"https:\\\/\\\/quehacerpolitico.mx\\\/?p=78456#primaryimage\"},\"thumbnailUrl\":\"https:\\\/\\\/quehacerpolitico.mx\\\/wp-content\\\/uploads\\\/2021\\\/04\\\/BFA7179C-F1A3-456D-87E9-6F16D2334E95.jpeg\",\"articleSection\":[\"Noticias\"],\"inLanguage\":\"es\",\"potentialAction\":[{\"@type\":\"CommentAction\",\"name\":\"Comment\",\"target\":[\"https:\\\/\\\/quehacerpolitico.mx\\\/?p=78456#respond\"]}]},{\"@type\":\"WebPage\",\"@id\":\"https:\\\/\\\/quehacerpolitico.mx\\\/?p=78456\",\"url\":\"https:\\\/\\\/quehacerpolitico.mx\\\/?p=78456\",\"name\":\"AMLO recuerda a Jesucristo este Viernes Santo y su \\\"preferencia por los pobres y la paz\\\" -\",\"isPartOf\":{\"@id\":\"https:\\\/\\\/quehacerpolitico.mx\\\/#website\"},\"primaryImageOfPage\":{\"@id\":\"https:\\\/\\\/quehacerpolitico.mx\\\/?p=78456#primaryimage\"},\"image\":{\"@id\":\"https:\\\/\\\/quehacerpolitico.mx\\\/?p=78456#primaryimage\"},\"thumbnailUrl\":\"https:\\\/\\\/quehacerpolitico.mx\\\/wp-content\\\/uploads\\\/2021\\\/04\\\/BFA7179C-F1A3-456D-87E9-6F16D2334E95.jpeg\",\"datePublished\":\"2021-04-02T21:16:03+00:00\",\"author\":{\"@id\":\"https:\\\/\\\/quehacerpolitico.mx\\\/#\\\/schema\\\/person\\\/496d8ad2d1d3f8036101dca7ee39e585\"},\"breadcrumb\":{\"@id\":\"https:\\\/\\\/quehacerpolitico.mx\\\/?p=78456#breadcrumb\"},\"inLanguage\":\"es\",\"potentialAction\":[{\"@type\":\"ReadAction\",\"target\":[\"https:\\\/\\\/quehacerpolitico.mx\\\/?p=78456\"]}]},{\"@type\":\"ImageObject\",\"inLanguage\":\"es\",\"@id\":\"https:\\\/\\\/quehacerpolitico.mx\\\/?p=78456#primaryimage\",\"url\":\"https:\\\/\\\/quehacerpolitico.mx\\\/wp-content\\\/uploads\\\/2021\\\/04\\\/BFA7179C-F1A3-456D-87E9-6F16D2334E95.jpeg\",\"contentUrl\":\"https:\\\/\\\/quehacerpolitico.mx\\\/wp-content\\\/uploads\\\/2021\\\/04\\\/BFA7179C-F1A3-456D-87E9-6F16D2334E95.jpeg\",\"width\":417,\"height\":561},{\"@type\":\"BreadcrumbList\",\"@id\":\"https:\\\/\\\/quehacerpolitico.mx\\\/?p=78456#breadcrumb\",\"itemListElement\":[{\"@type\":\"ListItem\",\"position\":1,\"name\":\"Inicio\",\"item\":\"https:\\\/\\\/quehacerpolitico.mx\\\/\"},{\"@type\":\"ListItem\",\"position\":2,\"name\":\"AMLO recuerda a Jesucristo este Viernes Santo y su &#8220;preferencia por los pobres y la paz&#8221;\"}]},{\"@type\":\"WebSite\",\"@id\":\"https:\\\/\\\/quehacerpolitico.mx\\\/#website\",\"url\":\"https:\\\/\\\/quehacerpolitico.mx\\\/\",\"name\":\"\",\"description\":\"\",\"potentialAction\":[{\"@type\":\"SearchAction\",\"target\":{\"@type\":\"EntryPoint\",\"urlTemplate\":\"https:\\\/\\\/quehacerpolitico.mx\\\/?s={search_term_string}\"},\"query-input\":{\"@type\":\"PropertyValueSpecification\",\"valueRequired\":true,\"valueName\":\"search_term_string\"}}],\"inLanguage\":\"es\"},{\"@type\":\"Person\",\"@id\":\"https:\\\/\\\/quehacerpolitico.mx\\\/#\\\/schema\\\/person\\\/496d8ad2d1d3f8036101dca7ee39e585\",\"name\":\"Redacci\u00f3n QP\",\"image\":{\"@type\":\"ImageObject\",\"inLanguage\":\"es\",\"@id\":\"https:\\\/\\\/secure.gravatar.com\\\/avatar\\\/c7164ed6fdec453195284ad24a5ae5b6e1eed2b848477fa2a4787ba9adf39a41?s=96&d=mm&r=g\",\"url\":\"https:\\\/\\\/secure.gravatar.com\\\/avatar\\\/c7164ed6fdec453195284ad24a5ae5b6e1eed2b848477fa2a4787ba9adf39a41?s=96&d=mm&r=g\",\"contentUrl\":\"https:\\\/\\\/secure.gravatar.com\\\/avatar\\\/c7164ed6fdec453195284ad24a5ae5b6e1eed2b848477fa2a4787ba9adf39a41?s=96&d=mm&r=g\",\"caption\":\"Redacci\u00f3n QP\"},\"url\":\"https:\\\/\\\/quehacerpolitico.mx\\\/?author=2\"}]}<\/script>\n<!-- \/ Yoast SEO plugin. -->","yoast_head_json":{"title":"AMLO recuerda a Jesucristo este Viernes Santo y su \"preferencia por los pobres y la paz\" -","robots":{"index":"index","follow":"follow","max-snippet":"max-snippet:-1","max-image-preview":"max-image-preview:large","max-video-preview":"max-video-preview:-1"},"canonical":"https:\/\/quehacerpolitico.mx\/?p=78456","og_locale":"es_MX","og_type":"article","og_title":"AMLO recuerda a Jesucristo este Viernes Santo y su \"preferencia por los pobres y la paz\" -","og_description":"AMLO recuerda a Jesucristo este Viernes Santo y su &#8220;preferencia por los pobres y la...","og_url":"https:\/\/quehacerpolitico.mx\/?p=78456","article_published_time":"2021-04-02T21:16:03+00:00","og_image":[{"width":417,"height":561,"url":"https:\/\/quehacerpolitico.mx\/wp-content\/uploads\/2021\/04\/BFA7179C-F1A3-456D-87E9-6F16D2334E95.jpeg","type":"image\/jpeg"}],"author":"Redacci\u00f3n QP","twitter_card":"summary_large_image","twitter_misc":{"Escrito por":"Redacci\u00f3n QP","Tiempo de lectura":"2 minutos"},"schema":{"@context":"https:\/\/schema.org","@graph":[{"@type":"Article","@id":"https:\/\/quehacerpolitico.mx\/?p=78456#article","isPartOf":{"@id":"https:\/\/quehacerpolitico.mx\/?p=78456"},"author":{"name":"Redacci\u00f3n QP","@id":"https:\/\/quehacerpolitico.mx\/#\/schema\/person\/496d8ad2d1d3f8036101dca7ee39e585"},"headline":"AMLO recuerda a Jesucristo este Viernes Santo y su &#8220;preferencia por los pobres y la paz&#8221;","datePublished":"2021-04-02T21:16:03+00:00","mainEntityOfPage":{"@id":"https:\/\/quehacerpolitico.mx\/?p=78456"},"wordCount":451,"commentCount":0,"image":{"@id":"https:\/\/quehacerpolitico.mx\/?p=78456#primaryimage"},"thumbnailUrl":"https:\/\/quehacerpolitico.mx\/wp-content\/uploads\/2021\/04\/BFA7179C-F1A3-456D-87E9-6F16D2334E95.jpeg","articleSection":["Noticias"],"inLanguage":"es","potentialAction":[{"@type":"CommentAction","name":"Comment","target":["https:\/\/quehacerpolitico.mx\/?p=78456#respond"]}]},{"@type":"WebPage","@id":"https:\/\/quehacerpolitico.mx\/?p=78456","url":"https:\/\/quehacerpolitico.mx\/?p=78456","name":"AMLO recuerda a Jesucristo este Viernes Santo y su \"preferencia por los pobres y la paz\" -","isPartOf":{"@id":"https:\/\/quehacerpolitico.mx\/#website"},"primaryImageOfPage":{"@id":"https:\/\/quehacerpolitico.mx\/?p=78456#primaryimage"},"image":{"@id":"https:\/\/quehacerpolitico.mx\/?p=78456#primaryimage"},"thumbnailUrl":"https:\/\/quehacerpolitico.mx\/wp-content\/uploads\/2021\/04\/BFA7179C-F1A3-456D-87E9-6F16D2334E95.jpeg","datePublished":"2021-04-02T21:16:03+00:00","author":{"@id":"https:\/\/quehacerpolitico.mx\/#\/schema\/person\/496d8ad2d1d3f8036101dca7ee39e585"},"breadcrumb":{"@id":"https:\/\/quehacerpolitico.mx\/?p=78456#breadcrumb"},"inLanguage":"es","potentialAction":[{"@type":"ReadAction","target":["https:\/\/quehacerpolitico.mx\/?p=78456"]}]},{"@type":"ImageObject","inLanguage":"es","@id":"https:\/\/quehacerpolitico.mx\/?p=78456#primaryimage","url":"https:\/\/quehacerpolitico.mx\/wp-content\/uploads\/2021\/04\/BFA7179C-F1A3-456D-87E9-6F16D2334E95.jpeg","contentUrl":"https:\/\/quehacerpolitico.mx\/wp-content\/uploads\/2021\/04\/BFA7179C-F1A3-456D-87E9-6F16D2334E95.jpeg","width":417,"height":561},{"@type":"BreadcrumbList","@id":"https:\/\/quehacerpolitico.mx\/?p=78456#breadcrumb","itemListElement":[{"@type":"ListItem","position":1,"name":"Inicio","item":"https:\/\/quehacerpolitico.mx\/"},{"@type":"ListItem","position":2,"name":"AMLO recuerda a Jesucristo este Viernes Santo y su &#8220;preferencia por los pobres y la paz&#8221;"}]},{"@type":"WebSite","@id":"https:\/\/quehacerpolitico.mx\/#website","url":"https:\/\/quehacerpolitico.mx\/","name":"","description":"","potentialAction":[{"@type":"SearchAction","target":{"@type":"EntryPoint","urlTemplate":"https:\/\/quehacerpolitico.mx\/?s={search_term_string}"},"query-input":{"@type":"PropertyValueSpecification","valueRequired":true,"valueName":"search_term_string"}}],"inLanguage":"es"},{"@type":"Person","@id":"https:\/\/quehacerpolitico.mx\/#\/schema\/person\/496d8ad2d1d3f8036101dca7ee39e585","name":"Redacci\u00f3n QP","image":{"@type":"ImageObject","inLanguage":"es","@id":"https:\/\/secure.gravatar.com\/avatar\/c7164ed6fdec453195284ad24a5ae5b6e1eed2b848477fa2a4787ba9adf39a41?s=96&d=mm&r=g","url":"https:\/\/secure.gravatar.com\/avatar\/c7164ed6fdec453195284ad24a5ae5b6e1eed2b848477fa2a4787ba9adf39a41?s=96&d=mm&r=g","contentUrl":"https:\/\/secure.gravatar.com\/avatar\/c7164ed6fdec453195284ad24a5ae5b6e1eed2b848477fa2a4787ba9adf39a41?s=96&d=mm&r=g","caption":"Redacci\u00f3n QP"},"url":"https:\/\/quehacerpolitico.mx\/?author=2"}]}},"featured_image_urls":{"full":["https:\/\/quehacerpolitico.mx\/wp-content\/uploads\/2021\/04\/BFA7179C-F1A3-456D-87E9-6F16D2334E95.jpeg",417,561,false],"thumbnail":["https:\/\/quehacerpolitico.mx\/wp-content\/uploads\/2021\/04\/BFA7179C-F1A3-456D-87E9-6F16D2334E95-150x150.jpeg",150,150,true],"medium":["https:\/\/quehacerpolitico.mx\/wp-content\/uploads\/2021\/04\/BFA7179C-F1A3-456D-87E9-6F16D2334E95-223x300.jpeg",223,300,true],"medium_large":["https:\/\/quehacerpolitico.mx\/wp-content\/uploads\/2021\/04\/BFA7179C-F1A3-456D-87E9-6F16D2334E95.jpeg",417,561,false],"large":["https:\/\/quehacerpolitico.mx\/wp-content\/uploads\/2021\/04\/BFA7179C-F1A3-456D-87E9-6F16D2334E95.jpeg",417,561,false],"1536x1536":["https:\/\/quehacerpolitico.mx\/wp-content\/uploads\/2021\/04\/BFA7179C-F1A3-456D-87E9-6F16D2334E95.jpeg",417,561,false],"2048x2048":["https:\/\/quehacerpolitico.mx\/wp-content\/uploads\/2021\/04\/BFA7179C-F1A3-456D-87E9-6F16D2334E95.jpeg",417,561,false],"covernews-featured":["https:\/\/quehacerpolitico.mx\/wp-content\/uploads\/2021\/04\/BFA7179C-F1A3-456D-87E9-6F16D2334E95.jpeg",417,561,false],"covernews-medium":["https:\/\/quehacerpolitico.mx\/wp-content\/uploads\/2021\/04\/BFA7179C-F1A3-456D-87E9-6F16D2334E95.jpeg",253,340,false]},"author_info":{"display_name":"Redacci\u00f3n QP","author_link":"https:\/\/quehacerpolitico.mx\/?author=2"},"category_info":"<a href=\"https:\/\/quehacerpolitico.mx\/?cat=2\" rel=\"category\">Noticias<\/a>","tag_info":"Noticias","comment_count":"0","_links":{"self":[{"href":"https:\/\/quehacerpolitico.mx\/index.php?rest_route=\/wp\/v2\/posts\/78456","targetHints":{"allow":["GET"]}}],"collection":[{"href":"https:\/\/quehacerpolitico.mx\/index.php?rest_route=\/wp\/v2\/posts"}],"about":[{"href":"https:\/\/quehacerpolitico.mx\/index.php?rest_route=\/wp\/v2\/types\/post"}],"author":[{"embeddable":true,"href":"https:\/\/quehacerpolitico.mx\/index.php?rest_route=\/wp\/v2\/users\/2"}],"replies":[{"embeddable":true,"href":"https:\/\/quehacerpolitico.mx\/index.php?rest_route=%2Fwp%2Fv2%2Fcomments&post=78456"}],"version-history":[{"count":0,"href":"https:\/\/quehacerpolitico.mx\/index.php?rest_route=\/wp\/v2\/posts\/78456\/revisions"}],"wp:featuredmedia":[{"embeddable":true,"href":"https:\/\/quehacerpolitico.mx\/index.php?rest_route=\/wp\/v2\/media\/78460"}],"wp:attachment":[{"href":"https:\/\/quehacerpolitico.mx\/index.php?rest_route=%2Fwp%2Fv2%2Fmedia&parent=78456"}],"wp:term":[{"taxonomy":"category","embeddable":true,"href":"https:\/\/quehacerpolitico.mx\/index.php?rest_route=%2Fwp%2Fv2%2Fcategories&post=78456"},{"taxonomy":"post_tag","embeddable":true,"href":"https:\/\/quehacerpolitico.mx\/index.php?rest_route=%2Fwp%2Fv2%2Ftags&post=78456"}],"curies":[{"name":"wp","href":"https:\/\/api.w.org\/{rel}","templated":true}]}}