{"id":78411,"date":"2021-04-01T23:29:07","date_gmt":"2021-04-01T23:29:07","guid":{"rendered":"https:\/\/quehacerpolitico.mx\/?p=78411"},"modified":"2021-04-01T23:29:07","modified_gmt":"2021-04-01T23:29:07","slug":"gasolina-no-subira-de-precio-este-ano-asegura-amlo-tras-reunion-de-la-opep","status":"publish","type":"post","link":"https:\/\/quehacerpolitico.mx\/?p=78411","title":{"rendered":"Gasolina no subir\u00e1 de precio este a\u00f1o, asegura AMLO tras reuni\u00f3n de la OPEP"},"content":{"rendered":"<h1 class=\"article_title\">Gasolina no subir\u00e1 de precio este a\u00f1o, asegura AMLO tras reuni\u00f3n de la OPEP<br \/>\nPor Redacci\u00f3n QP<\/h1>\n<div class=\"article_heading\">\n<p>El presidente Andr\u00e9s Manuel L\u00f3pez Obrador afirm\u00f3 que M\u00e9xico cumpli\u00f3 los compromisos de producci\u00f3n<\/p>\n<p>El presidente <strong>Andr\u00e9s Manuel L\u00f3pez Obrador<\/strong>\u00a0 reiter\u00f3 su compromiso de que \u201cla gasolina no subir\u00e1 de precio\u201d en M\u00e9xico este a\u00f1o y afirm\u00f3 que M\u00e9xico \u201ccumpli\u00f3\u201d los compromisos de producci\u00f3n petrolera, al concluir la reuni\u00f3n de la <strong>Organizaci\u00f3n de Pa\u00edses Exportadores de Petr\u00f3leo y sus diez aliados (OPEP+)<\/strong>.<\/p>\n<p>\u201cTermin\u00f3 la reuni\u00f3n de la OPEP y de los pa\u00edses petroleros que no pertenecen a \u00e9sta. M\u00e9xico cumpli\u00f3 compromisos de producci\u00f3n y es pionero en el prop\u00f3sito de alcanzar la autosuficiencia en combustibles\u201d, expres\u00f3 el presidente en un breve mensaje en Twitter.<\/p>\n<blockquote class=\"twitter-tweet\" data-width=\"550\" data-dnt=\"true\">\n<p lang=\"es\" dir=\"ltr\">Termin\u00f3 la reuni\u00f3n de la OPEP y de los pa\u00edses petroleros que no pertenecen a \u00e9sta. M\u00e9xico cumpli\u00f3 compromisos de producci\u00f3n y es pionero en el prop\u00f3sito de alcanzar la autosuficiencia en combustibles. La gasolina no subir\u00e1 de precio.<\/p>\n<p>&mdash; Andr\u00e9s Manuel (@lopezobrador_) <a href=\"https:\/\/twitter.com\/lopezobrador_\/status\/1377667027343642629?ref_src=twsrc%5Etfw\">April 1, 2021<\/a><\/p><\/blockquote>\n<p><script async src=\"https:\/\/platform.twitter.com\/widgets.js\" charset=\"utf-8\"><\/script><\/p>\n<p>En el mismo tuit, reiter\u00f3 su compromiso de que \u201cla gasolina no subir\u00e1 de precio\u201d en M\u00e9xico este a\u00f1o.<\/p>\n<p>La alianza <strong>OPEP+<\/strong>, con Arabia Saud\u00ed y Rusia a la cabeza, acord\u00f3 este jueves aumentar gradualmente su producci\u00f3n petrolera, de forma que el grupo a\u00f1adir\u00e1 a su oferta actual unos 2,141 millones de barriles diarios (mbd) de crudo en tres etapas y meses, a partir del 1 de mayo.<\/p>\n<p>De esta forma se incrementar\u00e1n gradualmente las cuotas de producci\u00f3n tras los recortes acordados por la pandemia del coronavirus.<\/p>\n<p>M\u00e9xico fue el inesperado protagonista en la reuni\u00f3n de abril del a\u00f1o pasado en la que la <strong>OPEP+<\/strong> acord\u00f3 reducir la producci\u00f3n en 9.7 millones de barriles diarios para frenar la ca\u00edda de precios del crudo en el mundo por la pandemia.<\/p>\n<p>El pa\u00eds latinoamericano, que extrae cerca de 1.7 millones de barriles diarios, se neg\u00f3 entonces a asumir un recorte de 400,000 barriles y se levant\u00f3 de la negociaci\u00f3n hasta conseguir un recorte de 100,000 barriles.<\/p>\n<p>L\u00f3pez Obrador, del izquierdista Movimiento Regeneraci\u00f3n Nacional (Morena), asumi\u00f3 el poder en 2018 con la promesa de revertir parte de la reforma energ\u00e9tica de su antecesor, Enrique Pe\u00f1a Nieto, que abri\u00f3 el sector a la iniciativa privada.<\/p>\n<p>El pasado 26 de marzo, envi\u00f3 al Congreso una reforma a la Ley de Hidrocarburos para priorizar Pemex en detrimento de las compa\u00f1\u00edas privadas, pues considera que la petrolera estatal fue \u201csaqueada\u201d por Gobiernos anteriores.<\/p>\n<p>En su primer informe de Gobierno de 2021, el pasado martes, asegur\u00f3 que su Gobierno no entregar\u00e1 \u201cnuevas concesiones para la explotaci\u00f3n del petr\u00f3leo\u201d.<\/p>\n<p>Adem\u00e1s, se comprometi\u00f3 a no sacar m\u00e1s de dos millones de barriles diarios durante su mandato, lo \u201cindispensable para cubrir la demanda de combustibles del mercado interno\u201d.<\/p>\n<p>Un cambio respecto a sus planes de inicio de mandato, cuando prometi\u00f3 aumentar la producci\u00f3n hasta los 2.65 millones de barriles para reflotar a la endeudada <strong>Pemex<\/strong>.<\/p>\n<p>Con informaci\u00f3n de EFE.<\/p>\n<\/div>\n","protected":false},"excerpt":{"rendered":"<p>Gasolina no subir\u00e1 de precio este a\u00f1o, asegura AMLO tras reuni\u00f3n de la OPEP Por&#8230;<\/p>\n","protected":false},"author":2,"featured_media":78413,"comment_status":"open","ping_status":"open","sticky":false,"template":"","format":"standard","meta":{"_monsterinsights_skip_tracking":false,"_monsterinsights_sitenote_active":false,"_monsterinsights_sitenote_note":"","_monsterinsights_sitenote_category":0,"footnotes":""},"categories":[56],"tags":[],"class_list":["post-78411","post","type-post","status-publish","format-standard","has-post-thumbnail","hentry","category-economia"],"yoast_head":"<!-- This site is optimized with the Yoast SEO plugin v27.3 - https:\/\/yoast.com\/product\/yoast-seo-wordpress\/ -->\n<title>Gasolina no subir\u00e1 de precio este a\u00f1o, asegura AMLO tras reuni\u00f3n de la OPEP -<\/title>\n<meta name=\"robots\" content=\"index, follow, max-snippet:-1, max-image-preview:large, max-video-preview:-1\" \/>\n<link rel=\"canonical\" href=\"https:\/\/quehacerpolitico.mx\/?p=78411\" \/>\n<meta property=\"og:locale\" content=\"es_MX\" \/>\n<meta property=\"og:type\" content=\"article\" \/>\n<meta property=\"og:title\" content=\"Gasolina no subir\u00e1 de precio este a\u00f1o, asegura AMLO tras reuni\u00f3n de la OPEP -\" \/>\n<meta property=\"og:description\" content=\"Gasolina no subir\u00e1 de precio este a\u00f1o, asegura AMLO tras reuni\u00f3n de la OPEP Por...\" \/>\n<meta property=\"og:url\" content=\"https:\/\/quehacerpolitico.mx\/?p=78411\" \/>\n<meta property=\"article:published_time\" content=\"2021-04-01T23:29:07+00:00\" \/>\n<meta property=\"og:image\" content=\"https:\/\/quehacerpolitico.mx\/wp-content\/uploads\/2021\/04\/222199EB-5B52-4613-B235-83C3BA144F67.jpeg\" \/>\n\t<meta property=\"og:image:width\" content=\"450\" \/>\n\t<meta property=\"og:image:height\" content=\"300\" \/>\n\t<meta property=\"og:image:type\" content=\"image\/jpeg\" \/>\n<meta name=\"author\" content=\"Redacci\u00f3n QP\" \/>\n<meta name=\"twitter:card\" content=\"summary_large_image\" \/>\n<meta name=\"twitter:label1\" content=\"Escrito por\" \/>\n\t<meta name=\"twitter:data1\" content=\"Redacci\u00f3n QP\" \/>\n\t<meta name=\"twitter:label2\" content=\"Tiempo de lectura\" \/>\n\t<meta name=\"twitter:data2\" content=\"2 minutos\" \/>\n<script type=\"application\/ld+json\" class=\"yoast-schema-graph\">{\"@context\":\"https:\\\/\\\/schema.org\",\"@graph\":[{\"@type\":\"Article\",\"@id\":\"https:\\\/\\\/quehacerpolitico.mx\\\/?p=78411#article\",\"isPartOf\":{\"@id\":\"https:\\\/\\\/quehacerpolitico.mx\\\/?p=78411\"},\"author\":{\"name\":\"Redacci\u00f3n QP\",\"@id\":\"https:\\\/\\\/quehacerpolitico.mx\\\/#\\\/schema\\\/person\\\/496d8ad2d1d3f8036101dca7ee39e585\"},\"headline\":\"Gasolina no subir\u00e1 de precio este a\u00f1o, asegura AMLO tras reuni\u00f3n de la OPEP\",\"datePublished\":\"2021-04-01T23:29:07+00:00\",\"mainEntityOfPage\":{\"@id\":\"https:\\\/\\\/quehacerpolitico.mx\\\/?p=78411\"},\"wordCount\":497,\"commentCount\":0,\"image\":{\"@id\":\"https:\\\/\\\/quehacerpolitico.mx\\\/?p=78411#primaryimage\"},\"thumbnailUrl\":\"https:\\\/\\\/quehacerpolitico.mx\\\/wp-content\\\/uploads\\\/2021\\\/04\\\/222199EB-5B52-4613-B235-83C3BA144F67.jpeg\",\"articleSection\":[\"Econom\u00eda\"],\"inLanguage\":\"es\",\"potentialAction\":[{\"@type\":\"CommentAction\",\"name\":\"Comment\",\"target\":[\"https:\\\/\\\/quehacerpolitico.mx\\\/?p=78411#respond\"]}]},{\"@type\":\"WebPage\",\"@id\":\"https:\\\/\\\/quehacerpolitico.mx\\\/?p=78411\",\"url\":\"https:\\\/\\\/quehacerpolitico.mx\\\/?p=78411\",\"name\":\"Gasolina no subir\u00e1 de precio este a\u00f1o, asegura AMLO tras reuni\u00f3n de la OPEP -\",\"isPartOf\":{\"@id\":\"https:\\\/\\\/quehacerpolitico.mx\\\/#website\"},\"primaryImageOfPage\":{\"@id\":\"https:\\\/\\\/quehacerpolitico.mx\\\/?p=78411#primaryimage\"},\"image\":{\"@id\":\"https:\\\/\\\/quehacerpolitico.mx\\\/?p=78411#primaryimage\"},\"thumbnailUrl\":\"https:\\\/\\\/quehacerpolitico.mx\\\/wp-content\\\/uploads\\\/2021\\\/04\\\/222199EB-5B52-4613-B235-83C3BA144F67.jpeg\",\"datePublished\":\"2021-04-01T23:29:07+00:00\",\"author\":{\"@id\":\"https:\\\/\\\/quehacerpolitico.mx\\\/#\\\/schema\\\/person\\\/496d8ad2d1d3f8036101dca7ee39e585\"},\"breadcrumb\":{\"@id\":\"https:\\\/\\\/quehacerpolitico.mx\\\/?p=78411#breadcrumb\"},\"inLanguage\":\"es\",\"potentialAction\":[{\"@type\":\"ReadAction\",\"target\":[\"https:\\\/\\\/quehacerpolitico.mx\\\/?p=78411\"]}]},{\"@type\":\"ImageObject\",\"inLanguage\":\"es\",\"@id\":\"https:\\\/\\\/quehacerpolitico.mx\\\/?p=78411#primaryimage\",\"url\":\"https:\\\/\\\/quehacerpolitico.mx\\\/wp-content\\\/uploads\\\/2021\\\/04\\\/222199EB-5B52-4613-B235-83C3BA144F67.jpeg\",\"contentUrl\":\"https:\\\/\\\/quehacerpolitico.mx\\\/wp-content\\\/uploads\\\/2021\\\/04\\\/222199EB-5B52-4613-B235-83C3BA144F67.jpeg\",\"width\":450,\"height\":300},{\"@type\":\"BreadcrumbList\",\"@id\":\"https:\\\/\\\/quehacerpolitico.mx\\\/?p=78411#breadcrumb\",\"itemListElement\":[{\"@type\":\"ListItem\",\"position\":1,\"name\":\"Inicio\",\"item\":\"https:\\\/\\\/quehacerpolitico.mx\\\/\"},{\"@type\":\"ListItem\",\"position\":2,\"name\":\"Gasolina no subir\u00e1 de precio este a\u00f1o, asegura AMLO tras reuni\u00f3n de la OPEP\"}]},{\"@type\":\"WebSite\",\"@id\":\"https:\\\/\\\/quehacerpolitico.mx\\\/#website\",\"url\":\"https:\\\/\\\/quehacerpolitico.mx\\\/\",\"name\":\"\",\"description\":\"\",\"potentialAction\":[{\"@type\":\"SearchAction\",\"target\":{\"@type\":\"EntryPoint\",\"urlTemplate\":\"https:\\\/\\\/quehacerpolitico.mx\\\/?s={search_term_string}\"},\"query-input\":{\"@type\":\"PropertyValueSpecification\",\"valueRequired\":true,\"valueName\":\"search_term_string\"}}],\"inLanguage\":\"es\"},{\"@type\":\"Person\",\"@id\":\"https:\\\/\\\/quehacerpolitico.mx\\\/#\\\/schema\\\/person\\\/496d8ad2d1d3f8036101dca7ee39e585\",\"name\":\"Redacci\u00f3n QP\",\"image\":{\"@type\":\"ImageObject\",\"inLanguage\":\"es\",\"@id\":\"https:\\\/\\\/secure.gravatar.com\\\/avatar\\\/c7164ed6fdec453195284ad24a5ae5b6e1eed2b848477fa2a4787ba9adf39a41?s=96&d=mm&r=g\",\"url\":\"https:\\\/\\\/secure.gravatar.com\\\/avatar\\\/c7164ed6fdec453195284ad24a5ae5b6e1eed2b848477fa2a4787ba9adf39a41?s=96&d=mm&r=g\",\"contentUrl\":\"https:\\\/\\\/secure.gravatar.com\\\/avatar\\\/c7164ed6fdec453195284ad24a5ae5b6e1eed2b848477fa2a4787ba9adf39a41?s=96&d=mm&r=g\",\"caption\":\"Redacci\u00f3n QP\"},\"url\":\"https:\\\/\\\/quehacerpolitico.mx\\\/?author=2\"}]}<\/script>\n<!-- \/ Yoast SEO plugin. -->","yoast_head_json":{"title":"Gasolina no subir\u00e1 de precio este a\u00f1o, asegura AMLO tras reuni\u00f3n de la OPEP -","robots":{"index":"index","follow":"follow","max-snippet":"max-snippet:-1","max-image-preview":"max-image-preview:large","max-video-preview":"max-video-preview:-1"},"canonical":"https:\/\/quehacerpolitico.mx\/?p=78411","og_locale":"es_MX","og_type":"article","og_title":"Gasolina no subir\u00e1 de precio este a\u00f1o, asegura AMLO tras reuni\u00f3n de la OPEP -","og_description":"Gasolina no subir\u00e1 de precio este a\u00f1o, asegura AMLO tras reuni\u00f3n de la OPEP Por...","og_url":"https:\/\/quehacerpolitico.mx\/?p=78411","article_published_time":"2021-04-01T23:29:07+00:00","og_image":[{"width":450,"height":300,"url":"https:\/\/quehacerpolitico.mx\/wp-content\/uploads\/2021\/04\/222199EB-5B52-4613-B235-83C3BA144F67.jpeg","type":"image\/jpeg"}],"author":"Redacci\u00f3n QP","twitter_card":"summary_large_image","twitter_misc":{"Escrito por":"Redacci\u00f3n QP","Tiempo de lectura":"2 minutos"},"schema":{"@context":"https:\/\/schema.org","@graph":[{"@type":"Article","@id":"https:\/\/quehacerpolitico.mx\/?p=78411#article","isPartOf":{"@id":"https:\/\/quehacerpolitico.mx\/?p=78411"},"author":{"name":"Redacci\u00f3n QP","@id":"https:\/\/quehacerpolitico.mx\/#\/schema\/person\/496d8ad2d1d3f8036101dca7ee39e585"},"headline":"Gasolina no subir\u00e1 de precio este a\u00f1o, asegura AMLO tras reuni\u00f3n de la OPEP","datePublished":"2021-04-01T23:29:07+00:00","mainEntityOfPage":{"@id":"https:\/\/quehacerpolitico.mx\/?p=78411"},"wordCount":497,"commentCount":0,"image":{"@id":"https:\/\/quehacerpolitico.mx\/?p=78411#primaryimage"},"thumbnailUrl":"https:\/\/quehacerpolitico.mx\/wp-content\/uploads\/2021\/04\/222199EB-5B52-4613-B235-83C3BA144F67.jpeg","articleSection":["Econom\u00eda"],"inLanguage":"es","potentialAction":[{"@type":"CommentAction","name":"Comment","target":["https:\/\/quehacerpolitico.mx\/?p=78411#respond"]}]},{"@type":"WebPage","@id":"https:\/\/quehacerpolitico.mx\/?p=78411","url":"https:\/\/quehacerpolitico.mx\/?p=78411","name":"Gasolina no subir\u00e1 de precio este a\u00f1o, asegura AMLO tras reuni\u00f3n de la OPEP -","isPartOf":{"@id":"https:\/\/quehacerpolitico.mx\/#website"},"primaryImageOfPage":{"@id":"https:\/\/quehacerpolitico.mx\/?p=78411#primaryimage"},"image":{"@id":"https:\/\/quehacerpolitico.mx\/?p=78411#primaryimage"},"thumbnailUrl":"https:\/\/quehacerpolitico.mx\/wp-content\/uploads\/2021\/04\/222199EB-5B52-4613-B235-83C3BA144F67.jpeg","datePublished":"2021-04-01T23:29:07+00:00","author":{"@id":"https:\/\/quehacerpolitico.mx\/#\/schema\/person\/496d8ad2d1d3f8036101dca7ee39e585"},"breadcrumb":{"@id":"https:\/\/quehacerpolitico.mx\/?p=78411#breadcrumb"},"inLanguage":"es","potentialAction":[{"@type":"ReadAction","target":["https:\/\/quehacerpolitico.mx\/?p=78411"]}]},{"@type":"ImageObject","inLanguage":"es","@id":"https:\/\/quehacerpolitico.mx\/?p=78411#primaryimage","url":"https:\/\/quehacerpolitico.mx\/wp-content\/uploads\/2021\/04\/222199EB-5B52-4613-B235-83C3BA144F67.jpeg","contentUrl":"https:\/\/quehacerpolitico.mx\/wp-content\/uploads\/2021\/04\/222199EB-5B52-4613-B235-83C3BA144F67.jpeg","width":450,"height":300},{"@type":"BreadcrumbList","@id":"https:\/\/quehacerpolitico.mx\/?p=78411#breadcrumb","itemListElement":[{"@type":"ListItem","position":1,"name":"Inicio","item":"https:\/\/quehacerpolitico.mx\/"},{"@type":"ListItem","position":2,"name":"Gasolina no subir\u00e1 de precio este a\u00f1o, asegura AMLO tras reuni\u00f3n de la OPEP"}]},{"@type":"WebSite","@id":"https:\/\/quehacerpolitico.mx\/#website","url":"https:\/\/quehacerpolitico.mx\/","name":"","description":"","potentialAction":[{"@type":"SearchAction","target":{"@type":"EntryPoint","urlTemplate":"https:\/\/quehacerpolitico.mx\/?s={search_term_string}"},"query-input":{"@type":"PropertyValueSpecification","valueRequired":true,"valueName":"search_term_string"}}],"inLanguage":"es"},{"@type":"Person","@id":"https:\/\/quehacerpolitico.mx\/#\/schema\/person\/496d8ad2d1d3f8036101dca7ee39e585","name":"Redacci\u00f3n QP","image":{"@type":"ImageObject","inLanguage":"es","@id":"https:\/\/secure.gravatar.com\/avatar\/c7164ed6fdec453195284ad24a5ae5b6e1eed2b848477fa2a4787ba9adf39a41?s=96&d=mm&r=g","url":"https:\/\/secure.gravatar.com\/avatar\/c7164ed6fdec453195284ad24a5ae5b6e1eed2b848477fa2a4787ba9adf39a41?s=96&d=mm&r=g","contentUrl":"https:\/\/secure.gravatar.com\/avatar\/c7164ed6fdec453195284ad24a5ae5b6e1eed2b848477fa2a4787ba9adf39a41?s=96&d=mm&r=g","caption":"Redacci\u00f3n QP"},"url":"https:\/\/quehacerpolitico.mx\/?author=2"}]}},"featured_image_urls":{"full":["https:\/\/quehacerpolitico.mx\/wp-content\/uploads\/2021\/04\/222199EB-5B52-4613-B235-83C3BA144F67.jpeg",450,300,false],"thumbnail":["https:\/\/quehacerpolitico.mx\/wp-content\/uploads\/2021\/04\/222199EB-5B52-4613-B235-83C3BA144F67-150x150.jpeg",150,150,true],"medium":["https:\/\/quehacerpolitico.mx\/wp-content\/uploads\/2021\/04\/222199EB-5B52-4613-B235-83C3BA144F67-300x200.jpeg",300,200,true],"medium_large":["https:\/\/quehacerpolitico.mx\/wp-content\/uploads\/2021\/04\/222199EB-5B52-4613-B235-83C3BA144F67.jpeg",450,300,false],"large":["https:\/\/quehacerpolitico.mx\/wp-content\/uploads\/2021\/04\/222199EB-5B52-4613-B235-83C3BA144F67.jpeg",450,300,false],"1536x1536":["https:\/\/quehacerpolitico.mx\/wp-content\/uploads\/2021\/04\/222199EB-5B52-4613-B235-83C3BA144F67.jpeg",450,300,false],"2048x2048":["https:\/\/quehacerpolitico.mx\/wp-content\/uploads\/2021\/04\/222199EB-5B52-4613-B235-83C3BA144F67.jpeg",450,300,false],"covernews-featured":["https:\/\/quehacerpolitico.mx\/wp-content\/uploads\/2021\/04\/222199EB-5B52-4613-B235-83C3BA144F67.jpeg",450,300,false],"covernews-medium":["https:\/\/quehacerpolitico.mx\/wp-content\/uploads\/2021\/04\/222199EB-5B52-4613-B235-83C3BA144F67.jpeg",450,300,false]},"author_info":{"display_name":"Redacci\u00f3n QP","author_link":"https:\/\/quehacerpolitico.mx\/?author=2"},"category_info":"<a href=\"https:\/\/quehacerpolitico.mx\/?cat=56\" rel=\"category\">Econom\u00eda<\/a>","tag_info":"Econom\u00eda","comment_count":"0","_links":{"self":[{"href":"https:\/\/quehacerpolitico.mx\/index.php?rest_route=\/wp\/v2\/posts\/78411","targetHints":{"allow":["GET"]}}],"collection":[{"href":"https:\/\/quehacerpolitico.mx\/index.php?rest_route=\/wp\/v2\/posts"}],"about":[{"href":"https:\/\/quehacerpolitico.mx\/index.php?rest_route=\/wp\/v2\/types\/post"}],"author":[{"embeddable":true,"href":"https:\/\/quehacerpolitico.mx\/index.php?rest_route=\/wp\/v2\/users\/2"}],"replies":[{"embeddable":true,"href":"https:\/\/quehacerpolitico.mx\/index.php?rest_route=%2Fwp%2Fv2%2Fcomments&post=78411"}],"version-history":[{"count":0,"href":"https:\/\/quehacerpolitico.mx\/index.php?rest_route=\/wp\/v2\/posts\/78411\/revisions"}],"wp:featuredmedia":[{"embeddable":true,"href":"https:\/\/quehacerpolitico.mx\/index.php?rest_route=\/wp\/v2\/media\/78413"}],"wp:attachment":[{"href":"https:\/\/quehacerpolitico.mx\/index.php?rest_route=%2Fwp%2Fv2%2Fmedia&parent=78411"}],"wp:term":[{"taxonomy":"category","embeddable":true,"href":"https:\/\/quehacerpolitico.mx\/index.php?rest_route=%2Fwp%2Fv2%2Fcategories&post=78411"},{"taxonomy":"post_tag","embeddable":true,"href":"https:\/\/quehacerpolitico.mx\/index.php?rest_route=%2Fwp%2Fv2%2Ftags&post=78411"}],"curies":[{"name":"wp","href":"https:\/\/api.w.org\/{rel}","templated":true}]}}