{"id":78404,"date":"2021-04-01T23:13:36","date_gmt":"2021-04-01T23:13:36","guid":{"rendered":"https:\/\/quehacerpolitico.mx\/?p=78404"},"modified":"2021-04-01T23:13:36","modified_gmt":"2021-04-01T23:13:36","slug":"sergio-perez-maravilla-al-mundo-reparando-su-coche-en-plena-carrera","status":"publish","type":"post","link":"https:\/\/quehacerpolitico.mx\/?p=78404","title":{"rendered":"Sergio P\u00e9rez maravilla al mundo reparando su coche en plena carrera"},"content":{"rendered":"<h1 class=\"amp-wp-title\">Sergio P\u00e9rez maravilla al mundo reparando su coche en plena carrera<br \/>\nPor Redacci\u00f3n QP<\/h1>\n<p><strong>Sergio P\u00e9rez<\/strong> tuvo inconvenientes con su coche en el <strong>Gran Premio de Bahr\u00e9in<\/strong>. En la vuelta de formaci\u00f3n de la parrilla, su monoplaza se apag\u00f3 completamente.<\/p>\n<p>En su primera carrera como piloto de <strong>Red Bull Racing<\/strong>, el mexicano reaccion\u00f3 ante las dificultades t\u00e9cnicas que present\u00f3 el veh\u00edculo y lo repar\u00f3 durante la carrera.<\/p>\n<p>https:\/\/twitter.com\/schecoperez\/status\/1376547221760573444?s=21<\/p>\n<p>Dentro de su equipo, reconocieron la gran labor de \u2018Checo\u2019 P\u00e9rez por la forma en c\u00f3mo reinici\u00f3 los sistemas del coche a pesar de tener el tiempo limitado y la carrera en juego.<\/p>\n<blockquote><p>\u201cFue una locura. Yo estaba calentando los neum\u00e1ticos y se apag\u00f3 todo. Perd\u00ed el motor y la bater\u00eda\u201d, mencion\u00f3 P\u00e9rez momentos despu\u00e9s de la carrera.<\/p><\/blockquote>\n<p>Asimismo, el ingeniero en jefe de Red Bull Racing, Paul Monaghan, reconoci\u00f3 la \u2018claridad mental\u2019 de \u201cCheco\u201d para no caer en desesperaci\u00f3n ante la falla del monoplaza.<\/p>\n<p>\u201cEn la vuelta de formaci\u00f3n empez\u00f3 a tener algunas dificultades y se present\u00f3 un corte para proteger el coche y se perdi\u00f3 toda la potencia el\u00e9ctrica. (\u2026) Checo tuvo claridad mental y como si su computadora hubiera fallado la apag\u00f3 y la volvi\u00f3 a encender\u201d, declar\u00f3 Monaghan.<\/p>\n<blockquote class=\"twitter-tweet\" data-width=\"550\" data-dnt=\"true\">\n<p lang=\"en\" dir=\"ltr\">Just a taste of <a href=\"https:\/\/twitter.com\/SChecoPerez?ref_src=twsrc%5Etfw\">@SChecoPerez<\/a>&#39;s charge through the field  <a href=\"https:\/\/twitter.com\/hashtag\/BahrainGP?src=hash&amp;ref_src=twsrc%5Etfw\">#BahrainGP<\/a> \ud83c\udde7\ud83c\udded <a href=\"https:\/\/twitter.com\/hashtag\/ChargeOn?src=hash&amp;ref_src=twsrc%5Etfw\">#ChargeOn<\/a> \ud83e\udd18<a href=\"https:\/\/t.co\/MrXTSgOzM5\">pic.twitter.com\/MrXTSgOzM5<\/a><\/p>\n<p>&mdash; Oracle Red Bull Racing (@redbullracing) <a href=\"https:\/\/twitter.com\/redbullracing\/status\/1376274394431950849?ref_src=twsrc%5Etfw\">March 28, 2021<\/a><\/p><\/blockquote>\n<p><script async src=\"https:\/\/platform.twitter.com\/widgets.js\" charset=\"utf-8\"><\/script><\/p>\n<p>A pesar de los inconvenientes al principio del Gran Premio, Sergio P\u00e9rez logr\u00f3 llegar al final de la carrera en quinto lugar en lo que fue su primera experiencia como piloto de Red Bull Racing.<\/p>\n<blockquote><p>\u201cEstaba a punto de bajarme del auto, pero desconect\u00e9 el volante y lo volv\u00ed a poner y fue cuando escuch\u00e9 a mi ingeniero hablar por la radio. Pudimos seguir adelante\u201d, declar\u00f3 P\u00e9rez.<\/p><\/blockquote>\n<p>De igual manera, Paul Monaghan reconoci\u00f3 la gran carrera del piloto mexicano. \u201cSe recuper\u00f3 y lo hizo brillantemente. No se frustr\u00f3 no perdi\u00f3 la motivaci\u00f3n y sigui\u00f3 adelante\u201d, a\u00f1adi\u00f3 el ingeniero.<\/p>\n","protected":false},"excerpt":{"rendered":"<p>Sergio P\u00e9rez maravilla al mundo reparando su coche en plena carrera Por Redacci\u00f3n QP Sergio&#8230;<\/p>\n","protected":false},"author":2,"featured_media":78409,"comment_status":"open","ping_status":"open","sticky":false,"template":"","format":"standard","meta":{"_monsterinsights_skip_tracking":false,"_monsterinsights_sitenote_active":false,"_monsterinsights_sitenote_note":"","_monsterinsights_sitenote_category":0,"footnotes":""},"categories":[54],"tags":[],"class_list":["post-78404","post","type-post","status-publish","format-standard","has-post-thumbnail","hentry","category-deportes"],"yoast_head":"<!-- This site is optimized with the Yoast SEO plugin v27.3 - https:\/\/yoast.com\/product\/yoast-seo-wordpress\/ -->\n<title>Sergio P\u00e9rez maravilla al mundo reparando su coche en plena carrera -<\/title>\n<meta name=\"robots\" content=\"index, follow, max-snippet:-1, max-image-preview:large, max-video-preview:-1\" \/>\n<link rel=\"canonical\" href=\"https:\/\/quehacerpolitico.mx\/?p=78404\" \/>\n<meta property=\"og:locale\" content=\"es_MX\" \/>\n<meta property=\"og:type\" content=\"article\" \/>\n<meta property=\"og:title\" content=\"Sergio P\u00e9rez maravilla al mundo reparando su coche en plena carrera -\" \/>\n<meta property=\"og:description\" content=\"Sergio P\u00e9rez maravilla al mundo reparando su coche en plena carrera Por Redacci\u00f3n QP Sergio...\" \/>\n<meta property=\"og:url\" content=\"https:\/\/quehacerpolitico.mx\/?p=78404\" \/>\n<meta property=\"article:published_time\" content=\"2021-04-01T23:13:36+00:00\" \/>\n<meta property=\"og:image\" content=\"https:\/\/quehacerpolitico.mx\/wp-content\/uploads\/2021\/04\/17EAF773-723E-40BB-9C79-5185AE043855.jpeg\" \/>\n\t<meta property=\"og:image:width\" content=\"2048\" \/>\n\t<meta property=\"og:image:height\" content=\"1536\" \/>\n\t<meta property=\"og:image:type\" content=\"image\/jpeg\" \/>\n<meta name=\"author\" content=\"Redacci\u00f3n QP\" \/>\n<meta name=\"twitter:card\" content=\"summary_large_image\" \/>\n<meta name=\"twitter:label1\" content=\"Escrito por\" \/>\n\t<meta name=\"twitter:data1\" content=\"Redacci\u00f3n QP\" \/>\n\t<meta name=\"twitter:label2\" content=\"Tiempo de lectura\" \/>\n\t<meta name=\"twitter:data2\" content=\"2 minutos\" \/>\n<script type=\"application\/ld+json\" class=\"yoast-schema-graph\">{\"@context\":\"https:\\\/\\\/schema.org\",\"@graph\":[{\"@type\":\"Article\",\"@id\":\"https:\\\/\\\/quehacerpolitico.mx\\\/?p=78404#article\",\"isPartOf\":{\"@id\":\"https:\\\/\\\/quehacerpolitico.mx\\\/?p=78404\"},\"author\":{\"name\":\"Redacci\u00f3n QP\",\"@id\":\"https:\\\/\\\/quehacerpolitico.mx\\\/#\\\/schema\\\/person\\\/496d8ad2d1d3f8036101dca7ee39e585\"},\"headline\":\"Sergio P\u00e9rez maravilla al mundo reparando su coche en plena carrera\",\"datePublished\":\"2021-04-01T23:13:36+00:00\",\"mainEntityOfPage\":{\"@id\":\"https:\\\/\\\/quehacerpolitico.mx\\\/?p=78404\"},\"wordCount\":340,\"commentCount\":0,\"image\":{\"@id\":\"https:\\\/\\\/quehacerpolitico.mx\\\/?p=78404#primaryimage\"},\"thumbnailUrl\":\"https:\\\/\\\/quehacerpolitico.mx\\\/wp-content\\\/uploads\\\/2021\\\/04\\\/17EAF773-723E-40BB-9C79-5185AE043855.jpeg\",\"articleSection\":[\"Deportes\"],\"inLanguage\":\"es\",\"potentialAction\":[{\"@type\":\"CommentAction\",\"name\":\"Comment\",\"target\":[\"https:\\\/\\\/quehacerpolitico.mx\\\/?p=78404#respond\"]}]},{\"@type\":\"WebPage\",\"@id\":\"https:\\\/\\\/quehacerpolitico.mx\\\/?p=78404\",\"url\":\"https:\\\/\\\/quehacerpolitico.mx\\\/?p=78404\",\"name\":\"Sergio P\u00e9rez maravilla al mundo reparando su coche en plena carrera -\",\"isPartOf\":{\"@id\":\"https:\\\/\\\/quehacerpolitico.mx\\\/#website\"},\"primaryImageOfPage\":{\"@id\":\"https:\\\/\\\/quehacerpolitico.mx\\\/?p=78404#primaryimage\"},\"image\":{\"@id\":\"https:\\\/\\\/quehacerpolitico.mx\\\/?p=78404#primaryimage\"},\"thumbnailUrl\":\"https:\\\/\\\/quehacerpolitico.mx\\\/wp-content\\\/uploads\\\/2021\\\/04\\\/17EAF773-723E-40BB-9C79-5185AE043855.jpeg\",\"datePublished\":\"2021-04-01T23:13:36+00:00\",\"author\":{\"@id\":\"https:\\\/\\\/quehacerpolitico.mx\\\/#\\\/schema\\\/person\\\/496d8ad2d1d3f8036101dca7ee39e585\"},\"breadcrumb\":{\"@id\":\"https:\\\/\\\/quehacerpolitico.mx\\\/?p=78404#breadcrumb\"},\"inLanguage\":\"es\",\"potentialAction\":[{\"@type\":\"ReadAction\",\"target\":[\"https:\\\/\\\/quehacerpolitico.mx\\\/?p=78404\"]}]},{\"@type\":\"ImageObject\",\"inLanguage\":\"es\",\"@id\":\"https:\\\/\\\/quehacerpolitico.mx\\\/?p=78404#primaryimage\",\"url\":\"https:\\\/\\\/quehacerpolitico.mx\\\/wp-content\\\/uploads\\\/2021\\\/04\\\/17EAF773-723E-40BB-9C79-5185AE043855.jpeg\",\"contentUrl\":\"https:\\\/\\\/quehacerpolitico.mx\\\/wp-content\\\/uploads\\\/2021\\\/04\\\/17EAF773-723E-40BB-9C79-5185AE043855.jpeg\",\"width\":2048,\"height\":1536},{\"@type\":\"BreadcrumbList\",\"@id\":\"https:\\\/\\\/quehacerpolitico.mx\\\/?p=78404#breadcrumb\",\"itemListElement\":[{\"@type\":\"ListItem\",\"position\":1,\"name\":\"Inicio\",\"item\":\"https:\\\/\\\/quehacerpolitico.mx\\\/\"},{\"@type\":\"ListItem\",\"position\":2,\"name\":\"Sergio P\u00e9rez maravilla al mundo reparando su coche en plena carrera\"}]},{\"@type\":\"WebSite\",\"@id\":\"https:\\\/\\\/quehacerpolitico.mx\\\/#website\",\"url\":\"https:\\\/\\\/quehacerpolitico.mx\\\/\",\"name\":\"\",\"description\":\"\",\"potentialAction\":[{\"@type\":\"SearchAction\",\"target\":{\"@type\":\"EntryPoint\",\"urlTemplate\":\"https:\\\/\\\/quehacerpolitico.mx\\\/?s={search_term_string}\"},\"query-input\":{\"@type\":\"PropertyValueSpecification\",\"valueRequired\":true,\"valueName\":\"search_term_string\"}}],\"inLanguage\":\"es\"},{\"@type\":\"Person\",\"@id\":\"https:\\\/\\\/quehacerpolitico.mx\\\/#\\\/schema\\\/person\\\/496d8ad2d1d3f8036101dca7ee39e585\",\"name\":\"Redacci\u00f3n QP\",\"image\":{\"@type\":\"ImageObject\",\"inLanguage\":\"es\",\"@id\":\"https:\\\/\\\/secure.gravatar.com\\\/avatar\\\/c7164ed6fdec453195284ad24a5ae5b6e1eed2b848477fa2a4787ba9adf39a41?s=96&d=mm&r=g\",\"url\":\"https:\\\/\\\/secure.gravatar.com\\\/avatar\\\/c7164ed6fdec453195284ad24a5ae5b6e1eed2b848477fa2a4787ba9adf39a41?s=96&d=mm&r=g\",\"contentUrl\":\"https:\\\/\\\/secure.gravatar.com\\\/avatar\\\/c7164ed6fdec453195284ad24a5ae5b6e1eed2b848477fa2a4787ba9adf39a41?s=96&d=mm&r=g\",\"caption\":\"Redacci\u00f3n QP\"},\"url\":\"https:\\\/\\\/quehacerpolitico.mx\\\/?author=2\"}]}<\/script>\n<!-- \/ Yoast SEO plugin. -->","yoast_head_json":{"title":"Sergio P\u00e9rez maravilla al mundo reparando su coche en plena carrera -","robots":{"index":"index","follow":"follow","max-snippet":"max-snippet:-1","max-image-preview":"max-image-preview:large","max-video-preview":"max-video-preview:-1"},"canonical":"https:\/\/quehacerpolitico.mx\/?p=78404","og_locale":"es_MX","og_type":"article","og_title":"Sergio P\u00e9rez maravilla al mundo reparando su coche en plena carrera -","og_description":"Sergio P\u00e9rez maravilla al mundo reparando su coche en plena carrera Por Redacci\u00f3n QP Sergio...","og_url":"https:\/\/quehacerpolitico.mx\/?p=78404","article_published_time":"2021-04-01T23:13:36+00:00","og_image":[{"width":2048,"height":1536,"url":"https:\/\/quehacerpolitico.mx\/wp-content\/uploads\/2021\/04\/17EAF773-723E-40BB-9C79-5185AE043855.jpeg","type":"image\/jpeg"}],"author":"Redacci\u00f3n QP","twitter_card":"summary_large_image","twitter_misc":{"Escrito por":"Redacci\u00f3n QP","Tiempo de lectura":"2 minutos"},"schema":{"@context":"https:\/\/schema.org","@graph":[{"@type":"Article","@id":"https:\/\/quehacerpolitico.mx\/?p=78404#article","isPartOf":{"@id":"https:\/\/quehacerpolitico.mx\/?p=78404"},"author":{"name":"Redacci\u00f3n QP","@id":"https:\/\/quehacerpolitico.mx\/#\/schema\/person\/496d8ad2d1d3f8036101dca7ee39e585"},"headline":"Sergio P\u00e9rez maravilla al mundo reparando su coche en plena carrera","datePublished":"2021-04-01T23:13:36+00:00","mainEntityOfPage":{"@id":"https:\/\/quehacerpolitico.mx\/?p=78404"},"wordCount":340,"commentCount":0,"image":{"@id":"https:\/\/quehacerpolitico.mx\/?p=78404#primaryimage"},"thumbnailUrl":"https:\/\/quehacerpolitico.mx\/wp-content\/uploads\/2021\/04\/17EAF773-723E-40BB-9C79-5185AE043855.jpeg","articleSection":["Deportes"],"inLanguage":"es","potentialAction":[{"@type":"CommentAction","name":"Comment","target":["https:\/\/quehacerpolitico.mx\/?p=78404#respond"]}]},{"@type":"WebPage","@id":"https:\/\/quehacerpolitico.mx\/?p=78404","url":"https:\/\/quehacerpolitico.mx\/?p=78404","name":"Sergio P\u00e9rez maravilla al mundo reparando su coche en plena carrera -","isPartOf":{"@id":"https:\/\/quehacerpolitico.mx\/#website"},"primaryImageOfPage":{"@id":"https:\/\/quehacerpolitico.mx\/?p=78404#primaryimage"},"image":{"@id":"https:\/\/quehacerpolitico.mx\/?p=78404#primaryimage"},"thumbnailUrl":"https:\/\/quehacerpolitico.mx\/wp-content\/uploads\/2021\/04\/17EAF773-723E-40BB-9C79-5185AE043855.jpeg","datePublished":"2021-04-01T23:13:36+00:00","author":{"@id":"https:\/\/quehacerpolitico.mx\/#\/schema\/person\/496d8ad2d1d3f8036101dca7ee39e585"},"breadcrumb":{"@id":"https:\/\/quehacerpolitico.mx\/?p=78404#breadcrumb"},"inLanguage":"es","potentialAction":[{"@type":"ReadAction","target":["https:\/\/quehacerpolitico.mx\/?p=78404"]}]},{"@type":"ImageObject","inLanguage":"es","@id":"https:\/\/quehacerpolitico.mx\/?p=78404#primaryimage","url":"https:\/\/quehacerpolitico.mx\/wp-content\/uploads\/2021\/04\/17EAF773-723E-40BB-9C79-5185AE043855.jpeg","contentUrl":"https:\/\/quehacerpolitico.mx\/wp-content\/uploads\/2021\/04\/17EAF773-723E-40BB-9C79-5185AE043855.jpeg","width":2048,"height":1536},{"@type":"BreadcrumbList","@id":"https:\/\/quehacerpolitico.mx\/?p=78404#breadcrumb","itemListElement":[{"@type":"ListItem","position":1,"name":"Inicio","item":"https:\/\/quehacerpolitico.mx\/"},{"@type":"ListItem","position":2,"name":"Sergio P\u00e9rez maravilla al mundo reparando su coche en plena carrera"}]},{"@type":"WebSite","@id":"https:\/\/quehacerpolitico.mx\/#website","url":"https:\/\/quehacerpolitico.mx\/","name":"","description":"","potentialAction":[{"@type":"SearchAction","target":{"@type":"EntryPoint","urlTemplate":"https:\/\/quehacerpolitico.mx\/?s={search_term_string}"},"query-input":{"@type":"PropertyValueSpecification","valueRequired":true,"valueName":"search_term_string"}}],"inLanguage":"es"},{"@type":"Person","@id":"https:\/\/quehacerpolitico.mx\/#\/schema\/person\/496d8ad2d1d3f8036101dca7ee39e585","name":"Redacci\u00f3n QP","image":{"@type":"ImageObject","inLanguage":"es","@id":"https:\/\/secure.gravatar.com\/avatar\/c7164ed6fdec453195284ad24a5ae5b6e1eed2b848477fa2a4787ba9adf39a41?s=96&d=mm&r=g","url":"https:\/\/secure.gravatar.com\/avatar\/c7164ed6fdec453195284ad24a5ae5b6e1eed2b848477fa2a4787ba9adf39a41?s=96&d=mm&r=g","contentUrl":"https:\/\/secure.gravatar.com\/avatar\/c7164ed6fdec453195284ad24a5ae5b6e1eed2b848477fa2a4787ba9adf39a41?s=96&d=mm&r=g","caption":"Redacci\u00f3n QP"},"url":"https:\/\/quehacerpolitico.mx\/?author=2"}]}},"featured_image_urls":{"full":["https:\/\/quehacerpolitico.mx\/wp-content\/uploads\/2021\/04\/17EAF773-723E-40BB-9C79-5185AE043855.jpeg",2048,1536,false],"thumbnail":["https:\/\/quehacerpolitico.mx\/wp-content\/uploads\/2021\/04\/17EAF773-723E-40BB-9C79-5185AE043855-150x150.jpeg",150,150,true],"medium":["https:\/\/quehacerpolitico.mx\/wp-content\/uploads\/2021\/04\/17EAF773-723E-40BB-9C79-5185AE043855-300x225.jpeg",300,225,true],"medium_large":["https:\/\/quehacerpolitico.mx\/wp-content\/uploads\/2021\/04\/17EAF773-723E-40BB-9C79-5185AE043855-768x576.jpeg",640,480,true],"large":["https:\/\/quehacerpolitico.mx\/wp-content\/uploads\/2021\/04\/17EAF773-723E-40BB-9C79-5185AE043855-1024x768.jpeg",640,480,true],"1536x1536":["https:\/\/quehacerpolitico.mx\/wp-content\/uploads\/2021\/04\/17EAF773-723E-40BB-9C79-5185AE043855-1536x1152.jpeg",1536,1152,true],"2048x2048":["https:\/\/quehacerpolitico.mx\/wp-content\/uploads\/2021\/04\/17EAF773-723E-40BB-9C79-5185AE043855.jpeg",2048,1536,false],"covernews-featured":["https:\/\/quehacerpolitico.mx\/wp-content\/uploads\/2021\/04\/17EAF773-723E-40BB-9C79-5185AE043855.jpeg",1024,768,false],"covernews-medium":["https:\/\/quehacerpolitico.mx\/wp-content\/uploads\/2021\/04\/17EAF773-723E-40BB-9C79-5185AE043855.jpeg",453,340,false]},"author_info":{"display_name":"Redacci\u00f3n QP","author_link":"https:\/\/quehacerpolitico.mx\/?author=2"},"category_info":"<a href=\"https:\/\/quehacerpolitico.mx\/?cat=54\" rel=\"category\">Deportes<\/a>","tag_info":"Deportes","comment_count":"0","_links":{"self":[{"href":"https:\/\/quehacerpolitico.mx\/index.php?rest_route=\/wp\/v2\/posts\/78404","targetHints":{"allow":["GET"]}}],"collection":[{"href":"https:\/\/quehacerpolitico.mx\/index.php?rest_route=\/wp\/v2\/posts"}],"about":[{"href":"https:\/\/quehacerpolitico.mx\/index.php?rest_route=\/wp\/v2\/types\/post"}],"author":[{"embeddable":true,"href":"https:\/\/quehacerpolitico.mx\/index.php?rest_route=\/wp\/v2\/users\/2"}],"replies":[{"embeddable":true,"href":"https:\/\/quehacerpolitico.mx\/index.php?rest_route=%2Fwp%2Fv2%2Fcomments&post=78404"}],"version-history":[{"count":0,"href":"https:\/\/quehacerpolitico.mx\/index.php?rest_route=\/wp\/v2\/posts\/78404\/revisions"}],"wp:featuredmedia":[{"embeddable":true,"href":"https:\/\/quehacerpolitico.mx\/index.php?rest_route=\/wp\/v2\/media\/78409"}],"wp:attachment":[{"href":"https:\/\/quehacerpolitico.mx\/index.php?rest_route=%2Fwp%2Fv2%2Fmedia&parent=78404"}],"wp:term":[{"taxonomy":"category","embeddable":true,"href":"https:\/\/quehacerpolitico.mx\/index.php?rest_route=%2Fwp%2Fv2%2Fcategories&post=78404"},{"taxonomy":"post_tag","embeddable":true,"href":"https:\/\/quehacerpolitico.mx\/index.php?rest_route=%2Fwp%2Fv2%2Ftags&post=78404"}],"curies":[{"name":"wp","href":"https:\/\/api.w.org\/{rel}","templated":true}]}}