{"id":78396,"date":"2021-04-01T22:51:51","date_gmt":"2021-04-01T22:51:51","guid":{"rendered":"https:\/\/quehacerpolitico.mx\/?p=78396"},"modified":"2021-04-01T22:51:51","modified_gmt":"2021-04-01T22:51:51","slug":"madre-y-hermano-de-victoria-salazar-se-reunen-con-autoridades-de-tulum","status":"publish","type":"post","link":"https:\/\/quehacerpolitico.mx\/?p=78396","title":{"rendered":"Madre y hermano de Victoria Salazar se re\u00fanen con autoridades de Tulum"},"content":{"rendered":"<h1 class=\"news-title\">Madre y hermano de Victoria Salazar se re\u00fanen con autoridades de Tulum<br \/>\nPor Redacci\u00f3n QP<\/h1>\n<div class=\"news-subtitle\">\n<p>Son recibidos bajo un fuerte dispositivo de seguridad en el que participan autoridades locales, la Guardia Nacional y representantes consulares de M\u00e9xico y El Salvador<\/p>\n<\/div>\n<div class=\"social-share-box normal\">\n<p>Rosibel Arriaza, madre de la migrante salvadore\u00f1a Victoria Salazar muerta a manos de polic\u00edas mexicanos, <strong>lleg\u00f3 a M\u00e9xico y se reuni\u00f3 con autoridades del municipio de Tulum<\/strong>.<\/p>\n<div id=\"div-pos-2\">&#8220;Recibimos anoche a la se\u00f1ora Rosibel y su hijo Ren\u00e9, madre y hermano de Victoria. <strong>Seguiremos brindando todo el apoyo<\/strong>, como desde el inicio de este proceso, para seguir agilizando los tr\u00e1mites y que puedan hacer la repatriaci\u00f3n de los restos mortales&#8221;, inform\u00f3 este jueves el presidente municipal de Tulum, V\u00edctor Mas Tah, en Facebook.<\/div>\n<div>\n<figure class=\"image\"><img decoding=\"async\" title=\"\" src=\"https:\/\/www.informador.mx\/export\/sites\/elinformador\/img\/2021\/04\/01\/fb.jpg_329975545.jpg\" alt=\"\" hspace=\"5\" vspace=\"5\" data-height=\"769\" data-size=\"w:495,h:769\" data-width=\"495\" \/><figcaption>FACEBOOK \/\u00a0Victor Mas Tah<\/figcaption><\/figure>\n<\/div>\n<p><strong>La mujer y el hermano de la v\u00edctima llegaron al aeropuerto internacional de Canc\u00fan<\/strong> poco antes de la medianoche del mi\u00e9rcoles.<\/p>\n<p>Los familiares de Victoria <strong>fueron recibidos bajo un fuerte dispositivo de seguridad<\/strong> en el que participaron autoridades locales, la Guardia Nacional y representantes consulares de M\u00e9xico y El Salvador.<\/p>\n<p>La comitiva para recibir a la madre y el hermano de Victoria ingres\u00f3 a la zona de hangares a bordo de una camioneta blanca y se estacion\u00f3 a un costado de la escalera de desembarque de pasajeros del avi\u00f3n comercial.<\/p>\n<p>Desde ese punto fueron conducidos en veh\u00edculos oficiales para evitar la salida de pasajeros, donde aguardaban medios de comunicaci\u00f3n.<\/p>\n<p>Las autoridades del\u00a0estado de Quintana Roo <strong>guardaron hermetismo en torno a la llegada de los familiares<\/strong>, pero a trav\u00e9s de la cuenta de Twitter de la canciller\u00eda de El Salvador se confirm\u00f3 su arribo.<\/p>\n<p>&#8220;Tras las gestiones del Gobierno del presidente Nayib Bukele, tanto la madre como el hermano de nuestra compatriota llegan a territorio mexicano para realizar diversas diligencias legales relacionadas al asesinato de Victoria&#8221;, inform\u00f3 el Ministerio de Relaciones Exteriores de El Salvador.<\/p>\n<blockquote class=\"twitter-tweet\" data-width=\"550\" data-dnt=\"true\">\n<p lang=\"es\" dir=\"ltr\">Hace un rato a trav\u00e9s de la titular de <a href=\"https:\/\/twitter.com\/CONAVIM_MX?ref_src=twsrc%5Etfw\">@CONAVIM_mx<\/a>, habl\u00e9 telef\u00f3nicamente con la Sra. Rosibel Arriaza, madre de Victoria Salazar, a quien le ofrec\u00ed todo el apoyo del Estado mexicano. <a href=\"https:\/\/t.co\/3nQsPn3jNj\">https:\/\/t.co\/3nQsPn3jNj<\/a><\/p>\n<p>&mdash; Olga S\u00e1nchez Cordero (@M_OlgaSCordero) <a href=\"https:\/\/twitter.com\/M_OlgaSCordero\/status\/1377687890013077507?ref_src=twsrc%5Etfw\">April 1, 2021<\/a><\/p><\/blockquote>\n<p><script async src=\"https:\/\/platform.twitter.com\/widgets.js\" charset=\"utf-8\"><\/script><\/p>\n<p>Poco despu\u00e9s de su arribo <strong>se reunieron con el alcalde de Tulum<\/strong>, enclave tur\u00edstico del Caribe mexicano donde falleci\u00f3 la mujer en manos de polic\u00edas<\/p>\n<p>&#8220;Estamos llevando de cerca el caso de las hijas de Victoria para garantizar su bienestar. Desde principios de marzo, se ha brindado asistencia a las menores tras la denuncia presentada por violencia en contra de una de ellas&#8221;, indic\u00f3 el presidente municipal.<\/p>\n<p>Adem\u00e1s, asegur\u00f3 que <strong>se est\u00e1 realizando el seguimiento del proceso que lleva a cabo la Fiscal\u00eda de Quintana Roo y el Poder Judicial<\/strong>, para asegurar que se &#8220;haga justicia por el doloroso fallecimiento de Victoria, que transform\u00f3 completamente a esta familia&#8221;.<\/p>\n<p>&#8220;La se\u00f1ora Rosibel y Ren\u00e9 contar\u00e1n con nuestro respaldo para lo que necesiten en estos momentos tan dif\u00edciles&#8221;, concluy\u00f3.<\/p>\n<p>Victoria Esperanza, de 36 a\u00f1os y residente en M\u00e9xico con una visa humanitaria desde 2018, fue sometida el pasado fin de semana por cuatro polic\u00edas, por supuesta alteraci\u00f3n del orden p\u00fablico, quienes la mataron por la ruptura de dos v\u00e9rtebras.<\/p>\n<p>Los cuatro polic\u00edas, tres hombres y una mujer, que fueron grabados en video durante este suceso que ha conmocionado a la opini\u00f3n p\u00fablica y a organismos nacionales e internacionales, ya han sido detenidos y acusados por feminicidio.<\/p>\n<p>Con informaci\u00f3n de EFE<\/p>\n<\/div>\n","protected":false},"excerpt":{"rendered":"<p>Madre y hermano de Victoria Salazar se re\u00fanen con autoridades de Tulum Por Redacci\u00f3n QP&#8230;<\/p>\n","protected":false},"author":2,"featured_media":78402,"comment_status":"open","ping_status":"open","sticky":false,"template":"","format":"standard","meta":{"_monsterinsights_skip_tracking":false,"_monsterinsights_sitenote_active":false,"_monsterinsights_sitenote_note":"","_monsterinsights_sitenote_category":0,"footnotes":""},"categories":[2],"tags":[],"class_list":["post-78396","post","type-post","status-publish","format-standard","has-post-thumbnail","hentry","category-noticias"],"yoast_head":"<!-- This site is optimized with the Yoast SEO plugin v27.3 - https:\/\/yoast.com\/product\/yoast-seo-wordpress\/ -->\n<title>Madre y hermano de Victoria Salazar se re\u00fanen con autoridades de Tulum -<\/title>\n<meta name=\"robots\" content=\"index, follow, max-snippet:-1, max-image-preview:large, max-video-preview:-1\" \/>\n<link rel=\"canonical\" href=\"https:\/\/quehacerpolitico.mx\/?p=78396\" \/>\n<meta property=\"og:locale\" content=\"es_MX\" \/>\n<meta property=\"og:type\" content=\"article\" \/>\n<meta property=\"og:title\" content=\"Madre y hermano de Victoria Salazar se re\u00fanen con autoridades de Tulum -\" \/>\n<meta property=\"og:description\" content=\"Madre y hermano de Victoria Salazar se re\u00fanen con autoridades de Tulum Por Redacci\u00f3n QP...\" \/>\n<meta property=\"og:url\" content=\"https:\/\/quehacerpolitico.mx\/?p=78396\" \/>\n<meta property=\"article:published_time\" content=\"2021-04-01T22:51:51+00:00\" \/>\n<meta property=\"og:image\" content=\"https:\/\/quehacerpolitico.mx\/wp-content\/uploads\/2021\/04\/4133AE9A-9D17-49CE-A255-8BBC8C1CD67D.jpeg\" \/>\n\t<meta property=\"og:image:width\" content=\"538\" \/>\n\t<meta property=\"og:image:height\" content=\"302\" \/>\n\t<meta property=\"og:image:type\" content=\"image\/jpeg\" \/>\n<meta name=\"author\" content=\"Redacci\u00f3n QP\" \/>\n<meta name=\"twitter:card\" content=\"summary_large_image\" \/>\n<meta name=\"twitter:label1\" content=\"Escrito por\" \/>\n\t<meta name=\"twitter:data1\" content=\"Redacci\u00f3n QP\" \/>\n\t<meta name=\"twitter:label2\" content=\"Tiempo de lectura\" \/>\n\t<meta name=\"twitter:data2\" content=\"3 minutos\" \/>\n<script type=\"application\/ld+json\" class=\"yoast-schema-graph\">{\"@context\":\"https:\\\/\\\/schema.org\",\"@graph\":[{\"@type\":\"Article\",\"@id\":\"https:\\\/\\\/quehacerpolitico.mx\\\/?p=78396#article\",\"isPartOf\":{\"@id\":\"https:\\\/\\\/quehacerpolitico.mx\\\/?p=78396\"},\"author\":{\"name\":\"Redacci\u00f3n QP\",\"@id\":\"https:\\\/\\\/quehacerpolitico.mx\\\/#\\\/schema\\\/person\\\/496d8ad2d1d3f8036101dca7ee39e585\"},\"headline\":\"Madre y hermano de Victoria Salazar se re\u00fanen con autoridades de Tulum\",\"datePublished\":\"2021-04-01T22:51:51+00:00\",\"mainEntityOfPage\":{\"@id\":\"https:\\\/\\\/quehacerpolitico.mx\\\/?p=78396\"},\"wordCount\":574,\"commentCount\":0,\"image\":{\"@id\":\"https:\\\/\\\/quehacerpolitico.mx\\\/?p=78396#primaryimage\"},\"thumbnailUrl\":\"https:\\\/\\\/quehacerpolitico.mx\\\/wp-content\\\/uploads\\\/2021\\\/04\\\/4133AE9A-9D17-49CE-A255-8BBC8C1CD67D.jpeg\",\"articleSection\":[\"Noticias\"],\"inLanguage\":\"es\",\"potentialAction\":[{\"@type\":\"CommentAction\",\"name\":\"Comment\",\"target\":[\"https:\\\/\\\/quehacerpolitico.mx\\\/?p=78396#respond\"]}]},{\"@type\":\"WebPage\",\"@id\":\"https:\\\/\\\/quehacerpolitico.mx\\\/?p=78396\",\"url\":\"https:\\\/\\\/quehacerpolitico.mx\\\/?p=78396\",\"name\":\"Madre y hermano de Victoria Salazar se re\u00fanen con autoridades de Tulum -\",\"isPartOf\":{\"@id\":\"https:\\\/\\\/quehacerpolitico.mx\\\/#website\"},\"primaryImageOfPage\":{\"@id\":\"https:\\\/\\\/quehacerpolitico.mx\\\/?p=78396#primaryimage\"},\"image\":{\"@id\":\"https:\\\/\\\/quehacerpolitico.mx\\\/?p=78396#primaryimage\"},\"thumbnailUrl\":\"https:\\\/\\\/quehacerpolitico.mx\\\/wp-content\\\/uploads\\\/2021\\\/04\\\/4133AE9A-9D17-49CE-A255-8BBC8C1CD67D.jpeg\",\"datePublished\":\"2021-04-01T22:51:51+00:00\",\"author\":{\"@id\":\"https:\\\/\\\/quehacerpolitico.mx\\\/#\\\/schema\\\/person\\\/496d8ad2d1d3f8036101dca7ee39e585\"},\"breadcrumb\":{\"@id\":\"https:\\\/\\\/quehacerpolitico.mx\\\/?p=78396#breadcrumb\"},\"inLanguage\":\"es\",\"potentialAction\":[{\"@type\":\"ReadAction\",\"target\":[\"https:\\\/\\\/quehacerpolitico.mx\\\/?p=78396\"]}]},{\"@type\":\"ImageObject\",\"inLanguage\":\"es\",\"@id\":\"https:\\\/\\\/quehacerpolitico.mx\\\/?p=78396#primaryimage\",\"url\":\"https:\\\/\\\/quehacerpolitico.mx\\\/wp-content\\\/uploads\\\/2021\\\/04\\\/4133AE9A-9D17-49CE-A255-8BBC8C1CD67D.jpeg\",\"contentUrl\":\"https:\\\/\\\/quehacerpolitico.mx\\\/wp-content\\\/uploads\\\/2021\\\/04\\\/4133AE9A-9D17-49CE-A255-8BBC8C1CD67D.jpeg\",\"width\":538,\"height\":302},{\"@type\":\"BreadcrumbList\",\"@id\":\"https:\\\/\\\/quehacerpolitico.mx\\\/?p=78396#breadcrumb\",\"itemListElement\":[{\"@type\":\"ListItem\",\"position\":1,\"name\":\"Inicio\",\"item\":\"https:\\\/\\\/quehacerpolitico.mx\\\/\"},{\"@type\":\"ListItem\",\"position\":2,\"name\":\"Madre y hermano de Victoria Salazar se re\u00fanen con autoridades de Tulum\"}]},{\"@type\":\"WebSite\",\"@id\":\"https:\\\/\\\/quehacerpolitico.mx\\\/#website\",\"url\":\"https:\\\/\\\/quehacerpolitico.mx\\\/\",\"name\":\"\",\"description\":\"\",\"potentialAction\":[{\"@type\":\"SearchAction\",\"target\":{\"@type\":\"EntryPoint\",\"urlTemplate\":\"https:\\\/\\\/quehacerpolitico.mx\\\/?s={search_term_string}\"},\"query-input\":{\"@type\":\"PropertyValueSpecification\",\"valueRequired\":true,\"valueName\":\"search_term_string\"}}],\"inLanguage\":\"es\"},{\"@type\":\"Person\",\"@id\":\"https:\\\/\\\/quehacerpolitico.mx\\\/#\\\/schema\\\/person\\\/496d8ad2d1d3f8036101dca7ee39e585\",\"name\":\"Redacci\u00f3n QP\",\"image\":{\"@type\":\"ImageObject\",\"inLanguage\":\"es\",\"@id\":\"https:\\\/\\\/secure.gravatar.com\\\/avatar\\\/c7164ed6fdec453195284ad24a5ae5b6e1eed2b848477fa2a4787ba9adf39a41?s=96&d=mm&r=g\",\"url\":\"https:\\\/\\\/secure.gravatar.com\\\/avatar\\\/c7164ed6fdec453195284ad24a5ae5b6e1eed2b848477fa2a4787ba9adf39a41?s=96&d=mm&r=g\",\"contentUrl\":\"https:\\\/\\\/secure.gravatar.com\\\/avatar\\\/c7164ed6fdec453195284ad24a5ae5b6e1eed2b848477fa2a4787ba9adf39a41?s=96&d=mm&r=g\",\"caption\":\"Redacci\u00f3n QP\"},\"url\":\"https:\\\/\\\/quehacerpolitico.mx\\\/?author=2\"}]}<\/script>\n<!-- \/ Yoast SEO plugin. -->","yoast_head_json":{"title":"Madre y hermano de Victoria Salazar se re\u00fanen con autoridades de Tulum -","robots":{"index":"index","follow":"follow","max-snippet":"max-snippet:-1","max-image-preview":"max-image-preview:large","max-video-preview":"max-video-preview:-1"},"canonical":"https:\/\/quehacerpolitico.mx\/?p=78396","og_locale":"es_MX","og_type":"article","og_title":"Madre y hermano de Victoria Salazar se re\u00fanen con autoridades de Tulum -","og_description":"Madre y hermano de Victoria Salazar se re\u00fanen con autoridades de Tulum Por Redacci\u00f3n QP...","og_url":"https:\/\/quehacerpolitico.mx\/?p=78396","article_published_time":"2021-04-01T22:51:51+00:00","og_image":[{"width":538,"height":302,"url":"https:\/\/quehacerpolitico.mx\/wp-content\/uploads\/2021\/04\/4133AE9A-9D17-49CE-A255-8BBC8C1CD67D.jpeg","type":"image\/jpeg"}],"author":"Redacci\u00f3n QP","twitter_card":"summary_large_image","twitter_misc":{"Escrito por":"Redacci\u00f3n QP","Tiempo de lectura":"3 minutos"},"schema":{"@context":"https:\/\/schema.org","@graph":[{"@type":"Article","@id":"https:\/\/quehacerpolitico.mx\/?p=78396#article","isPartOf":{"@id":"https:\/\/quehacerpolitico.mx\/?p=78396"},"author":{"name":"Redacci\u00f3n QP","@id":"https:\/\/quehacerpolitico.mx\/#\/schema\/person\/496d8ad2d1d3f8036101dca7ee39e585"},"headline":"Madre y hermano de Victoria Salazar se re\u00fanen con autoridades de Tulum","datePublished":"2021-04-01T22:51:51+00:00","mainEntityOfPage":{"@id":"https:\/\/quehacerpolitico.mx\/?p=78396"},"wordCount":574,"commentCount":0,"image":{"@id":"https:\/\/quehacerpolitico.mx\/?p=78396#primaryimage"},"thumbnailUrl":"https:\/\/quehacerpolitico.mx\/wp-content\/uploads\/2021\/04\/4133AE9A-9D17-49CE-A255-8BBC8C1CD67D.jpeg","articleSection":["Noticias"],"inLanguage":"es","potentialAction":[{"@type":"CommentAction","name":"Comment","target":["https:\/\/quehacerpolitico.mx\/?p=78396#respond"]}]},{"@type":"WebPage","@id":"https:\/\/quehacerpolitico.mx\/?p=78396","url":"https:\/\/quehacerpolitico.mx\/?p=78396","name":"Madre y hermano de Victoria Salazar se re\u00fanen con autoridades de Tulum -","isPartOf":{"@id":"https:\/\/quehacerpolitico.mx\/#website"},"primaryImageOfPage":{"@id":"https:\/\/quehacerpolitico.mx\/?p=78396#primaryimage"},"image":{"@id":"https:\/\/quehacerpolitico.mx\/?p=78396#primaryimage"},"thumbnailUrl":"https:\/\/quehacerpolitico.mx\/wp-content\/uploads\/2021\/04\/4133AE9A-9D17-49CE-A255-8BBC8C1CD67D.jpeg","datePublished":"2021-04-01T22:51:51+00:00","author":{"@id":"https:\/\/quehacerpolitico.mx\/#\/schema\/person\/496d8ad2d1d3f8036101dca7ee39e585"},"breadcrumb":{"@id":"https:\/\/quehacerpolitico.mx\/?p=78396#breadcrumb"},"inLanguage":"es","potentialAction":[{"@type":"ReadAction","target":["https:\/\/quehacerpolitico.mx\/?p=78396"]}]},{"@type":"ImageObject","inLanguage":"es","@id":"https:\/\/quehacerpolitico.mx\/?p=78396#primaryimage","url":"https:\/\/quehacerpolitico.mx\/wp-content\/uploads\/2021\/04\/4133AE9A-9D17-49CE-A255-8BBC8C1CD67D.jpeg","contentUrl":"https:\/\/quehacerpolitico.mx\/wp-content\/uploads\/2021\/04\/4133AE9A-9D17-49CE-A255-8BBC8C1CD67D.jpeg","width":538,"height":302},{"@type":"BreadcrumbList","@id":"https:\/\/quehacerpolitico.mx\/?p=78396#breadcrumb","itemListElement":[{"@type":"ListItem","position":1,"name":"Inicio","item":"https:\/\/quehacerpolitico.mx\/"},{"@type":"ListItem","position":2,"name":"Madre y hermano de Victoria Salazar se re\u00fanen con autoridades de Tulum"}]},{"@type":"WebSite","@id":"https:\/\/quehacerpolitico.mx\/#website","url":"https:\/\/quehacerpolitico.mx\/","name":"","description":"","potentialAction":[{"@type":"SearchAction","target":{"@type":"EntryPoint","urlTemplate":"https:\/\/quehacerpolitico.mx\/?s={search_term_string}"},"query-input":{"@type":"PropertyValueSpecification","valueRequired":true,"valueName":"search_term_string"}}],"inLanguage":"es"},{"@type":"Person","@id":"https:\/\/quehacerpolitico.mx\/#\/schema\/person\/496d8ad2d1d3f8036101dca7ee39e585","name":"Redacci\u00f3n QP","image":{"@type":"ImageObject","inLanguage":"es","@id":"https:\/\/secure.gravatar.com\/avatar\/c7164ed6fdec453195284ad24a5ae5b6e1eed2b848477fa2a4787ba9adf39a41?s=96&d=mm&r=g","url":"https:\/\/secure.gravatar.com\/avatar\/c7164ed6fdec453195284ad24a5ae5b6e1eed2b848477fa2a4787ba9adf39a41?s=96&d=mm&r=g","contentUrl":"https:\/\/secure.gravatar.com\/avatar\/c7164ed6fdec453195284ad24a5ae5b6e1eed2b848477fa2a4787ba9adf39a41?s=96&d=mm&r=g","caption":"Redacci\u00f3n QP"},"url":"https:\/\/quehacerpolitico.mx\/?author=2"}]}},"featured_image_urls":{"full":["https:\/\/quehacerpolitico.mx\/wp-content\/uploads\/2021\/04\/4133AE9A-9D17-49CE-A255-8BBC8C1CD67D.jpeg",538,302,false],"thumbnail":["https:\/\/quehacerpolitico.mx\/wp-content\/uploads\/2021\/04\/4133AE9A-9D17-49CE-A255-8BBC8C1CD67D-150x150.jpeg",150,150,true],"medium":["https:\/\/quehacerpolitico.mx\/wp-content\/uploads\/2021\/04\/4133AE9A-9D17-49CE-A255-8BBC8C1CD67D-300x168.jpeg",300,168,true],"medium_large":["https:\/\/quehacerpolitico.mx\/wp-content\/uploads\/2021\/04\/4133AE9A-9D17-49CE-A255-8BBC8C1CD67D.jpeg",538,302,false],"large":["https:\/\/quehacerpolitico.mx\/wp-content\/uploads\/2021\/04\/4133AE9A-9D17-49CE-A255-8BBC8C1CD67D.jpeg",538,302,false],"1536x1536":["https:\/\/quehacerpolitico.mx\/wp-content\/uploads\/2021\/04\/4133AE9A-9D17-49CE-A255-8BBC8C1CD67D.jpeg",538,302,false],"2048x2048":["https:\/\/quehacerpolitico.mx\/wp-content\/uploads\/2021\/04\/4133AE9A-9D17-49CE-A255-8BBC8C1CD67D.jpeg",538,302,false],"covernews-featured":["https:\/\/quehacerpolitico.mx\/wp-content\/uploads\/2021\/04\/4133AE9A-9D17-49CE-A255-8BBC8C1CD67D.jpeg",538,302,false],"covernews-medium":["https:\/\/quehacerpolitico.mx\/wp-content\/uploads\/2021\/04\/4133AE9A-9D17-49CE-A255-8BBC8C1CD67D.jpeg",538,302,false]},"author_info":{"display_name":"Redacci\u00f3n QP","author_link":"https:\/\/quehacerpolitico.mx\/?author=2"},"category_info":"<a href=\"https:\/\/quehacerpolitico.mx\/?cat=2\" rel=\"category\">Noticias<\/a>","tag_info":"Noticias","comment_count":"0","_links":{"self":[{"href":"https:\/\/quehacerpolitico.mx\/index.php?rest_route=\/wp\/v2\/posts\/78396","targetHints":{"allow":["GET"]}}],"collection":[{"href":"https:\/\/quehacerpolitico.mx\/index.php?rest_route=\/wp\/v2\/posts"}],"about":[{"href":"https:\/\/quehacerpolitico.mx\/index.php?rest_route=\/wp\/v2\/types\/post"}],"author":[{"embeddable":true,"href":"https:\/\/quehacerpolitico.mx\/index.php?rest_route=\/wp\/v2\/users\/2"}],"replies":[{"embeddable":true,"href":"https:\/\/quehacerpolitico.mx\/index.php?rest_route=%2Fwp%2Fv2%2Fcomments&post=78396"}],"version-history":[{"count":0,"href":"https:\/\/quehacerpolitico.mx\/index.php?rest_route=\/wp\/v2\/posts\/78396\/revisions"}],"wp:featuredmedia":[{"embeddable":true,"href":"https:\/\/quehacerpolitico.mx\/index.php?rest_route=\/wp\/v2\/media\/78402"}],"wp:attachment":[{"href":"https:\/\/quehacerpolitico.mx\/index.php?rest_route=%2Fwp%2Fv2%2Fmedia&parent=78396"}],"wp:term":[{"taxonomy":"category","embeddable":true,"href":"https:\/\/quehacerpolitico.mx\/index.php?rest_route=%2Fwp%2Fv2%2Fcategories&post=78396"},{"taxonomy":"post_tag","embeddable":true,"href":"https:\/\/quehacerpolitico.mx\/index.php?rest_route=%2Fwp%2Fv2%2Ftags&post=78396"}],"curies":[{"name":"wp","href":"https:\/\/api.w.org\/{rel}","templated":true}]}}