{"id":78376,"date":"2021-03-31T18:07:50","date_gmt":"2021-03-31T18:07:50","guid":{"rendered":"https:\/\/quehacerpolitico.mx\/?p=78376"},"modified":"2021-03-31T18:07:50","modified_gmt":"2021-03-31T18:07:50","slug":"amlo-critica-eu-por-senalar-la-directora-de-notimex-sanjuana-martinez","status":"publish","type":"post","link":"https:\/\/quehacerpolitico.mx\/?p=78376","title":{"rendered":"AMLO critica a EU por se\u00f1alar a la directora de Notimex, Sanjuana Mart\u00ednez"},"content":{"rendered":"<h1 class=\"news-title\">AMLO critica a EU por se\u00f1alar a la directora de Notimex, Sanjuana Mart\u00ednez<br \/>\nPor Redacci\u00f3n QP<\/h1>\n<p>&#8220;\u00bfPor qu\u00e9 el Gobierno de Estados Unidos opina sobre cuestiones que solo competen a los mexicanos?&#8221;, dijo el Presidente de M\u00e9xico durante la ma\u00f1anera<\/p>\n<p>El Presidente de M\u00e9xico Andr\u00e9s Manuel L\u00f3pez Obrador, critic\u00f3 este mi\u00e9rcoles a Estados Unidos por el informe del Departamento de Estado que se\u00f1ala a la periodista Sanjuana Mart\u00ednez, directora de la agencia estatal Notimex, por &#8220;orquestar ataques&#8221; contra otros comunicadores.<\/p>\n<blockquote class=\"twitter-tweet\" data-width=\"550\" data-dnt=\"true\">\n<p lang=\"es\" dir=\"ltr\">Voy a dejar esto por aqu\u00ed y me ir\u00e9 lentamente \ud83d\udc47 <a href=\"https:\/\/t.co\/PuuKef4BDV\">pic.twitter.com\/PuuKef4BDV<\/a><\/p>\n<p>&mdash; Sanjuana Mart\u00ednez Montemayor (@SanjuanaNews) <a href=\"https:\/\/twitter.com\/SanjuanaNews\/status\/1377279011173363714?ref_src=twsrc%5Etfw\">March 31, 2021<\/a><\/p><\/blockquote>\n<p><script async src=\"https:\/\/platform.twitter.com\/widgets.js\" charset=\"utf-8\"><\/script><\/p>\n<p><strong>&#8220;\u00bfPor qu\u00e9 el Gobierno de Estados Unidos opina sobre cuestiones que solo competen a los mexicanos? \u00bfPor qu\u00e9 se lanzan en contra de Sanjuana, que ya la volvieron famosa? Adem\u00e1s es una mujer que tiene todo nuestro respeto&#8221;<\/strong>, expres\u00f3 en su rueda de prensa matutina.<\/p>\n<p>Las declaraciones de L\u00f3pez Obrador se producen un d\u00eda despu\u00e9s de publicarse el informe anual de derechos humanos que realiza el Departamento de Estado de Estados Unidos, que en esta ocasi\u00f3n corresponde al \u00faltimo a\u00f1o del Gobierno de Donald Trump.<\/p>\n<p>El reporte se\u00f1ala a la directora de Notimex, paralizada desde junio de 2020 por una huelga, <strong>porque &#8220;orden\u00f3 a periodistas eliminar o no publicar contenido sobre ciertas instituciones gubernamentales y funcionarios&#8221;<\/strong>.<\/p>\n<p>El informe tambi\u00e9n cita que &#8220;el 12 de mayo (de 2020), Art\u00edculo 19 e ITESO, public\u00f3 un reporte sobre ataques contra periodistas orquestados por Sanjuana Mart\u00ednez, directora de Notimex&#8221;.<\/p>\n<h4>Sanjuana reacciona a acusaciones de EU<\/h4>\n<p>La periodista asegur\u00f3 este mi\u00e9rcoles que el reporte de Washington se basa en mentiras &#8220;para golpear al actual Gobierno&#8221;.<\/p>\n<p>&#8220;Solo incluye un p\u00e1rrafo de ocho l\u00edneas que se basa en las mentiras de Art\u00edculo 19 difundidas por (la periodista Carmen) Aristegui en mayo del a\u00f1o pasado, mismas que ya desment\u00ed&#8221;, manifest\u00f3 en Twitter.<\/p>\n<div>\n<figure class=\"image\"><img decoding=\"async\" title=\"\" src=\"https:\/\/www.informador.mx\/export\/sites\/elinformador\/img\/2021\/03\/31\/1_4.png_470079193.png\" alt=\"\" hspace=\"5\" vspace=\"5\" data-height=\"545\" data-size=\"w:521,h:545\" data-width=\"521\" \/><\/figure>\n<\/div>\n<p>AMLO defendi\u00f3 a la funcionaria, que \u00e9l nombr\u00f3 en 2019, al afirmar que es &#8220;una periodista consecuente&#8221; y acus\u00f3 a Art\u00edculo 19 de &#8220;pertenecer al movimiento conservador&#8221;.<\/p>\n<p>&#8220;Resulta que esa asociaci\u00f3n que se llama Art\u00edculo 19 est\u00e1 financiada por empresas extranjeras, hasta por el Departamento de Estado, para empezar nosotros no nos metemos a opinar sobre violaciones de derechos humanos en Estados Unidos&#8221;, exclam\u00f3.<\/p>\n<p>El reporte de Washington tambi\u00e9n document\u00f3 que <strong>&#8220;periodistas que hacen preguntas dif\u00edciles al presidente durante sus conferencias de prensa reciben ataques v\u00eda Twitter&#8221;<\/strong>.<\/p>\n<p>Este documento no es el primero que denuncia la estigmatizaci\u00f3n contra periodistas cr\u00edticos con el Gobierno de L\u00f3pez Obrador.<\/p>\n<p>M\u00e9xico es el pa\u00eds m\u00e1s peligroso para el periodismo del hemisferio occidental, seg\u00fan el Comit\u00e9 para la Protecci\u00f3n de Periodistas (CPJ, por sus siglas en ingl\u00e9s), con 8 periodistas asesinados en 2020 por su trabajo contabilizados por Art\u00edculo 19.<\/p>\n<p>Sobre la situaci\u00f3n de Notimex, L\u00f3pez Obrador ha descartado &#8220;despedir&#8221; a Mart\u00ednez al opinar que &#8220;se puede con el di\u00e1logo&#8221; resolver la huelga que comenz\u00f3 el 21 de febrero de 2020 en contra de los despidos hechos por la nueva directiva.<\/p>\n<p>Con Informaci\u00f3n de EFE<\/p>\n","protected":false},"excerpt":{"rendered":"<p>AMLO critica a EU por se\u00f1alar a la directora de Notimex, Sanjuana Mart\u00ednez Por Redacci\u00f3n&#8230;<\/p>\n","protected":false},"author":2,"featured_media":78380,"comment_status":"open","ping_status":"open","sticky":false,"template":"","format":"standard","meta":{"_monsterinsights_skip_tracking":false,"_monsterinsights_sitenote_active":false,"_monsterinsights_sitenote_note":"","_monsterinsights_sitenote_category":0,"footnotes":""},"categories":[2],"tags":[],"class_list":["post-78376","post","type-post","status-publish","format-standard","has-post-thumbnail","hentry","category-noticias"],"yoast_head":"<!-- This site is optimized with the Yoast SEO plugin v27.3 - https:\/\/yoast.com\/product\/yoast-seo-wordpress\/ -->\n<title>AMLO critica a EU por se\u00f1alar a la directora de Notimex, Sanjuana Mart\u00ednez -<\/title>\n<meta name=\"robots\" content=\"index, follow, max-snippet:-1, max-image-preview:large, max-video-preview:-1\" \/>\n<link rel=\"canonical\" href=\"https:\/\/quehacerpolitico.mx\/?p=78376\" \/>\n<meta property=\"og:locale\" content=\"es_MX\" \/>\n<meta property=\"og:type\" content=\"article\" \/>\n<meta property=\"og:title\" content=\"AMLO critica a EU por se\u00f1alar a la directora de Notimex, Sanjuana Mart\u00ednez -\" \/>\n<meta property=\"og:description\" content=\"AMLO critica a EU por se\u00f1alar a la directora de Notimex, Sanjuana Mart\u00ednez Por Redacci\u00f3n...\" \/>\n<meta property=\"og:url\" content=\"https:\/\/quehacerpolitico.mx\/?p=78376\" \/>\n<meta property=\"article:published_time\" content=\"2021-03-31T18:07:50+00:00\" \/>\n<meta property=\"og:image\" content=\"https:\/\/quehacerpolitico.mx\/wp-content\/uploads\/2021\/03\/69DACE6B-A753-4AE2-8D7D-F07FBAD3C46B.jpeg\" \/>\n\t<meta property=\"og:image:width\" content=\"1242\" \/>\n\t<meta property=\"og:image:height\" content=\"678\" \/>\n\t<meta property=\"og:image:type\" content=\"image\/jpeg\" \/>\n<meta name=\"author\" content=\"Redacci\u00f3n QP\" \/>\n<meta name=\"twitter:card\" content=\"summary_large_image\" \/>\n<meta name=\"twitter:label1\" content=\"Escrito por\" \/>\n\t<meta name=\"twitter:data1\" content=\"Redacci\u00f3n QP\" \/>\n\t<meta name=\"twitter:label2\" content=\"Tiempo de lectura\" \/>\n\t<meta name=\"twitter:data2\" content=\"3 minutos\" \/>\n<script type=\"application\/ld+json\" class=\"yoast-schema-graph\">{\"@context\":\"https:\\\/\\\/schema.org\",\"@graph\":[{\"@type\":\"Article\",\"@id\":\"https:\\\/\\\/quehacerpolitico.mx\\\/?p=78376#article\",\"isPartOf\":{\"@id\":\"https:\\\/\\\/quehacerpolitico.mx\\\/?p=78376\"},\"author\":{\"name\":\"Redacci\u00f3n QP\",\"@id\":\"https:\\\/\\\/quehacerpolitico.mx\\\/#\\\/schema\\\/person\\\/496d8ad2d1d3f8036101dca7ee39e585\"},\"headline\":\"AMLO critica a EU por se\u00f1alar a la directora de Notimex, Sanjuana Mart\u00ednez\",\"datePublished\":\"2021-03-31T18:07:50+00:00\",\"mainEntityOfPage\":{\"@id\":\"https:\\\/\\\/quehacerpolitico.mx\\\/?p=78376\"},\"wordCount\":529,\"commentCount\":0,\"image\":{\"@id\":\"https:\\\/\\\/quehacerpolitico.mx\\\/?p=78376#primaryimage\"},\"thumbnailUrl\":\"https:\\\/\\\/quehacerpolitico.mx\\\/wp-content\\\/uploads\\\/2021\\\/03\\\/69DACE6B-A753-4AE2-8D7D-F07FBAD3C46B.jpeg\",\"articleSection\":[\"Noticias\"],\"inLanguage\":\"es\",\"potentialAction\":[{\"@type\":\"CommentAction\",\"name\":\"Comment\",\"target\":[\"https:\\\/\\\/quehacerpolitico.mx\\\/?p=78376#respond\"]}]},{\"@type\":\"WebPage\",\"@id\":\"https:\\\/\\\/quehacerpolitico.mx\\\/?p=78376\",\"url\":\"https:\\\/\\\/quehacerpolitico.mx\\\/?p=78376\",\"name\":\"AMLO critica a EU por se\u00f1alar a la directora de Notimex, Sanjuana Mart\u00ednez -\",\"isPartOf\":{\"@id\":\"https:\\\/\\\/quehacerpolitico.mx\\\/#website\"},\"primaryImageOfPage\":{\"@id\":\"https:\\\/\\\/quehacerpolitico.mx\\\/?p=78376#primaryimage\"},\"image\":{\"@id\":\"https:\\\/\\\/quehacerpolitico.mx\\\/?p=78376#primaryimage\"},\"thumbnailUrl\":\"https:\\\/\\\/quehacerpolitico.mx\\\/wp-content\\\/uploads\\\/2021\\\/03\\\/69DACE6B-A753-4AE2-8D7D-F07FBAD3C46B.jpeg\",\"datePublished\":\"2021-03-31T18:07:50+00:00\",\"author\":{\"@id\":\"https:\\\/\\\/quehacerpolitico.mx\\\/#\\\/schema\\\/person\\\/496d8ad2d1d3f8036101dca7ee39e585\"},\"breadcrumb\":{\"@id\":\"https:\\\/\\\/quehacerpolitico.mx\\\/?p=78376#breadcrumb\"},\"inLanguage\":\"es\",\"potentialAction\":[{\"@type\":\"ReadAction\",\"target\":[\"https:\\\/\\\/quehacerpolitico.mx\\\/?p=78376\"]}]},{\"@type\":\"ImageObject\",\"inLanguage\":\"es\",\"@id\":\"https:\\\/\\\/quehacerpolitico.mx\\\/?p=78376#primaryimage\",\"url\":\"https:\\\/\\\/quehacerpolitico.mx\\\/wp-content\\\/uploads\\\/2021\\\/03\\\/69DACE6B-A753-4AE2-8D7D-F07FBAD3C46B.jpeg\",\"contentUrl\":\"https:\\\/\\\/quehacerpolitico.mx\\\/wp-content\\\/uploads\\\/2021\\\/03\\\/69DACE6B-A753-4AE2-8D7D-F07FBAD3C46B.jpeg\",\"width\":1242,\"height\":678},{\"@type\":\"BreadcrumbList\",\"@id\":\"https:\\\/\\\/quehacerpolitico.mx\\\/?p=78376#breadcrumb\",\"itemListElement\":[{\"@type\":\"ListItem\",\"position\":1,\"name\":\"Inicio\",\"item\":\"https:\\\/\\\/quehacerpolitico.mx\\\/\"},{\"@type\":\"ListItem\",\"position\":2,\"name\":\"AMLO critica a EU por se\u00f1alar a la directora de Notimex, Sanjuana Mart\u00ednez\"}]},{\"@type\":\"WebSite\",\"@id\":\"https:\\\/\\\/quehacerpolitico.mx\\\/#website\",\"url\":\"https:\\\/\\\/quehacerpolitico.mx\\\/\",\"name\":\"\",\"description\":\"\",\"potentialAction\":[{\"@type\":\"SearchAction\",\"target\":{\"@type\":\"EntryPoint\",\"urlTemplate\":\"https:\\\/\\\/quehacerpolitico.mx\\\/?s={search_term_string}\"},\"query-input\":{\"@type\":\"PropertyValueSpecification\",\"valueRequired\":true,\"valueName\":\"search_term_string\"}}],\"inLanguage\":\"es\"},{\"@type\":\"Person\",\"@id\":\"https:\\\/\\\/quehacerpolitico.mx\\\/#\\\/schema\\\/person\\\/496d8ad2d1d3f8036101dca7ee39e585\",\"name\":\"Redacci\u00f3n QP\",\"image\":{\"@type\":\"ImageObject\",\"inLanguage\":\"es\",\"@id\":\"https:\\\/\\\/secure.gravatar.com\\\/avatar\\\/c7164ed6fdec453195284ad24a5ae5b6e1eed2b848477fa2a4787ba9adf39a41?s=96&d=mm&r=g\",\"url\":\"https:\\\/\\\/secure.gravatar.com\\\/avatar\\\/c7164ed6fdec453195284ad24a5ae5b6e1eed2b848477fa2a4787ba9adf39a41?s=96&d=mm&r=g\",\"contentUrl\":\"https:\\\/\\\/secure.gravatar.com\\\/avatar\\\/c7164ed6fdec453195284ad24a5ae5b6e1eed2b848477fa2a4787ba9adf39a41?s=96&d=mm&r=g\",\"caption\":\"Redacci\u00f3n QP\"},\"url\":\"https:\\\/\\\/quehacerpolitico.mx\\\/?author=2\"}]}<\/script>\n<!-- \/ Yoast SEO plugin. -->","yoast_head_json":{"title":"AMLO critica a EU por se\u00f1alar a la directora de Notimex, Sanjuana Mart\u00ednez -","robots":{"index":"index","follow":"follow","max-snippet":"max-snippet:-1","max-image-preview":"max-image-preview:large","max-video-preview":"max-video-preview:-1"},"canonical":"https:\/\/quehacerpolitico.mx\/?p=78376","og_locale":"es_MX","og_type":"article","og_title":"AMLO critica a EU por se\u00f1alar a la directora de Notimex, Sanjuana Mart\u00ednez -","og_description":"AMLO critica a EU por se\u00f1alar a la directora de Notimex, Sanjuana Mart\u00ednez Por Redacci\u00f3n...","og_url":"https:\/\/quehacerpolitico.mx\/?p=78376","article_published_time":"2021-03-31T18:07:50+00:00","og_image":[{"width":1242,"height":678,"url":"https:\/\/quehacerpolitico.mx\/wp-content\/uploads\/2021\/03\/69DACE6B-A753-4AE2-8D7D-F07FBAD3C46B.jpeg","type":"image\/jpeg"}],"author":"Redacci\u00f3n QP","twitter_card":"summary_large_image","twitter_misc":{"Escrito por":"Redacci\u00f3n QP","Tiempo de lectura":"3 minutos"},"schema":{"@context":"https:\/\/schema.org","@graph":[{"@type":"Article","@id":"https:\/\/quehacerpolitico.mx\/?p=78376#article","isPartOf":{"@id":"https:\/\/quehacerpolitico.mx\/?p=78376"},"author":{"name":"Redacci\u00f3n QP","@id":"https:\/\/quehacerpolitico.mx\/#\/schema\/person\/496d8ad2d1d3f8036101dca7ee39e585"},"headline":"AMLO critica a EU por se\u00f1alar a la directora de Notimex, Sanjuana Mart\u00ednez","datePublished":"2021-03-31T18:07:50+00:00","mainEntityOfPage":{"@id":"https:\/\/quehacerpolitico.mx\/?p=78376"},"wordCount":529,"commentCount":0,"image":{"@id":"https:\/\/quehacerpolitico.mx\/?p=78376#primaryimage"},"thumbnailUrl":"https:\/\/quehacerpolitico.mx\/wp-content\/uploads\/2021\/03\/69DACE6B-A753-4AE2-8D7D-F07FBAD3C46B.jpeg","articleSection":["Noticias"],"inLanguage":"es","potentialAction":[{"@type":"CommentAction","name":"Comment","target":["https:\/\/quehacerpolitico.mx\/?p=78376#respond"]}]},{"@type":"WebPage","@id":"https:\/\/quehacerpolitico.mx\/?p=78376","url":"https:\/\/quehacerpolitico.mx\/?p=78376","name":"AMLO critica a EU por se\u00f1alar a la directora de Notimex, Sanjuana Mart\u00ednez -","isPartOf":{"@id":"https:\/\/quehacerpolitico.mx\/#website"},"primaryImageOfPage":{"@id":"https:\/\/quehacerpolitico.mx\/?p=78376#primaryimage"},"image":{"@id":"https:\/\/quehacerpolitico.mx\/?p=78376#primaryimage"},"thumbnailUrl":"https:\/\/quehacerpolitico.mx\/wp-content\/uploads\/2021\/03\/69DACE6B-A753-4AE2-8D7D-F07FBAD3C46B.jpeg","datePublished":"2021-03-31T18:07:50+00:00","author":{"@id":"https:\/\/quehacerpolitico.mx\/#\/schema\/person\/496d8ad2d1d3f8036101dca7ee39e585"},"breadcrumb":{"@id":"https:\/\/quehacerpolitico.mx\/?p=78376#breadcrumb"},"inLanguage":"es","potentialAction":[{"@type":"ReadAction","target":["https:\/\/quehacerpolitico.mx\/?p=78376"]}]},{"@type":"ImageObject","inLanguage":"es","@id":"https:\/\/quehacerpolitico.mx\/?p=78376#primaryimage","url":"https:\/\/quehacerpolitico.mx\/wp-content\/uploads\/2021\/03\/69DACE6B-A753-4AE2-8D7D-F07FBAD3C46B.jpeg","contentUrl":"https:\/\/quehacerpolitico.mx\/wp-content\/uploads\/2021\/03\/69DACE6B-A753-4AE2-8D7D-F07FBAD3C46B.jpeg","width":1242,"height":678},{"@type":"BreadcrumbList","@id":"https:\/\/quehacerpolitico.mx\/?p=78376#breadcrumb","itemListElement":[{"@type":"ListItem","position":1,"name":"Inicio","item":"https:\/\/quehacerpolitico.mx\/"},{"@type":"ListItem","position":2,"name":"AMLO critica a EU por se\u00f1alar a la directora de Notimex, Sanjuana Mart\u00ednez"}]},{"@type":"WebSite","@id":"https:\/\/quehacerpolitico.mx\/#website","url":"https:\/\/quehacerpolitico.mx\/","name":"","description":"","potentialAction":[{"@type":"SearchAction","target":{"@type":"EntryPoint","urlTemplate":"https:\/\/quehacerpolitico.mx\/?s={search_term_string}"},"query-input":{"@type":"PropertyValueSpecification","valueRequired":true,"valueName":"search_term_string"}}],"inLanguage":"es"},{"@type":"Person","@id":"https:\/\/quehacerpolitico.mx\/#\/schema\/person\/496d8ad2d1d3f8036101dca7ee39e585","name":"Redacci\u00f3n QP","image":{"@type":"ImageObject","inLanguage":"es","@id":"https:\/\/secure.gravatar.com\/avatar\/c7164ed6fdec453195284ad24a5ae5b6e1eed2b848477fa2a4787ba9adf39a41?s=96&d=mm&r=g","url":"https:\/\/secure.gravatar.com\/avatar\/c7164ed6fdec453195284ad24a5ae5b6e1eed2b848477fa2a4787ba9adf39a41?s=96&d=mm&r=g","contentUrl":"https:\/\/secure.gravatar.com\/avatar\/c7164ed6fdec453195284ad24a5ae5b6e1eed2b848477fa2a4787ba9adf39a41?s=96&d=mm&r=g","caption":"Redacci\u00f3n QP"},"url":"https:\/\/quehacerpolitico.mx\/?author=2"}]}},"featured_image_urls":{"full":["https:\/\/quehacerpolitico.mx\/wp-content\/uploads\/2021\/03\/69DACE6B-A753-4AE2-8D7D-F07FBAD3C46B.jpeg",1242,678,false],"thumbnail":["https:\/\/quehacerpolitico.mx\/wp-content\/uploads\/2021\/03\/69DACE6B-A753-4AE2-8D7D-F07FBAD3C46B-150x150.jpeg",150,150,true],"medium":["https:\/\/quehacerpolitico.mx\/wp-content\/uploads\/2021\/03\/69DACE6B-A753-4AE2-8D7D-F07FBAD3C46B-300x164.jpeg",300,164,true],"medium_large":["https:\/\/quehacerpolitico.mx\/wp-content\/uploads\/2021\/03\/69DACE6B-A753-4AE2-8D7D-F07FBAD3C46B-768x419.jpeg",640,349,true],"large":["https:\/\/quehacerpolitico.mx\/wp-content\/uploads\/2021\/03\/69DACE6B-A753-4AE2-8D7D-F07FBAD3C46B-1024x559.jpeg",640,349,true],"1536x1536":["https:\/\/quehacerpolitico.mx\/wp-content\/uploads\/2021\/03\/69DACE6B-A753-4AE2-8D7D-F07FBAD3C46B.jpeg",1242,678,false],"2048x2048":["https:\/\/quehacerpolitico.mx\/wp-content\/uploads\/2021\/03\/69DACE6B-A753-4AE2-8D7D-F07FBAD3C46B.jpeg",1242,678,false],"covernews-featured":["https:\/\/quehacerpolitico.mx\/wp-content\/uploads\/2021\/03\/69DACE6B-A753-4AE2-8D7D-F07FBAD3C46B.jpeg",1024,559,false],"covernews-medium":["https:\/\/quehacerpolitico.mx\/wp-content\/uploads\/2021\/03\/69DACE6B-A753-4AE2-8D7D-F07FBAD3C46B.jpeg",540,295,false]},"author_info":{"display_name":"Redacci\u00f3n QP","author_link":"https:\/\/quehacerpolitico.mx\/?author=2"},"category_info":"<a href=\"https:\/\/quehacerpolitico.mx\/?cat=2\" rel=\"category\">Noticias<\/a>","tag_info":"Noticias","comment_count":"0","_links":{"self":[{"href":"https:\/\/quehacerpolitico.mx\/index.php?rest_route=\/wp\/v2\/posts\/78376","targetHints":{"allow":["GET"]}}],"collection":[{"href":"https:\/\/quehacerpolitico.mx\/index.php?rest_route=\/wp\/v2\/posts"}],"about":[{"href":"https:\/\/quehacerpolitico.mx\/index.php?rest_route=\/wp\/v2\/types\/post"}],"author":[{"embeddable":true,"href":"https:\/\/quehacerpolitico.mx\/index.php?rest_route=\/wp\/v2\/users\/2"}],"replies":[{"embeddable":true,"href":"https:\/\/quehacerpolitico.mx\/index.php?rest_route=%2Fwp%2Fv2%2Fcomments&post=78376"}],"version-history":[{"count":0,"href":"https:\/\/quehacerpolitico.mx\/index.php?rest_route=\/wp\/v2\/posts\/78376\/revisions"}],"wp:featuredmedia":[{"embeddable":true,"href":"https:\/\/quehacerpolitico.mx\/index.php?rest_route=\/wp\/v2\/media\/78380"}],"wp:attachment":[{"href":"https:\/\/quehacerpolitico.mx\/index.php?rest_route=%2Fwp%2Fv2%2Fmedia&parent=78376"}],"wp:term":[{"taxonomy":"category","embeddable":true,"href":"https:\/\/quehacerpolitico.mx\/index.php?rest_route=%2Fwp%2Fv2%2Fcategories&post=78376"},{"taxonomy":"post_tag","embeddable":true,"href":"https:\/\/quehacerpolitico.mx\/index.php?rest_route=%2Fwp%2Fv2%2Ftags&post=78376"}],"curies":[{"name":"wp","href":"https:\/\/api.w.org\/{rel}","templated":true}]}}