{"id":78344,"date":"2021-03-31T01:52:02","date_gmt":"2021-03-31T01:52:02","guid":{"rendered":"https:\/\/quehacerpolitico.mx\/?p=78344"},"modified":"2021-03-31T01:52:02","modified_gmt":"2021-03-31T01:52:02","slug":"dinamita-marquez-alista-su-regreso-al-ring-para-enfrentar-miguel-cotto-en-junio","status":"publish","type":"post","link":"https:\/\/quehacerpolitico.mx\/?p=78344","title":{"rendered":"Dinamita M\u00e1rquez alista su regreso al ring para enfrentar a Miguel Cotto en junio"},"content":{"rendered":"<h1 class=\"title\">Dinamita M\u00e1rquez alista su regreso al ring para enfrentar a Miguel Cotto en junio<br \/>\nPor Redacci\u00f3n QP<\/h1>\n<h2 class=\"summary\">De acuerdo a medios puertorrique\u00f1os, el pr\u00f3ximo 5 de abril se har\u00e1 oficial la pelea de exhibici\u00f3n.<\/h2>\n<p>Tras casi siete a\u00f1os inactivo, <b>Juan Manuel M\u00e1rquez<\/b> prepara su regreso a los cuadril\u00e1teros para enfrentarse a <b>Miguel Cotto<\/b> en una pelea de exhibici\u00f3n, evento que se desarrollar\u00eda el pr\u00f3ximo 12 de junio.<\/p>\n<p>Hace unos d\u00edas, el Dinamita,\u00a0<b><\/b>public\u00f3 un video en sus redes sociales en el que adelantaba que se ven\u00eda <b>&#8220;una sorpresa&#8221;<\/b> y ahora apareci\u00f3 una versi\u00f3n en la prensa puertorrique\u00f1a donde se menciona que se relaciona al encuentro que sostendr\u00e1 con <b>Cotto<\/b>.<\/p>\n<p>Si bien ser\u00e1 un encuentro sin ning\u00fan cetro de por medio, representar\u00eda un gran reto para el mexicano, ya que Cotto el \u00fanico boxeador boricua <b>campe\u00f3n en cuatro divisiones<\/b>.<\/p>\n<p>El combate entre <b>Cotto<\/b>, que ya tiene 40 a\u00f1os, y Marquez<b><\/b>, de 47, ser\u00e1 anunciado oficialmente el pr\u00f3ximo 5 de abril, seg\u00fan la prensa de la isla.<\/p>\n<p>Cotto, <b>con un r\u00e9cord de 41-6 con 33 victorias<\/b> logradas por la v\u00eda del nocaut, volver\u00e1 a pelear a los tres a\u00f1os y medio de su retiro, despu\u00e9s de su adi\u00f3s oficial en diciembre de 2017 ante<b> Sadam Ali<\/b>, que lo derrot\u00f3.<\/p>\n<p>M\u00e1rquez est\u00e1 retirado desde el 2014 y fue campe\u00f3n mundial en cuatro divisiones.<\/p>\n<p>La pelea de junio significar\u00e1 hacer posible un combate que durante a\u00f1os fue buscado pero que finalmente nunca pudo celebrarse por la diferencia de categor\u00eda en las que compet\u00edan cuando se trat\u00f3 de concretar una pelea.<\/p>\n<p><i>Con informaci\u00f3n de EFE<\/i><\/p>\n","protected":false},"excerpt":{"rendered":"<p>Dinamita M\u00e1rquez alista su regreso al ring para enfrentar a Miguel Cotto en junio Por&#8230;<\/p>\n","protected":false},"author":2,"featured_media":78347,"comment_status":"open","ping_status":"open","sticky":false,"template":"","format":"standard","meta":{"_monsterinsights_skip_tracking":false,"_monsterinsights_sitenote_active":false,"_monsterinsights_sitenote_note":"","_monsterinsights_sitenote_category":0,"footnotes":""},"categories":[54],"tags":[],"class_list":["post-78344","post","type-post","status-publish","format-standard","has-post-thumbnail","hentry","category-deportes"],"yoast_head":"<!-- This site is optimized with the Yoast SEO plugin v27.3 - https:\/\/yoast.com\/product\/yoast-seo-wordpress\/ -->\n<title>Dinamita M\u00e1rquez alista su regreso al ring para enfrentar a Miguel Cotto en junio -<\/title>\n<meta name=\"robots\" content=\"index, follow, max-snippet:-1, max-image-preview:large, max-video-preview:-1\" \/>\n<link rel=\"canonical\" href=\"https:\/\/quehacerpolitico.mx\/?p=78344\" \/>\n<meta property=\"og:locale\" content=\"es_MX\" \/>\n<meta property=\"og:type\" content=\"article\" \/>\n<meta property=\"og:title\" content=\"Dinamita M\u00e1rquez alista su regreso al ring para enfrentar a Miguel Cotto en junio -\" \/>\n<meta property=\"og:description\" content=\"Dinamita M\u00e1rquez alista su regreso al ring para enfrentar a Miguel Cotto en junio Por...\" \/>\n<meta property=\"og:url\" content=\"https:\/\/quehacerpolitico.mx\/?p=78344\" \/>\n<meta property=\"article:published_time\" content=\"2021-03-31T01:52:02+00:00\" \/>\n<meta property=\"og:image\" content=\"https:\/\/quehacerpolitico.mx\/wp-content\/uploads\/2021\/03\/B6958E1E-9715-411C-BC6F-F30AA08BFDB9.jpeg\" \/>\n\t<meta property=\"og:image:width\" content=\"500\" \/>\n\t<meta property=\"og:image:height\" content=\"320\" \/>\n\t<meta property=\"og:image:type\" content=\"image\/jpeg\" \/>\n<meta name=\"author\" content=\"Redacci\u00f3n QP\" \/>\n<meta name=\"twitter:card\" content=\"summary_large_image\" \/>\n<meta name=\"twitter:label1\" content=\"Escrito por\" \/>\n\t<meta name=\"twitter:data1\" content=\"Redacci\u00f3n QP\" \/>\n\t<meta name=\"twitter:label2\" content=\"Tiempo de lectura\" \/>\n\t<meta name=\"twitter:data2\" content=\"1 minuto\" \/>\n<script type=\"application\/ld+json\" class=\"yoast-schema-graph\">{\"@context\":\"https:\\\/\\\/schema.org\",\"@graph\":[{\"@type\":\"Article\",\"@id\":\"https:\\\/\\\/quehacerpolitico.mx\\\/?p=78344#article\",\"isPartOf\":{\"@id\":\"https:\\\/\\\/quehacerpolitico.mx\\\/?p=78344\"},\"author\":{\"name\":\"Redacci\u00f3n QP\",\"@id\":\"https:\\\/\\\/quehacerpolitico.mx\\\/#\\\/schema\\\/person\\\/496d8ad2d1d3f8036101dca7ee39e585\"},\"headline\":\"Dinamita M\u00e1rquez alista su regreso al ring para enfrentar a Miguel Cotto en junio\",\"datePublished\":\"2021-03-31T01:52:02+00:00\",\"mainEntityOfPage\":{\"@id\":\"https:\\\/\\\/quehacerpolitico.mx\\\/?p=78344\"},\"wordCount\":299,\"commentCount\":0,\"image\":{\"@id\":\"https:\\\/\\\/quehacerpolitico.mx\\\/?p=78344#primaryimage\"},\"thumbnailUrl\":\"https:\\\/\\\/quehacerpolitico.mx\\\/wp-content\\\/uploads\\\/2021\\\/03\\\/B6958E1E-9715-411C-BC6F-F30AA08BFDB9.jpeg\",\"articleSection\":[\"Deportes\"],\"inLanguage\":\"es\",\"potentialAction\":[{\"@type\":\"CommentAction\",\"name\":\"Comment\",\"target\":[\"https:\\\/\\\/quehacerpolitico.mx\\\/?p=78344#respond\"]}]},{\"@type\":\"WebPage\",\"@id\":\"https:\\\/\\\/quehacerpolitico.mx\\\/?p=78344\",\"url\":\"https:\\\/\\\/quehacerpolitico.mx\\\/?p=78344\",\"name\":\"Dinamita M\u00e1rquez alista su regreso al ring para enfrentar a Miguel Cotto en junio -\",\"isPartOf\":{\"@id\":\"https:\\\/\\\/quehacerpolitico.mx\\\/#website\"},\"primaryImageOfPage\":{\"@id\":\"https:\\\/\\\/quehacerpolitico.mx\\\/?p=78344#primaryimage\"},\"image\":{\"@id\":\"https:\\\/\\\/quehacerpolitico.mx\\\/?p=78344#primaryimage\"},\"thumbnailUrl\":\"https:\\\/\\\/quehacerpolitico.mx\\\/wp-content\\\/uploads\\\/2021\\\/03\\\/B6958E1E-9715-411C-BC6F-F30AA08BFDB9.jpeg\",\"datePublished\":\"2021-03-31T01:52:02+00:00\",\"author\":{\"@id\":\"https:\\\/\\\/quehacerpolitico.mx\\\/#\\\/schema\\\/person\\\/496d8ad2d1d3f8036101dca7ee39e585\"},\"breadcrumb\":{\"@id\":\"https:\\\/\\\/quehacerpolitico.mx\\\/?p=78344#breadcrumb\"},\"inLanguage\":\"es\",\"potentialAction\":[{\"@type\":\"ReadAction\",\"target\":[\"https:\\\/\\\/quehacerpolitico.mx\\\/?p=78344\"]}]},{\"@type\":\"ImageObject\",\"inLanguage\":\"es\",\"@id\":\"https:\\\/\\\/quehacerpolitico.mx\\\/?p=78344#primaryimage\",\"url\":\"https:\\\/\\\/quehacerpolitico.mx\\\/wp-content\\\/uploads\\\/2021\\\/03\\\/B6958E1E-9715-411C-BC6F-F30AA08BFDB9.jpeg\",\"contentUrl\":\"https:\\\/\\\/quehacerpolitico.mx\\\/wp-content\\\/uploads\\\/2021\\\/03\\\/B6958E1E-9715-411C-BC6F-F30AA08BFDB9.jpeg\",\"width\":500,\"height\":320},{\"@type\":\"BreadcrumbList\",\"@id\":\"https:\\\/\\\/quehacerpolitico.mx\\\/?p=78344#breadcrumb\",\"itemListElement\":[{\"@type\":\"ListItem\",\"position\":1,\"name\":\"Inicio\",\"item\":\"https:\\\/\\\/quehacerpolitico.mx\\\/\"},{\"@type\":\"ListItem\",\"position\":2,\"name\":\"Dinamita M\u00e1rquez alista su regreso al ring para enfrentar a Miguel Cotto en junio\"}]},{\"@type\":\"WebSite\",\"@id\":\"https:\\\/\\\/quehacerpolitico.mx\\\/#website\",\"url\":\"https:\\\/\\\/quehacerpolitico.mx\\\/\",\"name\":\"\",\"description\":\"\",\"potentialAction\":[{\"@type\":\"SearchAction\",\"target\":{\"@type\":\"EntryPoint\",\"urlTemplate\":\"https:\\\/\\\/quehacerpolitico.mx\\\/?s={search_term_string}\"},\"query-input\":{\"@type\":\"PropertyValueSpecification\",\"valueRequired\":true,\"valueName\":\"search_term_string\"}}],\"inLanguage\":\"es\"},{\"@type\":\"Person\",\"@id\":\"https:\\\/\\\/quehacerpolitico.mx\\\/#\\\/schema\\\/person\\\/496d8ad2d1d3f8036101dca7ee39e585\",\"name\":\"Redacci\u00f3n QP\",\"image\":{\"@type\":\"ImageObject\",\"inLanguage\":\"es\",\"@id\":\"https:\\\/\\\/secure.gravatar.com\\\/avatar\\\/c7164ed6fdec453195284ad24a5ae5b6e1eed2b848477fa2a4787ba9adf39a41?s=96&d=mm&r=g\",\"url\":\"https:\\\/\\\/secure.gravatar.com\\\/avatar\\\/c7164ed6fdec453195284ad24a5ae5b6e1eed2b848477fa2a4787ba9adf39a41?s=96&d=mm&r=g\",\"contentUrl\":\"https:\\\/\\\/secure.gravatar.com\\\/avatar\\\/c7164ed6fdec453195284ad24a5ae5b6e1eed2b848477fa2a4787ba9adf39a41?s=96&d=mm&r=g\",\"caption\":\"Redacci\u00f3n QP\"},\"url\":\"https:\\\/\\\/quehacerpolitico.mx\\\/?author=2\"}]}<\/script>\n<!-- \/ Yoast SEO plugin. -->","yoast_head_json":{"title":"Dinamita M\u00e1rquez alista su regreso al ring para enfrentar a Miguel Cotto en junio -","robots":{"index":"index","follow":"follow","max-snippet":"max-snippet:-1","max-image-preview":"max-image-preview:large","max-video-preview":"max-video-preview:-1"},"canonical":"https:\/\/quehacerpolitico.mx\/?p=78344","og_locale":"es_MX","og_type":"article","og_title":"Dinamita M\u00e1rquez alista su regreso al ring para enfrentar a Miguel Cotto en junio -","og_description":"Dinamita M\u00e1rquez alista su regreso al ring para enfrentar a Miguel Cotto en junio Por...","og_url":"https:\/\/quehacerpolitico.mx\/?p=78344","article_published_time":"2021-03-31T01:52:02+00:00","og_image":[{"width":500,"height":320,"url":"https:\/\/quehacerpolitico.mx\/wp-content\/uploads\/2021\/03\/B6958E1E-9715-411C-BC6F-F30AA08BFDB9.jpeg","type":"image\/jpeg"}],"author":"Redacci\u00f3n QP","twitter_card":"summary_large_image","twitter_misc":{"Escrito por":"Redacci\u00f3n QP","Tiempo de lectura":"1 minuto"},"schema":{"@context":"https:\/\/schema.org","@graph":[{"@type":"Article","@id":"https:\/\/quehacerpolitico.mx\/?p=78344#article","isPartOf":{"@id":"https:\/\/quehacerpolitico.mx\/?p=78344"},"author":{"name":"Redacci\u00f3n QP","@id":"https:\/\/quehacerpolitico.mx\/#\/schema\/person\/496d8ad2d1d3f8036101dca7ee39e585"},"headline":"Dinamita M\u00e1rquez alista su regreso al ring para enfrentar a Miguel Cotto en junio","datePublished":"2021-03-31T01:52:02+00:00","mainEntityOfPage":{"@id":"https:\/\/quehacerpolitico.mx\/?p=78344"},"wordCount":299,"commentCount":0,"image":{"@id":"https:\/\/quehacerpolitico.mx\/?p=78344#primaryimage"},"thumbnailUrl":"https:\/\/quehacerpolitico.mx\/wp-content\/uploads\/2021\/03\/B6958E1E-9715-411C-BC6F-F30AA08BFDB9.jpeg","articleSection":["Deportes"],"inLanguage":"es","potentialAction":[{"@type":"CommentAction","name":"Comment","target":["https:\/\/quehacerpolitico.mx\/?p=78344#respond"]}]},{"@type":"WebPage","@id":"https:\/\/quehacerpolitico.mx\/?p=78344","url":"https:\/\/quehacerpolitico.mx\/?p=78344","name":"Dinamita M\u00e1rquez alista su regreso al ring para enfrentar a Miguel Cotto en junio -","isPartOf":{"@id":"https:\/\/quehacerpolitico.mx\/#website"},"primaryImageOfPage":{"@id":"https:\/\/quehacerpolitico.mx\/?p=78344#primaryimage"},"image":{"@id":"https:\/\/quehacerpolitico.mx\/?p=78344#primaryimage"},"thumbnailUrl":"https:\/\/quehacerpolitico.mx\/wp-content\/uploads\/2021\/03\/B6958E1E-9715-411C-BC6F-F30AA08BFDB9.jpeg","datePublished":"2021-03-31T01:52:02+00:00","author":{"@id":"https:\/\/quehacerpolitico.mx\/#\/schema\/person\/496d8ad2d1d3f8036101dca7ee39e585"},"breadcrumb":{"@id":"https:\/\/quehacerpolitico.mx\/?p=78344#breadcrumb"},"inLanguage":"es","potentialAction":[{"@type":"ReadAction","target":["https:\/\/quehacerpolitico.mx\/?p=78344"]}]},{"@type":"ImageObject","inLanguage":"es","@id":"https:\/\/quehacerpolitico.mx\/?p=78344#primaryimage","url":"https:\/\/quehacerpolitico.mx\/wp-content\/uploads\/2021\/03\/B6958E1E-9715-411C-BC6F-F30AA08BFDB9.jpeg","contentUrl":"https:\/\/quehacerpolitico.mx\/wp-content\/uploads\/2021\/03\/B6958E1E-9715-411C-BC6F-F30AA08BFDB9.jpeg","width":500,"height":320},{"@type":"BreadcrumbList","@id":"https:\/\/quehacerpolitico.mx\/?p=78344#breadcrumb","itemListElement":[{"@type":"ListItem","position":1,"name":"Inicio","item":"https:\/\/quehacerpolitico.mx\/"},{"@type":"ListItem","position":2,"name":"Dinamita M\u00e1rquez alista su regreso al ring para enfrentar a Miguel Cotto en junio"}]},{"@type":"WebSite","@id":"https:\/\/quehacerpolitico.mx\/#website","url":"https:\/\/quehacerpolitico.mx\/","name":"","description":"","potentialAction":[{"@type":"SearchAction","target":{"@type":"EntryPoint","urlTemplate":"https:\/\/quehacerpolitico.mx\/?s={search_term_string}"},"query-input":{"@type":"PropertyValueSpecification","valueRequired":true,"valueName":"search_term_string"}}],"inLanguage":"es"},{"@type":"Person","@id":"https:\/\/quehacerpolitico.mx\/#\/schema\/person\/496d8ad2d1d3f8036101dca7ee39e585","name":"Redacci\u00f3n QP","image":{"@type":"ImageObject","inLanguage":"es","@id":"https:\/\/secure.gravatar.com\/avatar\/c7164ed6fdec453195284ad24a5ae5b6e1eed2b848477fa2a4787ba9adf39a41?s=96&d=mm&r=g","url":"https:\/\/secure.gravatar.com\/avatar\/c7164ed6fdec453195284ad24a5ae5b6e1eed2b848477fa2a4787ba9adf39a41?s=96&d=mm&r=g","contentUrl":"https:\/\/secure.gravatar.com\/avatar\/c7164ed6fdec453195284ad24a5ae5b6e1eed2b848477fa2a4787ba9adf39a41?s=96&d=mm&r=g","caption":"Redacci\u00f3n QP"},"url":"https:\/\/quehacerpolitico.mx\/?author=2"}]}},"featured_image_urls":{"full":["https:\/\/quehacerpolitico.mx\/wp-content\/uploads\/2021\/03\/B6958E1E-9715-411C-BC6F-F30AA08BFDB9.jpeg",500,320,false],"thumbnail":["https:\/\/quehacerpolitico.mx\/wp-content\/uploads\/2021\/03\/B6958E1E-9715-411C-BC6F-F30AA08BFDB9-150x150.jpeg",150,150,true],"medium":["https:\/\/quehacerpolitico.mx\/wp-content\/uploads\/2021\/03\/B6958E1E-9715-411C-BC6F-F30AA08BFDB9-300x192.jpeg",300,192,true],"medium_large":["https:\/\/quehacerpolitico.mx\/wp-content\/uploads\/2021\/03\/B6958E1E-9715-411C-BC6F-F30AA08BFDB9.jpeg",500,320,false],"large":["https:\/\/quehacerpolitico.mx\/wp-content\/uploads\/2021\/03\/B6958E1E-9715-411C-BC6F-F30AA08BFDB9.jpeg",500,320,false],"1536x1536":["https:\/\/quehacerpolitico.mx\/wp-content\/uploads\/2021\/03\/B6958E1E-9715-411C-BC6F-F30AA08BFDB9.jpeg",500,320,false],"2048x2048":["https:\/\/quehacerpolitico.mx\/wp-content\/uploads\/2021\/03\/B6958E1E-9715-411C-BC6F-F30AA08BFDB9.jpeg",500,320,false],"covernews-featured":["https:\/\/quehacerpolitico.mx\/wp-content\/uploads\/2021\/03\/B6958E1E-9715-411C-BC6F-F30AA08BFDB9.jpeg",500,320,false],"covernews-medium":["https:\/\/quehacerpolitico.mx\/wp-content\/uploads\/2021\/03\/B6958E1E-9715-411C-BC6F-F30AA08BFDB9.jpeg",500,320,false]},"author_info":{"display_name":"Redacci\u00f3n QP","author_link":"https:\/\/quehacerpolitico.mx\/?author=2"},"category_info":"<a href=\"https:\/\/quehacerpolitico.mx\/?cat=54\" rel=\"category\">Deportes<\/a>","tag_info":"Deportes","comment_count":"0","_links":{"self":[{"href":"https:\/\/quehacerpolitico.mx\/index.php?rest_route=\/wp\/v2\/posts\/78344","targetHints":{"allow":["GET"]}}],"collection":[{"href":"https:\/\/quehacerpolitico.mx\/index.php?rest_route=\/wp\/v2\/posts"}],"about":[{"href":"https:\/\/quehacerpolitico.mx\/index.php?rest_route=\/wp\/v2\/types\/post"}],"author":[{"embeddable":true,"href":"https:\/\/quehacerpolitico.mx\/index.php?rest_route=\/wp\/v2\/users\/2"}],"replies":[{"embeddable":true,"href":"https:\/\/quehacerpolitico.mx\/index.php?rest_route=%2Fwp%2Fv2%2Fcomments&post=78344"}],"version-history":[{"count":0,"href":"https:\/\/quehacerpolitico.mx\/index.php?rest_route=\/wp\/v2\/posts\/78344\/revisions"}],"wp:featuredmedia":[{"embeddable":true,"href":"https:\/\/quehacerpolitico.mx\/index.php?rest_route=\/wp\/v2\/media\/78347"}],"wp:attachment":[{"href":"https:\/\/quehacerpolitico.mx\/index.php?rest_route=%2Fwp%2Fv2%2Fmedia&parent=78344"}],"wp:term":[{"taxonomy":"category","embeddable":true,"href":"https:\/\/quehacerpolitico.mx\/index.php?rest_route=%2Fwp%2Fv2%2Fcategories&post=78344"},{"taxonomy":"post_tag","embeddable":true,"href":"https:\/\/quehacerpolitico.mx\/index.php?rest_route=%2Fwp%2Fv2%2Ftags&post=78344"}],"curies":[{"name":"wp","href":"https:\/\/api.w.org\/{rel}","templated":true}]}}