{"id":78327,"date":"2021-03-31T00:51:16","date_gmt":"2021-03-31T00:51:16","guid":{"rendered":"https:\/\/quehacerpolitico.mx\/?p=78327"},"modified":"2021-03-31T00:51:16","modified_gmt":"2021-03-31T00:51:16","slug":"celebran-los-250-anos-de-la-obra-de-beethoven","status":"publish","type":"post","link":"https:\/\/quehacerpolitico.mx\/?p=78327","title":{"rendered":"Celebran los 250 a\u00f1os de la obra de Beethoven"},"content":{"rendered":"<p>Celebran los 250 a\u00f1os de la obra de Beethoven<\/p>\n<p>Por Redacci\u00f3n QP<\/p>\n<p>En &#8220;Beethoven Recomposed&#8221; participar\u00e1n 12 artistas que han aplicado su toque personal a los cl\u00e1sicos del compositor<\/p>\n<p>El 16 de diciembre de 2020 dio inicio al a\u00f1o dedicado a Beethoven en marco del 250 aniversario de su natalicio y <strong>diversos pianistas internacionales se dieron a la tarea de revisitar la obra del compositor con nuevas versiones e interpretaciones de sus melod\u00edas m\u00e1s aclamadas,<\/strong> canciones que hoy son agrupadas y lanzadas en una edici\u00f3n especial de la plataforma Deezer Originals.<\/p>\n<p><iframe loading=\"lazy\" title=\"Shida Shahabi - Beethoven Recomposed - Deezer Originals trailer\" width=\"640\" height=\"360\" src=\"https:\/\/www.youtube.com\/embed\/O9ubPt15lkE?feature=oembed\" frameborder=\"0\" allow=\"accelerometer; autoplay; clipboard-write; encrypted-media; gyroscope; picture-in-picture; web-share\" referrerpolicy=\"strict-origin-when-cross-origin\" allowfullscreen><\/iframe><\/p>\n<p>La plataforma informa que pianistas como Chilly Gonzales, Sofiane Pamart y Chloe Flower forman parte de este proyecto con nuevas interpretaciones de las obras maestras del compositor. En total son 12 artistas que han aplicado su toque personal a los cl\u00e1sicos en el \u00e1lbum <strong>\u2018Beethoven Recomposed\u2019<\/strong> de Deezer.<\/p>\n<p>Cada uno de los pianistas hace propia una de las composiciones originales de Beethoven. En el caso de Sofiane Pamart, una de las artistas de m\u00fasica cl\u00e1sica m\u00e1s escuchadas del 2020 en Deezer, ofrece una interpretaci\u00f3n de la \u201cSonata para piano No 14 \u2013 Moonlight\u201d (Claro de luna); Sofiane es conocida por \u201cromper los c\u00f3digos del piano elitista\u201d, y cre\u00f3 una nueva melod\u00eda que mantiene las armon\u00edas y acordes de Beethoven.<\/p>\n<blockquote class=\"twitter-tweet\" data-width=\"550\" data-dnt=\"true\">\n<p lang=\"en\" dir=\"ltr\">Some <a href=\"https:\/\/twitter.com\/hashtag\/BTS?src=hash&amp;ref_src=twsrc%5Etfw\">#BTS<\/a> of the making of my latest single for <a href=\"https:\/\/twitter.com\/Deezer?ref_src=twsrc%5Etfw\">@Deezer<\/a> \ud83e\udd0d <a href=\"https:\/\/twitter.com\/hashtag\/DeezerBeethoven?src=hash&amp;ref_src=twsrc%5Etfw\">#DeezerBeethoven<\/a> (stream now <a href=\"https:\/\/t.co\/gW3kyAMEEk\">https:\/\/t.co\/gW3kyAMEEk<\/a> <a href=\"https:\/\/t.co\/7lZO6yFSRR\">pic.twitter.com\/7lZO6yFSRR<\/a><\/p>\n<p>&mdash; Chloe Flower (@ChloeFlower) <a href=\"https:\/\/twitter.com\/ChloeFlower\/status\/1376918478121222147?ref_src=twsrc%5Etfw\">March 30, 2021<\/a><\/p><\/blockquote>\n<p><script async src=\"https:\/\/platform.twitter.com\/widgets.js\" charset=\"utf-8\"><\/script><\/p>\n<p>La pianista, compositora y productora Chloe Flower \u2013quien particip\u00f3 en 2019 con Cardi B en los premios Grammy, reinterpreta en este proyecto \u201cPiano Concerto n.5: \u201cEmperor &#8211; Adagio\u2019 de Beethoven, Chloe a\u00f1adi\u00f3 su propio estilo &#8216;popsical&#8217; para dar a la melod\u00eda un toque rom\u00e1ntico y l\u00edrico.<\/p>\n<p>A su vez, Chilly Gonzales elimina en su reinterpretaci\u00f3n los bajos originales de la \u201cSonata para piano No 15 \u2013 Pastorale: II. Andante\u201d: la primera vez que escuch\u00e9 esta sonata de Beethoven, me dej\u00f3 la impresi\u00f3n de ser muy moderna, la mano izquierda es como una secuencia. Uno hasta se la puede imaginar como parte de una versi\u00f3n m\u00e1s lenta en tecno, como una l\u00ednea de bajo de sintetizador de los a\u00f1os 80. Al sentarme a practicarla, me di cuenta que esa l\u00ednea de bajo no me ayudaba y decid\u00ed eliminar ese elemento de pop moderno para as\u00ed enfocarme \u00fanicamente en la melod\u00eda. Pens\u00e9 que eso ser\u00eda un mayor reto, esencialmente, quitarle ese ritmo que es tan famoso en este movimiento, y esto me permiti\u00f3 ver qu\u00e9 pod\u00eda hacer con la melod\u00eda, como si fuera una balada de jazz\u201d, expres\u00f3 Chilly.<\/p>\n<p><strong>En \u201cBeethoven Recomposed\u201d se presentan las 12 composiciones originales de Beethoven junto a 12 canciones nuevas de piano,<\/strong> de tal forma que los seguidores de este estilo de m\u00fasica pueden escuchar exactamente c\u00f3mo cada artista le aport\u00f3 su propio giro.<\/p>\n<p>https:\/\/twitter.com\/deezeres\/status\/1376829978797617161?s=21<\/p>\n<p>Las y los m\u00fasicos participantes de \u201cBeethoven Recomposed\u201d son:<\/p>\n<ul>\n<li>*Sofiane Pamart: \u201cSonata para piano No 14 &#8211; Moonlight (Claro de luna)\u201d<\/li>\n<li>*Chloe Flower: \u201cConcierto para piano No 5: Emperor \u2013 Adagio\u201d<\/li>\n<li>*Chilly Gonzales: \u201cSonata para piano No. 15 &#8211; Pastorale: II. Andante\u201d<\/li>\n<li>*Roger Eno: \u201cF\u00fcr Elise (Para Elisa)<\/li>\n<li>*Belle Chen: \u201cConcierto para piano No. 4 en sol mayor, Op. 58: I. Allegro moderato\u201d<\/li>\n<li>*Florian Christl: \u201cCuarteto de cuerda No. 13 de Beethoven, Op. 130 &#8211; II. Presto\u201d<\/li>\n<li>*Balmorhea: \u201cSonata Path\u00e9tique No 8, Op. 13 &#8211; Adagio Cantabile\u201d<\/li>\n<li>*Lise de la Salle: \u201cConcierto para piano No. 3 &#8211; Largo (2\u00ba Movimiento)\u201d<\/li>\n<li>*Shida Shahabi: \u201cSonata para piano No. 26 Les Adieux: Andante\u201d<\/li>\n<li>*RIOPY: \u201cSinfon\u00eda No. 7: Allegretto\u201d<\/li>\n<li>*Julia Gjertsen: \u201cSonata No. 20 en sol mayor, Op. 49 No 2\u201d<\/li>\n<li>*Carlos Cipa: \u201cSonata para piano No. 30 Op 109: Vivace\u201d<\/li>\n<\/ul>\n<h2>Para saber<\/h2>\n<p>Cada una de las canciones en \u201cBeethoven Recomposed\u201d tambi\u00e9n est\u00e1 disponible en calidad de audio de alta fidelidad. Este nuevo \u00e1lbum de Originals llega despu\u00e9s del lanzamiento del reporte musical de Deezer \u201cClassical Revival\u201d, realizado en colaboraci\u00f3n con BPI y la Royal Philharmonic Orchestra.<\/p>\n<p>En el mismo se revela que los j\u00f3venes en edades entre los 18 y 25 a\u00f1os representan ahora un tercio (34%) de los usuarios de m\u00fasica cl\u00e1sica en todo el mundo, una audiencia que creci\u00f3 considerablemente durante la pandemia.<\/p>\n<p>\u201cEn estos momentos dif\u00edciles, la m\u00fasica cl\u00e1sica ha logrado cautivar a personas de todas las edades. Nuestro nuevo \u00e1lbum busca reunir a todo tipo de amantes de la m\u00fasica cl\u00e1sica mezclando sonidos contempor\u00e1neos con los m\u00e1s tradicionales. Es la primera vez que artistas dentro de esta \u2018nueva\u2019 esfera cl\u00e1sica se dedican a recomponer las piezas de un \u00edcono como Ludwig van Beethoven. Mi deseo es que nuestra perspectiva exclusiva de este incre\u00edble compositor ayude a los fan\u00e1ticos a celebrar el gran 250 aniversario de su vida\u201d, dijo Yannick Fage, Classical Music Editor en Deezer.<\/p>\n","protected":false},"excerpt":{"rendered":"<p>Celebran los 250 a\u00f1os de la obra de Beethoven Por Redacci\u00f3n QP En &#8220;Beethoven Recomposed&#8221;&#8230;<\/p>\n","protected":false},"author":2,"featured_media":78331,"comment_status":"open","ping_status":"open","sticky":false,"template":"","format":"standard","meta":{"_monsterinsights_skip_tracking":false,"_monsterinsights_sitenote_active":false,"_monsterinsights_sitenote_note":"","_monsterinsights_sitenote_category":0,"footnotes":""},"categories":[58],"tags":[],"class_list":["post-78327","post","type-post","status-publish","format-standard","has-post-thumbnail","hentry","category-cultura"],"yoast_head":"<!-- This site is optimized with the Yoast SEO plugin v27.3 - https:\/\/yoast.com\/product\/yoast-seo-wordpress\/ -->\n<title>Celebran los 250 a\u00f1os de la obra de Beethoven -<\/title>\n<meta name=\"robots\" content=\"index, follow, max-snippet:-1, max-image-preview:large, max-video-preview:-1\" \/>\n<link rel=\"canonical\" href=\"https:\/\/quehacerpolitico.mx\/?p=78327\" \/>\n<meta property=\"og:locale\" content=\"es_MX\" \/>\n<meta property=\"og:type\" content=\"article\" \/>\n<meta property=\"og:title\" content=\"Celebran los 250 a\u00f1os de la obra de Beethoven -\" \/>\n<meta property=\"og:description\" content=\"Celebran los 250 a\u00f1os de la obra de Beethoven Por Redacci\u00f3n QP En &#8220;Beethoven Recomposed&#8221;...\" \/>\n<meta property=\"og:url\" content=\"https:\/\/quehacerpolitico.mx\/?p=78327\" \/>\n<meta property=\"article:published_time\" content=\"2021-03-31T00:51:16+00:00\" \/>\n<meta property=\"og:image\" content=\"https:\/\/quehacerpolitico.mx\/wp-content\/uploads\/2021\/03\/73B5AE78-0AF8-4820-BA12-6F2173D943E5.jpeg\" \/>\n\t<meta property=\"og:image:width\" content=\"1242\" \/>\n\t<meta property=\"og:image:height\" content=\"1425\" \/>\n\t<meta property=\"og:image:type\" content=\"image\/jpeg\" \/>\n<meta name=\"author\" content=\"Redacci\u00f3n QP\" \/>\n<meta name=\"twitter:card\" content=\"summary_large_image\" \/>\n<meta name=\"twitter:label1\" content=\"Escrito por\" \/>\n\t<meta name=\"twitter:data1\" content=\"Redacci\u00f3n QP\" \/>\n\t<meta name=\"twitter:label2\" content=\"Tiempo de lectura\" \/>\n\t<meta name=\"twitter:data2\" content=\"4 minutos\" \/>\n<script type=\"application\/ld+json\" class=\"yoast-schema-graph\">{\"@context\":\"https:\\\/\\\/schema.org\",\"@graph\":[{\"@type\":\"Article\",\"@id\":\"https:\\\/\\\/quehacerpolitico.mx\\\/?p=78327#article\",\"isPartOf\":{\"@id\":\"https:\\\/\\\/quehacerpolitico.mx\\\/?p=78327\"},\"author\":{\"name\":\"Redacci\u00f3n QP\",\"@id\":\"https:\\\/\\\/quehacerpolitico.mx\\\/#\\\/schema\\\/person\\\/496d8ad2d1d3f8036101dca7ee39e585\"},\"headline\":\"Celebran los 250 a\u00f1os de la obra de Beethoven\",\"datePublished\":\"2021-03-31T00:51:16+00:00\",\"mainEntityOfPage\":{\"@id\":\"https:\\\/\\\/quehacerpolitico.mx\\\/?p=78327\"},\"wordCount\":796,\"commentCount\":0,\"image\":{\"@id\":\"https:\\\/\\\/quehacerpolitico.mx\\\/?p=78327#primaryimage\"},\"thumbnailUrl\":\"https:\\\/\\\/quehacerpolitico.mx\\\/wp-content\\\/uploads\\\/2021\\\/03\\\/73B5AE78-0AF8-4820-BA12-6F2173D943E5.jpeg\",\"articleSection\":[\"Cultura y Entretenimiento\"],\"inLanguage\":\"es\",\"potentialAction\":[{\"@type\":\"CommentAction\",\"name\":\"Comment\",\"target\":[\"https:\\\/\\\/quehacerpolitico.mx\\\/?p=78327#respond\"]}]},{\"@type\":\"WebPage\",\"@id\":\"https:\\\/\\\/quehacerpolitico.mx\\\/?p=78327\",\"url\":\"https:\\\/\\\/quehacerpolitico.mx\\\/?p=78327\",\"name\":\"Celebran los 250 a\u00f1os de la obra de Beethoven -\",\"isPartOf\":{\"@id\":\"https:\\\/\\\/quehacerpolitico.mx\\\/#website\"},\"primaryImageOfPage\":{\"@id\":\"https:\\\/\\\/quehacerpolitico.mx\\\/?p=78327#primaryimage\"},\"image\":{\"@id\":\"https:\\\/\\\/quehacerpolitico.mx\\\/?p=78327#primaryimage\"},\"thumbnailUrl\":\"https:\\\/\\\/quehacerpolitico.mx\\\/wp-content\\\/uploads\\\/2021\\\/03\\\/73B5AE78-0AF8-4820-BA12-6F2173D943E5.jpeg\",\"datePublished\":\"2021-03-31T00:51:16+00:00\",\"author\":{\"@id\":\"https:\\\/\\\/quehacerpolitico.mx\\\/#\\\/schema\\\/person\\\/496d8ad2d1d3f8036101dca7ee39e585\"},\"breadcrumb\":{\"@id\":\"https:\\\/\\\/quehacerpolitico.mx\\\/?p=78327#breadcrumb\"},\"inLanguage\":\"es\",\"potentialAction\":[{\"@type\":\"ReadAction\",\"target\":[\"https:\\\/\\\/quehacerpolitico.mx\\\/?p=78327\"]}]},{\"@type\":\"ImageObject\",\"inLanguage\":\"es\",\"@id\":\"https:\\\/\\\/quehacerpolitico.mx\\\/?p=78327#primaryimage\",\"url\":\"https:\\\/\\\/quehacerpolitico.mx\\\/wp-content\\\/uploads\\\/2021\\\/03\\\/73B5AE78-0AF8-4820-BA12-6F2173D943E5.jpeg\",\"contentUrl\":\"https:\\\/\\\/quehacerpolitico.mx\\\/wp-content\\\/uploads\\\/2021\\\/03\\\/73B5AE78-0AF8-4820-BA12-6F2173D943E5.jpeg\",\"width\":1242,\"height\":1425},{\"@type\":\"BreadcrumbList\",\"@id\":\"https:\\\/\\\/quehacerpolitico.mx\\\/?p=78327#breadcrumb\",\"itemListElement\":[{\"@type\":\"ListItem\",\"position\":1,\"name\":\"Inicio\",\"item\":\"https:\\\/\\\/quehacerpolitico.mx\\\/\"},{\"@type\":\"ListItem\",\"position\":2,\"name\":\"Celebran los 250 a\u00f1os de la obra de Beethoven\"}]},{\"@type\":\"WebSite\",\"@id\":\"https:\\\/\\\/quehacerpolitico.mx\\\/#website\",\"url\":\"https:\\\/\\\/quehacerpolitico.mx\\\/\",\"name\":\"\",\"description\":\"\",\"potentialAction\":[{\"@type\":\"SearchAction\",\"target\":{\"@type\":\"EntryPoint\",\"urlTemplate\":\"https:\\\/\\\/quehacerpolitico.mx\\\/?s={search_term_string}\"},\"query-input\":{\"@type\":\"PropertyValueSpecification\",\"valueRequired\":true,\"valueName\":\"search_term_string\"}}],\"inLanguage\":\"es\"},{\"@type\":\"Person\",\"@id\":\"https:\\\/\\\/quehacerpolitico.mx\\\/#\\\/schema\\\/person\\\/496d8ad2d1d3f8036101dca7ee39e585\",\"name\":\"Redacci\u00f3n QP\",\"image\":{\"@type\":\"ImageObject\",\"inLanguage\":\"es\",\"@id\":\"https:\\\/\\\/secure.gravatar.com\\\/avatar\\\/c7164ed6fdec453195284ad24a5ae5b6e1eed2b848477fa2a4787ba9adf39a41?s=96&d=mm&r=g\",\"url\":\"https:\\\/\\\/secure.gravatar.com\\\/avatar\\\/c7164ed6fdec453195284ad24a5ae5b6e1eed2b848477fa2a4787ba9adf39a41?s=96&d=mm&r=g\",\"contentUrl\":\"https:\\\/\\\/secure.gravatar.com\\\/avatar\\\/c7164ed6fdec453195284ad24a5ae5b6e1eed2b848477fa2a4787ba9adf39a41?s=96&d=mm&r=g\",\"caption\":\"Redacci\u00f3n QP\"},\"url\":\"https:\\\/\\\/quehacerpolitico.mx\\\/?author=2\"}]}<\/script>\n<!-- \/ Yoast SEO plugin. -->","yoast_head_json":{"title":"Celebran los 250 a\u00f1os de la obra de Beethoven -","robots":{"index":"index","follow":"follow","max-snippet":"max-snippet:-1","max-image-preview":"max-image-preview:large","max-video-preview":"max-video-preview:-1"},"canonical":"https:\/\/quehacerpolitico.mx\/?p=78327","og_locale":"es_MX","og_type":"article","og_title":"Celebran los 250 a\u00f1os de la obra de Beethoven -","og_description":"Celebran los 250 a\u00f1os de la obra de Beethoven Por Redacci\u00f3n QP En &#8220;Beethoven Recomposed&#8221;...","og_url":"https:\/\/quehacerpolitico.mx\/?p=78327","article_published_time":"2021-03-31T00:51:16+00:00","og_image":[{"width":1242,"height":1425,"url":"https:\/\/quehacerpolitico.mx\/wp-content\/uploads\/2021\/03\/73B5AE78-0AF8-4820-BA12-6F2173D943E5.jpeg","type":"image\/jpeg"}],"author":"Redacci\u00f3n QP","twitter_card":"summary_large_image","twitter_misc":{"Escrito por":"Redacci\u00f3n QP","Tiempo de lectura":"4 minutos"},"schema":{"@context":"https:\/\/schema.org","@graph":[{"@type":"Article","@id":"https:\/\/quehacerpolitico.mx\/?p=78327#article","isPartOf":{"@id":"https:\/\/quehacerpolitico.mx\/?p=78327"},"author":{"name":"Redacci\u00f3n QP","@id":"https:\/\/quehacerpolitico.mx\/#\/schema\/person\/496d8ad2d1d3f8036101dca7ee39e585"},"headline":"Celebran los 250 a\u00f1os de la obra de Beethoven","datePublished":"2021-03-31T00:51:16+00:00","mainEntityOfPage":{"@id":"https:\/\/quehacerpolitico.mx\/?p=78327"},"wordCount":796,"commentCount":0,"image":{"@id":"https:\/\/quehacerpolitico.mx\/?p=78327#primaryimage"},"thumbnailUrl":"https:\/\/quehacerpolitico.mx\/wp-content\/uploads\/2021\/03\/73B5AE78-0AF8-4820-BA12-6F2173D943E5.jpeg","articleSection":["Cultura y Entretenimiento"],"inLanguage":"es","potentialAction":[{"@type":"CommentAction","name":"Comment","target":["https:\/\/quehacerpolitico.mx\/?p=78327#respond"]}]},{"@type":"WebPage","@id":"https:\/\/quehacerpolitico.mx\/?p=78327","url":"https:\/\/quehacerpolitico.mx\/?p=78327","name":"Celebran los 250 a\u00f1os de la obra de Beethoven -","isPartOf":{"@id":"https:\/\/quehacerpolitico.mx\/#website"},"primaryImageOfPage":{"@id":"https:\/\/quehacerpolitico.mx\/?p=78327#primaryimage"},"image":{"@id":"https:\/\/quehacerpolitico.mx\/?p=78327#primaryimage"},"thumbnailUrl":"https:\/\/quehacerpolitico.mx\/wp-content\/uploads\/2021\/03\/73B5AE78-0AF8-4820-BA12-6F2173D943E5.jpeg","datePublished":"2021-03-31T00:51:16+00:00","author":{"@id":"https:\/\/quehacerpolitico.mx\/#\/schema\/person\/496d8ad2d1d3f8036101dca7ee39e585"},"breadcrumb":{"@id":"https:\/\/quehacerpolitico.mx\/?p=78327#breadcrumb"},"inLanguage":"es","potentialAction":[{"@type":"ReadAction","target":["https:\/\/quehacerpolitico.mx\/?p=78327"]}]},{"@type":"ImageObject","inLanguage":"es","@id":"https:\/\/quehacerpolitico.mx\/?p=78327#primaryimage","url":"https:\/\/quehacerpolitico.mx\/wp-content\/uploads\/2021\/03\/73B5AE78-0AF8-4820-BA12-6F2173D943E5.jpeg","contentUrl":"https:\/\/quehacerpolitico.mx\/wp-content\/uploads\/2021\/03\/73B5AE78-0AF8-4820-BA12-6F2173D943E5.jpeg","width":1242,"height":1425},{"@type":"BreadcrumbList","@id":"https:\/\/quehacerpolitico.mx\/?p=78327#breadcrumb","itemListElement":[{"@type":"ListItem","position":1,"name":"Inicio","item":"https:\/\/quehacerpolitico.mx\/"},{"@type":"ListItem","position":2,"name":"Celebran los 250 a\u00f1os de la obra de Beethoven"}]},{"@type":"WebSite","@id":"https:\/\/quehacerpolitico.mx\/#website","url":"https:\/\/quehacerpolitico.mx\/","name":"","description":"","potentialAction":[{"@type":"SearchAction","target":{"@type":"EntryPoint","urlTemplate":"https:\/\/quehacerpolitico.mx\/?s={search_term_string}"},"query-input":{"@type":"PropertyValueSpecification","valueRequired":true,"valueName":"search_term_string"}}],"inLanguage":"es"},{"@type":"Person","@id":"https:\/\/quehacerpolitico.mx\/#\/schema\/person\/496d8ad2d1d3f8036101dca7ee39e585","name":"Redacci\u00f3n QP","image":{"@type":"ImageObject","inLanguage":"es","@id":"https:\/\/secure.gravatar.com\/avatar\/c7164ed6fdec453195284ad24a5ae5b6e1eed2b848477fa2a4787ba9adf39a41?s=96&d=mm&r=g","url":"https:\/\/secure.gravatar.com\/avatar\/c7164ed6fdec453195284ad24a5ae5b6e1eed2b848477fa2a4787ba9adf39a41?s=96&d=mm&r=g","contentUrl":"https:\/\/secure.gravatar.com\/avatar\/c7164ed6fdec453195284ad24a5ae5b6e1eed2b848477fa2a4787ba9adf39a41?s=96&d=mm&r=g","caption":"Redacci\u00f3n QP"},"url":"https:\/\/quehacerpolitico.mx\/?author=2"}]}},"featured_image_urls":{"full":["https:\/\/quehacerpolitico.mx\/wp-content\/uploads\/2021\/03\/73B5AE78-0AF8-4820-BA12-6F2173D943E5.jpeg",1242,1425,false],"thumbnail":["https:\/\/quehacerpolitico.mx\/wp-content\/uploads\/2021\/03\/73B5AE78-0AF8-4820-BA12-6F2173D943E5-150x150.jpeg",150,150,true],"medium":["https:\/\/quehacerpolitico.mx\/wp-content\/uploads\/2021\/03\/73B5AE78-0AF8-4820-BA12-6F2173D943E5-261x300.jpeg",261,300,true],"medium_large":["https:\/\/quehacerpolitico.mx\/wp-content\/uploads\/2021\/03\/73B5AE78-0AF8-4820-BA12-6F2173D943E5-768x881.jpeg",640,734,true],"large":["https:\/\/quehacerpolitico.mx\/wp-content\/uploads\/2021\/03\/73B5AE78-0AF8-4820-BA12-6F2173D943E5-892x1024.jpeg",640,735,true],"1536x1536":["https:\/\/quehacerpolitico.mx\/wp-content\/uploads\/2021\/03\/73B5AE78-0AF8-4820-BA12-6F2173D943E5.jpeg",1242,1425,false],"2048x2048":["https:\/\/quehacerpolitico.mx\/wp-content\/uploads\/2021\/03\/73B5AE78-0AF8-4820-BA12-6F2173D943E5.jpeg",1242,1425,false],"covernews-featured":["https:\/\/quehacerpolitico.mx\/wp-content\/uploads\/2021\/03\/73B5AE78-0AF8-4820-BA12-6F2173D943E5.jpeg",1024,1175,false],"covernews-medium":["https:\/\/quehacerpolitico.mx\/wp-content\/uploads\/2021\/03\/73B5AE78-0AF8-4820-BA12-6F2173D943E5.jpeg",296,340,false]},"author_info":{"display_name":"Redacci\u00f3n QP","author_link":"https:\/\/quehacerpolitico.mx\/?author=2"},"category_info":"<a href=\"https:\/\/quehacerpolitico.mx\/?cat=58\" rel=\"category\">Cultura y Entretenimiento<\/a>","tag_info":"Cultura y Entretenimiento","comment_count":"0","_links":{"self":[{"href":"https:\/\/quehacerpolitico.mx\/index.php?rest_route=\/wp\/v2\/posts\/78327","targetHints":{"allow":["GET"]}}],"collection":[{"href":"https:\/\/quehacerpolitico.mx\/index.php?rest_route=\/wp\/v2\/posts"}],"about":[{"href":"https:\/\/quehacerpolitico.mx\/index.php?rest_route=\/wp\/v2\/types\/post"}],"author":[{"embeddable":true,"href":"https:\/\/quehacerpolitico.mx\/index.php?rest_route=\/wp\/v2\/users\/2"}],"replies":[{"embeddable":true,"href":"https:\/\/quehacerpolitico.mx\/index.php?rest_route=%2Fwp%2Fv2%2Fcomments&post=78327"}],"version-history":[{"count":0,"href":"https:\/\/quehacerpolitico.mx\/index.php?rest_route=\/wp\/v2\/posts\/78327\/revisions"}],"wp:featuredmedia":[{"embeddable":true,"href":"https:\/\/quehacerpolitico.mx\/index.php?rest_route=\/wp\/v2\/media\/78331"}],"wp:attachment":[{"href":"https:\/\/quehacerpolitico.mx\/index.php?rest_route=%2Fwp%2Fv2%2Fmedia&parent=78327"}],"wp:term":[{"taxonomy":"category","embeddable":true,"href":"https:\/\/quehacerpolitico.mx\/index.php?rest_route=%2Fwp%2Fv2%2Fcategories&post=78327"},{"taxonomy":"post_tag","embeddable":true,"href":"https:\/\/quehacerpolitico.mx\/index.php?rest_route=%2Fwp%2Fv2%2Ftags&post=78327"}],"curies":[{"name":"wp","href":"https:\/\/api.w.org\/{rel}","templated":true}]}}