{"id":78321,"date":"2021-03-31T00:11:07","date_gmt":"2021-03-31T00:11:07","guid":{"rendered":"https:\/\/quehacerpolitico.mx\/?p=78321"},"modified":"2021-03-31T00:11:07","modified_gmt":"2021-03-31T00:11:07","slug":"volkswagen-cambia-de-nombre-en-eu-y-asume-nuevo-enfoque-electrico","status":"publish","type":"post","link":"https:\/\/quehacerpolitico.mx\/?p=78321","title":{"rendered":"Volkswagen cambia de nombre en EU y asume nuevo enfoque el\u00e9ctrico"},"content":{"rendered":"<h1 class=\"news-title\">Volkswagen cambia de nombre en EU y asume nuevo enfoque el\u00e9ctrico<br \/>\nPor Redacci\u00f3n QP<\/h1>\n<div class=\"news-subtitle\">\n<p>La compa\u00f1\u00eda ahora se llama Voltswagen, en referencia a la unidad de potencia el\u00e9ctrica voltio<\/p>\n<\/div>\n<div class=\"social-share-box normal\">\n<p>Volkswagen en Estados Unidos\u00a0cambi\u00f3 oficialmente este martes su nombre a Voltswagen, en referencia a la unidad de potencia el\u00e9ctrica voltio, como declaraci\u00f3n de que la compa\u00f1\u00eda no tiene ninguna duda de que su futuro -y del sector- es el\u00e9ctrico y su intenci\u00f3n es convertirse en el &#8220;autom\u00f3vil el\u00e9ctrico del pueblo&#8221;.<\/p>\n<div id=\"div-pos-2\">Un d\u00eda despu\u00e9s de revelar de forma accidental su nueva estrategia de marca, el fabricante alem\u00e1n Volkswagen confirm\u00f3 (VW) este martes que a partir de mayo, la compa\u00f1\u00eda en Estados Unidos <strong>se llamar\u00e1 Voltswagen, abandonando el nombre con el que lleg\u00f3 a Norteam\u00e9rica en 1955 para asumir sin complejos el futuro el\u00e9ctrico del sector.<\/strong><\/div>\n<p>VW ten\u00eda previsto inicialmente anunciar el cambio de nombre el 29 de abril, pero ayer la compa\u00f1\u00eda colg\u00f3 en su p\u00e1gina web de forma no intencionada el comunicado de prensa en el que se informaba de la adopci\u00f3n de Voltswagen en Estados Unidos.<\/p>\n<p>Antes de que la compa\u00f1\u00eda pudiese remediar el error, el comunicado fue visto por varios medios de comunicaci\u00f3n, arruinando la sorpresa que VW ten\u00eda preparada de cara al inicio de las entregas de su primer veh\u00edculo el\u00e9ctrico (VE) en Estados Unidos, el todoterreno SUV ID.4.<\/p>\n<p>Durante horas, la compa\u00f1\u00eda alemana se neg\u00f3 a confirmar oficialmente que el fugaz comunicado era real y no una broma (el 1 de abril es April Fool&#8217;s, el d\u00eda de las inocentadas en Estados Unidos) pero portavoces an\u00f3nimos de VW se vieron forzados a reconocer que<strong> efectivamente la compa\u00f1\u00eda pasar\u00e1 a llamarse oficialmente Voltswagen of America en mayo.<\/strong><\/p>\n<p>Este martes, VW emiti\u00f3 finalmente el comunicado afirmando que Voltswagen &#8220;es una declaraci\u00f3n p\u00fablica de la inversi\u00f3n hacia el futuro en movilidad el\u00e9ctrica&#8221; y que &#8220;el nuevo nombre y la marca simbolizan la elevada carga hacia adelante que Voltswagen\u00a0ha puesto en marcha, en busca del objetivo de mover a todas las personas con VE&#8221;.<\/p>\n<p>El cambio significa que a partir de este martes, <strong>los veh\u00edculos el\u00e9ctricos de VW llevar\u00e1n el nombre Voltswagen y el cl\u00e1sico logotipo VW con un fondo azul claro, mientras que los veh\u00edculos de combusti\u00f3n s\u00f3lo mostrar\u00e1n el logotipo cl\u00e1sico sobre un fondo azul oscuro.<\/strong><\/p>\n<p>Voltswagen tambi\u00e9n reemplazar\u00e1 a Volkswagen, que en Estados Unidos se cre\u00f3 en 1955, s\u00f3lo 10 a\u00f1os despu\u00e9s de la derrota de Alemania en la Segunda Guerra Mundial, en todas las propiedades y concesionarios de la compa\u00f1\u00eda en Estados Unidos.<\/p>\n<p>El consejero delegado de VW, Scott Keogh, se refiri\u00f3 en un comunicado al significado literal de Volkswagen (en alem\u00e1n, &#8220;autom\u00f3vil del pueblo&#8221;) y aprovech\u00f3 para lanzar una velada cr\u00edtica a sus principales rivales en el sector de VE.<\/p>\n<p>&#8220;La idea de un &#8216;autom\u00f3vil del pueblo&#8217; es nuestra esencia. Hemos dicho, desde el principio de nuestro cambio a un futuro el\u00e9ctrico que <strong>produciremos VE para millones, no s\u00f3lo para millonarios<\/strong>. Este cambio de nombre supone un gui\u00f1o a nuestro pasado como autom\u00f3vil del pueblo y nuestra firme creencia que nuestro futuro es ser el autom\u00f3vil el\u00e9ctrico del pueblo&#8221;, afirm\u00f3 Keogh.<\/p>\n<p>El cambio del nombre coincide con la llegada a los concesionarios de VW en Estados Unidos del ID.4, el primer veh\u00edculo el\u00e9ctrico que el fabricante lanza en el pa\u00eds. Ayer, VW lanz\u00f3 la nueva campa\u00f1a comercial del todocaminos SUV, que es tambi\u00e9n su primer VE global.<\/p>\n<p>La adopci\u00f3n de la denominaci\u00f3n de Voltswagen tambi\u00e9n permite a VW acelerar la reconstrucci\u00f3n de su imagen en Norteam\u00e9rica, gravemente da\u00f1ada en los \u00faltimos a\u00f1os por el esc\u00e1ndalo del fraude los motores di\u00e9sel de la compa\u00f1\u00eda para ocultar sus emisiones reales de \u00f3xidos de nitrato y que le ha costado s\u00f3lo en EU 15 mil millones de d\u00f3lares en multas y compensaciones.<\/p>\n<p>Con informaci\u00f3n de EFE<\/p>\n<\/div>\n","protected":false},"excerpt":{"rendered":"<p>Volkswagen cambia de nombre en EU y asume nuevo enfoque el\u00e9ctrico Por Redacci\u00f3n QP La&#8230;<\/p>\n","protected":false},"author":2,"featured_media":78325,"comment_status":"open","ping_status":"open","sticky":false,"template":"","format":"standard","meta":{"_monsterinsights_skip_tracking":false,"_monsterinsights_sitenote_active":false,"_monsterinsights_sitenote_note":"","_monsterinsights_sitenote_category":0,"footnotes":""},"categories":[56],"tags":[],"class_list":["post-78321","post","type-post","status-publish","format-standard","has-post-thumbnail","hentry","category-economia"],"yoast_head":"<!-- This site is optimized with the Yoast SEO plugin v27.3 - https:\/\/yoast.com\/product\/yoast-seo-wordpress\/ -->\n<title>Volkswagen cambia de nombre en EU y asume nuevo enfoque el\u00e9ctrico -<\/title>\n<meta name=\"robots\" content=\"index, follow, max-snippet:-1, max-image-preview:large, max-video-preview:-1\" \/>\n<link rel=\"canonical\" href=\"https:\/\/quehacerpolitico.mx\/?p=78321\" \/>\n<meta property=\"og:locale\" content=\"es_MX\" \/>\n<meta property=\"og:type\" content=\"article\" \/>\n<meta property=\"og:title\" content=\"Volkswagen cambia de nombre en EU y asume nuevo enfoque el\u00e9ctrico -\" \/>\n<meta property=\"og:description\" content=\"Volkswagen cambia de nombre en EU y asume nuevo enfoque el\u00e9ctrico Por Redacci\u00f3n QP La...\" \/>\n<meta property=\"og:url\" content=\"https:\/\/quehacerpolitico.mx\/?p=78321\" \/>\n<meta property=\"article:published_time\" content=\"2021-03-31T00:11:07+00:00\" \/>\n<meta property=\"og:image\" content=\"https:\/\/quehacerpolitico.mx\/wp-content\/uploads\/2021\/03\/871AFE47-9CAA-4F07-88EC-B45A1B03025F.jpeg\" \/>\n\t<meta property=\"og:image:width\" content=\"739\" \/>\n\t<meta property=\"og:image:height\" content=\"415\" \/>\n\t<meta property=\"og:image:type\" content=\"image\/jpeg\" \/>\n<meta name=\"author\" content=\"Redacci\u00f3n QP\" \/>\n<meta name=\"twitter:card\" content=\"summary_large_image\" \/>\n<meta name=\"twitter:label1\" content=\"Escrito por\" \/>\n\t<meta name=\"twitter:data1\" content=\"Redacci\u00f3n QP\" \/>\n\t<meta name=\"twitter:label2\" content=\"Tiempo de lectura\" \/>\n\t<meta name=\"twitter:data2\" content=\"3 minutos\" \/>\n<script type=\"application\/ld+json\" class=\"yoast-schema-graph\">{\"@context\":\"https:\\\/\\\/schema.org\",\"@graph\":[{\"@type\":\"Article\",\"@id\":\"https:\\\/\\\/quehacerpolitico.mx\\\/?p=78321#article\",\"isPartOf\":{\"@id\":\"https:\\\/\\\/quehacerpolitico.mx\\\/?p=78321\"},\"author\":{\"name\":\"Redacci\u00f3n QP\",\"@id\":\"https:\\\/\\\/quehacerpolitico.mx\\\/#\\\/schema\\\/person\\\/496d8ad2d1d3f8036101dca7ee39e585\"},\"headline\":\"Volkswagen cambia de nombre en EU y asume nuevo enfoque el\u00e9ctrico\",\"datePublished\":\"2021-03-31T00:11:07+00:00\",\"mainEntityOfPage\":{\"@id\":\"https:\\\/\\\/quehacerpolitico.mx\\\/?p=78321\"},\"wordCount\":712,\"commentCount\":0,\"image\":{\"@id\":\"https:\\\/\\\/quehacerpolitico.mx\\\/?p=78321#primaryimage\"},\"thumbnailUrl\":\"https:\\\/\\\/quehacerpolitico.mx\\\/wp-content\\\/uploads\\\/2021\\\/03\\\/871AFE47-9CAA-4F07-88EC-B45A1B03025F.jpeg\",\"articleSection\":[\"Econom\u00eda\"],\"inLanguage\":\"es\",\"potentialAction\":[{\"@type\":\"CommentAction\",\"name\":\"Comment\",\"target\":[\"https:\\\/\\\/quehacerpolitico.mx\\\/?p=78321#respond\"]}]},{\"@type\":\"WebPage\",\"@id\":\"https:\\\/\\\/quehacerpolitico.mx\\\/?p=78321\",\"url\":\"https:\\\/\\\/quehacerpolitico.mx\\\/?p=78321\",\"name\":\"Volkswagen cambia de nombre en EU y asume nuevo enfoque el\u00e9ctrico -\",\"isPartOf\":{\"@id\":\"https:\\\/\\\/quehacerpolitico.mx\\\/#website\"},\"primaryImageOfPage\":{\"@id\":\"https:\\\/\\\/quehacerpolitico.mx\\\/?p=78321#primaryimage\"},\"image\":{\"@id\":\"https:\\\/\\\/quehacerpolitico.mx\\\/?p=78321#primaryimage\"},\"thumbnailUrl\":\"https:\\\/\\\/quehacerpolitico.mx\\\/wp-content\\\/uploads\\\/2021\\\/03\\\/871AFE47-9CAA-4F07-88EC-B45A1B03025F.jpeg\",\"datePublished\":\"2021-03-31T00:11:07+00:00\",\"author\":{\"@id\":\"https:\\\/\\\/quehacerpolitico.mx\\\/#\\\/schema\\\/person\\\/496d8ad2d1d3f8036101dca7ee39e585\"},\"breadcrumb\":{\"@id\":\"https:\\\/\\\/quehacerpolitico.mx\\\/?p=78321#breadcrumb\"},\"inLanguage\":\"es\",\"potentialAction\":[{\"@type\":\"ReadAction\",\"target\":[\"https:\\\/\\\/quehacerpolitico.mx\\\/?p=78321\"]}]},{\"@type\":\"ImageObject\",\"inLanguage\":\"es\",\"@id\":\"https:\\\/\\\/quehacerpolitico.mx\\\/?p=78321#primaryimage\",\"url\":\"https:\\\/\\\/quehacerpolitico.mx\\\/wp-content\\\/uploads\\\/2021\\\/03\\\/871AFE47-9CAA-4F07-88EC-B45A1B03025F.jpeg\",\"contentUrl\":\"https:\\\/\\\/quehacerpolitico.mx\\\/wp-content\\\/uploads\\\/2021\\\/03\\\/871AFE47-9CAA-4F07-88EC-B45A1B03025F.jpeg\",\"width\":739,\"height\":415},{\"@type\":\"BreadcrumbList\",\"@id\":\"https:\\\/\\\/quehacerpolitico.mx\\\/?p=78321#breadcrumb\",\"itemListElement\":[{\"@type\":\"ListItem\",\"position\":1,\"name\":\"Inicio\",\"item\":\"https:\\\/\\\/quehacerpolitico.mx\\\/\"},{\"@type\":\"ListItem\",\"position\":2,\"name\":\"Volkswagen cambia de nombre en EU y asume nuevo enfoque el\u00e9ctrico\"}]},{\"@type\":\"WebSite\",\"@id\":\"https:\\\/\\\/quehacerpolitico.mx\\\/#website\",\"url\":\"https:\\\/\\\/quehacerpolitico.mx\\\/\",\"name\":\"\",\"description\":\"\",\"potentialAction\":[{\"@type\":\"SearchAction\",\"target\":{\"@type\":\"EntryPoint\",\"urlTemplate\":\"https:\\\/\\\/quehacerpolitico.mx\\\/?s={search_term_string}\"},\"query-input\":{\"@type\":\"PropertyValueSpecification\",\"valueRequired\":true,\"valueName\":\"search_term_string\"}}],\"inLanguage\":\"es\"},{\"@type\":\"Person\",\"@id\":\"https:\\\/\\\/quehacerpolitico.mx\\\/#\\\/schema\\\/person\\\/496d8ad2d1d3f8036101dca7ee39e585\",\"name\":\"Redacci\u00f3n QP\",\"image\":{\"@type\":\"ImageObject\",\"inLanguage\":\"es\",\"@id\":\"https:\\\/\\\/secure.gravatar.com\\\/avatar\\\/c7164ed6fdec453195284ad24a5ae5b6e1eed2b848477fa2a4787ba9adf39a41?s=96&d=mm&r=g\",\"url\":\"https:\\\/\\\/secure.gravatar.com\\\/avatar\\\/c7164ed6fdec453195284ad24a5ae5b6e1eed2b848477fa2a4787ba9adf39a41?s=96&d=mm&r=g\",\"contentUrl\":\"https:\\\/\\\/secure.gravatar.com\\\/avatar\\\/c7164ed6fdec453195284ad24a5ae5b6e1eed2b848477fa2a4787ba9adf39a41?s=96&d=mm&r=g\",\"caption\":\"Redacci\u00f3n QP\"},\"url\":\"https:\\\/\\\/quehacerpolitico.mx\\\/?author=2\"}]}<\/script>\n<!-- \/ Yoast SEO plugin. -->","yoast_head_json":{"title":"Volkswagen cambia de nombre en EU y asume nuevo enfoque el\u00e9ctrico -","robots":{"index":"index","follow":"follow","max-snippet":"max-snippet:-1","max-image-preview":"max-image-preview:large","max-video-preview":"max-video-preview:-1"},"canonical":"https:\/\/quehacerpolitico.mx\/?p=78321","og_locale":"es_MX","og_type":"article","og_title":"Volkswagen cambia de nombre en EU y asume nuevo enfoque el\u00e9ctrico -","og_description":"Volkswagen cambia de nombre en EU y asume nuevo enfoque el\u00e9ctrico Por Redacci\u00f3n QP La...","og_url":"https:\/\/quehacerpolitico.mx\/?p=78321","article_published_time":"2021-03-31T00:11:07+00:00","og_image":[{"width":739,"height":415,"url":"https:\/\/quehacerpolitico.mx\/wp-content\/uploads\/2021\/03\/871AFE47-9CAA-4F07-88EC-B45A1B03025F.jpeg","type":"image\/jpeg"}],"author":"Redacci\u00f3n QP","twitter_card":"summary_large_image","twitter_misc":{"Escrito por":"Redacci\u00f3n QP","Tiempo de lectura":"3 minutos"},"schema":{"@context":"https:\/\/schema.org","@graph":[{"@type":"Article","@id":"https:\/\/quehacerpolitico.mx\/?p=78321#article","isPartOf":{"@id":"https:\/\/quehacerpolitico.mx\/?p=78321"},"author":{"name":"Redacci\u00f3n QP","@id":"https:\/\/quehacerpolitico.mx\/#\/schema\/person\/496d8ad2d1d3f8036101dca7ee39e585"},"headline":"Volkswagen cambia de nombre en EU y asume nuevo enfoque el\u00e9ctrico","datePublished":"2021-03-31T00:11:07+00:00","mainEntityOfPage":{"@id":"https:\/\/quehacerpolitico.mx\/?p=78321"},"wordCount":712,"commentCount":0,"image":{"@id":"https:\/\/quehacerpolitico.mx\/?p=78321#primaryimage"},"thumbnailUrl":"https:\/\/quehacerpolitico.mx\/wp-content\/uploads\/2021\/03\/871AFE47-9CAA-4F07-88EC-B45A1B03025F.jpeg","articleSection":["Econom\u00eda"],"inLanguage":"es","potentialAction":[{"@type":"CommentAction","name":"Comment","target":["https:\/\/quehacerpolitico.mx\/?p=78321#respond"]}]},{"@type":"WebPage","@id":"https:\/\/quehacerpolitico.mx\/?p=78321","url":"https:\/\/quehacerpolitico.mx\/?p=78321","name":"Volkswagen cambia de nombre en EU y asume nuevo enfoque el\u00e9ctrico -","isPartOf":{"@id":"https:\/\/quehacerpolitico.mx\/#website"},"primaryImageOfPage":{"@id":"https:\/\/quehacerpolitico.mx\/?p=78321#primaryimage"},"image":{"@id":"https:\/\/quehacerpolitico.mx\/?p=78321#primaryimage"},"thumbnailUrl":"https:\/\/quehacerpolitico.mx\/wp-content\/uploads\/2021\/03\/871AFE47-9CAA-4F07-88EC-B45A1B03025F.jpeg","datePublished":"2021-03-31T00:11:07+00:00","author":{"@id":"https:\/\/quehacerpolitico.mx\/#\/schema\/person\/496d8ad2d1d3f8036101dca7ee39e585"},"breadcrumb":{"@id":"https:\/\/quehacerpolitico.mx\/?p=78321#breadcrumb"},"inLanguage":"es","potentialAction":[{"@type":"ReadAction","target":["https:\/\/quehacerpolitico.mx\/?p=78321"]}]},{"@type":"ImageObject","inLanguage":"es","@id":"https:\/\/quehacerpolitico.mx\/?p=78321#primaryimage","url":"https:\/\/quehacerpolitico.mx\/wp-content\/uploads\/2021\/03\/871AFE47-9CAA-4F07-88EC-B45A1B03025F.jpeg","contentUrl":"https:\/\/quehacerpolitico.mx\/wp-content\/uploads\/2021\/03\/871AFE47-9CAA-4F07-88EC-B45A1B03025F.jpeg","width":739,"height":415},{"@type":"BreadcrumbList","@id":"https:\/\/quehacerpolitico.mx\/?p=78321#breadcrumb","itemListElement":[{"@type":"ListItem","position":1,"name":"Inicio","item":"https:\/\/quehacerpolitico.mx\/"},{"@type":"ListItem","position":2,"name":"Volkswagen cambia de nombre en EU y asume nuevo enfoque el\u00e9ctrico"}]},{"@type":"WebSite","@id":"https:\/\/quehacerpolitico.mx\/#website","url":"https:\/\/quehacerpolitico.mx\/","name":"","description":"","potentialAction":[{"@type":"SearchAction","target":{"@type":"EntryPoint","urlTemplate":"https:\/\/quehacerpolitico.mx\/?s={search_term_string}"},"query-input":{"@type":"PropertyValueSpecification","valueRequired":true,"valueName":"search_term_string"}}],"inLanguage":"es"},{"@type":"Person","@id":"https:\/\/quehacerpolitico.mx\/#\/schema\/person\/496d8ad2d1d3f8036101dca7ee39e585","name":"Redacci\u00f3n QP","image":{"@type":"ImageObject","inLanguage":"es","@id":"https:\/\/secure.gravatar.com\/avatar\/c7164ed6fdec453195284ad24a5ae5b6e1eed2b848477fa2a4787ba9adf39a41?s=96&d=mm&r=g","url":"https:\/\/secure.gravatar.com\/avatar\/c7164ed6fdec453195284ad24a5ae5b6e1eed2b848477fa2a4787ba9adf39a41?s=96&d=mm&r=g","contentUrl":"https:\/\/secure.gravatar.com\/avatar\/c7164ed6fdec453195284ad24a5ae5b6e1eed2b848477fa2a4787ba9adf39a41?s=96&d=mm&r=g","caption":"Redacci\u00f3n QP"},"url":"https:\/\/quehacerpolitico.mx\/?author=2"}]}},"featured_image_urls":{"full":["https:\/\/quehacerpolitico.mx\/wp-content\/uploads\/2021\/03\/871AFE47-9CAA-4F07-88EC-B45A1B03025F.jpeg",739,415,false],"thumbnail":["https:\/\/quehacerpolitico.mx\/wp-content\/uploads\/2021\/03\/871AFE47-9CAA-4F07-88EC-B45A1B03025F-150x150.jpeg",150,150,true],"medium":["https:\/\/quehacerpolitico.mx\/wp-content\/uploads\/2021\/03\/871AFE47-9CAA-4F07-88EC-B45A1B03025F-300x168.jpeg",300,168,true],"medium_large":["https:\/\/quehacerpolitico.mx\/wp-content\/uploads\/2021\/03\/871AFE47-9CAA-4F07-88EC-B45A1B03025F.jpeg",640,359,false],"large":["https:\/\/quehacerpolitico.mx\/wp-content\/uploads\/2021\/03\/871AFE47-9CAA-4F07-88EC-B45A1B03025F.jpeg",640,359,false],"1536x1536":["https:\/\/quehacerpolitico.mx\/wp-content\/uploads\/2021\/03\/871AFE47-9CAA-4F07-88EC-B45A1B03025F.jpeg",739,415,false],"2048x2048":["https:\/\/quehacerpolitico.mx\/wp-content\/uploads\/2021\/03\/871AFE47-9CAA-4F07-88EC-B45A1B03025F.jpeg",739,415,false],"covernews-featured":["https:\/\/quehacerpolitico.mx\/wp-content\/uploads\/2021\/03\/871AFE47-9CAA-4F07-88EC-B45A1B03025F.jpeg",739,415,false],"covernews-medium":["https:\/\/quehacerpolitico.mx\/wp-content\/uploads\/2021\/03\/871AFE47-9CAA-4F07-88EC-B45A1B03025F.jpeg",540,303,false]},"author_info":{"display_name":"Redacci\u00f3n QP","author_link":"https:\/\/quehacerpolitico.mx\/?author=2"},"category_info":"<a href=\"https:\/\/quehacerpolitico.mx\/?cat=56\" rel=\"category\">Econom\u00eda<\/a>","tag_info":"Econom\u00eda","comment_count":"0","_links":{"self":[{"href":"https:\/\/quehacerpolitico.mx\/index.php?rest_route=\/wp\/v2\/posts\/78321","targetHints":{"allow":["GET"]}}],"collection":[{"href":"https:\/\/quehacerpolitico.mx\/index.php?rest_route=\/wp\/v2\/posts"}],"about":[{"href":"https:\/\/quehacerpolitico.mx\/index.php?rest_route=\/wp\/v2\/types\/post"}],"author":[{"embeddable":true,"href":"https:\/\/quehacerpolitico.mx\/index.php?rest_route=\/wp\/v2\/users\/2"}],"replies":[{"embeddable":true,"href":"https:\/\/quehacerpolitico.mx\/index.php?rest_route=%2Fwp%2Fv2%2Fcomments&post=78321"}],"version-history":[{"count":0,"href":"https:\/\/quehacerpolitico.mx\/index.php?rest_route=\/wp\/v2\/posts\/78321\/revisions"}],"wp:featuredmedia":[{"embeddable":true,"href":"https:\/\/quehacerpolitico.mx\/index.php?rest_route=\/wp\/v2\/media\/78325"}],"wp:attachment":[{"href":"https:\/\/quehacerpolitico.mx\/index.php?rest_route=%2Fwp%2Fv2%2Fmedia&parent=78321"}],"wp:term":[{"taxonomy":"category","embeddable":true,"href":"https:\/\/quehacerpolitico.mx\/index.php?rest_route=%2Fwp%2Fv2%2Fcategories&post=78321"},{"taxonomy":"post_tag","embeddable":true,"href":"https:\/\/quehacerpolitico.mx\/index.php?rest_route=%2Fwp%2Fv2%2Ftags&post=78321"}],"curies":[{"name":"wp","href":"https:\/\/api.w.org\/{rel}","templated":true}]}}