{"id":78316,"date":"2021-03-30T23:21:54","date_gmt":"2021-03-30T23:21:54","guid":{"rendered":"https:\/\/quehacerpolitico.mx\/?p=78316"},"modified":"2021-03-30T23:21:54","modified_gmt":"2021-03-30T23:21:54","slug":"cae-venta-de-vehiculos-nuevos-nivel-mundial-un-13-en-2020","status":"publish","type":"post","link":"https:\/\/quehacerpolitico.mx\/?p=78316","title":{"rendered":"Cae venta de veh\u00edculos nuevos a nivel mundial un 13% en 2020"},"content":{"rendered":"<h1 class=\"news-title\">Cae venta de veh\u00edculos nuevos a nivel mundial un 13% en 2020<br \/>\nPor Redacci\u00f3n QP<\/h1>\n<p>La pandemia de coronavirus afect\u00f3 a la industria automotriz; el a\u00f1o pasado se vendieron 78.35 millones de unidades<\/p>\n<p>La pandemia de coronavirus afect\u00f3 a la industria automotriz\u00a0en 2020.<\/p>\n<div id=\"div-pos-2\">Como a los consumidores no se les permiti\u00f3 visitar las salas de exhibici\u00f3n y muchas f\u00e1bricas tuvieron que cerrar, <strong>la venta de veh\u00edculos nuevos disminuy\u00f3 13% hasta los 78.35 millones de unidades<\/strong>, seg\u00fan cifras de la consultora JATO.<\/div>\n<p>&#8220;El resultado fue tener las ventas de veh\u00edculos mundiales m\u00e1s bajas desde 2011, cuando China despegaba\u00a0y el mundo occidental se enfrentaba a una recesi\u00f3n econ\u00f3mica&#8221;, mencion\u00f3 la firma.<\/p>\n<p>La venta de veh\u00edculos nuevos incluye autom\u00f3viles de pasajeros, camionetas, veh\u00edculos comerciales ligeros y, en algunos pa\u00edses, tambi\u00e9n los veh\u00edculos comerciales pesados.<\/p>\n<p><strong>Turqu\u00eda fue el \u00fanico pa\u00eds con un crecimiento m\u00e1s acelerado que el resto del mundo con un alza de 61%<\/strong>. El a\u00f1o pasado, en el mercado turco se comercializaron 773 mil veh\u00edculos, el volumen m\u00e1s alto desde 2017.<\/p>\n<p>&#8220;Hay dos razones principales que explican c\u00f3mo las ventas aumentaron tanto en un a\u00f1o turbulento como 2020. Primero, la demanda de autom\u00f3viles aument\u00f3 de manera constante desde junio despu\u00e9s de que tres prestamistas p\u00fablicos introdujeron paquetes de pr\u00e9stamos a bajo inter\u00e9s para clientes individuales y corporativos&#8221;, explic\u00f3 JATO.<\/p>\n<p>&#8220;En segundo lugar, la especulaci\u00f3n. A medida que los tipos de cambio contin\u00faan aumentando, muchos consumidores compraron un autom\u00f3vil con el objetivo de invertir. Los distribuidores oficiales de autom\u00f3viles no est\u00e1n vendiendo los autom\u00f3viles directamente a los clientes finales, sino a las llamadas &#8220;galer\u00edas&#8221; u otro intermediario que compra los autom\u00f3viles nuevos con descuento al por mayor&#8221;, detall\u00f3 JATO.<\/p>\n<p>Tambi\u00e9n destaca Corea, donde las ventas de veh\u00edculos nuevos aumentaron 5%, con la colocaci\u00f3n de 1.8 millones de unidades.<\/p>\n<p>En cuanto a China, el mercado m\u00e1s grande de venta de veh\u00edculos,<strong> la industria automotriz tuvo su primera ca\u00edda masiva en febrero y comenz\u00f3 a recuperarse desde mayo.<\/strong><\/p>\n<p>El resultado final fue una disminuci\u00f3n de 2% en sus ventas totales al cierre del 2020, con la comercializaci\u00f3n de 25.2 millones de unidades, un buen resultado en comparaci\u00f3n con la disminuci\u00f3n observada entre 2019 y 2018 de 7%, destacaron.<\/p>\n<p>El gobierno chino impuls\u00f3 las ventas a trav\u00e9s de incentivos, logrando que China representara 32% de las ventas mundiales de veh\u00edculos en 2020.<\/p>\n<p>Los resultados relativamente buenos de China contrastan con las ca\u00eddas a doble d\u00edgito en los mercados estadounidense y europeo.<\/p>\n<p>Con informaci\u00f3n de SUN<\/p>\n","protected":false},"excerpt":{"rendered":"<p>Cae venta de veh\u00edculos nuevos a nivel mundial un 13% en 2020 Por Redacci\u00f3n QP&#8230;<\/p>\n","protected":false},"author":2,"featured_media":78319,"comment_status":"open","ping_status":"open","sticky":false,"template":"","format":"standard","meta":{"_monsterinsights_skip_tracking":false,"_monsterinsights_sitenote_active":false,"_monsterinsights_sitenote_note":"","_monsterinsights_sitenote_category":0,"footnotes":""},"categories":[56],"tags":[],"class_list":["post-78316","post","type-post","status-publish","format-standard","has-post-thumbnail","hentry","category-economia"],"yoast_head":"<!-- This site is optimized with the Yoast SEO plugin v27.3 - https:\/\/yoast.com\/product\/yoast-seo-wordpress\/ -->\n<title>Cae venta de veh\u00edculos nuevos a nivel mundial un 13% en 2020 -<\/title>\n<meta name=\"robots\" content=\"index, follow, max-snippet:-1, max-image-preview:large, max-video-preview:-1\" \/>\n<link rel=\"canonical\" href=\"https:\/\/quehacerpolitico.mx\/?p=78316\" \/>\n<meta property=\"og:locale\" content=\"es_MX\" \/>\n<meta property=\"og:type\" content=\"article\" \/>\n<meta property=\"og:title\" content=\"Cae venta de veh\u00edculos nuevos a nivel mundial un 13% en 2020 -\" \/>\n<meta property=\"og:description\" content=\"Cae venta de veh\u00edculos nuevos a nivel mundial un 13% en 2020 Por Redacci\u00f3n QP...\" \/>\n<meta property=\"og:url\" content=\"https:\/\/quehacerpolitico.mx\/?p=78316\" \/>\n<meta property=\"article:published_time\" content=\"2021-03-30T23:21:54+00:00\" \/>\n<meta property=\"og:image\" content=\"https:\/\/quehacerpolitico.mx\/wp-content\/uploads\/2021\/03\/66CB711B-C540-45AA-8B98-D81A1CBD6974.jpeg\" \/>\n\t<meta property=\"og:image:width\" content=\"706\" \/>\n\t<meta property=\"og:image:height\" content=\"435\" \/>\n\t<meta property=\"og:image:type\" content=\"image\/jpeg\" \/>\n<meta name=\"author\" content=\"Redacci\u00f3n QP\" \/>\n<meta name=\"twitter:card\" content=\"summary_large_image\" \/>\n<meta name=\"twitter:label1\" content=\"Escrito por\" \/>\n\t<meta name=\"twitter:data1\" content=\"Redacci\u00f3n QP\" \/>\n\t<meta name=\"twitter:label2\" content=\"Tiempo de lectura\" \/>\n\t<meta name=\"twitter:data2\" content=\"2 minutos\" \/>\n<script type=\"application\/ld+json\" class=\"yoast-schema-graph\">{\"@context\":\"https:\\\/\\\/schema.org\",\"@graph\":[{\"@type\":\"Article\",\"@id\":\"https:\\\/\\\/quehacerpolitico.mx\\\/?p=78316#article\",\"isPartOf\":{\"@id\":\"https:\\\/\\\/quehacerpolitico.mx\\\/?p=78316\"},\"author\":{\"name\":\"Redacci\u00f3n QP\",\"@id\":\"https:\\\/\\\/quehacerpolitico.mx\\\/#\\\/schema\\\/person\\\/496d8ad2d1d3f8036101dca7ee39e585\"},\"headline\":\"Cae venta de veh\u00edculos nuevos a nivel mundial un 13% en 2020\",\"datePublished\":\"2021-03-30T23:21:54+00:00\",\"mainEntityOfPage\":{\"@id\":\"https:\\\/\\\/quehacerpolitico.mx\\\/?p=78316\"},\"wordCount\":454,\"commentCount\":0,\"image\":{\"@id\":\"https:\\\/\\\/quehacerpolitico.mx\\\/?p=78316#primaryimage\"},\"thumbnailUrl\":\"https:\\\/\\\/quehacerpolitico.mx\\\/wp-content\\\/uploads\\\/2021\\\/03\\\/66CB711B-C540-45AA-8B98-D81A1CBD6974.jpeg\",\"articleSection\":[\"Econom\u00eda\"],\"inLanguage\":\"es\",\"potentialAction\":[{\"@type\":\"CommentAction\",\"name\":\"Comment\",\"target\":[\"https:\\\/\\\/quehacerpolitico.mx\\\/?p=78316#respond\"]}]},{\"@type\":\"WebPage\",\"@id\":\"https:\\\/\\\/quehacerpolitico.mx\\\/?p=78316\",\"url\":\"https:\\\/\\\/quehacerpolitico.mx\\\/?p=78316\",\"name\":\"Cae venta de veh\u00edculos nuevos a nivel mundial un 13% en 2020 -\",\"isPartOf\":{\"@id\":\"https:\\\/\\\/quehacerpolitico.mx\\\/#website\"},\"primaryImageOfPage\":{\"@id\":\"https:\\\/\\\/quehacerpolitico.mx\\\/?p=78316#primaryimage\"},\"image\":{\"@id\":\"https:\\\/\\\/quehacerpolitico.mx\\\/?p=78316#primaryimage\"},\"thumbnailUrl\":\"https:\\\/\\\/quehacerpolitico.mx\\\/wp-content\\\/uploads\\\/2021\\\/03\\\/66CB711B-C540-45AA-8B98-D81A1CBD6974.jpeg\",\"datePublished\":\"2021-03-30T23:21:54+00:00\",\"author\":{\"@id\":\"https:\\\/\\\/quehacerpolitico.mx\\\/#\\\/schema\\\/person\\\/496d8ad2d1d3f8036101dca7ee39e585\"},\"breadcrumb\":{\"@id\":\"https:\\\/\\\/quehacerpolitico.mx\\\/?p=78316#breadcrumb\"},\"inLanguage\":\"es\",\"potentialAction\":[{\"@type\":\"ReadAction\",\"target\":[\"https:\\\/\\\/quehacerpolitico.mx\\\/?p=78316\"]}]},{\"@type\":\"ImageObject\",\"inLanguage\":\"es\",\"@id\":\"https:\\\/\\\/quehacerpolitico.mx\\\/?p=78316#primaryimage\",\"url\":\"https:\\\/\\\/quehacerpolitico.mx\\\/wp-content\\\/uploads\\\/2021\\\/03\\\/66CB711B-C540-45AA-8B98-D81A1CBD6974.jpeg\",\"contentUrl\":\"https:\\\/\\\/quehacerpolitico.mx\\\/wp-content\\\/uploads\\\/2021\\\/03\\\/66CB711B-C540-45AA-8B98-D81A1CBD6974.jpeg\",\"width\":706,\"height\":435},{\"@type\":\"BreadcrumbList\",\"@id\":\"https:\\\/\\\/quehacerpolitico.mx\\\/?p=78316#breadcrumb\",\"itemListElement\":[{\"@type\":\"ListItem\",\"position\":1,\"name\":\"Inicio\",\"item\":\"https:\\\/\\\/quehacerpolitico.mx\\\/\"},{\"@type\":\"ListItem\",\"position\":2,\"name\":\"Cae venta de veh\u00edculos nuevos a nivel mundial un 13% en 2020\"}]},{\"@type\":\"WebSite\",\"@id\":\"https:\\\/\\\/quehacerpolitico.mx\\\/#website\",\"url\":\"https:\\\/\\\/quehacerpolitico.mx\\\/\",\"name\":\"\",\"description\":\"\",\"potentialAction\":[{\"@type\":\"SearchAction\",\"target\":{\"@type\":\"EntryPoint\",\"urlTemplate\":\"https:\\\/\\\/quehacerpolitico.mx\\\/?s={search_term_string}\"},\"query-input\":{\"@type\":\"PropertyValueSpecification\",\"valueRequired\":true,\"valueName\":\"search_term_string\"}}],\"inLanguage\":\"es\"},{\"@type\":\"Person\",\"@id\":\"https:\\\/\\\/quehacerpolitico.mx\\\/#\\\/schema\\\/person\\\/496d8ad2d1d3f8036101dca7ee39e585\",\"name\":\"Redacci\u00f3n QP\",\"image\":{\"@type\":\"ImageObject\",\"inLanguage\":\"es\",\"@id\":\"https:\\\/\\\/secure.gravatar.com\\\/avatar\\\/c7164ed6fdec453195284ad24a5ae5b6e1eed2b848477fa2a4787ba9adf39a41?s=96&d=mm&r=g\",\"url\":\"https:\\\/\\\/secure.gravatar.com\\\/avatar\\\/c7164ed6fdec453195284ad24a5ae5b6e1eed2b848477fa2a4787ba9adf39a41?s=96&d=mm&r=g\",\"contentUrl\":\"https:\\\/\\\/secure.gravatar.com\\\/avatar\\\/c7164ed6fdec453195284ad24a5ae5b6e1eed2b848477fa2a4787ba9adf39a41?s=96&d=mm&r=g\",\"caption\":\"Redacci\u00f3n QP\"},\"url\":\"https:\\\/\\\/quehacerpolitico.mx\\\/?author=2\"}]}<\/script>\n<!-- \/ Yoast SEO plugin. -->","yoast_head_json":{"title":"Cae venta de veh\u00edculos nuevos a nivel mundial un 13% en 2020 -","robots":{"index":"index","follow":"follow","max-snippet":"max-snippet:-1","max-image-preview":"max-image-preview:large","max-video-preview":"max-video-preview:-1"},"canonical":"https:\/\/quehacerpolitico.mx\/?p=78316","og_locale":"es_MX","og_type":"article","og_title":"Cae venta de veh\u00edculos nuevos a nivel mundial un 13% en 2020 -","og_description":"Cae venta de veh\u00edculos nuevos a nivel mundial un 13% en 2020 Por Redacci\u00f3n QP...","og_url":"https:\/\/quehacerpolitico.mx\/?p=78316","article_published_time":"2021-03-30T23:21:54+00:00","og_image":[{"width":706,"height":435,"url":"https:\/\/quehacerpolitico.mx\/wp-content\/uploads\/2021\/03\/66CB711B-C540-45AA-8B98-D81A1CBD6974.jpeg","type":"image\/jpeg"}],"author":"Redacci\u00f3n QP","twitter_card":"summary_large_image","twitter_misc":{"Escrito por":"Redacci\u00f3n QP","Tiempo de lectura":"2 minutos"},"schema":{"@context":"https:\/\/schema.org","@graph":[{"@type":"Article","@id":"https:\/\/quehacerpolitico.mx\/?p=78316#article","isPartOf":{"@id":"https:\/\/quehacerpolitico.mx\/?p=78316"},"author":{"name":"Redacci\u00f3n QP","@id":"https:\/\/quehacerpolitico.mx\/#\/schema\/person\/496d8ad2d1d3f8036101dca7ee39e585"},"headline":"Cae venta de veh\u00edculos nuevos a nivel mundial un 13% en 2020","datePublished":"2021-03-30T23:21:54+00:00","mainEntityOfPage":{"@id":"https:\/\/quehacerpolitico.mx\/?p=78316"},"wordCount":454,"commentCount":0,"image":{"@id":"https:\/\/quehacerpolitico.mx\/?p=78316#primaryimage"},"thumbnailUrl":"https:\/\/quehacerpolitico.mx\/wp-content\/uploads\/2021\/03\/66CB711B-C540-45AA-8B98-D81A1CBD6974.jpeg","articleSection":["Econom\u00eda"],"inLanguage":"es","potentialAction":[{"@type":"CommentAction","name":"Comment","target":["https:\/\/quehacerpolitico.mx\/?p=78316#respond"]}]},{"@type":"WebPage","@id":"https:\/\/quehacerpolitico.mx\/?p=78316","url":"https:\/\/quehacerpolitico.mx\/?p=78316","name":"Cae venta de veh\u00edculos nuevos a nivel mundial un 13% en 2020 -","isPartOf":{"@id":"https:\/\/quehacerpolitico.mx\/#website"},"primaryImageOfPage":{"@id":"https:\/\/quehacerpolitico.mx\/?p=78316#primaryimage"},"image":{"@id":"https:\/\/quehacerpolitico.mx\/?p=78316#primaryimage"},"thumbnailUrl":"https:\/\/quehacerpolitico.mx\/wp-content\/uploads\/2021\/03\/66CB711B-C540-45AA-8B98-D81A1CBD6974.jpeg","datePublished":"2021-03-30T23:21:54+00:00","author":{"@id":"https:\/\/quehacerpolitico.mx\/#\/schema\/person\/496d8ad2d1d3f8036101dca7ee39e585"},"breadcrumb":{"@id":"https:\/\/quehacerpolitico.mx\/?p=78316#breadcrumb"},"inLanguage":"es","potentialAction":[{"@type":"ReadAction","target":["https:\/\/quehacerpolitico.mx\/?p=78316"]}]},{"@type":"ImageObject","inLanguage":"es","@id":"https:\/\/quehacerpolitico.mx\/?p=78316#primaryimage","url":"https:\/\/quehacerpolitico.mx\/wp-content\/uploads\/2021\/03\/66CB711B-C540-45AA-8B98-D81A1CBD6974.jpeg","contentUrl":"https:\/\/quehacerpolitico.mx\/wp-content\/uploads\/2021\/03\/66CB711B-C540-45AA-8B98-D81A1CBD6974.jpeg","width":706,"height":435},{"@type":"BreadcrumbList","@id":"https:\/\/quehacerpolitico.mx\/?p=78316#breadcrumb","itemListElement":[{"@type":"ListItem","position":1,"name":"Inicio","item":"https:\/\/quehacerpolitico.mx\/"},{"@type":"ListItem","position":2,"name":"Cae venta de veh\u00edculos nuevos a nivel mundial un 13% en 2020"}]},{"@type":"WebSite","@id":"https:\/\/quehacerpolitico.mx\/#website","url":"https:\/\/quehacerpolitico.mx\/","name":"","description":"","potentialAction":[{"@type":"SearchAction","target":{"@type":"EntryPoint","urlTemplate":"https:\/\/quehacerpolitico.mx\/?s={search_term_string}"},"query-input":{"@type":"PropertyValueSpecification","valueRequired":true,"valueName":"search_term_string"}}],"inLanguage":"es"},{"@type":"Person","@id":"https:\/\/quehacerpolitico.mx\/#\/schema\/person\/496d8ad2d1d3f8036101dca7ee39e585","name":"Redacci\u00f3n QP","image":{"@type":"ImageObject","inLanguage":"es","@id":"https:\/\/secure.gravatar.com\/avatar\/c7164ed6fdec453195284ad24a5ae5b6e1eed2b848477fa2a4787ba9adf39a41?s=96&d=mm&r=g","url":"https:\/\/secure.gravatar.com\/avatar\/c7164ed6fdec453195284ad24a5ae5b6e1eed2b848477fa2a4787ba9adf39a41?s=96&d=mm&r=g","contentUrl":"https:\/\/secure.gravatar.com\/avatar\/c7164ed6fdec453195284ad24a5ae5b6e1eed2b848477fa2a4787ba9adf39a41?s=96&d=mm&r=g","caption":"Redacci\u00f3n QP"},"url":"https:\/\/quehacerpolitico.mx\/?author=2"}]}},"featured_image_urls":{"full":["https:\/\/quehacerpolitico.mx\/wp-content\/uploads\/2021\/03\/66CB711B-C540-45AA-8B98-D81A1CBD6974.jpeg",706,435,false],"thumbnail":["https:\/\/quehacerpolitico.mx\/wp-content\/uploads\/2021\/03\/66CB711B-C540-45AA-8B98-D81A1CBD6974-150x150.jpeg",150,150,true],"medium":["https:\/\/quehacerpolitico.mx\/wp-content\/uploads\/2021\/03\/66CB711B-C540-45AA-8B98-D81A1CBD6974-300x185.jpeg",300,185,true],"medium_large":["https:\/\/quehacerpolitico.mx\/wp-content\/uploads\/2021\/03\/66CB711B-C540-45AA-8B98-D81A1CBD6974.jpeg",640,394,false],"large":["https:\/\/quehacerpolitico.mx\/wp-content\/uploads\/2021\/03\/66CB711B-C540-45AA-8B98-D81A1CBD6974.jpeg",640,394,false],"1536x1536":["https:\/\/quehacerpolitico.mx\/wp-content\/uploads\/2021\/03\/66CB711B-C540-45AA-8B98-D81A1CBD6974.jpeg",706,435,false],"2048x2048":["https:\/\/quehacerpolitico.mx\/wp-content\/uploads\/2021\/03\/66CB711B-C540-45AA-8B98-D81A1CBD6974.jpeg",706,435,false],"covernews-featured":["https:\/\/quehacerpolitico.mx\/wp-content\/uploads\/2021\/03\/66CB711B-C540-45AA-8B98-D81A1CBD6974.jpeg",706,435,false],"covernews-medium":["https:\/\/quehacerpolitico.mx\/wp-content\/uploads\/2021\/03\/66CB711B-C540-45AA-8B98-D81A1CBD6974.jpeg",540,333,false]},"author_info":{"display_name":"Redacci\u00f3n QP","author_link":"https:\/\/quehacerpolitico.mx\/?author=2"},"category_info":"<a href=\"https:\/\/quehacerpolitico.mx\/?cat=56\" rel=\"category\">Econom\u00eda<\/a>","tag_info":"Econom\u00eda","comment_count":"0","_links":{"self":[{"href":"https:\/\/quehacerpolitico.mx\/index.php?rest_route=\/wp\/v2\/posts\/78316","targetHints":{"allow":["GET"]}}],"collection":[{"href":"https:\/\/quehacerpolitico.mx\/index.php?rest_route=\/wp\/v2\/posts"}],"about":[{"href":"https:\/\/quehacerpolitico.mx\/index.php?rest_route=\/wp\/v2\/types\/post"}],"author":[{"embeddable":true,"href":"https:\/\/quehacerpolitico.mx\/index.php?rest_route=\/wp\/v2\/users\/2"}],"replies":[{"embeddable":true,"href":"https:\/\/quehacerpolitico.mx\/index.php?rest_route=%2Fwp%2Fv2%2Fcomments&post=78316"}],"version-history":[{"count":0,"href":"https:\/\/quehacerpolitico.mx\/index.php?rest_route=\/wp\/v2\/posts\/78316\/revisions"}],"wp:featuredmedia":[{"embeddable":true,"href":"https:\/\/quehacerpolitico.mx\/index.php?rest_route=\/wp\/v2\/media\/78319"}],"wp:attachment":[{"href":"https:\/\/quehacerpolitico.mx\/index.php?rest_route=%2Fwp%2Fv2%2Fmedia&parent=78316"}],"wp:term":[{"taxonomy":"category","embeddable":true,"href":"https:\/\/quehacerpolitico.mx\/index.php?rest_route=%2Fwp%2Fv2%2Fcategories&post=78316"},{"taxonomy":"post_tag","embeddable":true,"href":"https:\/\/quehacerpolitico.mx\/index.php?rest_route=%2Fwp%2Fv2%2Ftags&post=78316"}],"curies":[{"name":"wp","href":"https:\/\/api.w.org\/{rel}","templated":true}]}}