{"id":78306,"date":"2021-03-30T22:04:03","date_gmt":"2021-03-30T22:04:03","guid":{"rendered":"https:\/\/quehacerpolitico.mx\/?p=78306"},"modified":"2021-03-30T22:04:03","modified_gmt":"2021-03-30T22:04:03","slug":"asi-fueron-los-ultimos-minutos-de-vida-de-victoria-antes-de-ser-asesinada-por-policias-en-tulum","status":"publish","type":"post","link":"https:\/\/quehacerpolitico.mx\/?p=78306","title":{"rendered":"As\u00ed fueron los \u00faltimos minutos de vida de Victoria antes de ser asesinada por polic\u00edas en Tulum"},"content":{"rendered":"<h1>As\u00ed fueron los \u00faltimos minutos de vida de Victoria antes de ser asesinada por polic\u00edas en Tulum<br \/>\nPor Redacci\u00f3n QP<\/h1>\n<p>Las im\u00e1genes fueron grabadas el 27 de marzo, poco antes de las siete de la noche, en ellas se observa a Victoria en una tienda de conveniencia.<\/p>\n<p>En redes sociales fue difundido un video con los \u00faltimos minutos de vida de la salvadore\u00f1a Victoria Esperanza Salazar, antes de ser sometida por polic\u00edas en Tulum, Quintana Roo.<\/p>\n<p>https:\/\/twitter.com\/c4jimenez\/status\/1376914560536477698?s=21<\/p>\n<p>Las im\u00e1genes fueron grabadas el 27 de marzo, poco antes de las siete de la noche, en ellas se observa a Victoria en una tienda de conveniencia.<\/p>\n<p>Estas son las claves del asesinato, ocurrido el s\u00e1bado y difundido en un v\u00eddeo el domingo, que ha despertado al movimiento <strong>#JusticiaParaVictoria<\/strong> y ha revivido acusaciones de misoginia, xenofobia y racismo contra las autoridades mexicanas.<\/p>\n<p>https:\/\/twitter.com\/c4jimenez\/status\/1376988439694966791?s=21<\/p>\n<p><strong>\u00bfQUI\u00c9N ERA VICTORIA?<\/strong><\/p>\n<p><strong>Victoria<\/strong>, de 36 a\u00f1os, viv\u00eda desde hace cinco a\u00f1os en M\u00e9xico, donde trabajaba en limpieza de hoteles con una visa humanitaria que obtuvo en 2018 tras obtener refugio de la Comisi\u00f3n Mexicana de Ayuda a Refugiados (Comar), seg\u00fan ha contado su madre, Rosibel Arriaza.<\/p>\n<p>La mujer, originaria de la ciudad de Sonsonate, ten\u00eda dos hijas de 15 y 16 a\u00f1os, pero Rosibel ha denunciado desde El Salvador que las autoridades mexicanas no le informaron del paradero de sus nietas ni de la muerte de su hija, pues se ha enterado de todo en los medios.<\/p>\n<p><strong>LA MUERTE<\/strong><\/p>\n<p>El v\u00eddeo original muestra a uno de cuatro polic\u00edas de Tulum mientras coloca su rodilla sobre el cuello de la mujer en el suelo junto a una patrulla, donde ella solo alcanza a gemir.<\/p>\n<p>La<strong> Fiscal\u00eda General del Estado (FGE) de Quintana Roo<\/strong> encontr\u00f3 una fractura en la columna de la mujer por la ruptura de la primera y segunda v\u00e9rtebra, \u201clo que provoc\u00f3 la p\u00e9rdida de la vida\u201d y \u201ccoincide con las maniobras de sometimiento que se aplicaron a la v\u00edctima durante el proceso de detenci\u00f3n\u201d.<\/p>\n<p>Los cuatro agentes, tres hombres y una mujer, ahora afrontan un proceso judicial por feminicidio.<\/p>\n<p><strong>LOS VIDEOS Y EL MOTIVO<\/strong><\/p>\n<p>Las autoridades a\u00fan no han aclarado el motivo de la detenci\u00f3n de la mujer, aunque medios locales citan una presunta alteraci\u00f3n del orden p\u00fablico.<\/p>\n<p>Pero las inc\u00f3gnitas crecieron la noche de este lunes, cuando se revel\u00f3 un segundo v\u00eddeo de seguridad en el que la mujer acude a una tienda de autoservicio a comprar agua y una persona dentro del local llama a la polic\u00eda.<\/p>\n<p>En las im\u00e1genes, la mujer ronda por la tienda con un garraf\u00f3n vac\u00edo, pero en ning\u00fan momento agrede o confronta a alg\u00fan cliente.<\/p>\n<p><strong>EL RECLAMO DE EL SALVADOR<\/strong><\/p>\n<p>La pol\u00e9mica se ha agudizado por el reclamo del presidente Nayib Bukele, quien el lunes asegur\u00f3 que \u201chay m\u00e1s agresores en este caso, tambi\u00e9n m\u00e1s v\u00edctimas\u201d y que \u201cno todos los culpables est\u00e1n arrestados\u201d.<\/p>\n<p>\u201cEl caso de Victoria es mucho peor de lo que pens\u00e1bamos. A\u00fan no podemos dar m\u00e1s informaci\u00f3n, pero el drama humano se extiende mucho m\u00e1s y deben haber varios cargos de misoginia y agresi\u00f3n (aparte del asesinato)\u201d, manifest\u00f3 en redes sociales.<\/p>\n<p>Cuestionado por estas declaraciones, el canciller de M\u00e9xico, Marcelo Ebrard, asegur\u00f3 este martes que han compartido toda la informaci\u00f3n.<\/p>\n<p>\u201cEso es lo que sabemos hasta ahora. No tenemos informaci\u00f3n adicional\u201d, afirm\u00f3.<\/p>\n<p><strong>LA REACCI\u00d3N INTERNACIONAL<\/strong><\/p>\n<p>El caso toca dos crisis actuales de M\u00e9xico, la de la violencia machista reflejada en el asesinato de m\u00e1s de 10 mujeres al d\u00eda, y la migratoria, como muestra la detenci\u00f3n de 34.993 migrantes irregulares hasta el 25 de marzo, con un aumento anual de 28 %.<\/p>\n<p>Por ello, asociaciones feministas y defensoras de migrantes protestan desde este lunes en M\u00e9xico para denunciar el racismo, xenofobia y machismo de las fuerzas de seguridad.<\/p>\n<p>El presidente de M\u00e9xico, Andr\u00e9s Manuel L\u00f3pez Obrador, ha admitido que el hecho lo \u201cllena de pena, de dolor y de verg\u00fcenza\u201d.<\/p>\n<p>Varias agencias de la ONU, como la OIM, Acnur, la ONU-DH y ONU Mujeres han exigido una investigaci\u00f3n \u201cpronta e imparcial\u201d.<\/p>\n<p><strong>LOS PR\u00d3XIMOS PASOS<\/strong><\/p>\n<p>La Comisi\u00f3n Nacional de Derechos Humanos (CNDH) anunci\u00f3 este martes una investigaci\u00f3n del caso, mientras que el presidente L\u00f3pez Obrador justific\u00f3 que la indagatoria penal corresponde a la FGE de Quintana Roo, que traslad\u00f3 a los polic\u00edas a \u201cun centro de retenci\u00f3n\u201d.<\/p>\n<p>Adem\u00e1s, el secretario Seguridad P\u00fablica del estado mexicano de Quintana Roo, Lucio Hern\u00e1ndez, anunci\u00f3 la dimisi\u00f3n del jefe de polic\u00eda del municipio Tulum, Nesguer Vicencio.<\/p>\n<p>Amnist\u00eda Internacional (AI), el Instituto de las Mujeres en la Migraci\u00f3n (IMUMI) y el Grupo de Monitoreo Independiente del Salvador (GMIES) exigieron garantizar a la familia sus derechos a la verdad, justicia, reparaci\u00f3n integral del da\u00f1o y repatriaci\u00f3n digna del cuerpo.<\/p>\n<p>Pero hasta ahora se desconoce la fecha de repatriaci\u00f3n de los restos y qui\u00e9n custodia a las hijas, que recibir\u00e1n han de recibir una manutenci\u00f3n prometida por el Gobierno de El Salvador.<\/p>\n<p>Con informaci\u00f3n de Noticieros Televisa y EFE.<\/p>\n","protected":false},"excerpt":{"rendered":"<p>As\u00ed fueron los \u00faltimos minutos de vida de Victoria antes de ser asesinada por polic\u00edas&#8230;<\/p>\n","protected":false},"author":2,"featured_media":78179,"comment_status":"open","ping_status":"open","sticky":false,"template":"","format":"standard","meta":{"_monsterinsights_skip_tracking":false,"_monsterinsights_sitenote_active":false,"_monsterinsights_sitenote_note":"","_monsterinsights_sitenote_category":0,"footnotes":""},"categories":[2],"tags":[],"class_list":["post-78306","post","type-post","status-publish","format-standard","has-post-thumbnail","hentry","category-noticias"],"yoast_head":"<!-- This site is optimized with the Yoast SEO plugin v27.3 - https:\/\/yoast.com\/product\/yoast-seo-wordpress\/ -->\n<title>As\u00ed fueron los \u00faltimos minutos de vida de Victoria antes de ser asesinada por polic\u00edas en Tulum -<\/title>\n<meta name=\"robots\" content=\"index, follow, max-snippet:-1, max-image-preview:large, max-video-preview:-1\" \/>\n<link rel=\"canonical\" href=\"https:\/\/quehacerpolitico.mx\/?p=78306\" \/>\n<meta property=\"og:locale\" content=\"es_MX\" \/>\n<meta property=\"og:type\" content=\"article\" \/>\n<meta property=\"og:title\" content=\"As\u00ed fueron los \u00faltimos minutos de vida de Victoria antes de ser asesinada por polic\u00edas en Tulum -\" \/>\n<meta property=\"og:description\" content=\"As\u00ed fueron los \u00faltimos minutos de vida de Victoria antes de ser asesinada por polic\u00edas...\" \/>\n<meta property=\"og:url\" content=\"https:\/\/quehacerpolitico.mx\/?p=78306\" \/>\n<meta property=\"article:published_time\" content=\"2021-03-30T22:04:03+00:00\" \/>\n<meta property=\"og:image\" content=\"https:\/\/quehacerpolitico.mx\/wp-content\/uploads\/2021\/03\/FCEF2317-E7E5-4B5C-AC60-2F947E71836D.jpeg\" \/>\n\t<meta property=\"og:image:width\" content=\"852\" \/>\n\t<meta property=\"og:image:height\" content=\"976\" \/>\n\t<meta property=\"og:image:type\" content=\"image\/jpeg\" \/>\n<meta name=\"author\" content=\"Redacci\u00f3n QP\" \/>\n<meta name=\"twitter:card\" content=\"summary_large_image\" \/>\n<meta name=\"twitter:label1\" content=\"Escrito por\" \/>\n\t<meta name=\"twitter:data1\" content=\"Redacci\u00f3n QP\" \/>\n\t<meta name=\"twitter:label2\" content=\"Tiempo de lectura\" \/>\n\t<meta name=\"twitter:data2\" content=\"4 minutos\" \/>\n<script type=\"application\/ld+json\" class=\"yoast-schema-graph\">{\"@context\":\"https:\\\/\\\/schema.org\",\"@graph\":[{\"@type\":\"Article\",\"@id\":\"https:\\\/\\\/quehacerpolitico.mx\\\/?p=78306#article\",\"isPartOf\":{\"@id\":\"https:\\\/\\\/quehacerpolitico.mx\\\/?p=78306\"},\"author\":{\"name\":\"Redacci\u00f3n QP\",\"@id\":\"https:\\\/\\\/quehacerpolitico.mx\\\/#\\\/schema\\\/person\\\/496d8ad2d1d3f8036101dca7ee39e585\"},\"headline\":\"As\u00ed fueron los \u00faltimos minutos de vida de Victoria antes de ser asesinada por polic\u00edas en Tulum\",\"datePublished\":\"2021-03-30T22:04:03+00:00\",\"mainEntityOfPage\":{\"@id\":\"https:\\\/\\\/quehacerpolitico.mx\\\/?p=78306\"},\"wordCount\":917,\"commentCount\":0,\"image\":{\"@id\":\"https:\\\/\\\/quehacerpolitico.mx\\\/?p=78306#primaryimage\"},\"thumbnailUrl\":\"https:\\\/\\\/quehacerpolitico.mx\\\/wp-content\\\/uploads\\\/2021\\\/03\\\/FCEF2317-E7E5-4B5C-AC60-2F947E71836D.jpeg\",\"articleSection\":[\"Noticias\"],\"inLanguage\":\"es\",\"potentialAction\":[{\"@type\":\"CommentAction\",\"name\":\"Comment\",\"target\":[\"https:\\\/\\\/quehacerpolitico.mx\\\/?p=78306#respond\"]}]},{\"@type\":\"WebPage\",\"@id\":\"https:\\\/\\\/quehacerpolitico.mx\\\/?p=78306\",\"url\":\"https:\\\/\\\/quehacerpolitico.mx\\\/?p=78306\",\"name\":\"As\u00ed fueron los \u00faltimos minutos de vida de Victoria antes de ser asesinada por polic\u00edas en Tulum -\",\"isPartOf\":{\"@id\":\"https:\\\/\\\/quehacerpolitico.mx\\\/#website\"},\"primaryImageOfPage\":{\"@id\":\"https:\\\/\\\/quehacerpolitico.mx\\\/?p=78306#primaryimage\"},\"image\":{\"@id\":\"https:\\\/\\\/quehacerpolitico.mx\\\/?p=78306#primaryimage\"},\"thumbnailUrl\":\"https:\\\/\\\/quehacerpolitico.mx\\\/wp-content\\\/uploads\\\/2021\\\/03\\\/FCEF2317-E7E5-4B5C-AC60-2F947E71836D.jpeg\",\"datePublished\":\"2021-03-30T22:04:03+00:00\",\"author\":{\"@id\":\"https:\\\/\\\/quehacerpolitico.mx\\\/#\\\/schema\\\/person\\\/496d8ad2d1d3f8036101dca7ee39e585\"},\"breadcrumb\":{\"@id\":\"https:\\\/\\\/quehacerpolitico.mx\\\/?p=78306#breadcrumb\"},\"inLanguage\":\"es\",\"potentialAction\":[{\"@type\":\"ReadAction\",\"target\":[\"https:\\\/\\\/quehacerpolitico.mx\\\/?p=78306\"]}]},{\"@type\":\"ImageObject\",\"inLanguage\":\"es\",\"@id\":\"https:\\\/\\\/quehacerpolitico.mx\\\/?p=78306#primaryimage\",\"url\":\"https:\\\/\\\/quehacerpolitico.mx\\\/wp-content\\\/uploads\\\/2021\\\/03\\\/FCEF2317-E7E5-4B5C-AC60-2F947E71836D.jpeg\",\"contentUrl\":\"https:\\\/\\\/quehacerpolitico.mx\\\/wp-content\\\/uploads\\\/2021\\\/03\\\/FCEF2317-E7E5-4B5C-AC60-2F947E71836D.jpeg\",\"width\":852,\"height\":976},{\"@type\":\"BreadcrumbList\",\"@id\":\"https:\\\/\\\/quehacerpolitico.mx\\\/?p=78306#breadcrumb\",\"itemListElement\":[{\"@type\":\"ListItem\",\"position\":1,\"name\":\"Inicio\",\"item\":\"https:\\\/\\\/quehacerpolitico.mx\\\/\"},{\"@type\":\"ListItem\",\"position\":2,\"name\":\"As\u00ed fueron los \u00faltimos minutos de vida de Victoria antes de ser asesinada por polic\u00edas en Tulum\"}]},{\"@type\":\"WebSite\",\"@id\":\"https:\\\/\\\/quehacerpolitico.mx\\\/#website\",\"url\":\"https:\\\/\\\/quehacerpolitico.mx\\\/\",\"name\":\"\",\"description\":\"\",\"potentialAction\":[{\"@type\":\"SearchAction\",\"target\":{\"@type\":\"EntryPoint\",\"urlTemplate\":\"https:\\\/\\\/quehacerpolitico.mx\\\/?s={search_term_string}\"},\"query-input\":{\"@type\":\"PropertyValueSpecification\",\"valueRequired\":true,\"valueName\":\"search_term_string\"}}],\"inLanguage\":\"es\"},{\"@type\":\"Person\",\"@id\":\"https:\\\/\\\/quehacerpolitico.mx\\\/#\\\/schema\\\/person\\\/496d8ad2d1d3f8036101dca7ee39e585\",\"name\":\"Redacci\u00f3n QP\",\"image\":{\"@type\":\"ImageObject\",\"inLanguage\":\"es\",\"@id\":\"https:\\\/\\\/secure.gravatar.com\\\/avatar\\\/c7164ed6fdec453195284ad24a5ae5b6e1eed2b848477fa2a4787ba9adf39a41?s=96&d=mm&r=g\",\"url\":\"https:\\\/\\\/secure.gravatar.com\\\/avatar\\\/c7164ed6fdec453195284ad24a5ae5b6e1eed2b848477fa2a4787ba9adf39a41?s=96&d=mm&r=g\",\"contentUrl\":\"https:\\\/\\\/secure.gravatar.com\\\/avatar\\\/c7164ed6fdec453195284ad24a5ae5b6e1eed2b848477fa2a4787ba9adf39a41?s=96&d=mm&r=g\",\"caption\":\"Redacci\u00f3n QP\"},\"url\":\"https:\\\/\\\/quehacerpolitico.mx\\\/?author=2\"}]}<\/script>\n<!-- \/ Yoast SEO plugin. -->","yoast_head_json":{"title":"As\u00ed fueron los \u00faltimos minutos de vida de Victoria antes de ser asesinada por polic\u00edas en Tulum -","robots":{"index":"index","follow":"follow","max-snippet":"max-snippet:-1","max-image-preview":"max-image-preview:large","max-video-preview":"max-video-preview:-1"},"canonical":"https:\/\/quehacerpolitico.mx\/?p=78306","og_locale":"es_MX","og_type":"article","og_title":"As\u00ed fueron los \u00faltimos minutos de vida de Victoria antes de ser asesinada por polic\u00edas en Tulum -","og_description":"As\u00ed fueron los \u00faltimos minutos de vida de Victoria antes de ser asesinada por polic\u00edas...","og_url":"https:\/\/quehacerpolitico.mx\/?p=78306","article_published_time":"2021-03-30T22:04:03+00:00","og_image":[{"width":852,"height":976,"url":"https:\/\/quehacerpolitico.mx\/wp-content\/uploads\/2021\/03\/FCEF2317-E7E5-4B5C-AC60-2F947E71836D.jpeg","type":"image\/jpeg"}],"author":"Redacci\u00f3n QP","twitter_card":"summary_large_image","twitter_misc":{"Escrito por":"Redacci\u00f3n QP","Tiempo de lectura":"4 minutos"},"schema":{"@context":"https:\/\/schema.org","@graph":[{"@type":"Article","@id":"https:\/\/quehacerpolitico.mx\/?p=78306#article","isPartOf":{"@id":"https:\/\/quehacerpolitico.mx\/?p=78306"},"author":{"name":"Redacci\u00f3n QP","@id":"https:\/\/quehacerpolitico.mx\/#\/schema\/person\/496d8ad2d1d3f8036101dca7ee39e585"},"headline":"As\u00ed fueron los \u00faltimos minutos de vida de Victoria antes de ser asesinada por polic\u00edas en Tulum","datePublished":"2021-03-30T22:04:03+00:00","mainEntityOfPage":{"@id":"https:\/\/quehacerpolitico.mx\/?p=78306"},"wordCount":917,"commentCount":0,"image":{"@id":"https:\/\/quehacerpolitico.mx\/?p=78306#primaryimage"},"thumbnailUrl":"https:\/\/quehacerpolitico.mx\/wp-content\/uploads\/2021\/03\/FCEF2317-E7E5-4B5C-AC60-2F947E71836D.jpeg","articleSection":["Noticias"],"inLanguage":"es","potentialAction":[{"@type":"CommentAction","name":"Comment","target":["https:\/\/quehacerpolitico.mx\/?p=78306#respond"]}]},{"@type":"WebPage","@id":"https:\/\/quehacerpolitico.mx\/?p=78306","url":"https:\/\/quehacerpolitico.mx\/?p=78306","name":"As\u00ed fueron los \u00faltimos minutos de vida de Victoria antes de ser asesinada por polic\u00edas en Tulum -","isPartOf":{"@id":"https:\/\/quehacerpolitico.mx\/#website"},"primaryImageOfPage":{"@id":"https:\/\/quehacerpolitico.mx\/?p=78306#primaryimage"},"image":{"@id":"https:\/\/quehacerpolitico.mx\/?p=78306#primaryimage"},"thumbnailUrl":"https:\/\/quehacerpolitico.mx\/wp-content\/uploads\/2021\/03\/FCEF2317-E7E5-4B5C-AC60-2F947E71836D.jpeg","datePublished":"2021-03-30T22:04:03+00:00","author":{"@id":"https:\/\/quehacerpolitico.mx\/#\/schema\/person\/496d8ad2d1d3f8036101dca7ee39e585"},"breadcrumb":{"@id":"https:\/\/quehacerpolitico.mx\/?p=78306#breadcrumb"},"inLanguage":"es","potentialAction":[{"@type":"ReadAction","target":["https:\/\/quehacerpolitico.mx\/?p=78306"]}]},{"@type":"ImageObject","inLanguage":"es","@id":"https:\/\/quehacerpolitico.mx\/?p=78306#primaryimage","url":"https:\/\/quehacerpolitico.mx\/wp-content\/uploads\/2021\/03\/FCEF2317-E7E5-4B5C-AC60-2F947E71836D.jpeg","contentUrl":"https:\/\/quehacerpolitico.mx\/wp-content\/uploads\/2021\/03\/FCEF2317-E7E5-4B5C-AC60-2F947E71836D.jpeg","width":852,"height":976},{"@type":"BreadcrumbList","@id":"https:\/\/quehacerpolitico.mx\/?p=78306#breadcrumb","itemListElement":[{"@type":"ListItem","position":1,"name":"Inicio","item":"https:\/\/quehacerpolitico.mx\/"},{"@type":"ListItem","position":2,"name":"As\u00ed fueron los \u00faltimos minutos de vida de Victoria antes de ser asesinada por polic\u00edas en Tulum"}]},{"@type":"WebSite","@id":"https:\/\/quehacerpolitico.mx\/#website","url":"https:\/\/quehacerpolitico.mx\/","name":"","description":"","potentialAction":[{"@type":"SearchAction","target":{"@type":"EntryPoint","urlTemplate":"https:\/\/quehacerpolitico.mx\/?s={search_term_string}"},"query-input":{"@type":"PropertyValueSpecification","valueRequired":true,"valueName":"search_term_string"}}],"inLanguage":"es"},{"@type":"Person","@id":"https:\/\/quehacerpolitico.mx\/#\/schema\/person\/496d8ad2d1d3f8036101dca7ee39e585","name":"Redacci\u00f3n QP","image":{"@type":"ImageObject","inLanguage":"es","@id":"https:\/\/secure.gravatar.com\/avatar\/c7164ed6fdec453195284ad24a5ae5b6e1eed2b848477fa2a4787ba9adf39a41?s=96&d=mm&r=g","url":"https:\/\/secure.gravatar.com\/avatar\/c7164ed6fdec453195284ad24a5ae5b6e1eed2b848477fa2a4787ba9adf39a41?s=96&d=mm&r=g","contentUrl":"https:\/\/secure.gravatar.com\/avatar\/c7164ed6fdec453195284ad24a5ae5b6e1eed2b848477fa2a4787ba9adf39a41?s=96&d=mm&r=g","caption":"Redacci\u00f3n QP"},"url":"https:\/\/quehacerpolitico.mx\/?author=2"}]}},"featured_image_urls":{"full":["https:\/\/quehacerpolitico.mx\/wp-content\/uploads\/2021\/03\/FCEF2317-E7E5-4B5C-AC60-2F947E71836D.jpeg",852,976,false],"thumbnail":["https:\/\/quehacerpolitico.mx\/wp-content\/uploads\/2021\/03\/FCEF2317-E7E5-4B5C-AC60-2F947E71836D-150x150.jpeg",150,150,true],"medium":["https:\/\/quehacerpolitico.mx\/wp-content\/uploads\/2021\/03\/FCEF2317-E7E5-4B5C-AC60-2F947E71836D-262x300.jpeg",262,300,true],"medium_large":["https:\/\/quehacerpolitico.mx\/wp-content\/uploads\/2021\/03\/FCEF2317-E7E5-4B5C-AC60-2F947E71836D-768x880.jpeg",640,733,true],"large":["https:\/\/quehacerpolitico.mx\/wp-content\/uploads\/2021\/03\/FCEF2317-E7E5-4B5C-AC60-2F947E71836D.jpeg",640,733,false],"1536x1536":["https:\/\/quehacerpolitico.mx\/wp-content\/uploads\/2021\/03\/FCEF2317-E7E5-4B5C-AC60-2F947E71836D.jpeg",852,976,false],"2048x2048":["https:\/\/quehacerpolitico.mx\/wp-content\/uploads\/2021\/03\/FCEF2317-E7E5-4B5C-AC60-2F947E71836D.jpeg",852,976,false],"covernews-featured":["https:\/\/quehacerpolitico.mx\/wp-content\/uploads\/2021\/03\/FCEF2317-E7E5-4B5C-AC60-2F947E71836D.jpeg",852,976,false],"covernews-medium":["https:\/\/quehacerpolitico.mx\/wp-content\/uploads\/2021\/03\/FCEF2317-E7E5-4B5C-AC60-2F947E71836D.jpeg",297,340,false]},"author_info":{"display_name":"Redacci\u00f3n QP","author_link":"https:\/\/quehacerpolitico.mx\/?author=2"},"category_info":"<a href=\"https:\/\/quehacerpolitico.mx\/?cat=2\" rel=\"category\">Noticias<\/a>","tag_info":"Noticias","comment_count":"0","_links":{"self":[{"href":"https:\/\/quehacerpolitico.mx\/index.php?rest_route=\/wp\/v2\/posts\/78306","targetHints":{"allow":["GET"]}}],"collection":[{"href":"https:\/\/quehacerpolitico.mx\/index.php?rest_route=\/wp\/v2\/posts"}],"about":[{"href":"https:\/\/quehacerpolitico.mx\/index.php?rest_route=\/wp\/v2\/types\/post"}],"author":[{"embeddable":true,"href":"https:\/\/quehacerpolitico.mx\/index.php?rest_route=\/wp\/v2\/users\/2"}],"replies":[{"embeddable":true,"href":"https:\/\/quehacerpolitico.mx\/index.php?rest_route=%2Fwp%2Fv2%2Fcomments&post=78306"}],"version-history":[{"count":0,"href":"https:\/\/quehacerpolitico.mx\/index.php?rest_route=\/wp\/v2\/posts\/78306\/revisions"}],"wp:featuredmedia":[{"embeddable":true,"href":"https:\/\/quehacerpolitico.mx\/index.php?rest_route=\/wp\/v2\/media\/78179"}],"wp:attachment":[{"href":"https:\/\/quehacerpolitico.mx\/index.php?rest_route=%2Fwp%2Fv2%2Fmedia&parent=78306"}],"wp:term":[{"taxonomy":"category","embeddable":true,"href":"https:\/\/quehacerpolitico.mx\/index.php?rest_route=%2Fwp%2Fv2%2Fcategories&post=78306"},{"taxonomy":"post_tag","embeddable":true,"href":"https:\/\/quehacerpolitico.mx\/index.php?rest_route=%2Fwp%2Fv2%2Ftags&post=78306"}],"curies":[{"name":"wp","href":"https:\/\/api.w.org\/{rel}","templated":true}]}}