{"id":78287,"date":"2021-03-30T19:19:39","date_gmt":"2021-03-30T19:19:39","guid":{"rendered":"https:\/\/quehacerpolitico.mx\/?p=78287"},"modified":"2021-03-30T19:19:39","modified_gmt":"2021-03-30T19:19:39","slug":"estos-16-municipios-del-estado-de-mexico-se-suman-la-vacunacion-contra-covid-19","status":"publish","type":"post","link":"https:\/\/quehacerpolitico.mx\/?p=78287","title":{"rendered":"Estos 16 municipios del Estado de M\u00e9xico se suman a la vacunaci\u00f3n contra COVID-19"},"content":{"rendered":"<h1>Estos 16 municipios del Estado de M\u00e9xico se suman a la vacunaci\u00f3n contra COVID-19<br \/>\nPor Redacci\u00f3n QP<\/h1>\n<p>Se esperan vacunar a m\u00e1s de 650 mil mexiquenses<\/p>\n<p><strong>Estos 16 municipios<\/strong> del Estado de Mexico se sumaron a la <strong>vacunaci\u00f3n contra COVID-19<\/strong>, desde el 31 de marzo. Se esperan vacunar a m\u00e1s de 650 mil mexiquenses.<\/p>\n<h2>\u00bfCu\u00e1les son los municipios donde se aplicar\u00e1 la primera dosis?<\/h2>\n<p>Los municipios en donde se realizar\u00e1 la aplicaci\u00f3n de la <strong>primera dosis del biol\u00f3gico<\/strong> son Naucalpan, Tlalnepantla, Cuautitl\u00e1n Izcalli, Atizap\u00e1n de Zaragoza, Tultitl\u00e1n, Nicol\u00e1s Romero, Ixtapaluca, Tec\u00e1mac, Valle de Chalco, La Paz, Zumpango, Chicoloapan, Cuautitl\u00e1n, Acolman, Lerma y Chalco.<\/p>\n<blockquote class=\"twitter-tweet\" data-width=\"550\" data-dnt=\"true\">\n<p lang=\"es\" dir=\"ltr\">\ud83d\udea8 \u00a1ATENCI\u00d3N!<\/p>\n<p>A partir del 31 de marzo comienza la vacunaci\u00f3n de adultos mayores contra <a href=\"https:\/\/twitter.com\/hashtag\/Covid_19mx?src=hash&amp;ref_src=twsrc%5Etfw\">#Covid_19mx<\/a> en 16 municipios del <a href=\"https:\/\/twitter.com\/hashtag\/Edom%C3%A9x?src=hash&amp;ref_src=twsrc%5Etfw\">#Edom\u00e9x<\/a>.<\/p>\n<p>\ud83d\udd3aProyectan autoridades de los tres niveles de gobierno vacunar a m\u00e1s de 650 milmexiquenses.<br \/>\u00a0<br \/>M\u00e1s detalles: <a href=\"https:\/\/t.co\/h2FmiwYv2q\">https:\/\/t.co\/h2FmiwYv2q<\/a> <a href=\"https:\/\/t.co\/Tmp0TgSd7n\">pic.twitter.com\/Tmp0TgSd7n<\/a><\/p>\n<p>&mdash; Edom\u00e9x Informa (@edomexinforma_) <a href=\"https:\/\/twitter.com\/edomexinforma_\/status\/1376729926498410503?ref_src=twsrc%5Etfw\">March 30, 2021<\/a><\/p><\/blockquote>\n<p><script async src=\"https:\/\/platform.twitter.com\/widgets.js\" charset=\"utf-8\"><\/script><\/p>\n<h2>Estas son las fechas de vacunaci\u00f3n<\/h2>\n<p>En los municipios de Naucalpan y Tlalnepantla, la jornada <strong>se realizar\u00e1 del 31 de marzo al 4 de abril<\/strong>; en Cuautitl\u00e1n Izcalli, Atizap\u00e1n de Zaragoza y Nicol\u00e1s Romero, del 31 de marzo al 3 de abril; en Tultitl\u00e1n, Ixtapaluca, Tec\u00e1mac, Valle de Chalco, La Paz, Zumpango, Chicoloapan, Cuautitl\u00e1n y Acolman, del <strong>31 de marzo al 2 de abril<\/strong>; en Lerma del <strong>1 al 3 de abril<\/strong>, y en Chalco <strong>del 5 al 7 de abril<\/strong>.<\/p>\n<h2>\u00bfCu\u00e1l es el horario de vacunaci\u00f3n en estos municipios?<\/h2>\n<p>El <strong>horario de atenci\u00f3n ser\u00e1 de 9:00 a 17:00 horas<\/strong>, y podr\u00e1n ser vacunados los adultos de 60 a\u00f1os de edad o mayores que radiquen en dichas localidades y presenten el registro <strong><a href=\"https:\/\/mivacuna.salud.gob.mx\/index.php\" target=\"_blank\" rel=\"noopener\">aqu\u00ed<\/a><\/strong>, adem\u00e1s de presentar una identificaci\u00f3n oficial.<\/p>\n<h2>\u00bfQu\u00e9 documentos pueden presentarse pasa ser vacunado?<\/h2>\n<p>En caso de no tenerse este tr\u00e1mite, se podr\u00e1 llevar:<\/p>\n<ul>\n<li>Credencial del INE o del INAPAM.<\/li>\n<li>Copia impresa de la CURP.<\/li>\n<li>Si se lleva una identificaci\u00f3n oficial en la que no aparezca tu direcci\u00f3n, debe mostrarse adem\u00e1s la CURP impresa y una constancia domiciliaria reciente.<\/li>\n<\/ul>\n<p>Autoridades reiteran que la <strong>vacunaci\u00f3n es segura y gratuita<\/strong>. Se exhorta a quienes ya fueron vacunados a seguir con las medidas sanitarias preventivas como son uso correcto de cubrebocas, caretas y goggles, lavado frecuente de manos y sana distancia.<\/p>\n<p>A trav\u00e9s de las <strong>redes sociales<\/strong> y medios oficiales se publicar\u00e1 la ubicaci\u00f3n de las <strong>sedes<\/strong>, as\u00ed como el tipo de convocatoria que se realizar\u00e1 para cada uno de los municipios.<\/p>\n<p><em>Con informaci\u00f3n del Gobierno del Estado de M\u00e9xico<\/em><\/p>\n","protected":false},"excerpt":{"rendered":"<p>Estos 16 municipios del Estado de M\u00e9xico se suman a la vacunaci\u00f3n contra COVID-19 Por&#8230;<\/p>\n","protected":false},"author":2,"featured_media":78291,"comment_status":"open","ping_status":"open","sticky":false,"template":"","format":"standard","meta":{"_monsterinsights_skip_tracking":false,"_monsterinsights_sitenote_active":false,"_monsterinsights_sitenote_note":"","_monsterinsights_sitenote_category":0,"footnotes":""},"categories":[2],"tags":[],"class_list":["post-78287","post","type-post","status-publish","format-standard","has-post-thumbnail","hentry","category-noticias"],"yoast_head":"<!-- This site is optimized with the Yoast SEO plugin v27.3 - https:\/\/yoast.com\/product\/yoast-seo-wordpress\/ -->\n<title>Estos 16 municipios del Estado de M\u00e9xico se suman a la vacunaci\u00f3n contra COVID-19 -<\/title>\n<meta name=\"robots\" content=\"index, follow, max-snippet:-1, max-image-preview:large, max-video-preview:-1\" \/>\n<link rel=\"canonical\" href=\"https:\/\/quehacerpolitico.mx\/?p=78287\" \/>\n<meta property=\"og:locale\" content=\"es_MX\" \/>\n<meta property=\"og:type\" content=\"article\" \/>\n<meta property=\"og:title\" content=\"Estos 16 municipios del Estado de M\u00e9xico se suman a la vacunaci\u00f3n contra COVID-19 -\" \/>\n<meta property=\"og:description\" content=\"Estos 16 municipios del Estado de M\u00e9xico se suman a la vacunaci\u00f3n contra COVID-19 Por...\" \/>\n<meta property=\"og:url\" content=\"https:\/\/quehacerpolitico.mx\/?p=78287\" \/>\n<meta property=\"article:published_time\" content=\"2021-03-30T19:19:39+00:00\" \/>\n<meta property=\"og:image\" content=\"https:\/\/quehacerpolitico.mx\/wp-content\/uploads\/2021\/03\/112B6B02-9E40-461F-B3EF-A37945490056.jpeg\" \/>\n\t<meta property=\"og:image:width\" content=\"702\" \/>\n\t<meta property=\"og:image:height\" content=\"437\" \/>\n\t<meta property=\"og:image:type\" content=\"image\/jpeg\" \/>\n<meta name=\"author\" content=\"Redacci\u00f3n QP\" \/>\n<meta name=\"twitter:card\" content=\"summary_large_image\" \/>\n<meta name=\"twitter:label1\" content=\"Escrito por\" \/>\n\t<meta name=\"twitter:data1\" content=\"Redacci\u00f3n QP\" \/>\n\t<meta name=\"twitter:label2\" content=\"Tiempo de lectura\" \/>\n\t<meta name=\"twitter:data2\" content=\"2 minutos\" \/>\n<script type=\"application\/ld+json\" class=\"yoast-schema-graph\">{\"@context\":\"https:\\\/\\\/schema.org\",\"@graph\":[{\"@type\":\"Article\",\"@id\":\"https:\\\/\\\/quehacerpolitico.mx\\\/?p=78287#article\",\"isPartOf\":{\"@id\":\"https:\\\/\\\/quehacerpolitico.mx\\\/?p=78287\"},\"author\":{\"name\":\"Redacci\u00f3n QP\",\"@id\":\"https:\\\/\\\/quehacerpolitico.mx\\\/#\\\/schema\\\/person\\\/496d8ad2d1d3f8036101dca7ee39e585\"},\"headline\":\"Estos 16 municipios del Estado de M\u00e9xico se suman a la vacunaci\u00f3n contra COVID-19\",\"datePublished\":\"2021-03-30T19:19:39+00:00\",\"mainEntityOfPage\":{\"@id\":\"https:\\\/\\\/quehacerpolitico.mx\\\/?p=78287\"},\"wordCount\":403,\"commentCount\":0,\"image\":{\"@id\":\"https:\\\/\\\/quehacerpolitico.mx\\\/?p=78287#primaryimage\"},\"thumbnailUrl\":\"https:\\\/\\\/quehacerpolitico.mx\\\/wp-content\\\/uploads\\\/2021\\\/03\\\/112B6B02-9E40-461F-B3EF-A37945490056.jpeg\",\"articleSection\":[\"Noticias\"],\"inLanguage\":\"es\",\"potentialAction\":[{\"@type\":\"CommentAction\",\"name\":\"Comment\",\"target\":[\"https:\\\/\\\/quehacerpolitico.mx\\\/?p=78287#respond\"]}]},{\"@type\":\"WebPage\",\"@id\":\"https:\\\/\\\/quehacerpolitico.mx\\\/?p=78287\",\"url\":\"https:\\\/\\\/quehacerpolitico.mx\\\/?p=78287\",\"name\":\"Estos 16 municipios del Estado de M\u00e9xico se suman a la vacunaci\u00f3n contra COVID-19 -\",\"isPartOf\":{\"@id\":\"https:\\\/\\\/quehacerpolitico.mx\\\/#website\"},\"primaryImageOfPage\":{\"@id\":\"https:\\\/\\\/quehacerpolitico.mx\\\/?p=78287#primaryimage\"},\"image\":{\"@id\":\"https:\\\/\\\/quehacerpolitico.mx\\\/?p=78287#primaryimage\"},\"thumbnailUrl\":\"https:\\\/\\\/quehacerpolitico.mx\\\/wp-content\\\/uploads\\\/2021\\\/03\\\/112B6B02-9E40-461F-B3EF-A37945490056.jpeg\",\"datePublished\":\"2021-03-30T19:19:39+00:00\",\"author\":{\"@id\":\"https:\\\/\\\/quehacerpolitico.mx\\\/#\\\/schema\\\/person\\\/496d8ad2d1d3f8036101dca7ee39e585\"},\"breadcrumb\":{\"@id\":\"https:\\\/\\\/quehacerpolitico.mx\\\/?p=78287#breadcrumb\"},\"inLanguage\":\"es\",\"potentialAction\":[{\"@type\":\"ReadAction\",\"target\":[\"https:\\\/\\\/quehacerpolitico.mx\\\/?p=78287\"]}]},{\"@type\":\"ImageObject\",\"inLanguage\":\"es\",\"@id\":\"https:\\\/\\\/quehacerpolitico.mx\\\/?p=78287#primaryimage\",\"url\":\"https:\\\/\\\/quehacerpolitico.mx\\\/wp-content\\\/uploads\\\/2021\\\/03\\\/112B6B02-9E40-461F-B3EF-A37945490056.jpeg\",\"contentUrl\":\"https:\\\/\\\/quehacerpolitico.mx\\\/wp-content\\\/uploads\\\/2021\\\/03\\\/112B6B02-9E40-461F-B3EF-A37945490056.jpeg\",\"width\":702,\"height\":437},{\"@type\":\"BreadcrumbList\",\"@id\":\"https:\\\/\\\/quehacerpolitico.mx\\\/?p=78287#breadcrumb\",\"itemListElement\":[{\"@type\":\"ListItem\",\"position\":1,\"name\":\"Inicio\",\"item\":\"https:\\\/\\\/quehacerpolitico.mx\\\/\"},{\"@type\":\"ListItem\",\"position\":2,\"name\":\"Estos 16 municipios del Estado de M\u00e9xico se suman a la vacunaci\u00f3n contra COVID-19\"}]},{\"@type\":\"WebSite\",\"@id\":\"https:\\\/\\\/quehacerpolitico.mx\\\/#website\",\"url\":\"https:\\\/\\\/quehacerpolitico.mx\\\/\",\"name\":\"\",\"description\":\"\",\"potentialAction\":[{\"@type\":\"SearchAction\",\"target\":{\"@type\":\"EntryPoint\",\"urlTemplate\":\"https:\\\/\\\/quehacerpolitico.mx\\\/?s={search_term_string}\"},\"query-input\":{\"@type\":\"PropertyValueSpecification\",\"valueRequired\":true,\"valueName\":\"search_term_string\"}}],\"inLanguage\":\"es\"},{\"@type\":\"Person\",\"@id\":\"https:\\\/\\\/quehacerpolitico.mx\\\/#\\\/schema\\\/person\\\/496d8ad2d1d3f8036101dca7ee39e585\",\"name\":\"Redacci\u00f3n QP\",\"image\":{\"@type\":\"ImageObject\",\"inLanguage\":\"es\",\"@id\":\"https:\\\/\\\/secure.gravatar.com\\\/avatar\\\/c7164ed6fdec453195284ad24a5ae5b6e1eed2b848477fa2a4787ba9adf39a41?s=96&d=mm&r=g\",\"url\":\"https:\\\/\\\/secure.gravatar.com\\\/avatar\\\/c7164ed6fdec453195284ad24a5ae5b6e1eed2b848477fa2a4787ba9adf39a41?s=96&d=mm&r=g\",\"contentUrl\":\"https:\\\/\\\/secure.gravatar.com\\\/avatar\\\/c7164ed6fdec453195284ad24a5ae5b6e1eed2b848477fa2a4787ba9adf39a41?s=96&d=mm&r=g\",\"caption\":\"Redacci\u00f3n QP\"},\"url\":\"https:\\\/\\\/quehacerpolitico.mx\\\/?author=2\"}]}<\/script>\n<!-- \/ Yoast SEO plugin. -->","yoast_head_json":{"title":"Estos 16 municipios del Estado de M\u00e9xico se suman a la vacunaci\u00f3n contra COVID-19 -","robots":{"index":"index","follow":"follow","max-snippet":"max-snippet:-1","max-image-preview":"max-image-preview:large","max-video-preview":"max-video-preview:-1"},"canonical":"https:\/\/quehacerpolitico.mx\/?p=78287","og_locale":"es_MX","og_type":"article","og_title":"Estos 16 municipios del Estado de M\u00e9xico se suman a la vacunaci\u00f3n contra COVID-19 -","og_description":"Estos 16 municipios del Estado de M\u00e9xico se suman a la vacunaci\u00f3n contra COVID-19 Por...","og_url":"https:\/\/quehacerpolitico.mx\/?p=78287","article_published_time":"2021-03-30T19:19:39+00:00","og_image":[{"width":702,"height":437,"url":"https:\/\/quehacerpolitico.mx\/wp-content\/uploads\/2021\/03\/112B6B02-9E40-461F-B3EF-A37945490056.jpeg","type":"image\/jpeg"}],"author":"Redacci\u00f3n QP","twitter_card":"summary_large_image","twitter_misc":{"Escrito por":"Redacci\u00f3n QP","Tiempo de lectura":"2 minutos"},"schema":{"@context":"https:\/\/schema.org","@graph":[{"@type":"Article","@id":"https:\/\/quehacerpolitico.mx\/?p=78287#article","isPartOf":{"@id":"https:\/\/quehacerpolitico.mx\/?p=78287"},"author":{"name":"Redacci\u00f3n QP","@id":"https:\/\/quehacerpolitico.mx\/#\/schema\/person\/496d8ad2d1d3f8036101dca7ee39e585"},"headline":"Estos 16 municipios del Estado de M\u00e9xico se suman a la vacunaci\u00f3n contra COVID-19","datePublished":"2021-03-30T19:19:39+00:00","mainEntityOfPage":{"@id":"https:\/\/quehacerpolitico.mx\/?p=78287"},"wordCount":403,"commentCount":0,"image":{"@id":"https:\/\/quehacerpolitico.mx\/?p=78287#primaryimage"},"thumbnailUrl":"https:\/\/quehacerpolitico.mx\/wp-content\/uploads\/2021\/03\/112B6B02-9E40-461F-B3EF-A37945490056.jpeg","articleSection":["Noticias"],"inLanguage":"es","potentialAction":[{"@type":"CommentAction","name":"Comment","target":["https:\/\/quehacerpolitico.mx\/?p=78287#respond"]}]},{"@type":"WebPage","@id":"https:\/\/quehacerpolitico.mx\/?p=78287","url":"https:\/\/quehacerpolitico.mx\/?p=78287","name":"Estos 16 municipios del Estado de M\u00e9xico se suman a la vacunaci\u00f3n contra COVID-19 -","isPartOf":{"@id":"https:\/\/quehacerpolitico.mx\/#website"},"primaryImageOfPage":{"@id":"https:\/\/quehacerpolitico.mx\/?p=78287#primaryimage"},"image":{"@id":"https:\/\/quehacerpolitico.mx\/?p=78287#primaryimage"},"thumbnailUrl":"https:\/\/quehacerpolitico.mx\/wp-content\/uploads\/2021\/03\/112B6B02-9E40-461F-B3EF-A37945490056.jpeg","datePublished":"2021-03-30T19:19:39+00:00","author":{"@id":"https:\/\/quehacerpolitico.mx\/#\/schema\/person\/496d8ad2d1d3f8036101dca7ee39e585"},"breadcrumb":{"@id":"https:\/\/quehacerpolitico.mx\/?p=78287#breadcrumb"},"inLanguage":"es","potentialAction":[{"@type":"ReadAction","target":["https:\/\/quehacerpolitico.mx\/?p=78287"]}]},{"@type":"ImageObject","inLanguage":"es","@id":"https:\/\/quehacerpolitico.mx\/?p=78287#primaryimage","url":"https:\/\/quehacerpolitico.mx\/wp-content\/uploads\/2021\/03\/112B6B02-9E40-461F-B3EF-A37945490056.jpeg","contentUrl":"https:\/\/quehacerpolitico.mx\/wp-content\/uploads\/2021\/03\/112B6B02-9E40-461F-B3EF-A37945490056.jpeg","width":702,"height":437},{"@type":"BreadcrumbList","@id":"https:\/\/quehacerpolitico.mx\/?p=78287#breadcrumb","itemListElement":[{"@type":"ListItem","position":1,"name":"Inicio","item":"https:\/\/quehacerpolitico.mx\/"},{"@type":"ListItem","position":2,"name":"Estos 16 municipios del Estado de M\u00e9xico se suman a la vacunaci\u00f3n contra COVID-19"}]},{"@type":"WebSite","@id":"https:\/\/quehacerpolitico.mx\/#website","url":"https:\/\/quehacerpolitico.mx\/","name":"","description":"","potentialAction":[{"@type":"SearchAction","target":{"@type":"EntryPoint","urlTemplate":"https:\/\/quehacerpolitico.mx\/?s={search_term_string}"},"query-input":{"@type":"PropertyValueSpecification","valueRequired":true,"valueName":"search_term_string"}}],"inLanguage":"es"},{"@type":"Person","@id":"https:\/\/quehacerpolitico.mx\/#\/schema\/person\/496d8ad2d1d3f8036101dca7ee39e585","name":"Redacci\u00f3n QP","image":{"@type":"ImageObject","inLanguage":"es","@id":"https:\/\/secure.gravatar.com\/avatar\/c7164ed6fdec453195284ad24a5ae5b6e1eed2b848477fa2a4787ba9adf39a41?s=96&d=mm&r=g","url":"https:\/\/secure.gravatar.com\/avatar\/c7164ed6fdec453195284ad24a5ae5b6e1eed2b848477fa2a4787ba9adf39a41?s=96&d=mm&r=g","contentUrl":"https:\/\/secure.gravatar.com\/avatar\/c7164ed6fdec453195284ad24a5ae5b6e1eed2b848477fa2a4787ba9adf39a41?s=96&d=mm&r=g","caption":"Redacci\u00f3n QP"},"url":"https:\/\/quehacerpolitico.mx\/?author=2"}]}},"featured_image_urls":{"full":["https:\/\/quehacerpolitico.mx\/wp-content\/uploads\/2021\/03\/112B6B02-9E40-461F-B3EF-A37945490056.jpeg",702,437,false],"thumbnail":["https:\/\/quehacerpolitico.mx\/wp-content\/uploads\/2021\/03\/112B6B02-9E40-461F-B3EF-A37945490056-150x150.jpeg",150,150,true],"medium":["https:\/\/quehacerpolitico.mx\/wp-content\/uploads\/2021\/03\/112B6B02-9E40-461F-B3EF-A37945490056-300x187.jpeg",300,187,true],"medium_large":["https:\/\/quehacerpolitico.mx\/wp-content\/uploads\/2021\/03\/112B6B02-9E40-461F-B3EF-A37945490056.jpeg",640,398,false],"large":["https:\/\/quehacerpolitico.mx\/wp-content\/uploads\/2021\/03\/112B6B02-9E40-461F-B3EF-A37945490056.jpeg",640,398,false],"1536x1536":["https:\/\/quehacerpolitico.mx\/wp-content\/uploads\/2021\/03\/112B6B02-9E40-461F-B3EF-A37945490056.jpeg",702,437,false],"2048x2048":["https:\/\/quehacerpolitico.mx\/wp-content\/uploads\/2021\/03\/112B6B02-9E40-461F-B3EF-A37945490056.jpeg",702,437,false],"covernews-featured":["https:\/\/quehacerpolitico.mx\/wp-content\/uploads\/2021\/03\/112B6B02-9E40-461F-B3EF-A37945490056.jpeg",702,437,false],"covernews-medium":["https:\/\/quehacerpolitico.mx\/wp-content\/uploads\/2021\/03\/112B6B02-9E40-461F-B3EF-A37945490056.jpeg",540,336,false]},"author_info":{"display_name":"Redacci\u00f3n QP","author_link":"https:\/\/quehacerpolitico.mx\/?author=2"},"category_info":"<a href=\"https:\/\/quehacerpolitico.mx\/?cat=2\" rel=\"category\">Noticias<\/a>","tag_info":"Noticias","comment_count":"0","_links":{"self":[{"href":"https:\/\/quehacerpolitico.mx\/index.php?rest_route=\/wp\/v2\/posts\/78287","targetHints":{"allow":["GET"]}}],"collection":[{"href":"https:\/\/quehacerpolitico.mx\/index.php?rest_route=\/wp\/v2\/posts"}],"about":[{"href":"https:\/\/quehacerpolitico.mx\/index.php?rest_route=\/wp\/v2\/types\/post"}],"author":[{"embeddable":true,"href":"https:\/\/quehacerpolitico.mx\/index.php?rest_route=\/wp\/v2\/users\/2"}],"replies":[{"embeddable":true,"href":"https:\/\/quehacerpolitico.mx\/index.php?rest_route=%2Fwp%2Fv2%2Fcomments&post=78287"}],"version-history":[{"count":0,"href":"https:\/\/quehacerpolitico.mx\/index.php?rest_route=\/wp\/v2\/posts\/78287\/revisions"}],"wp:featuredmedia":[{"embeddable":true,"href":"https:\/\/quehacerpolitico.mx\/index.php?rest_route=\/wp\/v2\/media\/78291"}],"wp:attachment":[{"href":"https:\/\/quehacerpolitico.mx\/index.php?rest_route=%2Fwp%2Fv2%2Fmedia&parent=78287"}],"wp:term":[{"taxonomy":"category","embeddable":true,"href":"https:\/\/quehacerpolitico.mx\/index.php?rest_route=%2Fwp%2Fv2%2Fcategories&post=78287"},{"taxonomy":"post_tag","embeddable":true,"href":"https:\/\/quehacerpolitico.mx\/index.php?rest_route=%2Fwp%2Fv2%2Ftags&post=78287"}],"curies":[{"name":"wp","href":"https:\/\/api.w.org\/{rel}","templated":true}]}}