{"id":78278,"date":"2021-03-30T18:44:40","date_gmt":"2021-03-30T18:44:40","guid":{"rendered":"https:\/\/quehacerpolitico.mx\/?p=78278"},"modified":"2021-03-30T18:44:40","modified_gmt":"2021-03-30T18:44:40","slug":"amlo-atribuye-clasificacion-de-feminicidio-su-gobierno","status":"publish","type":"post","link":"https:\/\/quehacerpolitico.mx\/?p=78278","title":{"rendered":"AMLO atribuye clasificaci\u00f3n de feminicidio a su Gobierno"},"content":{"rendered":"<h1>AMLO atribuye clasificaci\u00f3n de feminicidio a su Gobierno<br \/>\nPor Redacci\u00f3n QP<\/h1>\n<div class=\"description\">El presidente se\u00f1ala que antes los feminicidios eran considerados como homicidios<\/div>\n<div>\n<p>El presidente de M\u00e9xico, Andres Manuel L\u00f3pez Obrador, asever\u00f3 este martes 30 de marzo de 2021 que anteriormente los feminicidios eran considerados homicidios y que esta clasificaci\u00f3n (de feminicidio) comenz\u00f3 pr\u00e1cticamente con su gobierno.<\/p>\n<blockquote><p>\u201cPor eso tambi\u00e9n el aumento de feminicidios, entre otras cosas, porque antes asesinaban a las mujeres y no se consideraba feminicidio, eran homicidios\u201d, dijo en rueda de prensa matutina.<\/p><\/blockquote>\n<p><strong>L\u00f3pez Obrador<\/strong> asegur\u00f3 que su gobierno trabaja todos los d\u00edas para garantizar la paz y que se protege a las mujeres.<\/p>\n<blockquote><p>\u201cNo va a quedar impune ning\u00fan crimen\u201d, dijo y destac\u00f3 que antes hab\u00eda este tipo de cr\u00edmenes y pod\u00eda haber impunidad, pero ahora ya no hay impunidad y no se ocultan las cosas, sino que se informa.<\/p>\n<p>\u201cAntes se negaban los hechos, se proteg\u00eda a los responsables, hab\u00eda impunidad, ahora no, es distinto\u201d, enfatiz\u00f3.<\/p><\/blockquote>\n<p>El presidente insisti\u00f3 en que se avanza para que haya paz y tranquilidad. Asegur\u00f3 que se debe combatir la desigualdad y entender que por esa desigualdad, en lo econ\u00f3mico, en lo social, se genera injusticia y violencia.<\/p>\n<p>Resalt\u00f3 que durante el periodo neoliberal no se hablaba de la desigualdad como se debe de concebir en lo general.<\/p>\n<p><iframe loading=\"lazy\" title=\"AMLO: Feminicidio de Victoria, hecho grave y doloroso que muestra brutalidad que no deber\u00eda existir\" width=\"640\" height=\"360\" src=\"https:\/\/www.youtube.com\/embed\/U14mmb3JdXg?feature=oembed\" frameborder=\"0\" allow=\"accelerometer; autoplay; clipboard-write; encrypted-media; gyroscope; picture-in-picture; web-share\" referrerpolicy=\"strict-origin-when-cross-origin\" allowfullscreen><\/iframe><\/p>\n<p><em>Con informaci\u00f3n de Presidencia de la Rep\u00fablica<\/em><\/p>\n<\/div>\n","protected":false},"excerpt":{"rendered":"<p>AMLO atribuye clasificaci\u00f3n de feminicidio a su Gobierno Por Redacci\u00f3n QP El presidente se\u00f1ala que&#8230;<\/p>\n","protected":false},"author":2,"featured_media":78282,"comment_status":"open","ping_status":"open","sticky":false,"template":"","format":"standard","meta":{"_monsterinsights_skip_tracking":false,"_monsterinsights_sitenote_active":false,"_monsterinsights_sitenote_note":"","_monsterinsights_sitenote_category":0,"footnotes":""},"categories":[2],"tags":[],"class_list":["post-78278","post","type-post","status-publish","format-standard","has-post-thumbnail","hentry","category-noticias"],"yoast_head":"<!-- This site is optimized with the Yoast SEO plugin v27.3 - https:\/\/yoast.com\/product\/yoast-seo-wordpress\/ -->\n<title>AMLO atribuye clasificaci\u00f3n de feminicidio a su Gobierno -<\/title>\n<meta name=\"robots\" content=\"index, follow, max-snippet:-1, max-image-preview:large, max-video-preview:-1\" \/>\n<link rel=\"canonical\" href=\"https:\/\/quehacerpolitico.mx\/?p=78278\" \/>\n<meta property=\"og:locale\" content=\"es_MX\" \/>\n<meta property=\"og:type\" content=\"article\" \/>\n<meta property=\"og:title\" content=\"AMLO atribuye clasificaci\u00f3n de feminicidio a su Gobierno -\" \/>\n<meta property=\"og:description\" content=\"AMLO atribuye clasificaci\u00f3n de feminicidio a su Gobierno Por Redacci\u00f3n QP El presidente se\u00f1ala que...\" \/>\n<meta property=\"og:url\" content=\"https:\/\/quehacerpolitico.mx\/?p=78278\" \/>\n<meta property=\"article:published_time\" content=\"2021-03-30T18:44:40+00:00\" \/>\n<meta property=\"og:image\" content=\"https:\/\/quehacerpolitico.mx\/wp-content\/uploads\/2021\/03\/394FE39E-01E7-49F4-B27B-C6B2C36B9AE7.jpeg\" \/>\n\t<meta property=\"og:image:width\" content=\"1242\" \/>\n\t<meta property=\"og:image:height\" content=\"671\" \/>\n\t<meta property=\"og:image:type\" content=\"image\/jpeg\" \/>\n<meta name=\"author\" content=\"Redacci\u00f3n QP\" \/>\n<meta name=\"twitter:card\" content=\"summary_large_image\" \/>\n<meta name=\"twitter:label1\" content=\"Escrito por\" \/>\n\t<meta name=\"twitter:data1\" content=\"Redacci\u00f3n QP\" \/>\n\t<meta name=\"twitter:label2\" content=\"Tiempo de lectura\" \/>\n\t<meta name=\"twitter:data2\" content=\"1 minuto\" \/>\n<script type=\"application\/ld+json\" class=\"yoast-schema-graph\">{\"@context\":\"https:\\\/\\\/schema.org\",\"@graph\":[{\"@type\":\"Article\",\"@id\":\"https:\\\/\\\/quehacerpolitico.mx\\\/?p=78278#article\",\"isPartOf\":{\"@id\":\"https:\\\/\\\/quehacerpolitico.mx\\\/?p=78278\"},\"author\":{\"name\":\"Redacci\u00f3n QP\",\"@id\":\"https:\\\/\\\/quehacerpolitico.mx\\\/#\\\/schema\\\/person\\\/496d8ad2d1d3f8036101dca7ee39e585\"},\"headline\":\"AMLO atribuye clasificaci\u00f3n de feminicidio a su Gobierno\",\"datePublished\":\"2021-03-30T18:44:40+00:00\",\"mainEntityOfPage\":{\"@id\":\"https:\\\/\\\/quehacerpolitico.mx\\\/?p=78278\"},\"wordCount\":256,\"commentCount\":0,\"image\":{\"@id\":\"https:\\\/\\\/quehacerpolitico.mx\\\/?p=78278#primaryimage\"},\"thumbnailUrl\":\"https:\\\/\\\/quehacerpolitico.mx\\\/wp-content\\\/uploads\\\/2021\\\/03\\\/394FE39E-01E7-49F4-B27B-C6B2C36B9AE7.jpeg\",\"articleSection\":[\"Noticias\"],\"inLanguage\":\"es\",\"potentialAction\":[{\"@type\":\"CommentAction\",\"name\":\"Comment\",\"target\":[\"https:\\\/\\\/quehacerpolitico.mx\\\/?p=78278#respond\"]}]},{\"@type\":\"WebPage\",\"@id\":\"https:\\\/\\\/quehacerpolitico.mx\\\/?p=78278\",\"url\":\"https:\\\/\\\/quehacerpolitico.mx\\\/?p=78278\",\"name\":\"AMLO atribuye clasificaci\u00f3n de feminicidio a su Gobierno -\",\"isPartOf\":{\"@id\":\"https:\\\/\\\/quehacerpolitico.mx\\\/#website\"},\"primaryImageOfPage\":{\"@id\":\"https:\\\/\\\/quehacerpolitico.mx\\\/?p=78278#primaryimage\"},\"image\":{\"@id\":\"https:\\\/\\\/quehacerpolitico.mx\\\/?p=78278#primaryimage\"},\"thumbnailUrl\":\"https:\\\/\\\/quehacerpolitico.mx\\\/wp-content\\\/uploads\\\/2021\\\/03\\\/394FE39E-01E7-49F4-B27B-C6B2C36B9AE7.jpeg\",\"datePublished\":\"2021-03-30T18:44:40+00:00\",\"author\":{\"@id\":\"https:\\\/\\\/quehacerpolitico.mx\\\/#\\\/schema\\\/person\\\/496d8ad2d1d3f8036101dca7ee39e585\"},\"breadcrumb\":{\"@id\":\"https:\\\/\\\/quehacerpolitico.mx\\\/?p=78278#breadcrumb\"},\"inLanguage\":\"es\",\"potentialAction\":[{\"@type\":\"ReadAction\",\"target\":[\"https:\\\/\\\/quehacerpolitico.mx\\\/?p=78278\"]}]},{\"@type\":\"ImageObject\",\"inLanguage\":\"es\",\"@id\":\"https:\\\/\\\/quehacerpolitico.mx\\\/?p=78278#primaryimage\",\"url\":\"https:\\\/\\\/quehacerpolitico.mx\\\/wp-content\\\/uploads\\\/2021\\\/03\\\/394FE39E-01E7-49F4-B27B-C6B2C36B9AE7.jpeg\",\"contentUrl\":\"https:\\\/\\\/quehacerpolitico.mx\\\/wp-content\\\/uploads\\\/2021\\\/03\\\/394FE39E-01E7-49F4-B27B-C6B2C36B9AE7.jpeg\",\"width\":1242,\"height\":671},{\"@type\":\"BreadcrumbList\",\"@id\":\"https:\\\/\\\/quehacerpolitico.mx\\\/?p=78278#breadcrumb\",\"itemListElement\":[{\"@type\":\"ListItem\",\"position\":1,\"name\":\"Inicio\",\"item\":\"https:\\\/\\\/quehacerpolitico.mx\\\/\"},{\"@type\":\"ListItem\",\"position\":2,\"name\":\"AMLO atribuye clasificaci\u00f3n de feminicidio a su Gobierno\"}]},{\"@type\":\"WebSite\",\"@id\":\"https:\\\/\\\/quehacerpolitico.mx\\\/#website\",\"url\":\"https:\\\/\\\/quehacerpolitico.mx\\\/\",\"name\":\"\",\"description\":\"\",\"potentialAction\":[{\"@type\":\"SearchAction\",\"target\":{\"@type\":\"EntryPoint\",\"urlTemplate\":\"https:\\\/\\\/quehacerpolitico.mx\\\/?s={search_term_string}\"},\"query-input\":{\"@type\":\"PropertyValueSpecification\",\"valueRequired\":true,\"valueName\":\"search_term_string\"}}],\"inLanguage\":\"es\"},{\"@type\":\"Person\",\"@id\":\"https:\\\/\\\/quehacerpolitico.mx\\\/#\\\/schema\\\/person\\\/496d8ad2d1d3f8036101dca7ee39e585\",\"name\":\"Redacci\u00f3n QP\",\"image\":{\"@type\":\"ImageObject\",\"inLanguage\":\"es\",\"@id\":\"https:\\\/\\\/secure.gravatar.com\\\/avatar\\\/c7164ed6fdec453195284ad24a5ae5b6e1eed2b848477fa2a4787ba9adf39a41?s=96&d=mm&r=g\",\"url\":\"https:\\\/\\\/secure.gravatar.com\\\/avatar\\\/c7164ed6fdec453195284ad24a5ae5b6e1eed2b848477fa2a4787ba9adf39a41?s=96&d=mm&r=g\",\"contentUrl\":\"https:\\\/\\\/secure.gravatar.com\\\/avatar\\\/c7164ed6fdec453195284ad24a5ae5b6e1eed2b848477fa2a4787ba9adf39a41?s=96&d=mm&r=g\",\"caption\":\"Redacci\u00f3n QP\"},\"url\":\"https:\\\/\\\/quehacerpolitico.mx\\\/?author=2\"}]}<\/script>\n<!-- \/ Yoast SEO plugin. -->","yoast_head_json":{"title":"AMLO atribuye clasificaci\u00f3n de feminicidio a su Gobierno -","robots":{"index":"index","follow":"follow","max-snippet":"max-snippet:-1","max-image-preview":"max-image-preview:large","max-video-preview":"max-video-preview:-1"},"canonical":"https:\/\/quehacerpolitico.mx\/?p=78278","og_locale":"es_MX","og_type":"article","og_title":"AMLO atribuye clasificaci\u00f3n de feminicidio a su Gobierno -","og_description":"AMLO atribuye clasificaci\u00f3n de feminicidio a su Gobierno Por Redacci\u00f3n QP El presidente se\u00f1ala que...","og_url":"https:\/\/quehacerpolitico.mx\/?p=78278","article_published_time":"2021-03-30T18:44:40+00:00","og_image":[{"width":1242,"height":671,"url":"https:\/\/quehacerpolitico.mx\/wp-content\/uploads\/2021\/03\/394FE39E-01E7-49F4-B27B-C6B2C36B9AE7.jpeg","type":"image\/jpeg"}],"author":"Redacci\u00f3n QP","twitter_card":"summary_large_image","twitter_misc":{"Escrito por":"Redacci\u00f3n QP","Tiempo de lectura":"1 minuto"},"schema":{"@context":"https:\/\/schema.org","@graph":[{"@type":"Article","@id":"https:\/\/quehacerpolitico.mx\/?p=78278#article","isPartOf":{"@id":"https:\/\/quehacerpolitico.mx\/?p=78278"},"author":{"name":"Redacci\u00f3n QP","@id":"https:\/\/quehacerpolitico.mx\/#\/schema\/person\/496d8ad2d1d3f8036101dca7ee39e585"},"headline":"AMLO atribuye clasificaci\u00f3n de feminicidio a su Gobierno","datePublished":"2021-03-30T18:44:40+00:00","mainEntityOfPage":{"@id":"https:\/\/quehacerpolitico.mx\/?p=78278"},"wordCount":256,"commentCount":0,"image":{"@id":"https:\/\/quehacerpolitico.mx\/?p=78278#primaryimage"},"thumbnailUrl":"https:\/\/quehacerpolitico.mx\/wp-content\/uploads\/2021\/03\/394FE39E-01E7-49F4-B27B-C6B2C36B9AE7.jpeg","articleSection":["Noticias"],"inLanguage":"es","potentialAction":[{"@type":"CommentAction","name":"Comment","target":["https:\/\/quehacerpolitico.mx\/?p=78278#respond"]}]},{"@type":"WebPage","@id":"https:\/\/quehacerpolitico.mx\/?p=78278","url":"https:\/\/quehacerpolitico.mx\/?p=78278","name":"AMLO atribuye clasificaci\u00f3n de feminicidio a su Gobierno -","isPartOf":{"@id":"https:\/\/quehacerpolitico.mx\/#website"},"primaryImageOfPage":{"@id":"https:\/\/quehacerpolitico.mx\/?p=78278#primaryimage"},"image":{"@id":"https:\/\/quehacerpolitico.mx\/?p=78278#primaryimage"},"thumbnailUrl":"https:\/\/quehacerpolitico.mx\/wp-content\/uploads\/2021\/03\/394FE39E-01E7-49F4-B27B-C6B2C36B9AE7.jpeg","datePublished":"2021-03-30T18:44:40+00:00","author":{"@id":"https:\/\/quehacerpolitico.mx\/#\/schema\/person\/496d8ad2d1d3f8036101dca7ee39e585"},"breadcrumb":{"@id":"https:\/\/quehacerpolitico.mx\/?p=78278#breadcrumb"},"inLanguage":"es","potentialAction":[{"@type":"ReadAction","target":["https:\/\/quehacerpolitico.mx\/?p=78278"]}]},{"@type":"ImageObject","inLanguage":"es","@id":"https:\/\/quehacerpolitico.mx\/?p=78278#primaryimage","url":"https:\/\/quehacerpolitico.mx\/wp-content\/uploads\/2021\/03\/394FE39E-01E7-49F4-B27B-C6B2C36B9AE7.jpeg","contentUrl":"https:\/\/quehacerpolitico.mx\/wp-content\/uploads\/2021\/03\/394FE39E-01E7-49F4-B27B-C6B2C36B9AE7.jpeg","width":1242,"height":671},{"@type":"BreadcrumbList","@id":"https:\/\/quehacerpolitico.mx\/?p=78278#breadcrumb","itemListElement":[{"@type":"ListItem","position":1,"name":"Inicio","item":"https:\/\/quehacerpolitico.mx\/"},{"@type":"ListItem","position":2,"name":"AMLO atribuye clasificaci\u00f3n de feminicidio a su Gobierno"}]},{"@type":"WebSite","@id":"https:\/\/quehacerpolitico.mx\/#website","url":"https:\/\/quehacerpolitico.mx\/","name":"","description":"","potentialAction":[{"@type":"SearchAction","target":{"@type":"EntryPoint","urlTemplate":"https:\/\/quehacerpolitico.mx\/?s={search_term_string}"},"query-input":{"@type":"PropertyValueSpecification","valueRequired":true,"valueName":"search_term_string"}}],"inLanguage":"es"},{"@type":"Person","@id":"https:\/\/quehacerpolitico.mx\/#\/schema\/person\/496d8ad2d1d3f8036101dca7ee39e585","name":"Redacci\u00f3n QP","image":{"@type":"ImageObject","inLanguage":"es","@id":"https:\/\/secure.gravatar.com\/avatar\/c7164ed6fdec453195284ad24a5ae5b6e1eed2b848477fa2a4787ba9adf39a41?s=96&d=mm&r=g","url":"https:\/\/secure.gravatar.com\/avatar\/c7164ed6fdec453195284ad24a5ae5b6e1eed2b848477fa2a4787ba9adf39a41?s=96&d=mm&r=g","contentUrl":"https:\/\/secure.gravatar.com\/avatar\/c7164ed6fdec453195284ad24a5ae5b6e1eed2b848477fa2a4787ba9adf39a41?s=96&d=mm&r=g","caption":"Redacci\u00f3n QP"},"url":"https:\/\/quehacerpolitico.mx\/?author=2"}]}},"featured_image_urls":{"full":["https:\/\/quehacerpolitico.mx\/wp-content\/uploads\/2021\/03\/394FE39E-01E7-49F4-B27B-C6B2C36B9AE7.jpeg",1242,671,false],"thumbnail":["https:\/\/quehacerpolitico.mx\/wp-content\/uploads\/2021\/03\/394FE39E-01E7-49F4-B27B-C6B2C36B9AE7-150x150.jpeg",150,150,true],"medium":["https:\/\/quehacerpolitico.mx\/wp-content\/uploads\/2021\/03\/394FE39E-01E7-49F4-B27B-C6B2C36B9AE7-300x162.jpeg",300,162,true],"medium_large":["https:\/\/quehacerpolitico.mx\/wp-content\/uploads\/2021\/03\/394FE39E-01E7-49F4-B27B-C6B2C36B9AE7-768x415.jpeg",640,346,true],"large":["https:\/\/quehacerpolitico.mx\/wp-content\/uploads\/2021\/03\/394FE39E-01E7-49F4-B27B-C6B2C36B9AE7-1024x553.jpeg",640,346,true],"1536x1536":["https:\/\/quehacerpolitico.mx\/wp-content\/uploads\/2021\/03\/394FE39E-01E7-49F4-B27B-C6B2C36B9AE7.jpeg",1242,671,false],"2048x2048":["https:\/\/quehacerpolitico.mx\/wp-content\/uploads\/2021\/03\/394FE39E-01E7-49F4-B27B-C6B2C36B9AE7.jpeg",1242,671,false],"covernews-featured":["https:\/\/quehacerpolitico.mx\/wp-content\/uploads\/2021\/03\/394FE39E-01E7-49F4-B27B-C6B2C36B9AE7.jpeg",1024,553,false],"covernews-medium":["https:\/\/quehacerpolitico.mx\/wp-content\/uploads\/2021\/03\/394FE39E-01E7-49F4-B27B-C6B2C36B9AE7.jpeg",540,292,false]},"author_info":{"display_name":"Redacci\u00f3n QP","author_link":"https:\/\/quehacerpolitico.mx\/?author=2"},"category_info":"<a href=\"https:\/\/quehacerpolitico.mx\/?cat=2\" rel=\"category\">Noticias<\/a>","tag_info":"Noticias","comment_count":"0","_links":{"self":[{"href":"https:\/\/quehacerpolitico.mx\/index.php?rest_route=\/wp\/v2\/posts\/78278","targetHints":{"allow":["GET"]}}],"collection":[{"href":"https:\/\/quehacerpolitico.mx\/index.php?rest_route=\/wp\/v2\/posts"}],"about":[{"href":"https:\/\/quehacerpolitico.mx\/index.php?rest_route=\/wp\/v2\/types\/post"}],"author":[{"embeddable":true,"href":"https:\/\/quehacerpolitico.mx\/index.php?rest_route=\/wp\/v2\/users\/2"}],"replies":[{"embeddable":true,"href":"https:\/\/quehacerpolitico.mx\/index.php?rest_route=%2Fwp%2Fv2%2Fcomments&post=78278"}],"version-history":[{"count":0,"href":"https:\/\/quehacerpolitico.mx\/index.php?rest_route=\/wp\/v2\/posts\/78278\/revisions"}],"wp:featuredmedia":[{"embeddable":true,"href":"https:\/\/quehacerpolitico.mx\/index.php?rest_route=\/wp\/v2\/media\/78282"}],"wp:attachment":[{"href":"https:\/\/quehacerpolitico.mx\/index.php?rest_route=%2Fwp%2Fv2%2Fmedia&parent=78278"}],"wp:term":[{"taxonomy":"category","embeddable":true,"href":"https:\/\/quehacerpolitico.mx\/index.php?rest_route=%2Fwp%2Fv2%2Fcategories&post=78278"},{"taxonomy":"post_tag","embeddable":true,"href":"https:\/\/quehacerpolitico.mx\/index.php?rest_route=%2Fwp%2Fv2%2Ftags&post=78278"}],"curies":[{"name":"wp","href":"https:\/\/api.w.org\/{rel}","templated":true}]}}