{"id":78222,"date":"2021-03-30T02:21:40","date_gmt":"2021-03-30T02:21:40","guid":{"rendered":"https:\/\/quehacerpolitico.mx\/?p=78222"},"modified":"2021-03-30T02:21:40","modified_gmt":"2021-03-30T02:21:40","slug":"vela-no-tiene-cabida-en-la-seleccion-chicharito-es-bienvenido-tata-martino","status":"publish","type":"post","link":"https:\/\/quehacerpolitico.mx\/?p=78222","title":{"rendered":"Vela no tiene cabida en la Selecci\u00f3n, Chicharito es bienvenido \u201cTata\u201d Martino"},"content":{"rendered":"<h1 class=\"news-title\">Vela no tiene cabida en la Selecci\u00f3n, Chicharito es bienvenido \u201cTata\u201d Martino<br \/>\nPor Redacci\u00f3n QP<\/h1>\n<p>Para que el jugador del Galaxy de Los \u00c1ngeles de la MLS vuelva a vestir los colores tricolores, debe tener regularidad en su club<\/p>\n<p>A pesar de que se hab\u00eda comentado que no volver\u00eda m\u00e1s a una convocatoria del Tricolor mientras Gerardo Martino est\u00e9 al frente de la Selecci\u00f3n, Javier Hern\u00e1ndez no se ha cerrado las puertas a volver a portar la playera verde, seg\u00fan inform\u00f3 el propio \u201cTata\u201d en conferencia de prensa.<\/p>\n<div id=\"div-pos-2\"><strong>Para que el jugador del Galaxy de Los \u00c1ngeles de la MLS vuelva a vestir los colores tricolores, debe tener regularidad en su club<\/strong>, volver a ser el goleador que sol\u00eda ser y ser\u00e1 entonces cuando regrese a una convocatoria, tal y como sucede con todos los jugadores seleccionables.<\/div>\n<p>\u201cTanto Javier como el resto de los futbolistas son seleccionables, despu\u00e9s hay un rendimiento y una lectura de la situaci\u00f3n de cada uno de ellos y a partir de ah\u00ed nosotros hacemos nuestra convocatoria, no hay ning\u00fan jugador hoy por hoy que sea mexicano o que est\u00e9n posibilidades de jugar con la camiseta de la Selecci\u00f3n mexicana que por razones extra futbol\u00edsticas no tenga posibilidades de venir\u201d, mencion\u00f3 el \u201cTata\u201d Martino.<\/p>\n<p><strong>El \u201cChicharito\u201d es uno de los candidatos a reforzar a la Selecci\u00f3n mexicana que logr\u00f3 su boleto a los Juegos Ol\u00edmpicos de Tokio 2020, as\u00ed como Carlos Vela<\/strong>, quien ha sido puesto como favorito para viajar a la justa veraniega, algo que no le agrada del todo al t\u00e9cnico Tricolor.<\/p>\n<p>\u201cCuando uno est\u00e1 a disposici\u00f3n de selecciones est\u00e1 a disposici\u00f3n de todos las selecciones, no se puede estar en disposici\u00f3n de una Selecci\u00f3n s\u00ed y de otra no, me parecer\u00eda il\u00f3gico recurrir a un futbolista que no tiene disposici\u00f3n total para vestir la camiseta de la Selecci\u00f3n en la amplitud de la palabra\u201d, mencion\u00f3.<\/p>\n","protected":false},"excerpt":{"rendered":"<p>Vela no tiene cabida en la Selecci\u00f3n, Chicharito es bienvenido \u201cTata\u201d Martino Por Redacci\u00f3n QP&#8230;<\/p>\n","protected":false},"author":2,"featured_media":78225,"comment_status":"open","ping_status":"open","sticky":false,"template":"","format":"standard","meta":{"_monsterinsights_skip_tracking":false,"_monsterinsights_sitenote_active":false,"_monsterinsights_sitenote_note":"","_monsterinsights_sitenote_category":0,"footnotes":""},"categories":[54],"tags":[],"class_list":["post-78222","post","type-post","status-publish","format-standard","has-post-thumbnail","hentry","category-deportes"],"yoast_head":"<!-- This site is optimized with the Yoast SEO plugin v27.3 - https:\/\/yoast.com\/product\/yoast-seo-wordpress\/ -->\n<title>Vela no tiene cabida en la Selecci\u00f3n, Chicharito es bienvenido \u201cTata\u201d Martino -<\/title>\n<meta name=\"robots\" content=\"index, follow, max-snippet:-1, max-image-preview:large, max-video-preview:-1\" \/>\n<link rel=\"canonical\" href=\"https:\/\/quehacerpolitico.mx\/?p=78222\" \/>\n<meta property=\"og:locale\" content=\"es_MX\" \/>\n<meta property=\"og:type\" content=\"article\" \/>\n<meta property=\"og:title\" content=\"Vela no tiene cabida en la Selecci\u00f3n, Chicharito es bienvenido \u201cTata\u201d Martino -\" \/>\n<meta property=\"og:description\" content=\"Vela no tiene cabida en la Selecci\u00f3n, Chicharito es bienvenido \u201cTata\u201d Martino Por Redacci\u00f3n QP...\" \/>\n<meta property=\"og:url\" content=\"https:\/\/quehacerpolitico.mx\/?p=78222\" \/>\n<meta property=\"article:published_time\" content=\"2021-03-30T02:21:40+00:00\" \/>\n<meta property=\"og:image\" content=\"https:\/\/quehacerpolitico.mx\/wp-content\/uploads\/2021\/03\/003BF113-4F4A-4EA6-BBC2-0CE3C4636E12.jpeg\" \/>\n\t<meta property=\"og:image:width\" content=\"702\" \/>\n\t<meta property=\"og:image:height\" content=\"437\" \/>\n\t<meta property=\"og:image:type\" content=\"image\/jpeg\" \/>\n<meta name=\"author\" content=\"Redacci\u00f3n QP\" \/>\n<meta name=\"twitter:card\" content=\"summary_large_image\" \/>\n<meta name=\"twitter:label1\" content=\"Escrito por\" \/>\n\t<meta name=\"twitter:data1\" content=\"Redacci\u00f3n QP\" \/>\n\t<meta name=\"twitter:label2\" content=\"Tiempo de lectura\" \/>\n\t<meta name=\"twitter:data2\" content=\"2 minutos\" \/>\n<script type=\"application\/ld+json\" class=\"yoast-schema-graph\">{\"@context\":\"https:\\\/\\\/schema.org\",\"@graph\":[{\"@type\":\"Article\",\"@id\":\"https:\\\/\\\/quehacerpolitico.mx\\\/?p=78222#article\",\"isPartOf\":{\"@id\":\"https:\\\/\\\/quehacerpolitico.mx\\\/?p=78222\"},\"author\":{\"name\":\"Redacci\u00f3n QP\",\"@id\":\"https:\\\/\\\/quehacerpolitico.mx\\\/#\\\/schema\\\/person\\\/496d8ad2d1d3f8036101dca7ee39e585\"},\"headline\":\"Vela no tiene cabida en la Selecci\u00f3n, Chicharito es bienvenido \u201cTata\u201d Martino\",\"datePublished\":\"2021-03-30T02:21:40+00:00\",\"mainEntityOfPage\":{\"@id\":\"https:\\\/\\\/quehacerpolitico.mx\\\/?p=78222\"},\"wordCount\":350,\"commentCount\":0,\"image\":{\"@id\":\"https:\\\/\\\/quehacerpolitico.mx\\\/?p=78222#primaryimage\"},\"thumbnailUrl\":\"https:\\\/\\\/quehacerpolitico.mx\\\/wp-content\\\/uploads\\\/2021\\\/03\\\/003BF113-4F4A-4EA6-BBC2-0CE3C4636E12.jpeg\",\"articleSection\":[\"Deportes\"],\"inLanguage\":\"es\",\"potentialAction\":[{\"@type\":\"CommentAction\",\"name\":\"Comment\",\"target\":[\"https:\\\/\\\/quehacerpolitico.mx\\\/?p=78222#respond\"]}]},{\"@type\":\"WebPage\",\"@id\":\"https:\\\/\\\/quehacerpolitico.mx\\\/?p=78222\",\"url\":\"https:\\\/\\\/quehacerpolitico.mx\\\/?p=78222\",\"name\":\"Vela no tiene cabida en la Selecci\u00f3n, Chicharito es bienvenido \u201cTata\u201d Martino -\",\"isPartOf\":{\"@id\":\"https:\\\/\\\/quehacerpolitico.mx\\\/#website\"},\"primaryImageOfPage\":{\"@id\":\"https:\\\/\\\/quehacerpolitico.mx\\\/?p=78222#primaryimage\"},\"image\":{\"@id\":\"https:\\\/\\\/quehacerpolitico.mx\\\/?p=78222#primaryimage\"},\"thumbnailUrl\":\"https:\\\/\\\/quehacerpolitico.mx\\\/wp-content\\\/uploads\\\/2021\\\/03\\\/003BF113-4F4A-4EA6-BBC2-0CE3C4636E12.jpeg\",\"datePublished\":\"2021-03-30T02:21:40+00:00\",\"author\":{\"@id\":\"https:\\\/\\\/quehacerpolitico.mx\\\/#\\\/schema\\\/person\\\/496d8ad2d1d3f8036101dca7ee39e585\"},\"breadcrumb\":{\"@id\":\"https:\\\/\\\/quehacerpolitico.mx\\\/?p=78222#breadcrumb\"},\"inLanguage\":\"es\",\"potentialAction\":[{\"@type\":\"ReadAction\",\"target\":[\"https:\\\/\\\/quehacerpolitico.mx\\\/?p=78222\"]}]},{\"@type\":\"ImageObject\",\"inLanguage\":\"es\",\"@id\":\"https:\\\/\\\/quehacerpolitico.mx\\\/?p=78222#primaryimage\",\"url\":\"https:\\\/\\\/quehacerpolitico.mx\\\/wp-content\\\/uploads\\\/2021\\\/03\\\/003BF113-4F4A-4EA6-BBC2-0CE3C4636E12.jpeg\",\"contentUrl\":\"https:\\\/\\\/quehacerpolitico.mx\\\/wp-content\\\/uploads\\\/2021\\\/03\\\/003BF113-4F4A-4EA6-BBC2-0CE3C4636E12.jpeg\",\"width\":702,\"height\":437},{\"@type\":\"BreadcrumbList\",\"@id\":\"https:\\\/\\\/quehacerpolitico.mx\\\/?p=78222#breadcrumb\",\"itemListElement\":[{\"@type\":\"ListItem\",\"position\":1,\"name\":\"Inicio\",\"item\":\"https:\\\/\\\/quehacerpolitico.mx\\\/\"},{\"@type\":\"ListItem\",\"position\":2,\"name\":\"Vela no tiene cabida en la Selecci\u00f3n, Chicharito es bienvenido \u201cTata\u201d Martino\"}]},{\"@type\":\"WebSite\",\"@id\":\"https:\\\/\\\/quehacerpolitico.mx\\\/#website\",\"url\":\"https:\\\/\\\/quehacerpolitico.mx\\\/\",\"name\":\"\",\"description\":\"\",\"potentialAction\":[{\"@type\":\"SearchAction\",\"target\":{\"@type\":\"EntryPoint\",\"urlTemplate\":\"https:\\\/\\\/quehacerpolitico.mx\\\/?s={search_term_string}\"},\"query-input\":{\"@type\":\"PropertyValueSpecification\",\"valueRequired\":true,\"valueName\":\"search_term_string\"}}],\"inLanguage\":\"es\"},{\"@type\":\"Person\",\"@id\":\"https:\\\/\\\/quehacerpolitico.mx\\\/#\\\/schema\\\/person\\\/496d8ad2d1d3f8036101dca7ee39e585\",\"name\":\"Redacci\u00f3n QP\",\"image\":{\"@type\":\"ImageObject\",\"inLanguage\":\"es\",\"@id\":\"https:\\\/\\\/secure.gravatar.com\\\/avatar\\\/c7164ed6fdec453195284ad24a5ae5b6e1eed2b848477fa2a4787ba9adf39a41?s=96&d=mm&r=g\",\"url\":\"https:\\\/\\\/secure.gravatar.com\\\/avatar\\\/c7164ed6fdec453195284ad24a5ae5b6e1eed2b848477fa2a4787ba9adf39a41?s=96&d=mm&r=g\",\"contentUrl\":\"https:\\\/\\\/secure.gravatar.com\\\/avatar\\\/c7164ed6fdec453195284ad24a5ae5b6e1eed2b848477fa2a4787ba9adf39a41?s=96&d=mm&r=g\",\"caption\":\"Redacci\u00f3n QP\"},\"url\":\"https:\\\/\\\/quehacerpolitico.mx\\\/?author=2\"}]}<\/script>\n<!-- \/ Yoast SEO plugin. -->","yoast_head_json":{"title":"Vela no tiene cabida en la Selecci\u00f3n, Chicharito es bienvenido \u201cTata\u201d Martino -","robots":{"index":"index","follow":"follow","max-snippet":"max-snippet:-1","max-image-preview":"max-image-preview:large","max-video-preview":"max-video-preview:-1"},"canonical":"https:\/\/quehacerpolitico.mx\/?p=78222","og_locale":"es_MX","og_type":"article","og_title":"Vela no tiene cabida en la Selecci\u00f3n, Chicharito es bienvenido \u201cTata\u201d Martino -","og_description":"Vela no tiene cabida en la Selecci\u00f3n, Chicharito es bienvenido \u201cTata\u201d Martino Por Redacci\u00f3n QP...","og_url":"https:\/\/quehacerpolitico.mx\/?p=78222","article_published_time":"2021-03-30T02:21:40+00:00","og_image":[{"width":702,"height":437,"url":"https:\/\/quehacerpolitico.mx\/wp-content\/uploads\/2021\/03\/003BF113-4F4A-4EA6-BBC2-0CE3C4636E12.jpeg","type":"image\/jpeg"}],"author":"Redacci\u00f3n QP","twitter_card":"summary_large_image","twitter_misc":{"Escrito por":"Redacci\u00f3n QP","Tiempo de lectura":"2 minutos"},"schema":{"@context":"https:\/\/schema.org","@graph":[{"@type":"Article","@id":"https:\/\/quehacerpolitico.mx\/?p=78222#article","isPartOf":{"@id":"https:\/\/quehacerpolitico.mx\/?p=78222"},"author":{"name":"Redacci\u00f3n QP","@id":"https:\/\/quehacerpolitico.mx\/#\/schema\/person\/496d8ad2d1d3f8036101dca7ee39e585"},"headline":"Vela no tiene cabida en la Selecci\u00f3n, Chicharito es bienvenido \u201cTata\u201d Martino","datePublished":"2021-03-30T02:21:40+00:00","mainEntityOfPage":{"@id":"https:\/\/quehacerpolitico.mx\/?p=78222"},"wordCount":350,"commentCount":0,"image":{"@id":"https:\/\/quehacerpolitico.mx\/?p=78222#primaryimage"},"thumbnailUrl":"https:\/\/quehacerpolitico.mx\/wp-content\/uploads\/2021\/03\/003BF113-4F4A-4EA6-BBC2-0CE3C4636E12.jpeg","articleSection":["Deportes"],"inLanguage":"es","potentialAction":[{"@type":"CommentAction","name":"Comment","target":["https:\/\/quehacerpolitico.mx\/?p=78222#respond"]}]},{"@type":"WebPage","@id":"https:\/\/quehacerpolitico.mx\/?p=78222","url":"https:\/\/quehacerpolitico.mx\/?p=78222","name":"Vela no tiene cabida en la Selecci\u00f3n, Chicharito es bienvenido \u201cTata\u201d Martino -","isPartOf":{"@id":"https:\/\/quehacerpolitico.mx\/#website"},"primaryImageOfPage":{"@id":"https:\/\/quehacerpolitico.mx\/?p=78222#primaryimage"},"image":{"@id":"https:\/\/quehacerpolitico.mx\/?p=78222#primaryimage"},"thumbnailUrl":"https:\/\/quehacerpolitico.mx\/wp-content\/uploads\/2021\/03\/003BF113-4F4A-4EA6-BBC2-0CE3C4636E12.jpeg","datePublished":"2021-03-30T02:21:40+00:00","author":{"@id":"https:\/\/quehacerpolitico.mx\/#\/schema\/person\/496d8ad2d1d3f8036101dca7ee39e585"},"breadcrumb":{"@id":"https:\/\/quehacerpolitico.mx\/?p=78222#breadcrumb"},"inLanguage":"es","potentialAction":[{"@type":"ReadAction","target":["https:\/\/quehacerpolitico.mx\/?p=78222"]}]},{"@type":"ImageObject","inLanguage":"es","@id":"https:\/\/quehacerpolitico.mx\/?p=78222#primaryimage","url":"https:\/\/quehacerpolitico.mx\/wp-content\/uploads\/2021\/03\/003BF113-4F4A-4EA6-BBC2-0CE3C4636E12.jpeg","contentUrl":"https:\/\/quehacerpolitico.mx\/wp-content\/uploads\/2021\/03\/003BF113-4F4A-4EA6-BBC2-0CE3C4636E12.jpeg","width":702,"height":437},{"@type":"BreadcrumbList","@id":"https:\/\/quehacerpolitico.mx\/?p=78222#breadcrumb","itemListElement":[{"@type":"ListItem","position":1,"name":"Inicio","item":"https:\/\/quehacerpolitico.mx\/"},{"@type":"ListItem","position":2,"name":"Vela no tiene cabida en la Selecci\u00f3n, Chicharito es bienvenido \u201cTata\u201d Martino"}]},{"@type":"WebSite","@id":"https:\/\/quehacerpolitico.mx\/#website","url":"https:\/\/quehacerpolitico.mx\/","name":"","description":"","potentialAction":[{"@type":"SearchAction","target":{"@type":"EntryPoint","urlTemplate":"https:\/\/quehacerpolitico.mx\/?s={search_term_string}"},"query-input":{"@type":"PropertyValueSpecification","valueRequired":true,"valueName":"search_term_string"}}],"inLanguage":"es"},{"@type":"Person","@id":"https:\/\/quehacerpolitico.mx\/#\/schema\/person\/496d8ad2d1d3f8036101dca7ee39e585","name":"Redacci\u00f3n QP","image":{"@type":"ImageObject","inLanguage":"es","@id":"https:\/\/secure.gravatar.com\/avatar\/c7164ed6fdec453195284ad24a5ae5b6e1eed2b848477fa2a4787ba9adf39a41?s=96&d=mm&r=g","url":"https:\/\/secure.gravatar.com\/avatar\/c7164ed6fdec453195284ad24a5ae5b6e1eed2b848477fa2a4787ba9adf39a41?s=96&d=mm&r=g","contentUrl":"https:\/\/secure.gravatar.com\/avatar\/c7164ed6fdec453195284ad24a5ae5b6e1eed2b848477fa2a4787ba9adf39a41?s=96&d=mm&r=g","caption":"Redacci\u00f3n QP"},"url":"https:\/\/quehacerpolitico.mx\/?author=2"}]}},"featured_image_urls":{"full":["https:\/\/quehacerpolitico.mx\/wp-content\/uploads\/2021\/03\/003BF113-4F4A-4EA6-BBC2-0CE3C4636E12.jpeg",702,437,false],"thumbnail":["https:\/\/quehacerpolitico.mx\/wp-content\/uploads\/2021\/03\/003BF113-4F4A-4EA6-BBC2-0CE3C4636E12-150x150.jpeg",150,150,true],"medium":["https:\/\/quehacerpolitico.mx\/wp-content\/uploads\/2021\/03\/003BF113-4F4A-4EA6-BBC2-0CE3C4636E12-300x187.jpeg",300,187,true],"medium_large":["https:\/\/quehacerpolitico.mx\/wp-content\/uploads\/2021\/03\/003BF113-4F4A-4EA6-BBC2-0CE3C4636E12.jpeg",640,398,false],"large":["https:\/\/quehacerpolitico.mx\/wp-content\/uploads\/2021\/03\/003BF113-4F4A-4EA6-BBC2-0CE3C4636E12.jpeg",640,398,false],"1536x1536":["https:\/\/quehacerpolitico.mx\/wp-content\/uploads\/2021\/03\/003BF113-4F4A-4EA6-BBC2-0CE3C4636E12.jpeg",702,437,false],"2048x2048":["https:\/\/quehacerpolitico.mx\/wp-content\/uploads\/2021\/03\/003BF113-4F4A-4EA6-BBC2-0CE3C4636E12.jpeg",702,437,false],"covernews-featured":["https:\/\/quehacerpolitico.mx\/wp-content\/uploads\/2021\/03\/003BF113-4F4A-4EA6-BBC2-0CE3C4636E12.jpeg",702,437,false],"covernews-medium":["https:\/\/quehacerpolitico.mx\/wp-content\/uploads\/2021\/03\/003BF113-4F4A-4EA6-BBC2-0CE3C4636E12.jpeg",540,336,false]},"author_info":{"display_name":"Redacci\u00f3n QP","author_link":"https:\/\/quehacerpolitico.mx\/?author=2"},"category_info":"<a href=\"https:\/\/quehacerpolitico.mx\/?cat=54\" rel=\"category\">Deportes<\/a>","tag_info":"Deportes","comment_count":"0","_links":{"self":[{"href":"https:\/\/quehacerpolitico.mx\/index.php?rest_route=\/wp\/v2\/posts\/78222","targetHints":{"allow":["GET"]}}],"collection":[{"href":"https:\/\/quehacerpolitico.mx\/index.php?rest_route=\/wp\/v2\/posts"}],"about":[{"href":"https:\/\/quehacerpolitico.mx\/index.php?rest_route=\/wp\/v2\/types\/post"}],"author":[{"embeddable":true,"href":"https:\/\/quehacerpolitico.mx\/index.php?rest_route=\/wp\/v2\/users\/2"}],"replies":[{"embeddable":true,"href":"https:\/\/quehacerpolitico.mx\/index.php?rest_route=%2Fwp%2Fv2%2Fcomments&post=78222"}],"version-history":[{"count":0,"href":"https:\/\/quehacerpolitico.mx\/index.php?rest_route=\/wp\/v2\/posts\/78222\/revisions"}],"wp:featuredmedia":[{"embeddable":true,"href":"https:\/\/quehacerpolitico.mx\/index.php?rest_route=\/wp\/v2\/media\/78225"}],"wp:attachment":[{"href":"https:\/\/quehacerpolitico.mx\/index.php?rest_route=%2Fwp%2Fv2%2Fmedia&parent=78222"}],"wp:term":[{"taxonomy":"category","embeddable":true,"href":"https:\/\/quehacerpolitico.mx\/index.php?rest_route=%2Fwp%2Fv2%2Fcategories&post=78222"},{"taxonomy":"post_tag","embeddable":true,"href":"https:\/\/quehacerpolitico.mx\/index.php?rest_route=%2Fwp%2Fv2%2Ftags&post=78222"}],"curies":[{"name":"wp","href":"https:\/\/api.w.org\/{rel}","templated":true}]}}