{"id":78218,"date":"2021-03-30T02:00:18","date_gmt":"2021-03-30T02:00:18","guid":{"rendered":"https:\/\/quehacerpolitico.mx\/?p=78218"},"modified":"2021-03-30T02:00:18","modified_gmt":"2021-03-30T02:00:18","slug":"sergio-aguero-se-ira-del-manchester-city-final-de-temporada","status":"publish","type":"post","link":"https:\/\/quehacerpolitico.mx\/?p=78218","title":{"rendered":"Sergio Ag\u00fcero se ir\u00e1 del Manchester City a final de temporada"},"content":{"rendered":"<h1 class=\"news-title\">Sergio Ag\u00fcero se ir\u00e1 del Manchester City a final de temporada<br \/>\nPor Redacci\u00f3n QP<\/h1>\n<div class=\"news-subtitle\">\n<p>El &#8220;Kun&#8221; no renovar\u00e1 el contrato que le liga al club ingl\u00e9s hasta el 30 de junio<\/p>\n<\/div>\n<div class=\"social-share-box normal\">\n<p>El Manchester City\u00a0anunci\u00f3 este lunes que el delantero argentino Sergio Ag\u00fcero abandonar\u00e1 el club a final de temporada tras diez a\u00f1os.<\/p>\n<p>Ag\u00fcero, m\u00e1ximo artillero de la historia de los &#8216;Sky Blues&#8217;,<strong> no renovar\u00e1 el contrato que le liga al City hasta el 30 de junio y podr\u00e1 salir libre cuando llegue tal fecha.<\/strong><\/p>\n<p>Desde su llegada en 2011 procedente del Atl\u00e9tico de Madrid, <strong>Ag\u00fcero ha jugado 384 partidos con el Manchester City y ha anotado 257 tantos<\/strong>, rompiendo el r\u00e9cord que ostent\u00f3 Eric Brook hasta 2017.<\/p>\n<blockquote class=\"twitter-tweet\" data-width=\"550\" data-dnt=\"true\">\n<p lang=\"zxx\" dir=\"ltr\"><a href=\"https:\/\/t.co\/XXMxYb1dxX\">pic.twitter.com\/XXMxYb1dxX<\/a><\/p>\n<p>&mdash; Sergio Kun Aguero (@aguerosergiokun) <a href=\"https:\/\/twitter.com\/aguerosergiokun\/status\/1376613519102197768?ref_src=twsrc%5Etfw\">March 29, 2021<\/a><\/p><\/blockquote>\n<p><script async src=\"https:\/\/platform.twitter.com\/widgets.js\" charset=\"utf-8\"><\/script><\/p>\n<p>De Manchester <strong>se marcha con tres t\u00edtulos de la Premier League bajo el brazo, una Copa de Inglaterra y cinco Copas de la Liga<\/strong>, m\u00e1s los trofeos que a\u00fan pueda conseguir esta temporada, en la que el City es l\u00edder en la Liga inglesa, est\u00e1 en semifinales de la Copa de Inglaterra, en la final de la Copa de la Liga y en cuartos de final de la Liga de Campeones, la tarea pendiente de Ag\u00fcero en el equipo que dirige Pep Guardiola.<\/p>\n<p>Entre los r\u00e9cords que atesora en Inglaterra destaca el del mayor n\u00famero de &#8216;hat tricks&#8217; (tripletes): doce, superando a Alan Shearer, el m\u00e1ximo goleador hist\u00f3rico de la competici\u00f3n.<\/p>\n<p>Su papel en el City, sin embargo, ha deca\u00eddo esta temporada debido a las lesiones, que le han hecho disputar s\u00f3lo 14 encuentros.<\/p>\n<p>El club le har\u00e1 una despedida en el \u00faltimo partido en casa de la temporada contra el Everton, para el que el City espera contar con aficionados en las gradas que rindan tributo al m\u00e1ximo goleador de su historia.<\/p>\n<p>Con informaci\u00f3n de EFE<\/p>\n<\/div>\n","protected":false},"excerpt":{"rendered":"<p>Sergio Ag\u00fcero se ir\u00e1 del Manchester City a final de temporada Por Redacci\u00f3n QP El&#8230;<\/p>\n","protected":false},"author":2,"featured_media":78220,"comment_status":"open","ping_status":"open","sticky":false,"template":"","format":"standard","meta":{"_monsterinsights_skip_tracking":false,"_monsterinsights_sitenote_active":false,"_monsterinsights_sitenote_note":"","_monsterinsights_sitenote_category":0,"footnotes":""},"categories":[54],"tags":[],"class_list":["post-78218","post","type-post","status-publish","format-standard","has-post-thumbnail","hentry","category-deportes"],"yoast_head":"<!-- This site is optimized with the Yoast SEO plugin v27.3 - https:\/\/yoast.com\/product\/yoast-seo-wordpress\/ -->\n<title>Sergio Ag\u00fcero se ir\u00e1 del Manchester City a final de temporada -<\/title>\n<meta name=\"robots\" content=\"index, follow, max-snippet:-1, max-image-preview:large, max-video-preview:-1\" \/>\n<link rel=\"canonical\" href=\"https:\/\/quehacerpolitico.mx\/?p=78218\" \/>\n<meta property=\"og:locale\" content=\"es_MX\" \/>\n<meta property=\"og:type\" content=\"article\" \/>\n<meta property=\"og:title\" content=\"Sergio Ag\u00fcero se ir\u00e1 del Manchester City a final de temporada -\" \/>\n<meta property=\"og:description\" content=\"Sergio Ag\u00fcero se ir\u00e1 del Manchester City a final de temporada Por Redacci\u00f3n QP El...\" \/>\n<meta property=\"og:url\" content=\"https:\/\/quehacerpolitico.mx\/?p=78218\" \/>\n<meta property=\"article:published_time\" content=\"2021-03-30T02:00:18+00:00\" \/>\n<meta property=\"og:image\" content=\"https:\/\/quehacerpolitico.mx\/wp-content\/uploads\/2021\/03\/FAA6549F-EE07-4234-97C6-C2314782764B.jpeg\" \/>\n\t<meta property=\"og:image:width\" content=\"779\" \/>\n\t<meta property=\"og:image:height\" content=\"394\" \/>\n\t<meta property=\"og:image:type\" content=\"image\/jpeg\" \/>\n<meta name=\"author\" content=\"Redacci\u00f3n QP\" \/>\n<meta name=\"twitter:card\" content=\"summary_large_image\" \/>\n<meta name=\"twitter:label1\" content=\"Escrito por\" \/>\n\t<meta name=\"twitter:data1\" content=\"Redacci\u00f3n QP\" \/>\n\t<meta name=\"twitter:label2\" content=\"Tiempo de lectura\" \/>\n\t<meta name=\"twitter:data2\" content=\"2 minutos\" \/>\n<script type=\"application\/ld+json\" class=\"yoast-schema-graph\">{\"@context\":\"https:\\\/\\\/schema.org\",\"@graph\":[{\"@type\":\"Article\",\"@id\":\"https:\\\/\\\/quehacerpolitico.mx\\\/?p=78218#article\",\"isPartOf\":{\"@id\":\"https:\\\/\\\/quehacerpolitico.mx\\\/?p=78218\"},\"author\":{\"name\":\"Redacci\u00f3n QP\",\"@id\":\"https:\\\/\\\/quehacerpolitico.mx\\\/#\\\/schema\\\/person\\\/496d8ad2d1d3f8036101dca7ee39e585\"},\"headline\":\"Sergio Ag\u00fcero se ir\u00e1 del Manchester City a final de temporada\",\"datePublished\":\"2021-03-30T02:00:18+00:00\",\"mainEntityOfPage\":{\"@id\":\"https:\\\/\\\/quehacerpolitico.mx\\\/?p=78218\"},\"wordCount\":330,\"commentCount\":0,\"image\":{\"@id\":\"https:\\\/\\\/quehacerpolitico.mx\\\/?p=78218#primaryimage\"},\"thumbnailUrl\":\"https:\\\/\\\/quehacerpolitico.mx\\\/wp-content\\\/uploads\\\/2021\\\/03\\\/FAA6549F-EE07-4234-97C6-C2314782764B.jpeg\",\"articleSection\":[\"Deportes\"],\"inLanguage\":\"es\",\"potentialAction\":[{\"@type\":\"CommentAction\",\"name\":\"Comment\",\"target\":[\"https:\\\/\\\/quehacerpolitico.mx\\\/?p=78218#respond\"]}]},{\"@type\":\"WebPage\",\"@id\":\"https:\\\/\\\/quehacerpolitico.mx\\\/?p=78218\",\"url\":\"https:\\\/\\\/quehacerpolitico.mx\\\/?p=78218\",\"name\":\"Sergio Ag\u00fcero se ir\u00e1 del Manchester City a final de temporada -\",\"isPartOf\":{\"@id\":\"https:\\\/\\\/quehacerpolitico.mx\\\/#website\"},\"primaryImageOfPage\":{\"@id\":\"https:\\\/\\\/quehacerpolitico.mx\\\/?p=78218#primaryimage\"},\"image\":{\"@id\":\"https:\\\/\\\/quehacerpolitico.mx\\\/?p=78218#primaryimage\"},\"thumbnailUrl\":\"https:\\\/\\\/quehacerpolitico.mx\\\/wp-content\\\/uploads\\\/2021\\\/03\\\/FAA6549F-EE07-4234-97C6-C2314782764B.jpeg\",\"datePublished\":\"2021-03-30T02:00:18+00:00\",\"author\":{\"@id\":\"https:\\\/\\\/quehacerpolitico.mx\\\/#\\\/schema\\\/person\\\/496d8ad2d1d3f8036101dca7ee39e585\"},\"breadcrumb\":{\"@id\":\"https:\\\/\\\/quehacerpolitico.mx\\\/?p=78218#breadcrumb\"},\"inLanguage\":\"es\",\"potentialAction\":[{\"@type\":\"ReadAction\",\"target\":[\"https:\\\/\\\/quehacerpolitico.mx\\\/?p=78218\"]}]},{\"@type\":\"ImageObject\",\"inLanguage\":\"es\",\"@id\":\"https:\\\/\\\/quehacerpolitico.mx\\\/?p=78218#primaryimage\",\"url\":\"https:\\\/\\\/quehacerpolitico.mx\\\/wp-content\\\/uploads\\\/2021\\\/03\\\/FAA6549F-EE07-4234-97C6-C2314782764B.jpeg\",\"contentUrl\":\"https:\\\/\\\/quehacerpolitico.mx\\\/wp-content\\\/uploads\\\/2021\\\/03\\\/FAA6549F-EE07-4234-97C6-C2314782764B.jpeg\",\"width\":779,\"height\":394},{\"@type\":\"BreadcrumbList\",\"@id\":\"https:\\\/\\\/quehacerpolitico.mx\\\/?p=78218#breadcrumb\",\"itemListElement\":[{\"@type\":\"ListItem\",\"position\":1,\"name\":\"Inicio\",\"item\":\"https:\\\/\\\/quehacerpolitico.mx\\\/\"},{\"@type\":\"ListItem\",\"position\":2,\"name\":\"Sergio Ag\u00fcero se ir\u00e1 del Manchester City a final de temporada\"}]},{\"@type\":\"WebSite\",\"@id\":\"https:\\\/\\\/quehacerpolitico.mx\\\/#website\",\"url\":\"https:\\\/\\\/quehacerpolitico.mx\\\/\",\"name\":\"\",\"description\":\"\",\"potentialAction\":[{\"@type\":\"SearchAction\",\"target\":{\"@type\":\"EntryPoint\",\"urlTemplate\":\"https:\\\/\\\/quehacerpolitico.mx\\\/?s={search_term_string}\"},\"query-input\":{\"@type\":\"PropertyValueSpecification\",\"valueRequired\":true,\"valueName\":\"search_term_string\"}}],\"inLanguage\":\"es\"},{\"@type\":\"Person\",\"@id\":\"https:\\\/\\\/quehacerpolitico.mx\\\/#\\\/schema\\\/person\\\/496d8ad2d1d3f8036101dca7ee39e585\",\"name\":\"Redacci\u00f3n QP\",\"image\":{\"@type\":\"ImageObject\",\"inLanguage\":\"es\",\"@id\":\"https:\\\/\\\/secure.gravatar.com\\\/avatar\\\/c7164ed6fdec453195284ad24a5ae5b6e1eed2b848477fa2a4787ba9adf39a41?s=96&d=mm&r=g\",\"url\":\"https:\\\/\\\/secure.gravatar.com\\\/avatar\\\/c7164ed6fdec453195284ad24a5ae5b6e1eed2b848477fa2a4787ba9adf39a41?s=96&d=mm&r=g\",\"contentUrl\":\"https:\\\/\\\/secure.gravatar.com\\\/avatar\\\/c7164ed6fdec453195284ad24a5ae5b6e1eed2b848477fa2a4787ba9adf39a41?s=96&d=mm&r=g\",\"caption\":\"Redacci\u00f3n QP\"},\"url\":\"https:\\\/\\\/quehacerpolitico.mx\\\/?author=2\"}]}<\/script>\n<!-- \/ Yoast SEO plugin. -->","yoast_head_json":{"title":"Sergio Ag\u00fcero se ir\u00e1 del Manchester City a final de temporada -","robots":{"index":"index","follow":"follow","max-snippet":"max-snippet:-1","max-image-preview":"max-image-preview:large","max-video-preview":"max-video-preview:-1"},"canonical":"https:\/\/quehacerpolitico.mx\/?p=78218","og_locale":"es_MX","og_type":"article","og_title":"Sergio Ag\u00fcero se ir\u00e1 del Manchester City a final de temporada -","og_description":"Sergio Ag\u00fcero se ir\u00e1 del Manchester City a final de temporada Por Redacci\u00f3n QP El...","og_url":"https:\/\/quehacerpolitico.mx\/?p=78218","article_published_time":"2021-03-30T02:00:18+00:00","og_image":[{"width":779,"height":394,"url":"https:\/\/quehacerpolitico.mx\/wp-content\/uploads\/2021\/03\/FAA6549F-EE07-4234-97C6-C2314782764B.jpeg","type":"image\/jpeg"}],"author":"Redacci\u00f3n QP","twitter_card":"summary_large_image","twitter_misc":{"Escrito por":"Redacci\u00f3n QP","Tiempo de lectura":"2 minutos"},"schema":{"@context":"https:\/\/schema.org","@graph":[{"@type":"Article","@id":"https:\/\/quehacerpolitico.mx\/?p=78218#article","isPartOf":{"@id":"https:\/\/quehacerpolitico.mx\/?p=78218"},"author":{"name":"Redacci\u00f3n QP","@id":"https:\/\/quehacerpolitico.mx\/#\/schema\/person\/496d8ad2d1d3f8036101dca7ee39e585"},"headline":"Sergio Ag\u00fcero se ir\u00e1 del Manchester City a final de temporada","datePublished":"2021-03-30T02:00:18+00:00","mainEntityOfPage":{"@id":"https:\/\/quehacerpolitico.mx\/?p=78218"},"wordCount":330,"commentCount":0,"image":{"@id":"https:\/\/quehacerpolitico.mx\/?p=78218#primaryimage"},"thumbnailUrl":"https:\/\/quehacerpolitico.mx\/wp-content\/uploads\/2021\/03\/FAA6549F-EE07-4234-97C6-C2314782764B.jpeg","articleSection":["Deportes"],"inLanguage":"es","potentialAction":[{"@type":"CommentAction","name":"Comment","target":["https:\/\/quehacerpolitico.mx\/?p=78218#respond"]}]},{"@type":"WebPage","@id":"https:\/\/quehacerpolitico.mx\/?p=78218","url":"https:\/\/quehacerpolitico.mx\/?p=78218","name":"Sergio Ag\u00fcero se ir\u00e1 del Manchester City a final de temporada -","isPartOf":{"@id":"https:\/\/quehacerpolitico.mx\/#website"},"primaryImageOfPage":{"@id":"https:\/\/quehacerpolitico.mx\/?p=78218#primaryimage"},"image":{"@id":"https:\/\/quehacerpolitico.mx\/?p=78218#primaryimage"},"thumbnailUrl":"https:\/\/quehacerpolitico.mx\/wp-content\/uploads\/2021\/03\/FAA6549F-EE07-4234-97C6-C2314782764B.jpeg","datePublished":"2021-03-30T02:00:18+00:00","author":{"@id":"https:\/\/quehacerpolitico.mx\/#\/schema\/person\/496d8ad2d1d3f8036101dca7ee39e585"},"breadcrumb":{"@id":"https:\/\/quehacerpolitico.mx\/?p=78218#breadcrumb"},"inLanguage":"es","potentialAction":[{"@type":"ReadAction","target":["https:\/\/quehacerpolitico.mx\/?p=78218"]}]},{"@type":"ImageObject","inLanguage":"es","@id":"https:\/\/quehacerpolitico.mx\/?p=78218#primaryimage","url":"https:\/\/quehacerpolitico.mx\/wp-content\/uploads\/2021\/03\/FAA6549F-EE07-4234-97C6-C2314782764B.jpeg","contentUrl":"https:\/\/quehacerpolitico.mx\/wp-content\/uploads\/2021\/03\/FAA6549F-EE07-4234-97C6-C2314782764B.jpeg","width":779,"height":394},{"@type":"BreadcrumbList","@id":"https:\/\/quehacerpolitico.mx\/?p=78218#breadcrumb","itemListElement":[{"@type":"ListItem","position":1,"name":"Inicio","item":"https:\/\/quehacerpolitico.mx\/"},{"@type":"ListItem","position":2,"name":"Sergio Ag\u00fcero se ir\u00e1 del Manchester City a final de temporada"}]},{"@type":"WebSite","@id":"https:\/\/quehacerpolitico.mx\/#website","url":"https:\/\/quehacerpolitico.mx\/","name":"","description":"","potentialAction":[{"@type":"SearchAction","target":{"@type":"EntryPoint","urlTemplate":"https:\/\/quehacerpolitico.mx\/?s={search_term_string}"},"query-input":{"@type":"PropertyValueSpecification","valueRequired":true,"valueName":"search_term_string"}}],"inLanguage":"es"},{"@type":"Person","@id":"https:\/\/quehacerpolitico.mx\/#\/schema\/person\/496d8ad2d1d3f8036101dca7ee39e585","name":"Redacci\u00f3n QP","image":{"@type":"ImageObject","inLanguage":"es","@id":"https:\/\/secure.gravatar.com\/avatar\/c7164ed6fdec453195284ad24a5ae5b6e1eed2b848477fa2a4787ba9adf39a41?s=96&d=mm&r=g","url":"https:\/\/secure.gravatar.com\/avatar\/c7164ed6fdec453195284ad24a5ae5b6e1eed2b848477fa2a4787ba9adf39a41?s=96&d=mm&r=g","contentUrl":"https:\/\/secure.gravatar.com\/avatar\/c7164ed6fdec453195284ad24a5ae5b6e1eed2b848477fa2a4787ba9adf39a41?s=96&d=mm&r=g","caption":"Redacci\u00f3n QP"},"url":"https:\/\/quehacerpolitico.mx\/?author=2"}]}},"featured_image_urls":{"full":["https:\/\/quehacerpolitico.mx\/wp-content\/uploads\/2021\/03\/FAA6549F-EE07-4234-97C6-C2314782764B.jpeg",779,394,false],"thumbnail":["https:\/\/quehacerpolitico.mx\/wp-content\/uploads\/2021\/03\/FAA6549F-EE07-4234-97C6-C2314782764B-150x150.jpeg",150,150,true],"medium":["https:\/\/quehacerpolitico.mx\/wp-content\/uploads\/2021\/03\/FAA6549F-EE07-4234-97C6-C2314782764B-300x152.jpeg",300,152,true],"medium_large":["https:\/\/quehacerpolitico.mx\/wp-content\/uploads\/2021\/03\/FAA6549F-EE07-4234-97C6-C2314782764B-768x388.jpeg",640,323,true],"large":["https:\/\/quehacerpolitico.mx\/wp-content\/uploads\/2021\/03\/FAA6549F-EE07-4234-97C6-C2314782764B.jpeg",640,324,false],"1536x1536":["https:\/\/quehacerpolitico.mx\/wp-content\/uploads\/2021\/03\/FAA6549F-EE07-4234-97C6-C2314782764B.jpeg",779,394,false],"2048x2048":["https:\/\/quehacerpolitico.mx\/wp-content\/uploads\/2021\/03\/FAA6549F-EE07-4234-97C6-C2314782764B.jpeg",779,394,false],"covernews-featured":["https:\/\/quehacerpolitico.mx\/wp-content\/uploads\/2021\/03\/FAA6549F-EE07-4234-97C6-C2314782764B.jpeg",779,394,false],"covernews-medium":["https:\/\/quehacerpolitico.mx\/wp-content\/uploads\/2021\/03\/FAA6549F-EE07-4234-97C6-C2314782764B.jpeg",540,273,false]},"author_info":{"display_name":"Redacci\u00f3n QP","author_link":"https:\/\/quehacerpolitico.mx\/?author=2"},"category_info":"<a href=\"https:\/\/quehacerpolitico.mx\/?cat=54\" rel=\"category\">Deportes<\/a>","tag_info":"Deportes","comment_count":"0","_links":{"self":[{"href":"https:\/\/quehacerpolitico.mx\/index.php?rest_route=\/wp\/v2\/posts\/78218","targetHints":{"allow":["GET"]}}],"collection":[{"href":"https:\/\/quehacerpolitico.mx\/index.php?rest_route=\/wp\/v2\/posts"}],"about":[{"href":"https:\/\/quehacerpolitico.mx\/index.php?rest_route=\/wp\/v2\/types\/post"}],"author":[{"embeddable":true,"href":"https:\/\/quehacerpolitico.mx\/index.php?rest_route=\/wp\/v2\/users\/2"}],"replies":[{"embeddable":true,"href":"https:\/\/quehacerpolitico.mx\/index.php?rest_route=%2Fwp%2Fv2%2Fcomments&post=78218"}],"version-history":[{"count":0,"href":"https:\/\/quehacerpolitico.mx\/index.php?rest_route=\/wp\/v2\/posts\/78218\/revisions"}],"wp:featuredmedia":[{"embeddable":true,"href":"https:\/\/quehacerpolitico.mx\/index.php?rest_route=\/wp\/v2\/media\/78220"}],"wp:attachment":[{"href":"https:\/\/quehacerpolitico.mx\/index.php?rest_route=%2Fwp%2Fv2%2Fmedia&parent=78218"}],"wp:term":[{"taxonomy":"category","embeddable":true,"href":"https:\/\/quehacerpolitico.mx\/index.php?rest_route=%2Fwp%2Fv2%2Fcategories&post=78218"},{"taxonomy":"post_tag","embeddable":true,"href":"https:\/\/quehacerpolitico.mx\/index.php?rest_route=%2Fwp%2Fv2%2Ftags&post=78218"}],"curies":[{"name":"wp","href":"https:\/\/api.w.org\/{rel}","templated":true}]}}