{"id":78188,"date":"2021-03-29T18:13:14","date_gmt":"2021-03-29T18:13:14","guid":{"rendered":"https:\/\/quehacerpolitico.mx\/?p=78188"},"modified":"2021-03-29T18:13:14","modified_gmt":"2021-03-29T18:13:14","slug":"internacionales-carolina-alonso-romei-presidente-de-el-salvador-nayib-bukele-exige-justicia-por-asesinato-de-victoria-en-tulum","status":"publish","type":"post","link":"https:\/\/quehacerpolitico.mx\/?p=78188","title":{"rendered":"Internacionales\/\/\/Carolina Alonso Romei\/\/\/Presidente de El Salvador, Nayib Bukele, exige justicia por asesinato de Victoria en Tulum"},"content":{"rendered":"<h1>Presidente de El Salvador, Nayib Bukele, exige justicia por asesinato de Victoria en Tulum<br \/>\nPor Carolina Alonso Romei<\/h1>\n<p>Internacionalista<\/p>\n<p>El mandatario de El Salvador asegura que su gobierno se encargar\u00e1 de la manutenci\u00f3n y estudios de las dos hijas de Victoria<\/p>\n<p>El Gobierno de El Salvador conden\u00f3 el asesinato de una migrante salvadore\u00f1a en M\u00e9xico, quien fue\u00a0asfixiada hasta la muerte con la rodilla de un polic\u00eda mexicano, y se\u00f1ala que el hecho ya se est\u00e1 investigando. Presidente de El Salvador, <strong>Nayib Bukele<\/strong>, exige justicia por el <strong>asesinato de Victoria en Tulum<\/strong>.<\/p>\n<p>El suceso se registr\u00f3 el domingo en el municipio tur\u00edstico de <strong>Tulum<\/strong>, en Quinta Roo, y la v\u00edctima respond\u00eda al nombre de<strong> Victoria Esperanza Salazar Arriaza<\/strong>, de 36 a\u00f1os.<\/p>\n<blockquote><p>\u201cEl Gobierno de El Salvador condena las acciones que provocaron la muerte de la compatriota\u201d, indica la nota en la que tambi\u00e9n se inform\u00f3 de que el Ejecutivo \u201cse mantiene en comunicaci\u00f3n con las autoridades mexicanas con miras a que se siga con celeridad las investigaciones pertinentes y se determine las responsabilidades para aplicar todo el peso de la ley\u201d.<\/p><\/blockquote>\n<p>Indic\u00f3 que el Ministerio de Exteriores brindar\u00e1 \u201ctodo el apoyo y acompa\u00f1amiento que requieran los familiares de Salazar Arriaza\u201d, quien era originaria del occidental departamento de Sonsonate.<\/p>\n<p>La Canciller\u00eda a\u00f1adi\u00f3 que se est\u00e1 monitoreando y se da seguimiento a la situaci\u00f3n a trav\u00e9s de su representaci\u00f3n consular en Acayucan y la embajada en ese pa\u00eds.<\/p>\n<h2>Nayib Bukele tambi\u00e9n reacci\u00f3n ante el hecho y pidi\u00f3 justicia<\/h2>\n<p>\u201cNosotros nos encargaremos de la manutenci\u00f3n y estudios de las dos hijas de Victoria y de todo lo que necesiten (\u2026) solo pedimos justicia. Que a los que hicieron esto les caiga todo el peso de la ley\u201d, public\u00f3 en su Twitter.<\/p>\n<blockquote class=\"twitter-tweet\" data-width=\"550\" data-dnt=\"true\">\n<p lang=\"es\" dir=\"ltr\">Nosotros nos encargaremos de la manutenci\u00f3n y estudios de las dos hijas de Victoria y de todo lo que necesiten.<\/p>\n<p>Solo pedimos justicia. Que a los que hicieron esto les caiga todo el peso de la ley. <a href=\"https:\/\/t.co\/m7vVh48Neg\">https:\/\/t.co\/m7vVh48Neg<\/a><\/p>\n<p>&mdash; Nayib Bukele (@nayibbukele) <a href=\"https:\/\/twitter.com\/nayibbukele\/status\/1376392324658438144?ref_src=twsrc%5Etfw\">March 29, 2021<\/a><\/p><\/blockquote>\n<p><script async src=\"https:\/\/platform.twitter.com\/widgets.js\" charset=\"utf-8\"><\/script><\/p>\n<p>La muerte de Victoria, que la <strong>Fiscal\u00eda General del Estado (FGE) de Quintana Roo investiga<\/strong>como homicidio agravado, caus\u00f3 indignaci\u00f3n tras difundirse el domingo el v\u00eddeo, grabado el s\u00e1bado, en el que uno de los cuatro polic\u00edas de Tulum que pueden verse coloca su rodilla en el cuello de la v\u00edctima, que solo alcanza a gemir.<\/p>\n<p>Despu\u00e9s de revelarse su identidad, el esc\u00e1ndalo despert\u00f3 reclamaciones de asociaciones de migrantes y pol\u00edticos de El Salvador.<\/p>\n<blockquote><p>\u201cLa polic\u00eda de Tulum en M\u00e9xico, en un visible uso excesivo de la fuerza (4 contra 1), ha dejado sin vida a la salvadore\u00f1a Victoria Salazar. Pidamos que las autoridades de nuestro pa\u00eds exijan #JusticiaParaVictoria\u201d, denunci\u00f3 Claudia Ortiz, diputada electa por San Salvador.<\/p><\/blockquote>\n<p>Aunque la FGE de Quintana Roo indaga a tres polic\u00edas hombres y a una mujer, y el alcalde de Tulum, V\u00edctor Mas Tah, anunci\u00f3 que los separar\u00e1 del cargo, no han aclarado si est\u00e1n detenidos ni por qu\u00e9 sometieron a la v\u00edctima.<\/p>\n<h2>Similitudes al caso de <strong>George Floyd<\/strong><\/h2>\n<p>Activistas han comparado lo sucedido con el asesinato del afroestadounidense <strong>George Floyd<\/strong>, quien muri\u00f3 asfixiado por la polic\u00eda de Mine\u00e1polis, Minesota, en mayo de 2020, lo que desat\u00f3 las hist\u00f3ricas protestas por la justicia racial en Estados Unidos.<\/p>\n<p><em>Con informaci\u00f3n de EFE<\/em><\/p>\n","protected":false},"excerpt":{"rendered":"<p>Presidente de El Salvador, Nayib Bukele, exige justicia por asesinato de Victoria en Tulum Por&#8230;<\/p>\n","protected":false},"author":2,"featured_media":78191,"comment_status":"open","ping_status":"open","sticky":false,"template":"","format":"standard","meta":{"_monsterinsights_skip_tracking":false,"_monsterinsights_sitenote_active":false,"_monsterinsights_sitenote_note":"","_monsterinsights_sitenote_category":0,"footnotes":""},"categories":[1],"tags":[],"class_list":["post-78188","post","type-post","status-publish","format-standard","has-post-thumbnail","hentry","category-sin-categoria"],"yoast_head":"<!-- This site is optimized with the Yoast SEO plugin v27.3 - https:\/\/yoast.com\/product\/yoast-seo-wordpress\/ -->\n<title>Internacionales\/\/\/Carolina Alonso Romei\/\/\/Presidente de El Salvador, Nayib Bukele, exige justicia por asesinato de Victoria en Tulum -<\/title>\n<meta name=\"robots\" content=\"index, follow, max-snippet:-1, max-image-preview:large, max-video-preview:-1\" \/>\n<link rel=\"canonical\" href=\"https:\/\/quehacerpolitico.mx\/?p=78188\" \/>\n<meta property=\"og:locale\" content=\"es_MX\" \/>\n<meta property=\"og:type\" content=\"article\" \/>\n<meta property=\"og:title\" content=\"Internacionales\/\/\/Carolina Alonso Romei\/\/\/Presidente de El Salvador, Nayib Bukele, exige justicia por asesinato de Victoria en Tulum -\" \/>\n<meta property=\"og:description\" content=\"Presidente de El Salvador, Nayib Bukele, exige justicia por asesinato de Victoria en Tulum Por...\" \/>\n<meta property=\"og:url\" content=\"https:\/\/quehacerpolitico.mx\/?p=78188\" \/>\n<meta property=\"article:published_time\" content=\"2021-03-29T18:13:14+00:00\" \/>\n<meta property=\"og:image\" content=\"https:\/\/quehacerpolitico.mx\/wp-content\/uploads\/2021\/03\/42D077BE-089F-4AD8-9321-6537D80E096C.jpeg\" \/>\n\t<meta property=\"og:image:width\" content=\"646\" \/>\n\t<meta property=\"og:image:height\" content=\"474\" \/>\n\t<meta property=\"og:image:type\" content=\"image\/jpeg\" \/>\n<meta name=\"author\" content=\"Redacci\u00f3n QP\" \/>\n<meta name=\"twitter:card\" content=\"summary_large_image\" \/>\n<meta name=\"twitter:label1\" content=\"Escrito por\" \/>\n\t<meta name=\"twitter:data1\" content=\"Redacci\u00f3n QP\" \/>\n\t<meta name=\"twitter:label2\" content=\"Tiempo de lectura\" \/>\n\t<meta name=\"twitter:data2\" content=\"3 minutos\" \/>\n<script type=\"application\/ld+json\" class=\"yoast-schema-graph\">{\"@context\":\"https:\\\/\\\/schema.org\",\"@graph\":[{\"@type\":\"Article\",\"@id\":\"https:\\\/\\\/quehacerpolitico.mx\\\/?p=78188#article\",\"isPartOf\":{\"@id\":\"https:\\\/\\\/quehacerpolitico.mx\\\/?p=78188\"},\"author\":{\"name\":\"Redacci\u00f3n QP\",\"@id\":\"https:\\\/\\\/quehacerpolitico.mx\\\/#\\\/schema\\\/person\\\/496d8ad2d1d3f8036101dca7ee39e585\"},\"headline\":\"Internacionales\\\/\\\/\\\/Carolina Alonso Romei\\\/\\\/\\\/Presidente de El Salvador, Nayib Bukele, exige justicia por asesinato de Victoria en Tulum\",\"datePublished\":\"2021-03-29T18:13:14+00:00\",\"mainEntityOfPage\":{\"@id\":\"https:\\\/\\\/quehacerpolitico.mx\\\/?p=78188\"},\"wordCount\":555,\"commentCount\":0,\"image\":{\"@id\":\"https:\\\/\\\/quehacerpolitico.mx\\\/?p=78188#primaryimage\"},\"thumbnailUrl\":\"https:\\\/\\\/quehacerpolitico.mx\\\/wp-content\\\/uploads\\\/2021\\\/03\\\/42D077BE-089F-4AD8-9321-6537D80E096C.jpeg\",\"articleSection\":[\"Internacionales\"],\"inLanguage\":\"es\",\"potentialAction\":[{\"@type\":\"CommentAction\",\"name\":\"Comment\",\"target\":[\"https:\\\/\\\/quehacerpolitico.mx\\\/?p=78188#respond\"]}]},{\"@type\":\"WebPage\",\"@id\":\"https:\\\/\\\/quehacerpolitico.mx\\\/?p=78188\",\"url\":\"https:\\\/\\\/quehacerpolitico.mx\\\/?p=78188\",\"name\":\"Internacionales\\\/\\\/\\\/Carolina Alonso Romei\\\/\\\/\\\/Presidente de El Salvador, Nayib Bukele, exige justicia por asesinato de Victoria en Tulum -\",\"isPartOf\":{\"@id\":\"https:\\\/\\\/quehacerpolitico.mx\\\/#website\"},\"primaryImageOfPage\":{\"@id\":\"https:\\\/\\\/quehacerpolitico.mx\\\/?p=78188#primaryimage\"},\"image\":{\"@id\":\"https:\\\/\\\/quehacerpolitico.mx\\\/?p=78188#primaryimage\"},\"thumbnailUrl\":\"https:\\\/\\\/quehacerpolitico.mx\\\/wp-content\\\/uploads\\\/2021\\\/03\\\/42D077BE-089F-4AD8-9321-6537D80E096C.jpeg\",\"datePublished\":\"2021-03-29T18:13:14+00:00\",\"author\":{\"@id\":\"https:\\\/\\\/quehacerpolitico.mx\\\/#\\\/schema\\\/person\\\/496d8ad2d1d3f8036101dca7ee39e585\"},\"breadcrumb\":{\"@id\":\"https:\\\/\\\/quehacerpolitico.mx\\\/?p=78188#breadcrumb\"},\"inLanguage\":\"es\",\"potentialAction\":[{\"@type\":\"ReadAction\",\"target\":[\"https:\\\/\\\/quehacerpolitico.mx\\\/?p=78188\"]}]},{\"@type\":\"ImageObject\",\"inLanguage\":\"es\",\"@id\":\"https:\\\/\\\/quehacerpolitico.mx\\\/?p=78188#primaryimage\",\"url\":\"https:\\\/\\\/quehacerpolitico.mx\\\/wp-content\\\/uploads\\\/2021\\\/03\\\/42D077BE-089F-4AD8-9321-6537D80E096C.jpeg\",\"contentUrl\":\"https:\\\/\\\/quehacerpolitico.mx\\\/wp-content\\\/uploads\\\/2021\\\/03\\\/42D077BE-089F-4AD8-9321-6537D80E096C.jpeg\",\"width\":646,\"height\":474},{\"@type\":\"BreadcrumbList\",\"@id\":\"https:\\\/\\\/quehacerpolitico.mx\\\/?p=78188#breadcrumb\",\"itemListElement\":[{\"@type\":\"ListItem\",\"position\":1,\"name\":\"Inicio\",\"item\":\"https:\\\/\\\/quehacerpolitico.mx\\\/\"},{\"@type\":\"ListItem\",\"position\":2,\"name\":\"Internacionales\\\/\\\/\\\/Carolina Alonso Romei\\\/\\\/\\\/Presidente de El Salvador, Nayib Bukele, exige justicia por asesinato de Victoria en Tulum\"}]},{\"@type\":\"WebSite\",\"@id\":\"https:\\\/\\\/quehacerpolitico.mx\\\/#website\",\"url\":\"https:\\\/\\\/quehacerpolitico.mx\\\/\",\"name\":\"\",\"description\":\"\",\"potentialAction\":[{\"@type\":\"SearchAction\",\"target\":{\"@type\":\"EntryPoint\",\"urlTemplate\":\"https:\\\/\\\/quehacerpolitico.mx\\\/?s={search_term_string}\"},\"query-input\":{\"@type\":\"PropertyValueSpecification\",\"valueRequired\":true,\"valueName\":\"search_term_string\"}}],\"inLanguage\":\"es\"},{\"@type\":\"Person\",\"@id\":\"https:\\\/\\\/quehacerpolitico.mx\\\/#\\\/schema\\\/person\\\/496d8ad2d1d3f8036101dca7ee39e585\",\"name\":\"Redacci\u00f3n QP\",\"image\":{\"@type\":\"ImageObject\",\"inLanguage\":\"es\",\"@id\":\"https:\\\/\\\/secure.gravatar.com\\\/avatar\\\/c7164ed6fdec453195284ad24a5ae5b6e1eed2b848477fa2a4787ba9adf39a41?s=96&d=mm&r=g\",\"url\":\"https:\\\/\\\/secure.gravatar.com\\\/avatar\\\/c7164ed6fdec453195284ad24a5ae5b6e1eed2b848477fa2a4787ba9adf39a41?s=96&d=mm&r=g\",\"contentUrl\":\"https:\\\/\\\/secure.gravatar.com\\\/avatar\\\/c7164ed6fdec453195284ad24a5ae5b6e1eed2b848477fa2a4787ba9adf39a41?s=96&d=mm&r=g\",\"caption\":\"Redacci\u00f3n QP\"},\"url\":\"https:\\\/\\\/quehacerpolitico.mx\\\/?author=2\"}]}<\/script>\n<!-- \/ Yoast SEO plugin. -->","yoast_head_json":{"title":"Internacionales\/\/\/Carolina Alonso Romei\/\/\/Presidente de El Salvador, Nayib Bukele, exige justicia por asesinato de Victoria en Tulum -","robots":{"index":"index","follow":"follow","max-snippet":"max-snippet:-1","max-image-preview":"max-image-preview:large","max-video-preview":"max-video-preview:-1"},"canonical":"https:\/\/quehacerpolitico.mx\/?p=78188","og_locale":"es_MX","og_type":"article","og_title":"Internacionales\/\/\/Carolina Alonso Romei\/\/\/Presidente de El Salvador, Nayib Bukele, exige justicia por asesinato de Victoria en Tulum -","og_description":"Presidente de El Salvador, Nayib Bukele, exige justicia por asesinato de Victoria en Tulum Por...","og_url":"https:\/\/quehacerpolitico.mx\/?p=78188","article_published_time":"2021-03-29T18:13:14+00:00","og_image":[{"width":646,"height":474,"url":"https:\/\/quehacerpolitico.mx\/wp-content\/uploads\/2021\/03\/42D077BE-089F-4AD8-9321-6537D80E096C.jpeg","type":"image\/jpeg"}],"author":"Redacci\u00f3n QP","twitter_card":"summary_large_image","twitter_misc":{"Escrito por":"Redacci\u00f3n QP","Tiempo de lectura":"3 minutos"},"schema":{"@context":"https:\/\/schema.org","@graph":[{"@type":"Article","@id":"https:\/\/quehacerpolitico.mx\/?p=78188#article","isPartOf":{"@id":"https:\/\/quehacerpolitico.mx\/?p=78188"},"author":{"name":"Redacci\u00f3n QP","@id":"https:\/\/quehacerpolitico.mx\/#\/schema\/person\/496d8ad2d1d3f8036101dca7ee39e585"},"headline":"Internacionales\/\/\/Carolina Alonso Romei\/\/\/Presidente de El Salvador, Nayib Bukele, exige justicia por asesinato de Victoria en Tulum","datePublished":"2021-03-29T18:13:14+00:00","mainEntityOfPage":{"@id":"https:\/\/quehacerpolitico.mx\/?p=78188"},"wordCount":555,"commentCount":0,"image":{"@id":"https:\/\/quehacerpolitico.mx\/?p=78188#primaryimage"},"thumbnailUrl":"https:\/\/quehacerpolitico.mx\/wp-content\/uploads\/2021\/03\/42D077BE-089F-4AD8-9321-6537D80E096C.jpeg","articleSection":["Internacionales"],"inLanguage":"es","potentialAction":[{"@type":"CommentAction","name":"Comment","target":["https:\/\/quehacerpolitico.mx\/?p=78188#respond"]}]},{"@type":"WebPage","@id":"https:\/\/quehacerpolitico.mx\/?p=78188","url":"https:\/\/quehacerpolitico.mx\/?p=78188","name":"Internacionales\/\/\/Carolina Alonso Romei\/\/\/Presidente de El Salvador, Nayib Bukele, exige justicia por asesinato de Victoria en Tulum -","isPartOf":{"@id":"https:\/\/quehacerpolitico.mx\/#website"},"primaryImageOfPage":{"@id":"https:\/\/quehacerpolitico.mx\/?p=78188#primaryimage"},"image":{"@id":"https:\/\/quehacerpolitico.mx\/?p=78188#primaryimage"},"thumbnailUrl":"https:\/\/quehacerpolitico.mx\/wp-content\/uploads\/2021\/03\/42D077BE-089F-4AD8-9321-6537D80E096C.jpeg","datePublished":"2021-03-29T18:13:14+00:00","author":{"@id":"https:\/\/quehacerpolitico.mx\/#\/schema\/person\/496d8ad2d1d3f8036101dca7ee39e585"},"breadcrumb":{"@id":"https:\/\/quehacerpolitico.mx\/?p=78188#breadcrumb"},"inLanguage":"es","potentialAction":[{"@type":"ReadAction","target":["https:\/\/quehacerpolitico.mx\/?p=78188"]}]},{"@type":"ImageObject","inLanguage":"es","@id":"https:\/\/quehacerpolitico.mx\/?p=78188#primaryimage","url":"https:\/\/quehacerpolitico.mx\/wp-content\/uploads\/2021\/03\/42D077BE-089F-4AD8-9321-6537D80E096C.jpeg","contentUrl":"https:\/\/quehacerpolitico.mx\/wp-content\/uploads\/2021\/03\/42D077BE-089F-4AD8-9321-6537D80E096C.jpeg","width":646,"height":474},{"@type":"BreadcrumbList","@id":"https:\/\/quehacerpolitico.mx\/?p=78188#breadcrumb","itemListElement":[{"@type":"ListItem","position":1,"name":"Inicio","item":"https:\/\/quehacerpolitico.mx\/"},{"@type":"ListItem","position":2,"name":"Internacionales\/\/\/Carolina Alonso Romei\/\/\/Presidente de El Salvador, Nayib Bukele, exige justicia por asesinato de Victoria en Tulum"}]},{"@type":"WebSite","@id":"https:\/\/quehacerpolitico.mx\/#website","url":"https:\/\/quehacerpolitico.mx\/","name":"","description":"","potentialAction":[{"@type":"SearchAction","target":{"@type":"EntryPoint","urlTemplate":"https:\/\/quehacerpolitico.mx\/?s={search_term_string}"},"query-input":{"@type":"PropertyValueSpecification","valueRequired":true,"valueName":"search_term_string"}}],"inLanguage":"es"},{"@type":"Person","@id":"https:\/\/quehacerpolitico.mx\/#\/schema\/person\/496d8ad2d1d3f8036101dca7ee39e585","name":"Redacci\u00f3n QP","image":{"@type":"ImageObject","inLanguage":"es","@id":"https:\/\/secure.gravatar.com\/avatar\/c7164ed6fdec453195284ad24a5ae5b6e1eed2b848477fa2a4787ba9adf39a41?s=96&d=mm&r=g","url":"https:\/\/secure.gravatar.com\/avatar\/c7164ed6fdec453195284ad24a5ae5b6e1eed2b848477fa2a4787ba9adf39a41?s=96&d=mm&r=g","contentUrl":"https:\/\/secure.gravatar.com\/avatar\/c7164ed6fdec453195284ad24a5ae5b6e1eed2b848477fa2a4787ba9adf39a41?s=96&d=mm&r=g","caption":"Redacci\u00f3n QP"},"url":"https:\/\/quehacerpolitico.mx\/?author=2"}]}},"featured_image_urls":{"full":["https:\/\/quehacerpolitico.mx\/wp-content\/uploads\/2021\/03\/42D077BE-089F-4AD8-9321-6537D80E096C.jpeg",646,474,false],"thumbnail":["https:\/\/quehacerpolitico.mx\/wp-content\/uploads\/2021\/03\/42D077BE-089F-4AD8-9321-6537D80E096C-150x150.jpeg",150,150,true],"medium":["https:\/\/quehacerpolitico.mx\/wp-content\/uploads\/2021\/03\/42D077BE-089F-4AD8-9321-6537D80E096C-300x220.jpeg",300,220,true],"medium_large":["https:\/\/quehacerpolitico.mx\/wp-content\/uploads\/2021\/03\/42D077BE-089F-4AD8-9321-6537D80E096C.jpeg",640,470,false],"large":["https:\/\/quehacerpolitico.mx\/wp-content\/uploads\/2021\/03\/42D077BE-089F-4AD8-9321-6537D80E096C.jpeg",640,470,false],"1536x1536":["https:\/\/quehacerpolitico.mx\/wp-content\/uploads\/2021\/03\/42D077BE-089F-4AD8-9321-6537D80E096C.jpeg",646,474,false],"2048x2048":["https:\/\/quehacerpolitico.mx\/wp-content\/uploads\/2021\/03\/42D077BE-089F-4AD8-9321-6537D80E096C.jpeg",646,474,false],"covernews-featured":["https:\/\/quehacerpolitico.mx\/wp-content\/uploads\/2021\/03\/42D077BE-089F-4AD8-9321-6537D80E096C.jpeg",646,474,false],"covernews-medium":["https:\/\/quehacerpolitico.mx\/wp-content\/uploads\/2021\/03\/42D077BE-089F-4AD8-9321-6537D80E096C.jpeg",463,340,false]},"author_info":{"display_name":"Redacci\u00f3n QP","author_link":"https:\/\/quehacerpolitico.mx\/?author=2"},"category_info":"<a href=\"https:\/\/quehacerpolitico.mx\/?cat=1\" rel=\"category\">Internacionales<\/a>","tag_info":"Internacionales","comment_count":"0","_links":{"self":[{"href":"https:\/\/quehacerpolitico.mx\/index.php?rest_route=\/wp\/v2\/posts\/78188","targetHints":{"allow":["GET"]}}],"collection":[{"href":"https:\/\/quehacerpolitico.mx\/index.php?rest_route=\/wp\/v2\/posts"}],"about":[{"href":"https:\/\/quehacerpolitico.mx\/index.php?rest_route=\/wp\/v2\/types\/post"}],"author":[{"embeddable":true,"href":"https:\/\/quehacerpolitico.mx\/index.php?rest_route=\/wp\/v2\/users\/2"}],"replies":[{"embeddable":true,"href":"https:\/\/quehacerpolitico.mx\/index.php?rest_route=%2Fwp%2Fv2%2Fcomments&post=78188"}],"version-history":[{"count":0,"href":"https:\/\/quehacerpolitico.mx\/index.php?rest_route=\/wp\/v2\/posts\/78188\/revisions"}],"wp:featuredmedia":[{"embeddable":true,"href":"https:\/\/quehacerpolitico.mx\/index.php?rest_route=\/wp\/v2\/media\/78191"}],"wp:attachment":[{"href":"https:\/\/quehacerpolitico.mx\/index.php?rest_route=%2Fwp%2Fv2%2Fmedia&parent=78188"}],"wp:term":[{"taxonomy":"category","embeddable":true,"href":"https:\/\/quehacerpolitico.mx\/index.php?rest_route=%2Fwp%2Fv2%2Fcategories&post=78188"},{"taxonomy":"post_tag","embeddable":true,"href":"https:\/\/quehacerpolitico.mx\/index.php?rest_route=%2Fwp%2Fv2%2Ftags&post=78188"}],"curies":[{"name":"wp","href":"https:\/\/api.w.org\/{rel}","templated":true}]}}