{"id":78181,"date":"2021-03-29T17:47:42","date_gmt":"2021-03-29T17:47:42","guid":{"rendered":"https:\/\/quehacerpolitico.mx\/?p=78181"},"modified":"2021-03-29T17:47:42","modified_gmt":"2021-03-29T17:47:42","slug":"urge-regresar-clases-presenciales-en-mexico-afirma-amlo","status":"publish","type":"post","link":"https:\/\/quehacerpolitico.mx\/?p=78181","title":{"rendered":"Urge regresar a clases presenciales en M\u00e9xico, afirma AMLO"},"content":{"rendered":"<h1>Urge regresar a clases presenciales en M\u00e9xico, afirma AMLO<br \/>\nPor Redacci\u00f3n QP<\/h1>\n<p>El presidente anunci\u00f3 que iniciar\u00e1 la vacunaci\u00f3n a maestros, maestras y empleado de la educaci\u00f3n<\/p>\n<p>El presidente de M\u00e9xico, Andres Manuel L\u00f3pez Obrador, advirti\u00f3 este lunes 29 de marzo de 2021 que es necesario y urgente regresar a clases presenciales.<\/p>\n<blockquote class=\"twitter-tweet\" data-width=\"550\" data-dnt=\"true\">\n<p lang=\"es\" dir=\"ltr\">\ud83d\udea8 Atenci\u00f3n aqu\u00ed<\/p>\n<p>Sigue la vacunaci\u00f3n de maestras y maestros, &quot;urge regresar a clases presenciales&quot;, afirma el presidente <a href=\"https:\/\/twitter.com\/lopezobrador_?ref_src=twsrc%5Etfw\">@lopezobrador_<\/a> <a href=\"https:\/\/t.co\/bev5K8KWlX\">pic.twitter.com\/bev5K8KWlX<\/a><\/p>\n<p>&mdash; Ruido en la Red (@RuidoEnLaRed) <a href=\"https:\/\/twitter.com\/RuidoEnLaRed\/status\/1376553320198721536?ref_src=twsrc%5Etfw\">March 29, 2021<\/a><\/p><\/blockquote>\n<p><script async src=\"https:\/\/platform.twitter.com\/widgets.js\" charset=\"utf-8\"><\/script><\/p>\n<blockquote><p>\u201cVamos de inmediato a iniciar a vacunaci\u00f3n de maestros, maestras, todos los trabajadores de la educaci\u00f3n, del sector p\u00fablico y del sector privado porque necesitamos regresar a clases presenciales. Urge regresar a clases presenciales\u201d, enfatiz\u00f3 en su conferencia de prensa.<\/p><\/blockquote>\n<p>Insisti\u00f3 en que esta <strong>vacunaci\u00f3n<\/strong> incluir\u00e1 a escuelas p\u00fablicas y privadas para que antes de que finalice el ciclo escolar se pueda tener clases presenciales, siempre y cuando no haya imprevistos o una situaci\u00f3n de un nuevo incremento de contagios.<\/p>\n<p><strong>L\u00f3pez Obrador<\/strong> dijo que al igual que a m\u00e9dicos, enfermeras y trabajadores de salud hay que hacer un reconocimiento a los padres de familia, sobre todos a las mam\u00e1s, que durante mucho tiempo han estado ayudando a sus hijos.<\/p>\n<p>Explic\u00f3 que hay mam\u00e1s y pap\u00e1s que se han puesto a estudiar para poder ayudar a sus hijos.<\/p>\n<blockquote><p>\u201cYa tambi\u00e9n es tiempo de que se vaya a la escuela\u201d.<\/p><\/blockquote>\n<p>Acot\u00f3 que hace el anuncio con anticipaci\u00f3n para que padres de familia, maestros, maestras, autoridades y se empiecen a limpiar y arreglar los planteles educativos.<\/p>\n<h2>Espera AMLO terminar vacunaci\u00f3n de adultos mayores en abril<\/h2>\n<p>El presidente indic\u00f3 que hay dosis para vacunar a todos los adultos mayores, que es la poblaci\u00f3n \u201cpreferente\u201d y a\u00f1adi\u00f3 que es probable que a mediados de abril, o a m\u00e1s tardar a fines de abril, se tengan vacunados a todos los adultos mayores, al menos en la primera dosis.<\/p>\n<p>Dijo que seg\u00fan la jefa de gobierno de la Ciudad de M\u00e9xico, Claudia Sheinbaum, se calcula que para la pr\u00f3xima semana ya est\u00e9n vacunados todos los adultos mayores de la capital del pa\u00eds.<\/p>\n<p><em>Con informaci\u00f3n de Presidencia de la Rep\u00fablica<\/em><\/p>\n","protected":false},"excerpt":{"rendered":"<p>Urge regresar a clases presenciales en M\u00e9xico, afirma AMLO Por Redacci\u00f3n QP El presidente anunci\u00f3&#8230;<\/p>\n","protected":false},"author":2,"featured_media":78183,"comment_status":"open","ping_status":"open","sticky":false,"template":"","format":"standard","meta":{"_monsterinsights_skip_tracking":false,"_monsterinsights_sitenote_active":false,"_monsterinsights_sitenote_note":"","_monsterinsights_sitenote_category":0,"footnotes":""},"categories":[2],"tags":[],"class_list":["post-78181","post","type-post","status-publish","format-standard","has-post-thumbnail","hentry","category-noticias"],"yoast_head":"<!-- This site is optimized with the Yoast SEO plugin v27.3 - https:\/\/yoast.com\/product\/yoast-seo-wordpress\/ -->\n<title>Urge regresar a clases presenciales en M\u00e9xico, afirma AMLO -<\/title>\n<meta name=\"robots\" content=\"index, follow, max-snippet:-1, max-image-preview:large, max-video-preview:-1\" \/>\n<link rel=\"canonical\" href=\"https:\/\/quehacerpolitico.mx\/?p=78181\" \/>\n<meta property=\"og:locale\" content=\"es_MX\" \/>\n<meta property=\"og:type\" content=\"article\" \/>\n<meta property=\"og:title\" content=\"Urge regresar a clases presenciales en M\u00e9xico, afirma AMLO -\" \/>\n<meta property=\"og:description\" content=\"Urge regresar a clases presenciales en M\u00e9xico, afirma AMLO Por Redacci\u00f3n QP El presidente anunci\u00f3...\" \/>\n<meta property=\"og:url\" content=\"https:\/\/quehacerpolitico.mx\/?p=78181\" \/>\n<meta property=\"article:published_time\" content=\"2021-03-29T17:47:42+00:00\" \/>\n<meta property=\"og:image\" content=\"https:\/\/quehacerpolitico.mx\/wp-content\/uploads\/2021\/03\/456142C8-CDC0-4703-918E-880DDA94602C.jpeg\" \/>\n\t<meta property=\"og:image:width\" content=\"1242\" \/>\n\t<meta property=\"og:image:height\" content=\"679\" \/>\n\t<meta property=\"og:image:type\" content=\"image\/jpeg\" \/>\n<meta name=\"author\" content=\"Redacci\u00f3n QP\" \/>\n<meta name=\"twitter:card\" content=\"summary_large_image\" \/>\n<meta name=\"twitter:label1\" content=\"Escrito por\" \/>\n\t<meta name=\"twitter:data1\" content=\"Redacci\u00f3n QP\" \/>\n\t<meta name=\"twitter:label2\" content=\"Tiempo de lectura\" \/>\n\t<meta name=\"twitter:data2\" content=\"2 minutos\" \/>\n<script type=\"application\/ld+json\" class=\"yoast-schema-graph\">{\"@context\":\"https:\\\/\\\/schema.org\",\"@graph\":[{\"@type\":\"Article\",\"@id\":\"https:\\\/\\\/quehacerpolitico.mx\\\/?p=78181#article\",\"isPartOf\":{\"@id\":\"https:\\\/\\\/quehacerpolitico.mx\\\/?p=78181\"},\"author\":{\"name\":\"Redacci\u00f3n QP\",\"@id\":\"https:\\\/\\\/quehacerpolitico.mx\\\/#\\\/schema\\\/person\\\/496d8ad2d1d3f8036101dca7ee39e585\"},\"headline\":\"Urge regresar a clases presenciales en M\u00e9xico, afirma AMLO\",\"datePublished\":\"2021-03-29T17:47:42+00:00\",\"mainEntityOfPage\":{\"@id\":\"https:\\\/\\\/quehacerpolitico.mx\\\/?p=78181\"},\"wordCount\":368,\"commentCount\":0,\"image\":{\"@id\":\"https:\\\/\\\/quehacerpolitico.mx\\\/?p=78181#primaryimage\"},\"thumbnailUrl\":\"https:\\\/\\\/quehacerpolitico.mx\\\/wp-content\\\/uploads\\\/2021\\\/03\\\/456142C8-CDC0-4703-918E-880DDA94602C.jpeg\",\"articleSection\":[\"Noticias\"],\"inLanguage\":\"es\",\"potentialAction\":[{\"@type\":\"CommentAction\",\"name\":\"Comment\",\"target\":[\"https:\\\/\\\/quehacerpolitico.mx\\\/?p=78181#respond\"]}]},{\"@type\":\"WebPage\",\"@id\":\"https:\\\/\\\/quehacerpolitico.mx\\\/?p=78181\",\"url\":\"https:\\\/\\\/quehacerpolitico.mx\\\/?p=78181\",\"name\":\"Urge regresar a clases presenciales en M\u00e9xico, afirma AMLO -\",\"isPartOf\":{\"@id\":\"https:\\\/\\\/quehacerpolitico.mx\\\/#website\"},\"primaryImageOfPage\":{\"@id\":\"https:\\\/\\\/quehacerpolitico.mx\\\/?p=78181#primaryimage\"},\"image\":{\"@id\":\"https:\\\/\\\/quehacerpolitico.mx\\\/?p=78181#primaryimage\"},\"thumbnailUrl\":\"https:\\\/\\\/quehacerpolitico.mx\\\/wp-content\\\/uploads\\\/2021\\\/03\\\/456142C8-CDC0-4703-918E-880DDA94602C.jpeg\",\"datePublished\":\"2021-03-29T17:47:42+00:00\",\"author\":{\"@id\":\"https:\\\/\\\/quehacerpolitico.mx\\\/#\\\/schema\\\/person\\\/496d8ad2d1d3f8036101dca7ee39e585\"},\"breadcrumb\":{\"@id\":\"https:\\\/\\\/quehacerpolitico.mx\\\/?p=78181#breadcrumb\"},\"inLanguage\":\"es\",\"potentialAction\":[{\"@type\":\"ReadAction\",\"target\":[\"https:\\\/\\\/quehacerpolitico.mx\\\/?p=78181\"]}]},{\"@type\":\"ImageObject\",\"inLanguage\":\"es\",\"@id\":\"https:\\\/\\\/quehacerpolitico.mx\\\/?p=78181#primaryimage\",\"url\":\"https:\\\/\\\/quehacerpolitico.mx\\\/wp-content\\\/uploads\\\/2021\\\/03\\\/456142C8-CDC0-4703-918E-880DDA94602C.jpeg\",\"contentUrl\":\"https:\\\/\\\/quehacerpolitico.mx\\\/wp-content\\\/uploads\\\/2021\\\/03\\\/456142C8-CDC0-4703-918E-880DDA94602C.jpeg\",\"width\":1242,\"height\":679},{\"@type\":\"BreadcrumbList\",\"@id\":\"https:\\\/\\\/quehacerpolitico.mx\\\/?p=78181#breadcrumb\",\"itemListElement\":[{\"@type\":\"ListItem\",\"position\":1,\"name\":\"Inicio\",\"item\":\"https:\\\/\\\/quehacerpolitico.mx\\\/\"},{\"@type\":\"ListItem\",\"position\":2,\"name\":\"Urge regresar a clases presenciales en M\u00e9xico, afirma AMLO\"}]},{\"@type\":\"WebSite\",\"@id\":\"https:\\\/\\\/quehacerpolitico.mx\\\/#website\",\"url\":\"https:\\\/\\\/quehacerpolitico.mx\\\/\",\"name\":\"\",\"description\":\"\",\"potentialAction\":[{\"@type\":\"SearchAction\",\"target\":{\"@type\":\"EntryPoint\",\"urlTemplate\":\"https:\\\/\\\/quehacerpolitico.mx\\\/?s={search_term_string}\"},\"query-input\":{\"@type\":\"PropertyValueSpecification\",\"valueRequired\":true,\"valueName\":\"search_term_string\"}}],\"inLanguage\":\"es\"},{\"@type\":\"Person\",\"@id\":\"https:\\\/\\\/quehacerpolitico.mx\\\/#\\\/schema\\\/person\\\/496d8ad2d1d3f8036101dca7ee39e585\",\"name\":\"Redacci\u00f3n QP\",\"image\":{\"@type\":\"ImageObject\",\"inLanguage\":\"es\",\"@id\":\"https:\\\/\\\/secure.gravatar.com\\\/avatar\\\/c7164ed6fdec453195284ad24a5ae5b6e1eed2b848477fa2a4787ba9adf39a41?s=96&d=mm&r=g\",\"url\":\"https:\\\/\\\/secure.gravatar.com\\\/avatar\\\/c7164ed6fdec453195284ad24a5ae5b6e1eed2b848477fa2a4787ba9adf39a41?s=96&d=mm&r=g\",\"contentUrl\":\"https:\\\/\\\/secure.gravatar.com\\\/avatar\\\/c7164ed6fdec453195284ad24a5ae5b6e1eed2b848477fa2a4787ba9adf39a41?s=96&d=mm&r=g\",\"caption\":\"Redacci\u00f3n QP\"},\"url\":\"https:\\\/\\\/quehacerpolitico.mx\\\/?author=2\"}]}<\/script>\n<!-- \/ Yoast SEO plugin. -->","yoast_head_json":{"title":"Urge regresar a clases presenciales en M\u00e9xico, afirma AMLO -","robots":{"index":"index","follow":"follow","max-snippet":"max-snippet:-1","max-image-preview":"max-image-preview:large","max-video-preview":"max-video-preview:-1"},"canonical":"https:\/\/quehacerpolitico.mx\/?p=78181","og_locale":"es_MX","og_type":"article","og_title":"Urge regresar a clases presenciales en M\u00e9xico, afirma AMLO -","og_description":"Urge regresar a clases presenciales en M\u00e9xico, afirma AMLO Por Redacci\u00f3n QP El presidente anunci\u00f3...","og_url":"https:\/\/quehacerpolitico.mx\/?p=78181","article_published_time":"2021-03-29T17:47:42+00:00","og_image":[{"width":1242,"height":679,"url":"https:\/\/quehacerpolitico.mx\/wp-content\/uploads\/2021\/03\/456142C8-CDC0-4703-918E-880DDA94602C.jpeg","type":"image\/jpeg"}],"author":"Redacci\u00f3n QP","twitter_card":"summary_large_image","twitter_misc":{"Escrito por":"Redacci\u00f3n QP","Tiempo de lectura":"2 minutos"},"schema":{"@context":"https:\/\/schema.org","@graph":[{"@type":"Article","@id":"https:\/\/quehacerpolitico.mx\/?p=78181#article","isPartOf":{"@id":"https:\/\/quehacerpolitico.mx\/?p=78181"},"author":{"name":"Redacci\u00f3n QP","@id":"https:\/\/quehacerpolitico.mx\/#\/schema\/person\/496d8ad2d1d3f8036101dca7ee39e585"},"headline":"Urge regresar a clases presenciales en M\u00e9xico, afirma AMLO","datePublished":"2021-03-29T17:47:42+00:00","mainEntityOfPage":{"@id":"https:\/\/quehacerpolitico.mx\/?p=78181"},"wordCount":368,"commentCount":0,"image":{"@id":"https:\/\/quehacerpolitico.mx\/?p=78181#primaryimage"},"thumbnailUrl":"https:\/\/quehacerpolitico.mx\/wp-content\/uploads\/2021\/03\/456142C8-CDC0-4703-918E-880DDA94602C.jpeg","articleSection":["Noticias"],"inLanguage":"es","potentialAction":[{"@type":"CommentAction","name":"Comment","target":["https:\/\/quehacerpolitico.mx\/?p=78181#respond"]}]},{"@type":"WebPage","@id":"https:\/\/quehacerpolitico.mx\/?p=78181","url":"https:\/\/quehacerpolitico.mx\/?p=78181","name":"Urge regresar a clases presenciales en M\u00e9xico, afirma AMLO -","isPartOf":{"@id":"https:\/\/quehacerpolitico.mx\/#website"},"primaryImageOfPage":{"@id":"https:\/\/quehacerpolitico.mx\/?p=78181#primaryimage"},"image":{"@id":"https:\/\/quehacerpolitico.mx\/?p=78181#primaryimage"},"thumbnailUrl":"https:\/\/quehacerpolitico.mx\/wp-content\/uploads\/2021\/03\/456142C8-CDC0-4703-918E-880DDA94602C.jpeg","datePublished":"2021-03-29T17:47:42+00:00","author":{"@id":"https:\/\/quehacerpolitico.mx\/#\/schema\/person\/496d8ad2d1d3f8036101dca7ee39e585"},"breadcrumb":{"@id":"https:\/\/quehacerpolitico.mx\/?p=78181#breadcrumb"},"inLanguage":"es","potentialAction":[{"@type":"ReadAction","target":["https:\/\/quehacerpolitico.mx\/?p=78181"]}]},{"@type":"ImageObject","inLanguage":"es","@id":"https:\/\/quehacerpolitico.mx\/?p=78181#primaryimage","url":"https:\/\/quehacerpolitico.mx\/wp-content\/uploads\/2021\/03\/456142C8-CDC0-4703-918E-880DDA94602C.jpeg","contentUrl":"https:\/\/quehacerpolitico.mx\/wp-content\/uploads\/2021\/03\/456142C8-CDC0-4703-918E-880DDA94602C.jpeg","width":1242,"height":679},{"@type":"BreadcrumbList","@id":"https:\/\/quehacerpolitico.mx\/?p=78181#breadcrumb","itemListElement":[{"@type":"ListItem","position":1,"name":"Inicio","item":"https:\/\/quehacerpolitico.mx\/"},{"@type":"ListItem","position":2,"name":"Urge regresar a clases presenciales en M\u00e9xico, afirma AMLO"}]},{"@type":"WebSite","@id":"https:\/\/quehacerpolitico.mx\/#website","url":"https:\/\/quehacerpolitico.mx\/","name":"","description":"","potentialAction":[{"@type":"SearchAction","target":{"@type":"EntryPoint","urlTemplate":"https:\/\/quehacerpolitico.mx\/?s={search_term_string}"},"query-input":{"@type":"PropertyValueSpecification","valueRequired":true,"valueName":"search_term_string"}}],"inLanguage":"es"},{"@type":"Person","@id":"https:\/\/quehacerpolitico.mx\/#\/schema\/person\/496d8ad2d1d3f8036101dca7ee39e585","name":"Redacci\u00f3n QP","image":{"@type":"ImageObject","inLanguage":"es","@id":"https:\/\/secure.gravatar.com\/avatar\/c7164ed6fdec453195284ad24a5ae5b6e1eed2b848477fa2a4787ba9adf39a41?s=96&d=mm&r=g","url":"https:\/\/secure.gravatar.com\/avatar\/c7164ed6fdec453195284ad24a5ae5b6e1eed2b848477fa2a4787ba9adf39a41?s=96&d=mm&r=g","contentUrl":"https:\/\/secure.gravatar.com\/avatar\/c7164ed6fdec453195284ad24a5ae5b6e1eed2b848477fa2a4787ba9adf39a41?s=96&d=mm&r=g","caption":"Redacci\u00f3n QP"},"url":"https:\/\/quehacerpolitico.mx\/?author=2"}]}},"featured_image_urls":{"full":["https:\/\/quehacerpolitico.mx\/wp-content\/uploads\/2021\/03\/456142C8-CDC0-4703-918E-880DDA94602C.jpeg",1242,679,false],"thumbnail":["https:\/\/quehacerpolitico.mx\/wp-content\/uploads\/2021\/03\/456142C8-CDC0-4703-918E-880DDA94602C-150x150.jpeg",150,150,true],"medium":["https:\/\/quehacerpolitico.mx\/wp-content\/uploads\/2021\/03\/456142C8-CDC0-4703-918E-880DDA94602C-300x164.jpeg",300,164,true],"medium_large":["https:\/\/quehacerpolitico.mx\/wp-content\/uploads\/2021\/03\/456142C8-CDC0-4703-918E-880DDA94602C-768x420.jpeg",640,350,true],"large":["https:\/\/quehacerpolitico.mx\/wp-content\/uploads\/2021\/03\/456142C8-CDC0-4703-918E-880DDA94602C-1024x560.jpeg",640,350,true],"1536x1536":["https:\/\/quehacerpolitico.mx\/wp-content\/uploads\/2021\/03\/456142C8-CDC0-4703-918E-880DDA94602C.jpeg",1242,679,false],"2048x2048":["https:\/\/quehacerpolitico.mx\/wp-content\/uploads\/2021\/03\/456142C8-CDC0-4703-918E-880DDA94602C.jpeg",1242,679,false],"covernews-featured":["https:\/\/quehacerpolitico.mx\/wp-content\/uploads\/2021\/03\/456142C8-CDC0-4703-918E-880DDA94602C.jpeg",1024,560,false],"covernews-medium":["https:\/\/quehacerpolitico.mx\/wp-content\/uploads\/2021\/03\/456142C8-CDC0-4703-918E-880DDA94602C.jpeg",540,295,false]},"author_info":{"display_name":"Redacci\u00f3n QP","author_link":"https:\/\/quehacerpolitico.mx\/?author=2"},"category_info":"<a href=\"https:\/\/quehacerpolitico.mx\/?cat=2\" rel=\"category\">Noticias<\/a>","tag_info":"Noticias","comment_count":"0","_links":{"self":[{"href":"https:\/\/quehacerpolitico.mx\/index.php?rest_route=\/wp\/v2\/posts\/78181","targetHints":{"allow":["GET"]}}],"collection":[{"href":"https:\/\/quehacerpolitico.mx\/index.php?rest_route=\/wp\/v2\/posts"}],"about":[{"href":"https:\/\/quehacerpolitico.mx\/index.php?rest_route=\/wp\/v2\/types\/post"}],"author":[{"embeddable":true,"href":"https:\/\/quehacerpolitico.mx\/index.php?rest_route=\/wp\/v2\/users\/2"}],"replies":[{"embeddable":true,"href":"https:\/\/quehacerpolitico.mx\/index.php?rest_route=%2Fwp%2Fv2%2Fcomments&post=78181"}],"version-history":[{"count":0,"href":"https:\/\/quehacerpolitico.mx\/index.php?rest_route=\/wp\/v2\/posts\/78181\/revisions"}],"wp:featuredmedia":[{"embeddable":true,"href":"https:\/\/quehacerpolitico.mx\/index.php?rest_route=\/wp\/v2\/media\/78183"}],"wp:attachment":[{"href":"https:\/\/quehacerpolitico.mx\/index.php?rest_route=%2Fwp%2Fv2%2Fmedia&parent=78181"}],"wp:term":[{"taxonomy":"category","embeddable":true,"href":"https:\/\/quehacerpolitico.mx\/index.php?rest_route=%2Fwp%2Fv2%2Fcategories&post=78181"},{"taxonomy":"post_tag","embeddable":true,"href":"https:\/\/quehacerpolitico.mx\/index.php?rest_route=%2Fwp%2Fv2%2Ftags&post=78181"}],"curies":[{"name":"wp","href":"https:\/\/api.w.org\/{rel}","templated":true}]}}