{"id":78032,"date":"2021-03-27T18:00:18","date_gmt":"2021-03-27T18:00:18","guid":{"rendered":"https:\/\/quehacerpolitico.mx\/?p=78032"},"modified":"2021-03-27T18:00:18","modified_gmt":"2021-03-27T18:00:18","slug":"tri-femenil-tendra-una-gira-por-europa-tras-dos-anos-se-medira-espana","status":"publish","type":"post","link":"https:\/\/quehacerpolitico.mx\/?p=78032","title":{"rendered":"Tri Femenil tendr\u00e1 una gira por Europa tras dos a\u00f1os; se medir\u00e1 a Espa\u00f1a"},"content":{"rendered":"<h1 class=\"title\">Tri Femenil tendr\u00e1 una gira por Europa tras dos a\u00f1os; se medir\u00e1 a Espa\u00f1a<br \/>\nPor Redacci\u00f3n QP<\/h1>\n<h2 class=\"summary\">Sin contar la Copa Chipre de 2020, la Selecci\u00f3n Femenil no contaba con partidos de preparaci\u00f3n en suelo europeo desde hace un par de a\u00f1os.<\/h2>\n<p>Si bien la <b>Selecci\u00f3n Mexicana Femenil<\/b> tuvo su \u00faltima participaci\u00f3n en <b>Europa<\/b> durante el torneo de <b>Chipre<\/b> en febrero de 2020, como tal una <b>gira de preparaci\u00f3n<\/b> por aquellas tierras <b>no suced\u00eda desde marzo de 2019<\/b>.<\/p>\n<p>Hoy, <b>dos a\u00f1os despu\u00e9s<\/b> de aquel fogueo en <b>Holanda<\/b> y uno tras el certamen en el que enfrent\u00f3 a <b>Croacia<\/b>, <b>Eslovaquia<\/b> y <b>Rep\u00fablica Checa<\/b>, el combinado Tricolor regresa al <b>Viejo Continente<\/b>.<\/p>\n<p><i>Mediotiempo<\/i> pudo saber que la direcci\u00f3n de <b>Selecciones Nacionales<\/b> y tiene una <b>gira por Europa<\/b> que servir\u00e1 de preparaci\u00f3n para el cuadro de Monica Vergara en la <b>Fecha FIFA<\/b> que el balompi\u00e9 femenil tiene en abril.<\/p>\n<p>Todo est\u00e1 definido para que <b>del 5 al 13 de abril<\/b>, las tricolores emprendan el viaje y <b>se midan a dos selecciones<\/b> de nivel. Una de ellas es\u00a0<b>Espa\u00f1a<\/b>, quien en febrero obtuvo su pase a la <b>Eurocopa 2022<\/b>.<\/p>\n<p>Sin duda que este proyecto es parte de la importancia que desde la <b>Federaci\u00f3n Mexicana de Futbol<\/b>quieren mostrar sobre los combinados femeninos que apenas tuvo su primer partido.<\/p>\n<h2>Selecci\u00f3n Femenil hace oficial gira por Europa<\/h2>\n<p>Este s\u00e1bado el <b>Tri Femenil<\/b> oficializ\u00f3 que sostendr\u00e1n el amistoso contra la <b>Selecci\u00f3n <\/b>de <b>Espa\u00f1a<\/b> el pr\u00f3ximo 13 de abril en <b>Marbella<\/b>.<\/p>\n<blockquote class=\"twitter-tweet\" data-width=\"550\" data-dnt=\"true\">\n<p lang=\"es\" dir=\"ltr\">\ud83c\uddea\ud83c\uddf8\u26bd\ud83c\uddf2\ud83c\uddfd\ud83d\udd1c<\/p>\n<p>\u00a1En la pr\u00f3xima Fecha FIFA viajaremos a Europa! \ud83d\ude31\ud83d\udcaa<\/p>\n<p>Enfrentaremos a <a href=\"https:\/\/twitter.com\/SEFutbolFem?ref_src=twsrc%5Etfw\">@SeFutbolFem<\/a> el 13 de abril en partido de preparaci\u00f3n. \u00a1Nos vemos en Marbella! \ud83d\ude0e <\/p>\n<p>Aqu\u00ed m\u00e1s info \u27a1\ufe0f <a href=\"https:\/\/t.co\/KLccxfnugn\">https:\/\/t.co\/KLccxfnugn<\/a><a href=\"https:\/\/twitter.com\/hashtag\/TuCanchaLaEligesT%C3%BA?src=hash&amp;ref_src=twsrc%5Etfw\">#TuCanchaLaEligesT\u00fa<\/a> | <a href=\"https:\/\/twitter.com\/hashtag\/EsNuestroMomento?src=hash&amp;ref_src=twsrc%5Etfw\">#EsNuestroMomento<\/a> <a href=\"https:\/\/t.co\/H93JoeVvVH\">pic.twitter.com\/H93JoeVvVH<\/a><\/p>\n<p>&mdash; Selecci\u00f3n Nacional de M\u00e9xico Femenil (@Miseleccionfem) <a href=\"https:\/\/twitter.com\/Miseleccionfem\/status\/1375825152655597571?ref_src=twsrc%5Etfw\">March 27, 2021<\/a><\/p><\/blockquote>\n<p><script async src=\"https:\/\/platform.twitter.com\/widgets.js\" charset=\"utf-8\"><\/script><\/p>\n<p>Con informaci\u00f3n de Medio Tiempo<\/p>\n","protected":false},"excerpt":{"rendered":"<p>Tri Femenil tendr\u00e1 una gira por Europa tras dos a\u00f1os; se medir\u00e1 a Espa\u00f1a Por&#8230;<\/p>\n","protected":false},"author":2,"featured_media":78035,"comment_status":"open","ping_status":"open","sticky":false,"template":"","format":"standard","meta":{"_monsterinsights_skip_tracking":false,"_monsterinsights_sitenote_active":false,"_monsterinsights_sitenote_note":"","_monsterinsights_sitenote_category":0,"footnotes":""},"categories":[54],"tags":[],"class_list":["post-78032","post","type-post","status-publish","format-standard","has-post-thumbnail","hentry","category-deportes"],"yoast_head":"<!-- This site is optimized with the Yoast SEO plugin v27.3 - https:\/\/yoast.com\/product\/yoast-seo-wordpress\/ -->\n<title>Tri Femenil tendr\u00e1 una gira por Europa tras dos a\u00f1os; se medir\u00e1 a Espa\u00f1a -<\/title>\n<meta name=\"robots\" content=\"index, follow, max-snippet:-1, max-image-preview:large, max-video-preview:-1\" \/>\n<link rel=\"canonical\" href=\"https:\/\/quehacerpolitico.mx\/?p=78032\" \/>\n<meta property=\"og:locale\" content=\"es_MX\" \/>\n<meta property=\"og:type\" content=\"article\" \/>\n<meta property=\"og:title\" content=\"Tri Femenil tendr\u00e1 una gira por Europa tras dos a\u00f1os; se medir\u00e1 a Espa\u00f1a -\" \/>\n<meta property=\"og:description\" content=\"Tri Femenil tendr\u00e1 una gira por Europa tras dos a\u00f1os; se medir\u00e1 a Espa\u00f1a Por...\" \/>\n<meta property=\"og:url\" content=\"https:\/\/quehacerpolitico.mx\/?p=78032\" \/>\n<meta property=\"article:published_time\" content=\"2021-03-27T18:00:18+00:00\" \/>\n<meta property=\"og:image\" content=\"https:\/\/quehacerpolitico.mx\/wp-content\/uploads\/2021\/03\/E275BC86-D90B-47D3-B134-68FBD4E6FC1A.jpeg\" \/>\n\t<meta property=\"og:image:width\" content=\"630\" \/>\n\t<meta property=\"og:image:height\" content=\"449\" \/>\n\t<meta property=\"og:image:type\" content=\"image\/jpeg\" \/>\n<meta name=\"author\" content=\"Redacci\u00f3n QP\" \/>\n<meta name=\"twitter:card\" content=\"summary_large_image\" \/>\n<meta name=\"twitter:label1\" content=\"Escrito por\" \/>\n\t<meta name=\"twitter:data1\" content=\"Redacci\u00f3n QP\" \/>\n\t<meta name=\"twitter:label2\" content=\"Tiempo de lectura\" \/>\n\t<meta name=\"twitter:data2\" content=\"1 minuto\" \/>\n<script type=\"application\/ld+json\" class=\"yoast-schema-graph\">{\"@context\":\"https:\\\/\\\/schema.org\",\"@graph\":[{\"@type\":\"Article\",\"@id\":\"https:\\\/\\\/quehacerpolitico.mx\\\/?p=78032#article\",\"isPartOf\":{\"@id\":\"https:\\\/\\\/quehacerpolitico.mx\\\/?p=78032\"},\"author\":{\"name\":\"Redacci\u00f3n QP\",\"@id\":\"https:\\\/\\\/quehacerpolitico.mx\\\/#\\\/schema\\\/person\\\/496d8ad2d1d3f8036101dca7ee39e585\"},\"headline\":\"Tri Femenil tendr\u00e1 una gira por Europa tras dos a\u00f1os; se medir\u00e1 a Espa\u00f1a\",\"datePublished\":\"2021-03-27T18:00:18+00:00\",\"mainEntityOfPage\":{\"@id\":\"https:\\\/\\\/quehacerpolitico.mx\\\/?p=78032\"},\"wordCount\":285,\"commentCount\":0,\"image\":{\"@id\":\"https:\\\/\\\/quehacerpolitico.mx\\\/?p=78032#primaryimage\"},\"thumbnailUrl\":\"https:\\\/\\\/quehacerpolitico.mx\\\/wp-content\\\/uploads\\\/2021\\\/03\\\/E275BC86-D90B-47D3-B134-68FBD4E6FC1A.jpeg\",\"articleSection\":[\"Deportes\"],\"inLanguage\":\"es\",\"potentialAction\":[{\"@type\":\"CommentAction\",\"name\":\"Comment\",\"target\":[\"https:\\\/\\\/quehacerpolitico.mx\\\/?p=78032#respond\"]}]},{\"@type\":\"WebPage\",\"@id\":\"https:\\\/\\\/quehacerpolitico.mx\\\/?p=78032\",\"url\":\"https:\\\/\\\/quehacerpolitico.mx\\\/?p=78032\",\"name\":\"Tri Femenil tendr\u00e1 una gira por Europa tras dos a\u00f1os; se medir\u00e1 a Espa\u00f1a -\",\"isPartOf\":{\"@id\":\"https:\\\/\\\/quehacerpolitico.mx\\\/#website\"},\"primaryImageOfPage\":{\"@id\":\"https:\\\/\\\/quehacerpolitico.mx\\\/?p=78032#primaryimage\"},\"image\":{\"@id\":\"https:\\\/\\\/quehacerpolitico.mx\\\/?p=78032#primaryimage\"},\"thumbnailUrl\":\"https:\\\/\\\/quehacerpolitico.mx\\\/wp-content\\\/uploads\\\/2021\\\/03\\\/E275BC86-D90B-47D3-B134-68FBD4E6FC1A.jpeg\",\"datePublished\":\"2021-03-27T18:00:18+00:00\",\"author\":{\"@id\":\"https:\\\/\\\/quehacerpolitico.mx\\\/#\\\/schema\\\/person\\\/496d8ad2d1d3f8036101dca7ee39e585\"},\"breadcrumb\":{\"@id\":\"https:\\\/\\\/quehacerpolitico.mx\\\/?p=78032#breadcrumb\"},\"inLanguage\":\"es\",\"potentialAction\":[{\"@type\":\"ReadAction\",\"target\":[\"https:\\\/\\\/quehacerpolitico.mx\\\/?p=78032\"]}]},{\"@type\":\"ImageObject\",\"inLanguage\":\"es\",\"@id\":\"https:\\\/\\\/quehacerpolitico.mx\\\/?p=78032#primaryimage\",\"url\":\"https:\\\/\\\/quehacerpolitico.mx\\\/wp-content\\\/uploads\\\/2021\\\/03\\\/E275BC86-D90B-47D3-B134-68FBD4E6FC1A.jpeg\",\"contentUrl\":\"https:\\\/\\\/quehacerpolitico.mx\\\/wp-content\\\/uploads\\\/2021\\\/03\\\/E275BC86-D90B-47D3-B134-68FBD4E6FC1A.jpeg\",\"width\":630,\"height\":449},{\"@type\":\"BreadcrumbList\",\"@id\":\"https:\\\/\\\/quehacerpolitico.mx\\\/?p=78032#breadcrumb\",\"itemListElement\":[{\"@type\":\"ListItem\",\"position\":1,\"name\":\"Inicio\",\"item\":\"https:\\\/\\\/quehacerpolitico.mx\\\/\"},{\"@type\":\"ListItem\",\"position\":2,\"name\":\"Tri Femenil tendr\u00e1 una gira por Europa tras dos a\u00f1os; se medir\u00e1 a Espa\u00f1a\"}]},{\"@type\":\"WebSite\",\"@id\":\"https:\\\/\\\/quehacerpolitico.mx\\\/#website\",\"url\":\"https:\\\/\\\/quehacerpolitico.mx\\\/\",\"name\":\"\",\"description\":\"\",\"potentialAction\":[{\"@type\":\"SearchAction\",\"target\":{\"@type\":\"EntryPoint\",\"urlTemplate\":\"https:\\\/\\\/quehacerpolitico.mx\\\/?s={search_term_string}\"},\"query-input\":{\"@type\":\"PropertyValueSpecification\",\"valueRequired\":true,\"valueName\":\"search_term_string\"}}],\"inLanguage\":\"es\"},{\"@type\":\"Person\",\"@id\":\"https:\\\/\\\/quehacerpolitico.mx\\\/#\\\/schema\\\/person\\\/496d8ad2d1d3f8036101dca7ee39e585\",\"name\":\"Redacci\u00f3n QP\",\"image\":{\"@type\":\"ImageObject\",\"inLanguage\":\"es\",\"@id\":\"https:\\\/\\\/secure.gravatar.com\\\/avatar\\\/c7164ed6fdec453195284ad24a5ae5b6e1eed2b848477fa2a4787ba9adf39a41?s=96&d=mm&r=g\",\"url\":\"https:\\\/\\\/secure.gravatar.com\\\/avatar\\\/c7164ed6fdec453195284ad24a5ae5b6e1eed2b848477fa2a4787ba9adf39a41?s=96&d=mm&r=g\",\"contentUrl\":\"https:\\\/\\\/secure.gravatar.com\\\/avatar\\\/c7164ed6fdec453195284ad24a5ae5b6e1eed2b848477fa2a4787ba9adf39a41?s=96&d=mm&r=g\",\"caption\":\"Redacci\u00f3n QP\"},\"url\":\"https:\\\/\\\/quehacerpolitico.mx\\\/?author=2\"}]}<\/script>\n<!-- \/ Yoast SEO plugin. -->","yoast_head_json":{"title":"Tri Femenil tendr\u00e1 una gira por Europa tras dos a\u00f1os; se medir\u00e1 a Espa\u00f1a -","robots":{"index":"index","follow":"follow","max-snippet":"max-snippet:-1","max-image-preview":"max-image-preview:large","max-video-preview":"max-video-preview:-1"},"canonical":"https:\/\/quehacerpolitico.mx\/?p=78032","og_locale":"es_MX","og_type":"article","og_title":"Tri Femenil tendr\u00e1 una gira por Europa tras dos a\u00f1os; se medir\u00e1 a Espa\u00f1a -","og_description":"Tri Femenil tendr\u00e1 una gira por Europa tras dos a\u00f1os; se medir\u00e1 a Espa\u00f1a Por...","og_url":"https:\/\/quehacerpolitico.mx\/?p=78032","article_published_time":"2021-03-27T18:00:18+00:00","og_image":[{"width":630,"height":449,"url":"https:\/\/quehacerpolitico.mx\/wp-content\/uploads\/2021\/03\/E275BC86-D90B-47D3-B134-68FBD4E6FC1A.jpeg","type":"image\/jpeg"}],"author":"Redacci\u00f3n QP","twitter_card":"summary_large_image","twitter_misc":{"Escrito por":"Redacci\u00f3n QP","Tiempo de lectura":"1 minuto"},"schema":{"@context":"https:\/\/schema.org","@graph":[{"@type":"Article","@id":"https:\/\/quehacerpolitico.mx\/?p=78032#article","isPartOf":{"@id":"https:\/\/quehacerpolitico.mx\/?p=78032"},"author":{"name":"Redacci\u00f3n QP","@id":"https:\/\/quehacerpolitico.mx\/#\/schema\/person\/496d8ad2d1d3f8036101dca7ee39e585"},"headline":"Tri Femenil tendr\u00e1 una gira por Europa tras dos a\u00f1os; se medir\u00e1 a Espa\u00f1a","datePublished":"2021-03-27T18:00:18+00:00","mainEntityOfPage":{"@id":"https:\/\/quehacerpolitico.mx\/?p=78032"},"wordCount":285,"commentCount":0,"image":{"@id":"https:\/\/quehacerpolitico.mx\/?p=78032#primaryimage"},"thumbnailUrl":"https:\/\/quehacerpolitico.mx\/wp-content\/uploads\/2021\/03\/E275BC86-D90B-47D3-B134-68FBD4E6FC1A.jpeg","articleSection":["Deportes"],"inLanguage":"es","potentialAction":[{"@type":"CommentAction","name":"Comment","target":["https:\/\/quehacerpolitico.mx\/?p=78032#respond"]}]},{"@type":"WebPage","@id":"https:\/\/quehacerpolitico.mx\/?p=78032","url":"https:\/\/quehacerpolitico.mx\/?p=78032","name":"Tri Femenil tendr\u00e1 una gira por Europa tras dos a\u00f1os; se medir\u00e1 a Espa\u00f1a -","isPartOf":{"@id":"https:\/\/quehacerpolitico.mx\/#website"},"primaryImageOfPage":{"@id":"https:\/\/quehacerpolitico.mx\/?p=78032#primaryimage"},"image":{"@id":"https:\/\/quehacerpolitico.mx\/?p=78032#primaryimage"},"thumbnailUrl":"https:\/\/quehacerpolitico.mx\/wp-content\/uploads\/2021\/03\/E275BC86-D90B-47D3-B134-68FBD4E6FC1A.jpeg","datePublished":"2021-03-27T18:00:18+00:00","author":{"@id":"https:\/\/quehacerpolitico.mx\/#\/schema\/person\/496d8ad2d1d3f8036101dca7ee39e585"},"breadcrumb":{"@id":"https:\/\/quehacerpolitico.mx\/?p=78032#breadcrumb"},"inLanguage":"es","potentialAction":[{"@type":"ReadAction","target":["https:\/\/quehacerpolitico.mx\/?p=78032"]}]},{"@type":"ImageObject","inLanguage":"es","@id":"https:\/\/quehacerpolitico.mx\/?p=78032#primaryimage","url":"https:\/\/quehacerpolitico.mx\/wp-content\/uploads\/2021\/03\/E275BC86-D90B-47D3-B134-68FBD4E6FC1A.jpeg","contentUrl":"https:\/\/quehacerpolitico.mx\/wp-content\/uploads\/2021\/03\/E275BC86-D90B-47D3-B134-68FBD4E6FC1A.jpeg","width":630,"height":449},{"@type":"BreadcrumbList","@id":"https:\/\/quehacerpolitico.mx\/?p=78032#breadcrumb","itemListElement":[{"@type":"ListItem","position":1,"name":"Inicio","item":"https:\/\/quehacerpolitico.mx\/"},{"@type":"ListItem","position":2,"name":"Tri Femenil tendr\u00e1 una gira por Europa tras dos a\u00f1os; se medir\u00e1 a Espa\u00f1a"}]},{"@type":"WebSite","@id":"https:\/\/quehacerpolitico.mx\/#website","url":"https:\/\/quehacerpolitico.mx\/","name":"","description":"","potentialAction":[{"@type":"SearchAction","target":{"@type":"EntryPoint","urlTemplate":"https:\/\/quehacerpolitico.mx\/?s={search_term_string}"},"query-input":{"@type":"PropertyValueSpecification","valueRequired":true,"valueName":"search_term_string"}}],"inLanguage":"es"},{"@type":"Person","@id":"https:\/\/quehacerpolitico.mx\/#\/schema\/person\/496d8ad2d1d3f8036101dca7ee39e585","name":"Redacci\u00f3n QP","image":{"@type":"ImageObject","inLanguage":"es","@id":"https:\/\/secure.gravatar.com\/avatar\/c7164ed6fdec453195284ad24a5ae5b6e1eed2b848477fa2a4787ba9adf39a41?s=96&d=mm&r=g","url":"https:\/\/secure.gravatar.com\/avatar\/c7164ed6fdec453195284ad24a5ae5b6e1eed2b848477fa2a4787ba9adf39a41?s=96&d=mm&r=g","contentUrl":"https:\/\/secure.gravatar.com\/avatar\/c7164ed6fdec453195284ad24a5ae5b6e1eed2b848477fa2a4787ba9adf39a41?s=96&d=mm&r=g","caption":"Redacci\u00f3n QP"},"url":"https:\/\/quehacerpolitico.mx\/?author=2"}]}},"featured_image_urls":{"full":["https:\/\/quehacerpolitico.mx\/wp-content\/uploads\/2021\/03\/E275BC86-D90B-47D3-B134-68FBD4E6FC1A.jpeg",630,449,false],"thumbnail":["https:\/\/quehacerpolitico.mx\/wp-content\/uploads\/2021\/03\/E275BC86-D90B-47D3-B134-68FBD4E6FC1A-150x150.jpeg",150,150,true],"medium":["https:\/\/quehacerpolitico.mx\/wp-content\/uploads\/2021\/03\/E275BC86-D90B-47D3-B134-68FBD4E6FC1A-300x214.jpeg",300,214,true],"medium_large":["https:\/\/quehacerpolitico.mx\/wp-content\/uploads\/2021\/03\/E275BC86-D90B-47D3-B134-68FBD4E6FC1A.jpeg",630,449,false],"large":["https:\/\/quehacerpolitico.mx\/wp-content\/uploads\/2021\/03\/E275BC86-D90B-47D3-B134-68FBD4E6FC1A.jpeg",630,449,false],"1536x1536":["https:\/\/quehacerpolitico.mx\/wp-content\/uploads\/2021\/03\/E275BC86-D90B-47D3-B134-68FBD4E6FC1A.jpeg",630,449,false],"2048x2048":["https:\/\/quehacerpolitico.mx\/wp-content\/uploads\/2021\/03\/E275BC86-D90B-47D3-B134-68FBD4E6FC1A.jpeg",630,449,false],"covernews-featured":["https:\/\/quehacerpolitico.mx\/wp-content\/uploads\/2021\/03\/E275BC86-D90B-47D3-B134-68FBD4E6FC1A.jpeg",630,449,false],"covernews-medium":["https:\/\/quehacerpolitico.mx\/wp-content\/uploads\/2021\/03\/E275BC86-D90B-47D3-B134-68FBD4E6FC1A.jpeg",477,340,false]},"author_info":{"display_name":"Redacci\u00f3n QP","author_link":"https:\/\/quehacerpolitico.mx\/?author=2"},"category_info":"<a href=\"https:\/\/quehacerpolitico.mx\/?cat=54\" rel=\"category\">Deportes<\/a>","tag_info":"Deportes","comment_count":"0","_links":{"self":[{"href":"https:\/\/quehacerpolitico.mx\/index.php?rest_route=\/wp\/v2\/posts\/78032","targetHints":{"allow":["GET"]}}],"collection":[{"href":"https:\/\/quehacerpolitico.mx\/index.php?rest_route=\/wp\/v2\/posts"}],"about":[{"href":"https:\/\/quehacerpolitico.mx\/index.php?rest_route=\/wp\/v2\/types\/post"}],"author":[{"embeddable":true,"href":"https:\/\/quehacerpolitico.mx\/index.php?rest_route=\/wp\/v2\/users\/2"}],"replies":[{"embeddable":true,"href":"https:\/\/quehacerpolitico.mx\/index.php?rest_route=%2Fwp%2Fv2%2Fcomments&post=78032"}],"version-history":[{"count":0,"href":"https:\/\/quehacerpolitico.mx\/index.php?rest_route=\/wp\/v2\/posts\/78032\/revisions"}],"wp:featuredmedia":[{"embeddable":true,"href":"https:\/\/quehacerpolitico.mx\/index.php?rest_route=\/wp\/v2\/media\/78035"}],"wp:attachment":[{"href":"https:\/\/quehacerpolitico.mx\/index.php?rest_route=%2Fwp%2Fv2%2Fmedia&parent=78032"}],"wp:term":[{"taxonomy":"category","embeddable":true,"href":"https:\/\/quehacerpolitico.mx\/index.php?rest_route=%2Fwp%2Fv2%2Fcategories&post=78032"},{"taxonomy":"post_tag","embeddable":true,"href":"https:\/\/quehacerpolitico.mx\/index.php?rest_route=%2Fwp%2Fv2%2Ftags&post=78032"}],"curies":[{"name":"wp","href":"https:\/\/api.w.org\/{rel}","templated":true}]}}