{"id":78028,"date":"2021-03-27T17:42:54","date_gmt":"2021-03-27T17:42:54","guid":{"rendered":"https:\/\/quehacerpolitico.mx\/?p=78028"},"modified":"2021-03-27T17:42:54","modified_gmt":"2021-03-27T17:42:54","slug":"presidente-del-cmb-ve-al-canelo-alvarez-como-un-boxeador-invencible","status":"publish","type":"post","link":"https:\/\/quehacerpolitico.mx\/?p=78028","title":{"rendered":"Presidente del CMB ve al Canelo \u00c1lvarez como un boxeador &#8216;invencible&#8217;"},"content":{"rendered":"<h1 class=\"title\">Presidente del CMB ve al Canelo \u00c1lvarez como un boxeador &#8216;invencible&#8217;<br \/>\nPor Redacci\u00f3n QP<\/h1>\n<h2 class=\"summary\">El presidente del CMB tambi\u00e9n dio a conocer la realizaci\u00f3n de un torneo entre pesos supermoscas, con Gallo Estrada entre ellos.<\/h2>\n<p>El presidente del <b>Consejo Mundial de Boxeo<\/b> (CMB), <b>Mauricio Sulaim\u00e1n<\/b>, asegur\u00f3 que <b>Sa\u00fal &#8220;Canelo&#8221; \u00c1lvarez<\/b>, mejor p\u00fagil libra por libra del mundo, vive su mejor momento como profesional y pronostic\u00f3 que tendr\u00e1 un gran 2021.<\/p>\n<p>&#8220;<b>Se ve invencible<\/b>, muy fuerte y estoy seguro de que tendr\u00e1 un gran a\u00f1o&#8221;, dijo a Efe el directivo, al referirse al monarca supermediano del Consejo y de la Asociaci\u00f3n Mundial.<\/p>\n<p>https:\/\/twitter.com\/canelo\/status\/1190917782671462401?s=21<\/p>\n<p>\u00c1lvarez, con 55 victorias, dos empates y una derrota, enfrentar\u00e1 el 8 de mayo al brit\u00e1nico Billy Joe Sanders, monarca de la Organizaci\u00f3n Mundial de Boxeo, y de ganar buscar\u00e1 una pelea en septiembre ante el estadounidense <b>Caleb Plant<\/b>, campe\u00f3n de la Federaci\u00f3n Internacional, para <b>tratar de reunir todos los t\u00edtulos de su divisi\u00f3n<\/b>.<\/p>\n<p>Aunque pasa por un gran momento de forma deportiva, \u00c1lvarez ha sido criticado por los medios que le reclaman enfrentarse a p\u00fagiles de m\u00e1s calidad.<\/p>\n<p>Sulaim\u00e1n se\u00f1al\u00f3 que, haga lo que haga, el peleador de 30 a\u00f1os <b>ser\u00e1 cuestionado<\/b>, pero es el peleador m\u00e1s importante del mundo a d\u00eda de hoy.<\/p>\n<h2>Torneo de pesos supermosca<\/h2>\n<p>Este s\u00e1bado el jerarca del CMB confes\u00f3 estar contento por el anuncio de un torneo entre cuatro de los mejores pesos supermoscas del momento, el mexicano <b>Francisco Estrada<\/b>, campe\u00f3n del Consejo y de la Asociaci\u00f3n, y los excampeones mundiales <b>Rom\u00e1n &#8220;Chocolatito&#8221; Gonz\u00e1lez<\/b>, de Nicaragua, <b>Carlos Cuadras<\/b>, de M\u00e9xico, y <b>Srisaket Sor Rungvisai<\/b>, de Tailandia.<\/p>\n<p>&#8220;Estamos contentos, orgullosos porque se tom\u00f3 una decisi\u00f3n que llevar\u00e1 a los mejores supermoscas al ring; entre ellos ha habido 12 peleas, todas espectaculares&#8221;, se\u00f1al\u00f3.<\/p>\n<p>Estrada, quien derrot\u00f3 en una dura pelea el pasado 13 de marzo a Gonz\u00e1lez, le dar\u00e1 la revancha al nicarag\u00fcense, mientras Cuadras ir\u00e1 ante el asi\u00e1tico. Los ganadores se enfrentar\u00e1 para decidir al monarca del Consejo en la divisi\u00f3n.<\/p>\n<p>&#8220;Ya vimos la pelea de Estrada contra Gonzalez; fue \u00e9pica, y por otro lado Cuadras y Rungvisai poseen una gran rivalidad&#8221;, agreg\u00f3.<\/p>\n","protected":false},"excerpt":{"rendered":"<p>Presidente del CMB ve al Canelo \u00c1lvarez como un boxeador &#8216;invencible&#8217; Por Redacci\u00f3n QP El&#8230;<\/p>\n","protected":false},"author":2,"featured_media":78030,"comment_status":"open","ping_status":"open","sticky":false,"template":"","format":"standard","meta":{"_monsterinsights_skip_tracking":false,"_monsterinsights_sitenote_active":false,"_monsterinsights_sitenote_note":"","_monsterinsights_sitenote_category":0,"footnotes":""},"categories":[54],"tags":[],"class_list":["post-78028","post","type-post","status-publish","format-standard","has-post-thumbnail","hentry","category-deportes"],"yoast_head":"<!-- This site is optimized with the Yoast SEO plugin v27.3 - https:\/\/yoast.com\/product\/yoast-seo-wordpress\/ -->\n<title>Presidente del CMB ve al Canelo \u00c1lvarez como un boxeador &#039;invencible&#039; -<\/title>\n<meta name=\"robots\" content=\"index, follow, max-snippet:-1, max-image-preview:large, max-video-preview:-1\" \/>\n<link rel=\"canonical\" href=\"https:\/\/quehacerpolitico.mx\/?p=78028\" \/>\n<meta property=\"og:locale\" content=\"es_MX\" \/>\n<meta property=\"og:type\" content=\"article\" \/>\n<meta property=\"og:title\" content=\"Presidente del CMB ve al Canelo \u00c1lvarez como un boxeador &#039;invencible&#039; -\" \/>\n<meta property=\"og:description\" content=\"Presidente del CMB ve al Canelo \u00c1lvarez como un boxeador &#8216;invencible&#8217; Por Redacci\u00f3n QP El...\" \/>\n<meta property=\"og:url\" content=\"https:\/\/quehacerpolitico.mx\/?p=78028\" \/>\n<meta property=\"article:published_time\" content=\"2021-03-27T17:42:54+00:00\" \/>\n<meta property=\"og:image\" content=\"https:\/\/quehacerpolitico.mx\/wp-content\/uploads\/2021\/03\/9B2438B6-D878-47A2-820D-E0CF13AECCEE.jpeg\" \/>\n\t<meta property=\"og:image:width\" content=\"1080\" \/>\n\t<meta property=\"og:image:height\" content=\"1920\" \/>\n\t<meta property=\"og:image:type\" content=\"image\/jpeg\" \/>\n<meta name=\"author\" content=\"Redacci\u00f3n QP\" \/>\n<meta name=\"twitter:card\" content=\"summary_large_image\" \/>\n<meta name=\"twitter:label1\" content=\"Escrito por\" \/>\n\t<meta name=\"twitter:data1\" content=\"Redacci\u00f3n QP\" \/>\n\t<meta name=\"twitter:label2\" content=\"Tiempo de lectura\" \/>\n\t<meta name=\"twitter:data2\" content=\"2 minutos\" \/>\n<script type=\"application\/ld+json\" class=\"yoast-schema-graph\">{\"@context\":\"https:\\\/\\\/schema.org\",\"@graph\":[{\"@type\":\"Article\",\"@id\":\"https:\\\/\\\/quehacerpolitico.mx\\\/?p=78028#article\",\"isPartOf\":{\"@id\":\"https:\\\/\\\/quehacerpolitico.mx\\\/?p=78028\"},\"author\":{\"name\":\"Redacci\u00f3n QP\",\"@id\":\"https:\\\/\\\/quehacerpolitico.mx\\\/#\\\/schema\\\/person\\\/496d8ad2d1d3f8036101dca7ee39e585\"},\"headline\":\"Presidente del CMB ve al Canelo \u00c1lvarez como un boxeador &#8216;invencible&#8217;\",\"datePublished\":\"2021-03-27T17:42:54+00:00\",\"mainEntityOfPage\":{\"@id\":\"https:\\\/\\\/quehacerpolitico.mx\\\/?p=78028\"},\"wordCount\":394,\"commentCount\":0,\"image\":{\"@id\":\"https:\\\/\\\/quehacerpolitico.mx\\\/?p=78028#primaryimage\"},\"thumbnailUrl\":\"https:\\\/\\\/quehacerpolitico.mx\\\/wp-content\\\/uploads\\\/2021\\\/03\\\/9B2438B6-D878-47A2-820D-E0CF13AECCEE.jpeg\",\"articleSection\":[\"Deportes\"],\"inLanguage\":\"es\",\"potentialAction\":[{\"@type\":\"CommentAction\",\"name\":\"Comment\",\"target\":[\"https:\\\/\\\/quehacerpolitico.mx\\\/?p=78028#respond\"]}]},{\"@type\":\"WebPage\",\"@id\":\"https:\\\/\\\/quehacerpolitico.mx\\\/?p=78028\",\"url\":\"https:\\\/\\\/quehacerpolitico.mx\\\/?p=78028\",\"name\":\"Presidente del CMB ve al Canelo \u00c1lvarez como un boxeador 'invencible' -\",\"isPartOf\":{\"@id\":\"https:\\\/\\\/quehacerpolitico.mx\\\/#website\"},\"primaryImageOfPage\":{\"@id\":\"https:\\\/\\\/quehacerpolitico.mx\\\/?p=78028#primaryimage\"},\"image\":{\"@id\":\"https:\\\/\\\/quehacerpolitico.mx\\\/?p=78028#primaryimage\"},\"thumbnailUrl\":\"https:\\\/\\\/quehacerpolitico.mx\\\/wp-content\\\/uploads\\\/2021\\\/03\\\/9B2438B6-D878-47A2-820D-E0CF13AECCEE.jpeg\",\"datePublished\":\"2021-03-27T17:42:54+00:00\",\"author\":{\"@id\":\"https:\\\/\\\/quehacerpolitico.mx\\\/#\\\/schema\\\/person\\\/496d8ad2d1d3f8036101dca7ee39e585\"},\"breadcrumb\":{\"@id\":\"https:\\\/\\\/quehacerpolitico.mx\\\/?p=78028#breadcrumb\"},\"inLanguage\":\"es\",\"potentialAction\":[{\"@type\":\"ReadAction\",\"target\":[\"https:\\\/\\\/quehacerpolitico.mx\\\/?p=78028\"]}]},{\"@type\":\"ImageObject\",\"inLanguage\":\"es\",\"@id\":\"https:\\\/\\\/quehacerpolitico.mx\\\/?p=78028#primaryimage\",\"url\":\"https:\\\/\\\/quehacerpolitico.mx\\\/wp-content\\\/uploads\\\/2021\\\/03\\\/9B2438B6-D878-47A2-820D-E0CF13AECCEE.jpeg\",\"contentUrl\":\"https:\\\/\\\/quehacerpolitico.mx\\\/wp-content\\\/uploads\\\/2021\\\/03\\\/9B2438B6-D878-47A2-820D-E0CF13AECCEE.jpeg\",\"width\":1080,\"height\":1920},{\"@type\":\"BreadcrumbList\",\"@id\":\"https:\\\/\\\/quehacerpolitico.mx\\\/?p=78028#breadcrumb\",\"itemListElement\":[{\"@type\":\"ListItem\",\"position\":1,\"name\":\"Inicio\",\"item\":\"https:\\\/\\\/quehacerpolitico.mx\\\/\"},{\"@type\":\"ListItem\",\"position\":2,\"name\":\"Presidente del CMB ve al Canelo \u00c1lvarez como un boxeador &#8216;invencible&#8217;\"}]},{\"@type\":\"WebSite\",\"@id\":\"https:\\\/\\\/quehacerpolitico.mx\\\/#website\",\"url\":\"https:\\\/\\\/quehacerpolitico.mx\\\/\",\"name\":\"\",\"description\":\"\",\"potentialAction\":[{\"@type\":\"SearchAction\",\"target\":{\"@type\":\"EntryPoint\",\"urlTemplate\":\"https:\\\/\\\/quehacerpolitico.mx\\\/?s={search_term_string}\"},\"query-input\":{\"@type\":\"PropertyValueSpecification\",\"valueRequired\":true,\"valueName\":\"search_term_string\"}}],\"inLanguage\":\"es\"},{\"@type\":\"Person\",\"@id\":\"https:\\\/\\\/quehacerpolitico.mx\\\/#\\\/schema\\\/person\\\/496d8ad2d1d3f8036101dca7ee39e585\",\"name\":\"Redacci\u00f3n QP\",\"image\":{\"@type\":\"ImageObject\",\"inLanguage\":\"es\",\"@id\":\"https:\\\/\\\/secure.gravatar.com\\\/avatar\\\/c7164ed6fdec453195284ad24a5ae5b6e1eed2b848477fa2a4787ba9adf39a41?s=96&d=mm&r=g\",\"url\":\"https:\\\/\\\/secure.gravatar.com\\\/avatar\\\/c7164ed6fdec453195284ad24a5ae5b6e1eed2b848477fa2a4787ba9adf39a41?s=96&d=mm&r=g\",\"contentUrl\":\"https:\\\/\\\/secure.gravatar.com\\\/avatar\\\/c7164ed6fdec453195284ad24a5ae5b6e1eed2b848477fa2a4787ba9adf39a41?s=96&d=mm&r=g\",\"caption\":\"Redacci\u00f3n QP\"},\"url\":\"https:\\\/\\\/quehacerpolitico.mx\\\/?author=2\"}]}<\/script>\n<!-- \/ Yoast SEO plugin. -->","yoast_head_json":{"title":"Presidente del CMB ve al Canelo \u00c1lvarez como un boxeador 'invencible' -","robots":{"index":"index","follow":"follow","max-snippet":"max-snippet:-1","max-image-preview":"max-image-preview:large","max-video-preview":"max-video-preview:-1"},"canonical":"https:\/\/quehacerpolitico.mx\/?p=78028","og_locale":"es_MX","og_type":"article","og_title":"Presidente del CMB ve al Canelo \u00c1lvarez como un boxeador 'invencible' -","og_description":"Presidente del CMB ve al Canelo \u00c1lvarez como un boxeador &#8216;invencible&#8217; Por Redacci\u00f3n QP El...","og_url":"https:\/\/quehacerpolitico.mx\/?p=78028","article_published_time":"2021-03-27T17:42:54+00:00","og_image":[{"width":1080,"height":1920,"url":"https:\/\/quehacerpolitico.mx\/wp-content\/uploads\/2021\/03\/9B2438B6-D878-47A2-820D-E0CF13AECCEE.jpeg","type":"image\/jpeg"}],"author":"Redacci\u00f3n QP","twitter_card":"summary_large_image","twitter_misc":{"Escrito por":"Redacci\u00f3n QP","Tiempo de lectura":"2 minutos"},"schema":{"@context":"https:\/\/schema.org","@graph":[{"@type":"Article","@id":"https:\/\/quehacerpolitico.mx\/?p=78028#article","isPartOf":{"@id":"https:\/\/quehacerpolitico.mx\/?p=78028"},"author":{"name":"Redacci\u00f3n QP","@id":"https:\/\/quehacerpolitico.mx\/#\/schema\/person\/496d8ad2d1d3f8036101dca7ee39e585"},"headline":"Presidente del CMB ve al Canelo \u00c1lvarez como un boxeador &#8216;invencible&#8217;","datePublished":"2021-03-27T17:42:54+00:00","mainEntityOfPage":{"@id":"https:\/\/quehacerpolitico.mx\/?p=78028"},"wordCount":394,"commentCount":0,"image":{"@id":"https:\/\/quehacerpolitico.mx\/?p=78028#primaryimage"},"thumbnailUrl":"https:\/\/quehacerpolitico.mx\/wp-content\/uploads\/2021\/03\/9B2438B6-D878-47A2-820D-E0CF13AECCEE.jpeg","articleSection":["Deportes"],"inLanguage":"es","potentialAction":[{"@type":"CommentAction","name":"Comment","target":["https:\/\/quehacerpolitico.mx\/?p=78028#respond"]}]},{"@type":"WebPage","@id":"https:\/\/quehacerpolitico.mx\/?p=78028","url":"https:\/\/quehacerpolitico.mx\/?p=78028","name":"Presidente del CMB ve al Canelo \u00c1lvarez como un boxeador 'invencible' -","isPartOf":{"@id":"https:\/\/quehacerpolitico.mx\/#website"},"primaryImageOfPage":{"@id":"https:\/\/quehacerpolitico.mx\/?p=78028#primaryimage"},"image":{"@id":"https:\/\/quehacerpolitico.mx\/?p=78028#primaryimage"},"thumbnailUrl":"https:\/\/quehacerpolitico.mx\/wp-content\/uploads\/2021\/03\/9B2438B6-D878-47A2-820D-E0CF13AECCEE.jpeg","datePublished":"2021-03-27T17:42:54+00:00","author":{"@id":"https:\/\/quehacerpolitico.mx\/#\/schema\/person\/496d8ad2d1d3f8036101dca7ee39e585"},"breadcrumb":{"@id":"https:\/\/quehacerpolitico.mx\/?p=78028#breadcrumb"},"inLanguage":"es","potentialAction":[{"@type":"ReadAction","target":["https:\/\/quehacerpolitico.mx\/?p=78028"]}]},{"@type":"ImageObject","inLanguage":"es","@id":"https:\/\/quehacerpolitico.mx\/?p=78028#primaryimage","url":"https:\/\/quehacerpolitico.mx\/wp-content\/uploads\/2021\/03\/9B2438B6-D878-47A2-820D-E0CF13AECCEE.jpeg","contentUrl":"https:\/\/quehacerpolitico.mx\/wp-content\/uploads\/2021\/03\/9B2438B6-D878-47A2-820D-E0CF13AECCEE.jpeg","width":1080,"height":1920},{"@type":"BreadcrumbList","@id":"https:\/\/quehacerpolitico.mx\/?p=78028#breadcrumb","itemListElement":[{"@type":"ListItem","position":1,"name":"Inicio","item":"https:\/\/quehacerpolitico.mx\/"},{"@type":"ListItem","position":2,"name":"Presidente del CMB ve al Canelo \u00c1lvarez como un boxeador &#8216;invencible&#8217;"}]},{"@type":"WebSite","@id":"https:\/\/quehacerpolitico.mx\/#website","url":"https:\/\/quehacerpolitico.mx\/","name":"","description":"","potentialAction":[{"@type":"SearchAction","target":{"@type":"EntryPoint","urlTemplate":"https:\/\/quehacerpolitico.mx\/?s={search_term_string}"},"query-input":{"@type":"PropertyValueSpecification","valueRequired":true,"valueName":"search_term_string"}}],"inLanguage":"es"},{"@type":"Person","@id":"https:\/\/quehacerpolitico.mx\/#\/schema\/person\/496d8ad2d1d3f8036101dca7ee39e585","name":"Redacci\u00f3n QP","image":{"@type":"ImageObject","inLanguage":"es","@id":"https:\/\/secure.gravatar.com\/avatar\/c7164ed6fdec453195284ad24a5ae5b6e1eed2b848477fa2a4787ba9adf39a41?s=96&d=mm&r=g","url":"https:\/\/secure.gravatar.com\/avatar\/c7164ed6fdec453195284ad24a5ae5b6e1eed2b848477fa2a4787ba9adf39a41?s=96&d=mm&r=g","contentUrl":"https:\/\/secure.gravatar.com\/avatar\/c7164ed6fdec453195284ad24a5ae5b6e1eed2b848477fa2a4787ba9adf39a41?s=96&d=mm&r=g","caption":"Redacci\u00f3n QP"},"url":"https:\/\/quehacerpolitico.mx\/?author=2"}]}},"featured_image_urls":{"full":["https:\/\/quehacerpolitico.mx\/wp-content\/uploads\/2021\/03\/9B2438B6-D878-47A2-820D-E0CF13AECCEE.jpeg",1080,1920,false],"thumbnail":["https:\/\/quehacerpolitico.mx\/wp-content\/uploads\/2021\/03\/9B2438B6-D878-47A2-820D-E0CF13AECCEE-150x150.jpeg",150,150,true],"medium":["https:\/\/quehacerpolitico.mx\/wp-content\/uploads\/2021\/03\/9B2438B6-D878-47A2-820D-E0CF13AECCEE-169x300.jpeg",169,300,true],"medium_large":["https:\/\/quehacerpolitico.mx\/wp-content\/uploads\/2021\/03\/9B2438B6-D878-47A2-820D-E0CF13AECCEE-768x1365.jpeg",640,1138,true],"large":["https:\/\/quehacerpolitico.mx\/wp-content\/uploads\/2021\/03\/9B2438B6-D878-47A2-820D-E0CF13AECCEE-576x1024.jpeg",576,1024,true],"1536x1536":["https:\/\/quehacerpolitico.mx\/wp-content\/uploads\/2021\/03\/9B2438B6-D878-47A2-820D-E0CF13AECCEE-864x1536.jpeg",864,1536,true],"2048x2048":["https:\/\/quehacerpolitico.mx\/wp-content\/uploads\/2021\/03\/9B2438B6-D878-47A2-820D-E0CF13AECCEE.jpeg",1080,1920,false],"covernews-featured":["https:\/\/quehacerpolitico.mx\/wp-content\/uploads\/2021\/03\/9B2438B6-D878-47A2-820D-E0CF13AECCEE.jpeg",1024,1820,false],"covernews-medium":["https:\/\/quehacerpolitico.mx\/wp-content\/uploads\/2021\/03\/9B2438B6-D878-47A2-820D-E0CF13AECCEE.jpeg",191,340,false]},"author_info":{"display_name":"Redacci\u00f3n QP","author_link":"https:\/\/quehacerpolitico.mx\/?author=2"},"category_info":"<a href=\"https:\/\/quehacerpolitico.mx\/?cat=54\" rel=\"category\">Deportes<\/a>","tag_info":"Deportes","comment_count":"0","_links":{"self":[{"href":"https:\/\/quehacerpolitico.mx\/index.php?rest_route=\/wp\/v2\/posts\/78028","targetHints":{"allow":["GET"]}}],"collection":[{"href":"https:\/\/quehacerpolitico.mx\/index.php?rest_route=\/wp\/v2\/posts"}],"about":[{"href":"https:\/\/quehacerpolitico.mx\/index.php?rest_route=\/wp\/v2\/types\/post"}],"author":[{"embeddable":true,"href":"https:\/\/quehacerpolitico.mx\/index.php?rest_route=\/wp\/v2\/users\/2"}],"replies":[{"embeddable":true,"href":"https:\/\/quehacerpolitico.mx\/index.php?rest_route=%2Fwp%2Fv2%2Fcomments&post=78028"}],"version-history":[{"count":0,"href":"https:\/\/quehacerpolitico.mx\/index.php?rest_route=\/wp\/v2\/posts\/78028\/revisions"}],"wp:featuredmedia":[{"embeddable":true,"href":"https:\/\/quehacerpolitico.mx\/index.php?rest_route=\/wp\/v2\/media\/78030"}],"wp:attachment":[{"href":"https:\/\/quehacerpolitico.mx\/index.php?rest_route=%2Fwp%2Fv2%2Fmedia&parent=78028"}],"wp:term":[{"taxonomy":"category","embeddable":true,"href":"https:\/\/quehacerpolitico.mx\/index.php?rest_route=%2Fwp%2Fv2%2Fcategories&post=78028"},{"taxonomy":"post_tag","embeddable":true,"href":"https:\/\/quehacerpolitico.mx\/index.php?rest_route=%2Fwp%2Fv2%2Ftags&post=78028"}],"curies":[{"name":"wp","href":"https:\/\/api.w.org\/{rel}","templated":true}]}}