{"id":78024,"date":"2021-03-27T17:02:40","date_gmt":"2021-03-27T17:02:40","guid":{"rendered":"https:\/\/quehacerpolitico.mx\/?p=78024"},"modified":"2021-03-27T17:02:40","modified_gmt":"2021-03-27T17:02:40","slug":"internacionales-carolina-alonso-romei-el-kremlin-y-2-mil-edificios-de-moscu-se-apagaran-en-la-hora-del-planeta","status":"publish","type":"post","link":"https:\/\/quehacerpolitico.mx\/?p=78024","title":{"rendered":"Internacionales\/\/\/Carolina Alonso Romei\/\/\/El Kremlin y 2 mil edificios de Mosc\u00fa se apagar\u00e1n en \u201cLa Hora del Planeta\u201d"},"content":{"rendered":"<h1 class=\"amp-wp-title\">El Kremlin y 2 mil edificios de Mosc\u00fa se apagar\u00e1n en \u201cLa Hora del Planeta\u201d<br \/>\nPor Carolina Alonso Romei<\/h1>\n<p>Internacionalista<\/p>\n<p class=\"p1\"><strong>El Kremlin y m\u00e1s 2 mil edificios de la capital rusa apagar\u00e1n hoy<\/strong> s\u00e1bado su iluminaci\u00f3n durante 60 minutos en <a href=\"https:\/\/www.earthhour.org\/\" target=\"_blank\" rel=\"noopener noreferrer\"><strong>\u201cLa Hora del Planeta\u201d<\/strong><\/a>, la iniciativa global coordinada por el<strong> Fondo para la Conservaci\u00f3n de la Naturaleza (WWF).<\/strong><\/p>\n<p class=\"p1\">Rusia participa en \u201cLa Hora del Planeta\u201d desde 2009 y en 2013 el Kremlin se sum\u00f3 a la iniciativa por instrucci\u00f3n del presidente <strong>Vlad\u00edmir Putin.<\/strong><\/p>\n<p class=\"p1\">Adem\u00e1s del Kremlin, apagar\u00e1 sus luces todo el conjunto arquitect\u00f3nico que conforma la <strong>Plaza Roja: el Museo Hist\u00f3rico, los lujosos almacenes GUM, la Catedral de San Basilio y los Jardines de Alejandro.<\/strong><\/p>\n<p class=\"p1\">La Catedral de Cristo Salvador, la torre de televisi\u00f3n de Ost\u00e1nkino y los siete rascacielos erigidos en la \u00e9poca de Stalin tambi\u00e9n permanecer\u00e1n a oscuras durante la Hora del Planeta, anunci\u00f3 el teniente de alcalde de Mosc\u00fa, Piotr Biriukov.<\/p>\n<p class=\"p1\">Tambi\u00e9n apagar\u00e1n las luces hoteles y estaciones de trenes, parques, universidades y teatros de la capital rusa<\/p>\n<p>Al \u201capag\u00f3n\u201d ecol\u00f3gico, que tendr\u00e1 lugar entre las 20.30 y 21.30 hora local, se han sumado numerosas ciudades rusas, entre ella San Petersburgo, donde permanecer\u00e1n sin iluminaci\u00f3n m\u00e1s de 40 edificios emblem\u00e1ticos, entre ellos el museo Hermitage (antiguo Palacio de Invierno de los zares) y el edificio de la Bolsa.<\/p>\n<p><iframe loading=\"lazy\" title=\"The Earth Hour 2021 Virtual Spotlight | What COVID-19 has taught us about our planet, and ourselves\" width=\"640\" height=\"360\" src=\"https:\/\/www.youtube.com\/embed\/hvBsgfn_cvY?feature=oembed\" frameborder=\"0\" allow=\"accelerometer; autoplay; clipboard-write; encrypted-media; gyroscope; picture-in-picture; web-share\" referrerpolicy=\"strict-origin-when-cross-origin\" allowfullscreen><\/iframe><\/p>\n<p class=\"p1\">Como ya es tradici\u00f3n en la antigua capital imperial, tambi\u00e9n apagar\u00e1n sus luces varios puentes sobre en r\u00edo Nev\u00e1.<\/p>\n<p class=\"p1\">Con informaci\u00f3n de EFE.<\/p>\n","protected":false},"excerpt":{"rendered":"<p>El Kremlin y 2 mil edificios de Mosc\u00fa se apagar\u00e1n en \u201cLa Hora del Planeta\u201d&#8230;<\/p>\n","protected":false},"author":2,"featured_media":78026,"comment_status":"open","ping_status":"open","sticky":false,"template":"","format":"standard","meta":{"_monsterinsights_skip_tracking":false,"_monsterinsights_sitenote_active":false,"_monsterinsights_sitenote_note":"","_monsterinsights_sitenote_category":0,"footnotes":""},"categories":[1],"tags":[],"class_list":["post-78024","post","type-post","status-publish","format-standard","has-post-thumbnail","hentry","category-sin-categoria"],"yoast_head":"<!-- This site is optimized with the Yoast SEO plugin v27.3 - https:\/\/yoast.com\/product\/yoast-seo-wordpress\/ -->\n<title>Internacionales\/\/\/Carolina Alonso Romei\/\/\/El Kremlin y 2 mil edificios de Mosc\u00fa se apagar\u00e1n en \u201cLa Hora del Planeta\u201d -<\/title>\n<meta name=\"robots\" content=\"index, follow, max-snippet:-1, max-image-preview:large, max-video-preview:-1\" \/>\n<link rel=\"canonical\" href=\"https:\/\/quehacerpolitico.mx\/?p=78024\" \/>\n<meta property=\"og:locale\" content=\"es_MX\" \/>\n<meta property=\"og:type\" content=\"article\" \/>\n<meta property=\"og:title\" content=\"Internacionales\/\/\/Carolina Alonso Romei\/\/\/El Kremlin y 2 mil edificios de Mosc\u00fa se apagar\u00e1n en \u201cLa Hora del Planeta\u201d -\" \/>\n<meta property=\"og:description\" content=\"El Kremlin y 2 mil edificios de Mosc\u00fa se apagar\u00e1n en \u201cLa Hora del Planeta\u201d...\" \/>\n<meta property=\"og:url\" content=\"https:\/\/quehacerpolitico.mx\/?p=78024\" \/>\n<meta property=\"article:published_time\" content=\"2021-03-27T17:02:40+00:00\" \/>\n<meta property=\"og:image\" content=\"https:\/\/quehacerpolitico.mx\/wp-content\/uploads\/2021\/03\/CCECF456-BF0F-470C-9CD0-7E00337D0DF7.jpeg\" \/>\n\t<meta property=\"og:image:width\" content=\"619\" \/>\n\t<meta property=\"og:image:height\" content=\"495\" \/>\n\t<meta property=\"og:image:type\" content=\"image\/jpeg\" \/>\n<meta name=\"author\" content=\"Redacci\u00f3n QP\" \/>\n<meta name=\"twitter:card\" content=\"summary_large_image\" \/>\n<meta name=\"twitter:label1\" content=\"Escrito por\" \/>\n\t<meta name=\"twitter:data1\" content=\"Redacci\u00f3n QP\" \/>\n\t<meta name=\"twitter:label2\" content=\"Tiempo de lectura\" \/>\n\t<meta name=\"twitter:data2\" content=\"1 minuto\" \/>\n<script type=\"application\/ld+json\" class=\"yoast-schema-graph\">{\"@context\":\"https:\\\/\\\/schema.org\",\"@graph\":[{\"@type\":\"Article\",\"@id\":\"https:\\\/\\\/quehacerpolitico.mx\\\/?p=78024#article\",\"isPartOf\":{\"@id\":\"https:\\\/\\\/quehacerpolitico.mx\\\/?p=78024\"},\"author\":{\"name\":\"Redacci\u00f3n QP\",\"@id\":\"https:\\\/\\\/quehacerpolitico.mx\\\/#\\\/schema\\\/person\\\/496d8ad2d1d3f8036101dca7ee39e585\"},\"headline\":\"Internacionales\\\/\\\/\\\/Carolina Alonso Romei\\\/\\\/\\\/El Kremlin y 2 mil edificios de Mosc\u00fa se apagar\u00e1n en \u201cLa Hora del Planeta\u201d\",\"datePublished\":\"2021-03-27T17:02:40+00:00\",\"mainEntityOfPage\":{\"@id\":\"https:\\\/\\\/quehacerpolitico.mx\\\/?p=78024\"},\"wordCount\":288,\"commentCount\":0,\"image\":{\"@id\":\"https:\\\/\\\/quehacerpolitico.mx\\\/?p=78024#primaryimage\"},\"thumbnailUrl\":\"https:\\\/\\\/quehacerpolitico.mx\\\/wp-content\\\/uploads\\\/2021\\\/03\\\/CCECF456-BF0F-470C-9CD0-7E00337D0DF7.jpeg\",\"articleSection\":[\"Internacionales\"],\"inLanguage\":\"es\",\"potentialAction\":[{\"@type\":\"CommentAction\",\"name\":\"Comment\",\"target\":[\"https:\\\/\\\/quehacerpolitico.mx\\\/?p=78024#respond\"]}]},{\"@type\":\"WebPage\",\"@id\":\"https:\\\/\\\/quehacerpolitico.mx\\\/?p=78024\",\"url\":\"https:\\\/\\\/quehacerpolitico.mx\\\/?p=78024\",\"name\":\"Internacionales\\\/\\\/\\\/Carolina Alonso Romei\\\/\\\/\\\/El Kremlin y 2 mil edificios de Mosc\u00fa se apagar\u00e1n en \u201cLa Hora del Planeta\u201d -\",\"isPartOf\":{\"@id\":\"https:\\\/\\\/quehacerpolitico.mx\\\/#website\"},\"primaryImageOfPage\":{\"@id\":\"https:\\\/\\\/quehacerpolitico.mx\\\/?p=78024#primaryimage\"},\"image\":{\"@id\":\"https:\\\/\\\/quehacerpolitico.mx\\\/?p=78024#primaryimage\"},\"thumbnailUrl\":\"https:\\\/\\\/quehacerpolitico.mx\\\/wp-content\\\/uploads\\\/2021\\\/03\\\/CCECF456-BF0F-470C-9CD0-7E00337D0DF7.jpeg\",\"datePublished\":\"2021-03-27T17:02:40+00:00\",\"author\":{\"@id\":\"https:\\\/\\\/quehacerpolitico.mx\\\/#\\\/schema\\\/person\\\/496d8ad2d1d3f8036101dca7ee39e585\"},\"breadcrumb\":{\"@id\":\"https:\\\/\\\/quehacerpolitico.mx\\\/?p=78024#breadcrumb\"},\"inLanguage\":\"es\",\"potentialAction\":[{\"@type\":\"ReadAction\",\"target\":[\"https:\\\/\\\/quehacerpolitico.mx\\\/?p=78024\"]}]},{\"@type\":\"ImageObject\",\"inLanguage\":\"es\",\"@id\":\"https:\\\/\\\/quehacerpolitico.mx\\\/?p=78024#primaryimage\",\"url\":\"https:\\\/\\\/quehacerpolitico.mx\\\/wp-content\\\/uploads\\\/2021\\\/03\\\/CCECF456-BF0F-470C-9CD0-7E00337D0DF7.jpeg\",\"contentUrl\":\"https:\\\/\\\/quehacerpolitico.mx\\\/wp-content\\\/uploads\\\/2021\\\/03\\\/CCECF456-BF0F-470C-9CD0-7E00337D0DF7.jpeg\",\"width\":619,\"height\":495},{\"@type\":\"BreadcrumbList\",\"@id\":\"https:\\\/\\\/quehacerpolitico.mx\\\/?p=78024#breadcrumb\",\"itemListElement\":[{\"@type\":\"ListItem\",\"position\":1,\"name\":\"Inicio\",\"item\":\"https:\\\/\\\/quehacerpolitico.mx\\\/\"},{\"@type\":\"ListItem\",\"position\":2,\"name\":\"Internacionales\\\/\\\/\\\/Carolina Alonso Romei\\\/\\\/\\\/El Kremlin y 2 mil edificios de Mosc\u00fa se apagar\u00e1n en \u201cLa Hora del Planeta\u201d\"}]},{\"@type\":\"WebSite\",\"@id\":\"https:\\\/\\\/quehacerpolitico.mx\\\/#website\",\"url\":\"https:\\\/\\\/quehacerpolitico.mx\\\/\",\"name\":\"\",\"description\":\"\",\"potentialAction\":[{\"@type\":\"SearchAction\",\"target\":{\"@type\":\"EntryPoint\",\"urlTemplate\":\"https:\\\/\\\/quehacerpolitico.mx\\\/?s={search_term_string}\"},\"query-input\":{\"@type\":\"PropertyValueSpecification\",\"valueRequired\":true,\"valueName\":\"search_term_string\"}}],\"inLanguage\":\"es\"},{\"@type\":\"Person\",\"@id\":\"https:\\\/\\\/quehacerpolitico.mx\\\/#\\\/schema\\\/person\\\/496d8ad2d1d3f8036101dca7ee39e585\",\"name\":\"Redacci\u00f3n QP\",\"image\":{\"@type\":\"ImageObject\",\"inLanguage\":\"es\",\"@id\":\"https:\\\/\\\/secure.gravatar.com\\\/avatar\\\/c7164ed6fdec453195284ad24a5ae5b6e1eed2b848477fa2a4787ba9adf39a41?s=96&d=mm&r=g\",\"url\":\"https:\\\/\\\/secure.gravatar.com\\\/avatar\\\/c7164ed6fdec453195284ad24a5ae5b6e1eed2b848477fa2a4787ba9adf39a41?s=96&d=mm&r=g\",\"contentUrl\":\"https:\\\/\\\/secure.gravatar.com\\\/avatar\\\/c7164ed6fdec453195284ad24a5ae5b6e1eed2b848477fa2a4787ba9adf39a41?s=96&d=mm&r=g\",\"caption\":\"Redacci\u00f3n QP\"},\"url\":\"https:\\\/\\\/quehacerpolitico.mx\\\/?author=2\"}]}<\/script>\n<!-- \/ Yoast SEO plugin. -->","yoast_head_json":{"title":"Internacionales\/\/\/Carolina Alonso Romei\/\/\/El Kremlin y 2 mil edificios de Mosc\u00fa se apagar\u00e1n en \u201cLa Hora del Planeta\u201d -","robots":{"index":"index","follow":"follow","max-snippet":"max-snippet:-1","max-image-preview":"max-image-preview:large","max-video-preview":"max-video-preview:-1"},"canonical":"https:\/\/quehacerpolitico.mx\/?p=78024","og_locale":"es_MX","og_type":"article","og_title":"Internacionales\/\/\/Carolina Alonso Romei\/\/\/El Kremlin y 2 mil edificios de Mosc\u00fa se apagar\u00e1n en \u201cLa Hora del Planeta\u201d -","og_description":"El Kremlin y 2 mil edificios de Mosc\u00fa se apagar\u00e1n en \u201cLa Hora del Planeta\u201d...","og_url":"https:\/\/quehacerpolitico.mx\/?p=78024","article_published_time":"2021-03-27T17:02:40+00:00","og_image":[{"width":619,"height":495,"url":"https:\/\/quehacerpolitico.mx\/wp-content\/uploads\/2021\/03\/CCECF456-BF0F-470C-9CD0-7E00337D0DF7.jpeg","type":"image\/jpeg"}],"author":"Redacci\u00f3n QP","twitter_card":"summary_large_image","twitter_misc":{"Escrito por":"Redacci\u00f3n QP","Tiempo de lectura":"1 minuto"},"schema":{"@context":"https:\/\/schema.org","@graph":[{"@type":"Article","@id":"https:\/\/quehacerpolitico.mx\/?p=78024#article","isPartOf":{"@id":"https:\/\/quehacerpolitico.mx\/?p=78024"},"author":{"name":"Redacci\u00f3n QP","@id":"https:\/\/quehacerpolitico.mx\/#\/schema\/person\/496d8ad2d1d3f8036101dca7ee39e585"},"headline":"Internacionales\/\/\/Carolina Alonso Romei\/\/\/El Kremlin y 2 mil edificios de Mosc\u00fa se apagar\u00e1n en \u201cLa Hora del Planeta\u201d","datePublished":"2021-03-27T17:02:40+00:00","mainEntityOfPage":{"@id":"https:\/\/quehacerpolitico.mx\/?p=78024"},"wordCount":288,"commentCount":0,"image":{"@id":"https:\/\/quehacerpolitico.mx\/?p=78024#primaryimage"},"thumbnailUrl":"https:\/\/quehacerpolitico.mx\/wp-content\/uploads\/2021\/03\/CCECF456-BF0F-470C-9CD0-7E00337D0DF7.jpeg","articleSection":["Internacionales"],"inLanguage":"es","potentialAction":[{"@type":"CommentAction","name":"Comment","target":["https:\/\/quehacerpolitico.mx\/?p=78024#respond"]}]},{"@type":"WebPage","@id":"https:\/\/quehacerpolitico.mx\/?p=78024","url":"https:\/\/quehacerpolitico.mx\/?p=78024","name":"Internacionales\/\/\/Carolina Alonso Romei\/\/\/El Kremlin y 2 mil edificios de Mosc\u00fa se apagar\u00e1n en \u201cLa Hora del Planeta\u201d -","isPartOf":{"@id":"https:\/\/quehacerpolitico.mx\/#website"},"primaryImageOfPage":{"@id":"https:\/\/quehacerpolitico.mx\/?p=78024#primaryimage"},"image":{"@id":"https:\/\/quehacerpolitico.mx\/?p=78024#primaryimage"},"thumbnailUrl":"https:\/\/quehacerpolitico.mx\/wp-content\/uploads\/2021\/03\/CCECF456-BF0F-470C-9CD0-7E00337D0DF7.jpeg","datePublished":"2021-03-27T17:02:40+00:00","author":{"@id":"https:\/\/quehacerpolitico.mx\/#\/schema\/person\/496d8ad2d1d3f8036101dca7ee39e585"},"breadcrumb":{"@id":"https:\/\/quehacerpolitico.mx\/?p=78024#breadcrumb"},"inLanguage":"es","potentialAction":[{"@type":"ReadAction","target":["https:\/\/quehacerpolitico.mx\/?p=78024"]}]},{"@type":"ImageObject","inLanguage":"es","@id":"https:\/\/quehacerpolitico.mx\/?p=78024#primaryimage","url":"https:\/\/quehacerpolitico.mx\/wp-content\/uploads\/2021\/03\/CCECF456-BF0F-470C-9CD0-7E00337D0DF7.jpeg","contentUrl":"https:\/\/quehacerpolitico.mx\/wp-content\/uploads\/2021\/03\/CCECF456-BF0F-470C-9CD0-7E00337D0DF7.jpeg","width":619,"height":495},{"@type":"BreadcrumbList","@id":"https:\/\/quehacerpolitico.mx\/?p=78024#breadcrumb","itemListElement":[{"@type":"ListItem","position":1,"name":"Inicio","item":"https:\/\/quehacerpolitico.mx\/"},{"@type":"ListItem","position":2,"name":"Internacionales\/\/\/Carolina Alonso Romei\/\/\/El Kremlin y 2 mil edificios de Mosc\u00fa se apagar\u00e1n en \u201cLa Hora del Planeta\u201d"}]},{"@type":"WebSite","@id":"https:\/\/quehacerpolitico.mx\/#website","url":"https:\/\/quehacerpolitico.mx\/","name":"","description":"","potentialAction":[{"@type":"SearchAction","target":{"@type":"EntryPoint","urlTemplate":"https:\/\/quehacerpolitico.mx\/?s={search_term_string}"},"query-input":{"@type":"PropertyValueSpecification","valueRequired":true,"valueName":"search_term_string"}}],"inLanguage":"es"},{"@type":"Person","@id":"https:\/\/quehacerpolitico.mx\/#\/schema\/person\/496d8ad2d1d3f8036101dca7ee39e585","name":"Redacci\u00f3n QP","image":{"@type":"ImageObject","inLanguage":"es","@id":"https:\/\/secure.gravatar.com\/avatar\/c7164ed6fdec453195284ad24a5ae5b6e1eed2b848477fa2a4787ba9adf39a41?s=96&d=mm&r=g","url":"https:\/\/secure.gravatar.com\/avatar\/c7164ed6fdec453195284ad24a5ae5b6e1eed2b848477fa2a4787ba9adf39a41?s=96&d=mm&r=g","contentUrl":"https:\/\/secure.gravatar.com\/avatar\/c7164ed6fdec453195284ad24a5ae5b6e1eed2b848477fa2a4787ba9adf39a41?s=96&d=mm&r=g","caption":"Redacci\u00f3n QP"},"url":"https:\/\/quehacerpolitico.mx\/?author=2"}]}},"featured_image_urls":{"full":["https:\/\/quehacerpolitico.mx\/wp-content\/uploads\/2021\/03\/CCECF456-BF0F-470C-9CD0-7E00337D0DF7.jpeg",619,495,false],"thumbnail":["https:\/\/quehacerpolitico.mx\/wp-content\/uploads\/2021\/03\/CCECF456-BF0F-470C-9CD0-7E00337D0DF7-150x150.jpeg",150,150,true],"medium":["https:\/\/quehacerpolitico.mx\/wp-content\/uploads\/2021\/03\/CCECF456-BF0F-470C-9CD0-7E00337D0DF7-300x240.jpeg",300,240,true],"medium_large":["https:\/\/quehacerpolitico.mx\/wp-content\/uploads\/2021\/03\/CCECF456-BF0F-470C-9CD0-7E00337D0DF7.jpeg",619,495,false],"large":["https:\/\/quehacerpolitico.mx\/wp-content\/uploads\/2021\/03\/CCECF456-BF0F-470C-9CD0-7E00337D0DF7.jpeg",619,495,false],"1536x1536":["https:\/\/quehacerpolitico.mx\/wp-content\/uploads\/2021\/03\/CCECF456-BF0F-470C-9CD0-7E00337D0DF7.jpeg",619,495,false],"2048x2048":["https:\/\/quehacerpolitico.mx\/wp-content\/uploads\/2021\/03\/CCECF456-BF0F-470C-9CD0-7E00337D0DF7.jpeg",619,495,false],"covernews-featured":["https:\/\/quehacerpolitico.mx\/wp-content\/uploads\/2021\/03\/CCECF456-BF0F-470C-9CD0-7E00337D0DF7.jpeg",619,495,false],"covernews-medium":["https:\/\/quehacerpolitico.mx\/wp-content\/uploads\/2021\/03\/CCECF456-BF0F-470C-9CD0-7E00337D0DF7.jpeg",425,340,false]},"author_info":{"display_name":"Redacci\u00f3n QP","author_link":"https:\/\/quehacerpolitico.mx\/?author=2"},"category_info":"<a href=\"https:\/\/quehacerpolitico.mx\/?cat=1\" rel=\"category\">Internacionales<\/a>","tag_info":"Internacionales","comment_count":"0","_links":{"self":[{"href":"https:\/\/quehacerpolitico.mx\/index.php?rest_route=\/wp\/v2\/posts\/78024","targetHints":{"allow":["GET"]}}],"collection":[{"href":"https:\/\/quehacerpolitico.mx\/index.php?rest_route=\/wp\/v2\/posts"}],"about":[{"href":"https:\/\/quehacerpolitico.mx\/index.php?rest_route=\/wp\/v2\/types\/post"}],"author":[{"embeddable":true,"href":"https:\/\/quehacerpolitico.mx\/index.php?rest_route=\/wp\/v2\/users\/2"}],"replies":[{"embeddable":true,"href":"https:\/\/quehacerpolitico.mx\/index.php?rest_route=%2Fwp%2Fv2%2Fcomments&post=78024"}],"version-history":[{"count":0,"href":"https:\/\/quehacerpolitico.mx\/index.php?rest_route=\/wp\/v2\/posts\/78024\/revisions"}],"wp:featuredmedia":[{"embeddable":true,"href":"https:\/\/quehacerpolitico.mx\/index.php?rest_route=\/wp\/v2\/media\/78026"}],"wp:attachment":[{"href":"https:\/\/quehacerpolitico.mx\/index.php?rest_route=%2Fwp%2Fv2%2Fmedia&parent=78024"}],"wp:term":[{"taxonomy":"category","embeddable":true,"href":"https:\/\/quehacerpolitico.mx\/index.php?rest_route=%2Fwp%2Fv2%2Fcategories&post=78024"},{"taxonomy":"post_tag","embeddable":true,"href":"https:\/\/quehacerpolitico.mx\/index.php?rest_route=%2Fwp%2Fv2%2Ftags&post=78024"}],"curies":[{"name":"wp","href":"https:\/\/api.w.org\/{rel}","templated":true}]}}